{"id":58394,"date":"2022-10-25T00:24:08","date_gmt":"2022-10-24T22:24:08","guid":{"rendered":"https:\/\/dfg-lfa.org\/?p=58394"},"modified":"2022-10-25T00:25:46","modified_gmt":"2022-10-24T22:25:46","slug":"militaer-und-nachhaltige-entwicklung-deutsch-franzoesischer-austausch-beim-service-national-universel","status":"publish","type":"post","link":"https:\/\/dfg-lfa.org\/en\/2022\/10\/militaer-und-nachhaltige-entwicklung-deutsch-franzoesischer-austausch-beim-service-national-universel\/","title":{"rendered":"(Deutsch) Milit\u00e4r und nachhaltige Entwicklung: Deutsch-franz\u00f6sischer Austausch beim &#8220;Service national universel&#8221;"},"content":{"rendered":"<p class=\"qtranxs-available-languages-message qtranxs-available-languages-message-en\">Sorry, this entry is only available in <a href=\"https:\/\/dfg-lfa.org\/de\/wp-json\/wp\/v2\/posts\/58394\" class=\"qtranxs-available-language-link qtranxs-available-language-link-de\" title=\"Deutsch\">Deutsch<\/a> and <a href=\"https:\/\/dfg-lfa.org\/fr\/wp-json\/wp\/v2\/posts\/58394\" class=\"qtranxs-available-language-link qtranxs-available-language-link-fr\" title=\"Fran\u00e7ais\">Fran\u00e7ais<\/a>.<\/p>","protected":false},"excerpt":{"rendered":"<p>Sorry, this entry is only available in Deutsch and Fran\u00e7ais.<\/p>\n","protected":false},"author":2,"featured_media":58396,"comment_status":"closed","ping_status":"closed","sticky":false,"template":"","format":"standard","meta":{"inline_featured_image":false,"footnotes":""},"categories":[3,51],"tags":[],"class_list":["post-58394","post","type-post","status-publish","format-standard","has-post-thumbnail","hentry","category-schule-aktuell","category-sozialkunde"],"yoast_head":"<!-- This site is optimized with the Yoast SEO plugin v28.4 - https:\/\/yoast.com\/product\/yoast-seo-wordpress\/ -->\n<title>(Deutsch) Milit\u00e4r und nachhaltige Entwicklung: Deutsch-franz\u00f6sischer Austausch beim &quot;Service national universel&quot; - Franco-German High School Saarbr\u00fccken<\/title>\n<meta name=\"robots\" content=\"index, follow, max-snippet:-1, max-image-preview:large, max-video-preview:-1\" \/>\n<link rel=\"canonical\" href=\"https:\/\/dfg-lfa.org\/en\/2022\/10\/militaer-und-nachhaltige-entwicklung-deutsch-franzoesischer-austausch-beim-service-national-universel\/\" \/>\n<meta property=\"og:locale\" content=\"en_US\" \/>\n<meta property=\"og:type\" content=\"article\" \/>\n<meta property=\"og:title\" content=\"(Deutsch) Milit\u00e4r und nachhaltige Entwicklung: Deutsch-franz\u00f6sischer Austausch beim &quot;Service national universel&quot; - Franco-German High School Saarbr\u00fccken\" \/>\n<meta property=\"og:description\" content=\"Sorry, this entry is only available in Deutsch and Fran\u00e7ais.\" \/>\n<meta property=\"og:url\" content=\"https:\/\/dfg-lfa.org\/en\/2022\/10\/militaer-und-nachhaltige-entwicklung-deutsch-franzoesischer-austausch-beim-service-national-universel\/\" \/>\n<meta property=\"og:site_name\" content=\"Franco-German High School Saarbr\u00fccken\" \/>\n<meta property=\"article:publisher\" content=\"https:\/\/www.facebook.com\/dfglfa\/\" \/>\n<meta property=\"article:published_time\" content=\"2022-10-24T22:24:08+00:00\" \/>\n<meta property=\"article:modified_time\" content=\"2022-10-24T22:25:46+00:00\" \/>\n<meta property=\"og:image\" content=\"https:\/\/dfg-lfa.org\/wp-content\/uploads\/SNU.jpg\" \/>\n\t<meta property=\"og:image:width\" content=\"1920\" \/>\n\t<meta property=\"og:image:height\" content=\"1080\" \/>\n\t<meta property=\"og:image:type\" content=\"image\/jpeg\" \/>\n<meta name=\"author\" content=\"Administrator\" \/>\n<meta name=\"twitter:card\" content=\"summary_large_image\" \/>\n<meta name=\"twitter:creator\" content=\"@DFGLFA\" \/>\n<meta name=\"twitter:site\" content=\"@DFGLFA\" \/>\n<meta name=\"twitter:label1\" content=\"Written by\" \/>\n\t<meta name=\"twitter:data1\" content=\"Administrator\" \/>\n\t<meta name=\"twitter:label2\" content=\"Est. reading time\" \/>\n\t<meta name=\"twitter:data2\" content=\"1 minute\" \/>\n<script type=\"application\/ld+json\" class=\"yoast-schema-graph\">{\"@context\":\"https:\\\/\\\/schema.org\",\"@graph\":[{\"@type\":\"Article\",\"@id\":\"https:\\\/\\\/dfg-lfa.org\\\/2022\\\/10\\\/militaer-und-nachhaltige-entwicklung-deutsch-franzoesischer-austausch-beim-service-national-universel\\\/#article\",\"isPartOf\":{\"@id\":\"https:\\\/\\\/dfg-lfa.org\\\/2022\\\/10\\\/militaer-und-nachhaltige-entwicklung-deutsch-franzoesischer-austausch-beim-service-national-universel\\\/\"},\"author\":{\"name\":\"Administrator\",\"@id\":\"https:\\\/\\\/dfg-lfa.org\\\/#\\\/schema\\\/person\\\/a8fe67fb1ec6d85c85d21daf2d68fa69\"},\"headline\":\"(Deutsch) Milit\u00e4r und nachhaltige Entwicklung: Deutsch-franz\u00f6sischer Austausch beim &#8220;Service national universel&#8221;\",\"datePublished\":\"2022-10-24T22:24:08+00:00\",\"dateModified\":\"2022-10-24T22:25:46+00:00\",\"mainEntityOfPage\":{\"@id\":\"https:\\\/\\\/dfg-lfa.org\\\/2022\\\/10\\\/militaer-und-nachhaltige-entwicklung-deutsch-franzoesischer-austausch-beim-service-national-universel\\\/\"},\"wordCount\":256,\"publisher\":{\"@id\":\"https:\\\/\\\/dfg-lfa.org\\\/#organization\"},\"image\":{\"@id\":\"https:\\\/\\\/dfg-lfa.org\\\/2022\\\/10\\\/militaer-und-nachhaltige-entwicklung-deutsch-franzoesischer-austausch-beim-service-national-universel\\\/#primaryimage\"},\"thumbnailUrl\":\"https:\\\/\\\/dfg-lfa.org\\\/wp-content\\\/uploads\\\/SNU.jpg\",\"articleSection\":[\"Aktuelles\",\"Sozialkunde\"],\"inLanguage\":\"en-US\"},{\"@type\":\"WebPage\",\"@id\":\"https:\\\/\\\/dfg-lfa.org\\\/en\\\/2022\\\/10\\\/militaer-und-nachhaltige-entwicklung-deutsch-franzoesischer-austausch-beim-service-national-universel\\\/\",\"url\":\"https:\\\/\\\/dfg-lfa.org\\\/en\\\/2022\\\/10\\\/militaer-und-nachhaltige-entwicklung-deutsch-franzoesischer-austausch-beim-service-national-universel\\\/\",\"name\":\"(Deutsch) Milit\u00e4r und nachhaltige Entwicklung: Deutsch-franz\u00f6sischer Austausch beim \\\"Service national universel\\\" - Franco-German High School Saarbr\u00fccken\",\"isPartOf\":{\"@id\":\"https:\\\/\\\/dfg-lfa.org\\\/en\\\/#website\"},\"primaryImageOfPage\":{\"@id\":\"https:\\\/\\\/dfg-lfa.org\\\/en\\\/2022\\\/10\\\/militaer-und-nachhaltige-entwicklung-deutsch-franzoesischer-austausch-beim-service-national-universel\\\/#primaryimage\"},\"image\":{\"@id\":\"https:\\\/\\\/dfg-lfa.org\\\/2022\\\/10\\\/militaer-und-nachhaltige-entwicklung-deutsch-franzoesischer-austausch-beim-service-national-universel\\\/#primaryimage\"},\"thumbnailUrl\":\"https:\\\/\\\/dfg-lfa.org\\\/wp-content\\\/uploads\\\/SNU.jpg\",\"datePublished\":\"2022-10-24T22:24:08+00:00\",\"dateModified\":\"2022-10-24T22:25:46+00:00\",\"breadcrumb\":{\"@id\":\"https:\\\/\\\/dfg-lfa.org\\\/en\\\/2022\\\/10\\\/militaer-und-nachhaltige-entwicklung-deutsch-franzoesischer-austausch-beim-service-national-universel\\\/#breadcrumb\"},\"inLanguage\":\"en-US\",\"potentialAction\":[{\"@type\":\"ReadAction\",\"target\":[[\"https:\\\/\\\/dfg-lfa.org\\\/en\\\/2022\\\/10\\\/militaer-und-nachhaltige-entwicklung-deutsch-franzoesischer-austausch-beim-service-national-universel\\\/\"]]}]},{\"@type\":\"ImageObject\",\"inLanguage\":\"en-US\",\"@id\":\"https:\\\/\\\/dfg-lfa.org\\\/en\\\/2022\\\/10\\\/militaer-und-nachhaltige-entwicklung-deutsch-franzoesischer-austausch-beim-service-national-universel\\\/#primaryimage\",\"url\":\"https:\\\/\\\/dfg-lfa.org\\\/wp-content\\\/uploads\\\/SNU.jpg\",\"contentUrl\":\"https:\\\/\\\/dfg-lfa.org\\\/wp-content\\\/uploads\\\/SNU.jpg\",\"width\":1920,\"height\":1080,\"caption\":\"SNU\"},{\"@type\":\"BreadcrumbList\",\"@id\":\"https:\\\/\\\/dfg-lfa.org\\\/en\\\/2022\\\/10\\\/militaer-und-nachhaltige-entwicklung-deutsch-franzoesischer-austausch-beim-service-national-universel\\\/#breadcrumb\",\"itemListElement\":[{\"@type\":\"ListItem\",\"position\":1,\"name\":\"Startseite\",\"item\":\"https:\\\/\\\/dfg-lfa.org\\\/en\\\/\"},{\"@type\":\"ListItem\",\"position\":2,\"name\":\"Milit\u00e4r und nachhaltige Entwicklung: Deutsch-franz\u00f6sischer Austausch beim &#8222;Service national universel&#8220;\"}]},{\"@type\":\"WebSite\",\"@id\":\"https:\\\/\\\/dfg-lfa.org\\\/en\\\/#website\",\"url\":\"https:\\\/\\\/dfg-lfa.org\\\/en\\\/\",\"name\":\"Franco-German High School Saarbr\u00fccken\",\"description\":\"Einander begegnen \u2013 Avancer ensemble \u2013 We make Europe happen\",\"publisher\":{\"@id\":\"https:\\\/\\\/dfg-lfa.org\\\/en\\\/#organization\"},\"potentialAction\":[{\"@type\":\"SearchAction\",\"target\":{\"@type\":\"EntryPoint\",\"urlTemplate\":\"https:\\\/\\\/dfg-lfa.org\\\/en\\\/?s={search_term_string}\"},\"query-input\":{\"@type\":\"PropertyValueSpecification\",\"valueRequired\":true,\"valueName\":\"search_term_string\"}}],\"inLanguage\":\"en-US\"},{\"@type\":\"Organization\",\"@id\":\"https:\\\/\\\/dfg-lfa.org\\\/en\\\/#organization\",\"name\":\"Deutsch-Franz\u00f6sisches Gymnasium Saarbr\u00fccken\",\"url\":\"https:\\\/\\\/dfg-lfa.org\\\/en\\\/\",\"logo\":{\"@type\":\"ImageObject\",\"inLanguage\":\"en-US\",\"@id\":\"https:\\\/\\\/dfg-lfa.org\\\/en\\\/#\\\/schema\\\/logo\\\/image\\\/\",\"url\":\"https:\\\/\\\/dfg-lfa.org\\\/wp-content\\\/uploads\\\/DFG-logo.png\",\"contentUrl\":\"https:\\\/\\\/dfg-lfa.org\\\/wp-content\\\/uploads\\\/DFG-logo.png\",\"width\":200,\"height\":77,\"caption\":\"Deutsch-Franz\u00f6sisches Gymnasium Saarbr\u00fccken\"},\"image\":{\"@id\":\"https:\\\/\\\/dfg-lfa.org\\\/en\\\/#\\\/schema\\\/logo\\\/image\\\/\"},\"sameAs\":[\"https:\\\/\\\/www.facebook.com\\\/dfglfa\\\/\",\"https:\\\/\\\/x.com\\\/DFGLFA\",\"https:\\\/\\\/www.instagram.com\\\/dfg_lfa_saarbruecken\\\/\",\"https:\\\/\\\/www.youtube.com\\\/channel\\\/UCoxV4_gnJ3blV1U7iOjCV7w\\\/\",\"https:\\\/\\\/de.wikipedia.org\\\/wiki\\\/Deutsch-Franz\u00f6sisches_Gymnasium_in_Saarbr\u00fccken\"]},{\"@type\":\"Person\",\"@id\":\"https:\\\/\\\/dfg-lfa.org\\\/#\\\/schema\\\/person\\\/a8fe67fb1ec6d85c85d21daf2d68fa69\",\"name\":\"Administrator\"}]}<\/script>\n<!-- \/ Yoast SEO plugin. -->","yoast_head_json":{"title":"(Deutsch) Milit\u00e4r und nachhaltige Entwicklung: Deutsch-franz\u00f6sischer Austausch beim \"Service national universel\" - Franco-German High School Saarbr\u00fccken","robots":{"index":"index","follow":"follow","max-snippet":"max-snippet:-1","max-image-preview":"max-image-preview:large","max-video-preview":"max-video-preview:-1"},"canonical":"https:\/\/dfg-lfa.org\/en\/2022\/10\/militaer-und-nachhaltige-entwicklung-deutsch-franzoesischer-austausch-beim-service-national-universel\/","og_locale":"en_US","og_type":"article","og_title":"(Deutsch) Milit\u00e4r und nachhaltige Entwicklung: Deutsch-franz\u00f6sischer Austausch beim \"Service national universel\" - Franco-German High School Saarbr\u00fccken","og_description":"Sorry, this entry is only available in Deutsch and Fran\u00e7ais.","og_url":"https:\/\/dfg-lfa.org\/en\/2022\/10\/militaer-und-nachhaltige-entwicklung-deutsch-franzoesischer-austausch-beim-service-national-universel\/","og_site_name":"Franco-German High School Saarbr\u00fccken","article_publisher":"https:\/\/www.facebook.com\/dfglfa\/","article_published_time":"2022-10-24T22:24:08+00:00","article_modified_time":"2022-10-24T22:25:46+00:00","og_image":[{"width":1920,"height":1080,"url":"https:\/\/dfg-lfa.org\/wp-content\/uploads\/SNU.jpg","type":"image\/jpeg"}],"author":"Administrator","twitter_card":"summary_large_image","twitter_creator":"@DFGLFA","twitter_site":"@DFGLFA","twitter_misc":{"Written by":"Administrator","Est. reading time":"1 minute"},"schema":{"@context":"https:\/\/schema.org","@graph":[{"@type":"Article","@id":"https:\/\/dfg-lfa.org\/2022\/10\/militaer-und-nachhaltige-entwicklung-deutsch-franzoesischer-austausch-beim-service-national-universel\/#article","isPartOf":{"@id":"https:\/\/dfg-lfa.org\/2022\/10\/militaer-und-nachhaltige-entwicklung-deutsch-franzoesischer-austausch-beim-service-national-universel\/"},"author":{"name":"Administrator","@id":"https:\/\/dfg-lfa.org\/#\/schema\/person\/a8fe67fb1ec6d85c85d21daf2d68fa69"},"headline":"(Deutsch) Milit\u00e4r und nachhaltige Entwicklung: Deutsch-franz\u00f6sischer Austausch beim &#8220;Service national universel&#8221;","datePublished":"2022-10-24T22:24:08+00:00","dateModified":"2022-10-24T22:25:46+00:00","mainEntityOfPage":{"@id":"https:\/\/dfg-lfa.org\/2022\/10\/militaer-und-nachhaltige-entwicklung-deutsch-franzoesischer-austausch-beim-service-national-universel\/"},"wordCount":256,"publisher":{"@id":"https:\/\/dfg-lfa.org\/#organization"},"image":{"@id":"https:\/\/dfg-lfa.org\/2022\/10\/militaer-und-nachhaltige-entwicklung-deutsch-franzoesischer-austausch-beim-service-national-universel\/#primaryimage"},"thumbnailUrl":"https:\/\/dfg-lfa.org\/wp-content\/uploads\/SNU.jpg","articleSection":["Aktuelles","Sozialkunde"],"inLanguage":"en-US"},{"@type":"WebPage","@id":"https:\/\/dfg-lfa.org\/en\/2022\/10\/militaer-und-nachhaltige-entwicklung-deutsch-franzoesischer-austausch-beim-service-national-universel\/","url":"https:\/\/dfg-lfa.org\/en\/2022\/10\/militaer-und-nachhaltige-entwicklung-deutsch-franzoesischer-austausch-beim-service-national-universel\/","name":"(Deutsch) Milit\u00e4r und nachhaltige Entwicklung: Deutsch-franz\u00f6sischer Austausch beim \"Service national universel\" - Franco-German High School Saarbr\u00fccken","isPartOf":{"@id":"https:\/\/dfg-lfa.org\/en\/#website"},"primaryImageOfPage":{"@id":"https:\/\/dfg-lfa.org\/en\/2022\/10\/militaer-und-nachhaltige-entwicklung-deutsch-franzoesischer-austausch-beim-service-national-universel\/#primaryimage"},"image":{"@id":"https:\/\/dfg-lfa.org\/2022\/10\/militaer-und-nachhaltige-entwicklung-deutsch-franzoesischer-austausch-beim-service-national-universel\/#primaryimage"},"thumbnailUrl":"https:\/\/dfg-lfa.org\/wp-content\/uploads\/SNU.jpg","datePublished":"2022-10-24T22:24:08+00:00","dateModified":"2022-10-24T22:25:46+00:00","breadcrumb":{"@id":"https:\/\/dfg-lfa.org\/en\/2022\/10\/militaer-und-nachhaltige-entwicklung-deutsch-franzoesischer-austausch-beim-service-national-universel\/#breadcrumb"},"inLanguage":"en-US","potentialAction":[{"@type":"ReadAction","target":[["https:\/\/dfg-lfa.org\/en\/2022\/10\/militaer-und-nachhaltige-entwicklung-deutsch-franzoesischer-austausch-beim-service-national-universel\/"]]}]},{"@type":"ImageObject","inLanguage":"en-US","@id":"https:\/\/dfg-lfa.org\/en\/2022\/10\/militaer-und-nachhaltige-entwicklung-deutsch-franzoesischer-austausch-beim-service-national-universel\/#primaryimage","url":"https:\/\/dfg-lfa.org\/wp-content\/uploads\/SNU.jpg","contentUrl":"https:\/\/dfg-lfa.org\/wp-content\/uploads\/SNU.jpg","width":1920,"height":1080,"caption":"SNU"},{"@type":"BreadcrumbList","@id":"https:\/\/dfg-lfa.org\/en\/2022\/10\/militaer-und-nachhaltige-entwicklung-deutsch-franzoesischer-austausch-beim-service-national-universel\/#breadcrumb","itemListElement":[{"@type":"ListItem","position":1,"name":"Startseite","item":"https:\/\/dfg-lfa.org\/en\/"},{"@type":"ListItem","position":2,"name":"Milit\u00e4r und nachhaltige Entwicklung: Deutsch-franz\u00f6sischer Austausch beim &#8222;Service national universel&#8220;"}]},{"@type":"WebSite","@id":"https:\/\/dfg-lfa.org\/en\/#website","url":"https:\/\/dfg-lfa.org\/en\/","name":"Franco-German High School Saarbr\u00fccken","description":"Einander begegnen \u2013 Avancer ensemble \u2013 We make Europe happen","publisher":{"@id":"https:\/\/dfg-lfa.org\/en\/#organization"},"potentialAction":[{"@type":"SearchAction","target":{"@type":"EntryPoint","urlTemplate":"https:\/\/dfg-lfa.org\/en\/?s={search_term_string}"},"query-input":{"@type":"PropertyValueSpecification","valueRequired":true,"valueName":"search_term_string"}}],"inLanguage":"en-US"},{"@type":"Organization","@id":"https:\/\/dfg-lfa.org\/en\/#organization","name":"Deutsch-Franz\u00f6sisches Gymnasium Saarbr\u00fccken","url":"https:\/\/dfg-lfa.org\/en\/","logo":{"@type":"ImageObject","inLanguage":"en-US","@id":"https:\/\/dfg-lfa.org\/en\/#\/schema\/logo\/image\/","url":"https:\/\/dfg-lfa.org\/wp-content\/uploads\/DFG-logo.png","contentUrl":"https:\/\/dfg-lfa.org\/wp-content\/uploads\/DFG-logo.png","width":200,"height":77,"caption":"Deutsch-Franz\u00f6sisches Gymnasium Saarbr\u00fccken"},"image":{"@id":"https:\/\/dfg-lfa.org\/en\/#\/schema\/logo\/image\/"},"sameAs":["https:\/\/www.facebook.com\/dfglfa\/","https:\/\/x.com\/DFGLFA","https:\/\/www.instagram.com\/dfg_lfa_saarbruecken\/","https:\/\/www.youtube.com\/channel\/UCoxV4_gnJ3blV1U7iOjCV7w\/","https:\/\/de.wikipedia.org\/wiki\/Deutsch-Franz\u00f6sisches_Gymnasium_in_Saarbr\u00fccken"]},{"@type":"Person","@id":"https:\/\/dfg-lfa.org\/#\/schema\/person\/a8fe67fb1ec6d85c85d21daf2d68fa69","name":"Administrator"}]}},"_links":{"self":[{"href":"https:\/\/dfg-lfa.org\/en\/wp-json\/wp\/v2\/posts\/58394","targetHints":{"allow":["GET"]}}],"collection":[{"href":"https:\/\/dfg-lfa.org\/en\/wp-json\/wp\/v2\/posts"}],"about":[{"href":"https:\/\/dfg-lfa.org\/en\/wp-json\/wp\/v2\/types\/post"}],"author":[{"embeddable":true,"href":"https:\/\/dfg-lfa.org\/en\/wp-json\/wp\/v2\/users\/2"}],"replies":[{"embeddable":true,"href":"https:\/\/dfg-lfa.org\/en\/wp-json\/wp\/v2\/comments?post=58394"}],"version-history":[{"count":8,"href":"https:\/\/dfg-lfa.org\/en\/wp-json\/wp\/v2\/posts\/58394\/revisions"}],"predecessor-version":[{"id":58403,"href":"https:\/\/dfg-lfa.org\/en\/wp-json\/wp\/v2\/posts\/58394\/revisions\/58403"}],"wp:featuredmedia":[{"embeddable":true,"href":"https:\/\/dfg-lfa.org\/en\/wp-json\/wp\/v2\/media\/58396"}],"wp:attachment":[{"href":"https:\/\/dfg-lfa.org\/en\/wp-json\/wp\/v2\/media?parent=58394"}],"wp:term":[{"taxonomy":"category","embeddable":true,"href":"https:\/\/dfg-lfa.org\/en\/wp-json\/wp\/v2\/categories?post=58394"},{"taxonomy":"post_tag","embeddable":true,"href":"https:\/\/dfg-lfa.org\/en\/wp-json\/wp\/v2\/tags?post=58394"}],"curies":[{"name":"wp","href":"https:\/\/api.w.org\/{rel}","templated":true}]}}