{"id":11173,"date":"2011-04-29T21:24:13","date_gmt":"2011-04-29T19:24:13","guid":{"rendered":"http:\/\/dfg-lfa.org\/?p=11173"},"modified":"2020-10-21T18:54:22","modified_gmt":"2020-10-21T16:54:22","slug":"projekt-berlin-paris-20102011","status":"publish","type":"post","link":"https:\/\/dfg-lfa.org\/fr\/2011\/04\/projekt-berlin-paris-20102011\/","title":{"rendered":"Projet Berlin-Paris 2010\/2011"},"content":{"rendered":"<p><\/p>\n<figure id=\"attachment_11175\" aria-describedby=\"caption-attachment-11175\" style=\"width: 150px\" class=\"wp-caption alignright\"><a href=\"https:\/\/dfg-lfa.org\/wp-content\/uploads\/P1000801.jpg\"><img loading=\"lazy\" decoding=\"async\" class=\"size-thumbnail wp-image-11175\" src=\"https:\/\/dfg-lfa.org\/wp-content\/uploads\/P1000801-150x114.jpg\" alt=\" \" width=\"150\" height=\"114\" srcset=\"https:\/\/dfg-lfa.org\/wp-content\/uploads\/P1000801-150x114.jpg 150w, https:\/\/dfg-lfa.org\/wp-content\/uploads\/P1000801-300x229.jpg 300w, https:\/\/dfg-lfa.org\/wp-content\/uploads\/P1000801-590x450.jpg 590w, https:\/\/dfg-lfa.org\/wp-content\/uploads\/P1000801.jpg 600w\" sizes=\"auto, (max-width: 150px) 100vw, 150px\" \/><\/a><figcaption id=\"caption-attachment-11175\" class=\"wp-caption-text\"> <\/figcaption><\/figure>\n<figure id=\"attachment_11177\" aria-describedby=\"caption-attachment-11177\" style=\"width: 150px\" class=\"wp-caption alignleft\"><a href=\"https:\/\/dfg-lfa.org\/wp-content\/uploads\/DSC_0572.jpg\"><img loading=\"lazy\" decoding=\"async\" class=\"size-thumbnail wp-image-11177\" src=\"https:\/\/dfg-lfa.org\/wp-content\/uploads\/DSC_0572-150x117.jpg\" alt=\" \" width=\"150\" height=\"117\" srcset=\"https:\/\/dfg-lfa.org\/wp-content\/uploads\/DSC_0572-150x117.jpg 150w, https:\/\/dfg-lfa.org\/wp-content\/uploads\/DSC_0572-300x234.jpg 300w, https:\/\/dfg-lfa.org\/wp-content\/uploads\/DSC_0572-590x460.jpg 590w, https:\/\/dfg-lfa.org\/wp-content\/uploads\/DSC_0572.jpg 600w\" sizes=\"auto, (max-width: 150px) 100vw, 150px\" \/><\/a><figcaption id=\"caption-attachment-11177\" class=\"wp-caption-text\"> <\/figcaption><\/figure>\n<p>Zum neunten Mal fand dieses Projekt nun statt, zum neunten Mal machten sich zwei Klassen der Seconde, die 2L1 und 2S2 , mit den begleitenden Lehrern, Mme Giret, Frau Jahns, Herrn Uloth,  und Ex-Lehrern, Herrn Lambert und Herrn M\u00fchlhaus, auf den Weg nach Paris und nach Berlin, um sich an Ort und Stelle \u00fcber die politischen Institutionen zu informieren und nebenbei auch noch die St\u00e4dte und ihre besondere Geschichte zu erkunden.<\/p>\n<p>Ce projet est traditionnellement organis\u00e9 pour deux classes de seconde (cette ann\u00e9e, les seconde L1 et S2) afin de leur faire d\u00e9couvrir les syst\u00e8mes politiques des deux pays. Cette ann\u00e9e fut la 9 \u00e8me \u00e9dition de ces voyages.<!--more--><\/p>\n<p>F\u00fcr Paris musste ein Tag, der 11. Oktober 2010,  ausreichen, das bedeutete: ein Kurzbesuch  auf Montmartre mit  dem Sacr\u00e9 Coeur, ein Spaziergang \u00fcber die Champs Elys\u00e9es mit Blick auf den Arc de Triomphe und ein Besuch der Nationalversammlung im Palais Bourbon, wo gerade eine Debatte mit der Finanzministerin Lagarde stattfand.<\/p>\n<p>Nous nous sommes rendus \u00e0 Paris le 11 octobre 2010. Nous avons dans un premier temps visit\u00e9 Montmartre et le Sacr\u00e9 Coeur. Nous avons ensuite rejoint l\u2019Arc de Triomphe puis descendu \u00e0 pied les Champs-Elys\u00e9es pour nous rendre au Palais Bourbon o\u00f9 nous avons pu d\u00e9couvrir la salle des pas perdus, les salons des d\u00e9put\u00e9s, la biblioth\u00e8que&#8230; Enfin nous avons assist\u00e9 \u00e0 un d\u00e9bat sur la r\u00e9gulation de l\u2019\u00e9conomie en pr\u00e9sence de madame C. Lagarde, ministre de l\u2019\u00e9conomie.<\/p>\n<p>Zum Gl\u00fcck hatten wir f\u00fcr Berlin etwas mehr Zeit, wir waren vom 28. M\u00e4rz bis zum 1. April 2011 unterwegs, allerdings reichen auch drei Tage an Ort und Stelle nur, um einen kleinen Einblick  in das Leben und Treiben der deutschen Hauptstadt zu erlangen.  Die Hinreise mit dem Bus unterbrachen wir mit einem Zwischenstopp an der Wartburg, bekannt durch die Hl. Elisabeth, den Aufenthalt Martin Luthers wie dem Treffen der studentischen Burschenschaften 1817, auf der R\u00fcckreise machten wir Pause in Weimar, der Stadt Goethes und Schillers.<\/p>\n<h4>Berlin 2011: Berichte, Meinungen, Tipps der 2L1 und 2S2 rund um die deutsche Hauptstadt<\/h4>\n<p>Ce qui suit \u00e9mane des \u00e9l\u00e8ves et a \u00e9t\u00e9 collect\u00e9 puis s\u00e9lectionn\u00e9 par mesdames Giret et Jahns. Les \u00e9l\u00e8ves \u00e9taient libre de choisir leur suj\u00e8t, ceci explique la pr\u00e9\u00e9minence des informations concernant la visite de la prison de la Stasi, qui fut un moment marquant pour les \u00e9l\u00e8ves.<\/p>\n<h4>Ankunft und erster Tag<\/h4>\n<p>Bei der <strong>Ankunft in Berlin<\/strong> waren wir alle schon ziemlich m\u00fcde, immerhin hatten wir viele Stunden Busfahrt und den Besuch der Wartburg hinter uns. Doch die Neugierde, die Stadt zu entdecken, hielt uns noch bei Kr\u00e4ften. Die erste kleine Entdeckungsreise noch am selben Abend durch Berlin war spannend, endlich konnte man all das mal \u201elive\u201c bewundern, was man sonst nur aus Fernsehen oder Zeitungen kennt. Wir spazierten am <strong>Reichstagsgeb\u00e4ude<\/strong> vorbei und sahen das <strong>Brandenburger Tor<\/strong> hell erleuchtet.<\/p>\n<figure id=\"attachment_11179\" aria-describedby=\"caption-attachment-11179\" style=\"width: 112px\" class=\"wp-caption alignleft\"><a href=\"https:\/\/dfg-lfa.org\/wp-content\/uploads\/P1000976.jpg\"><img loading=\"lazy\" decoding=\"async\" class=\"size-thumbnail wp-image-11179\" src=\"https:\/\/dfg-lfa.org\/wp-content\/uploads\/P1000976-112x150.jpg\" alt=\" \" width=\"112\" height=\"150\" srcset=\"https:\/\/dfg-lfa.org\/wp-content\/uploads\/P1000976-112x150.jpg 112w, https:\/\/dfg-lfa.org\/wp-content\/uploads\/P1000976-225x300.jpg 225w, https:\/\/dfg-lfa.org\/wp-content\/uploads\/P1000976-442x590.jpg 442w, https:\/\/dfg-lfa.org\/wp-content\/uploads\/P1000976.jpg 450w\" sizes=\"auto, (max-width: 112px) 100vw, 112px\" \/><\/a><figcaption id=\"caption-attachment-11179\" class=\"wp-caption-text\"> <\/figcaption><\/figure>\n<figure id=\"attachment_11180\" aria-describedby=\"caption-attachment-11180\" style=\"width: 148px\" class=\"wp-caption alignright\"><a href=\"https:\/\/dfg-lfa.org\/wp-content\/uploads\/P1000980.jpg\"><img loading=\"lazy\" decoding=\"async\" class=\"size-thumbnail wp-image-11180\" src=\"https:\/\/dfg-lfa.org\/wp-content\/uploads\/P1000980-148x150.jpg\" alt=\" \" width=\"148\" height=\"150\" srcset=\"https:\/\/dfg-lfa.org\/wp-content\/uploads\/P1000980-148x150.jpg 148w, https:\/\/dfg-lfa.org\/wp-content\/uploads\/P1000980-296x300.jpg 296w, https:\/\/dfg-lfa.org\/wp-content\/uploads\/P1000980.jpg 481w\" sizes=\"auto, (max-width: 148px) 100vw, 148px\" \/><\/a><figcaption id=\"caption-attachment-11180\" class=\"wp-caption-text\"> <\/figcaption><\/figure>\n<p>Am folgenden Tag besichtigten wir den <strong>Bundesrat<\/strong>. Obwohl ich vorher gar nicht begeistert war von dem Besuch, war er doch interessant. Das Rollenspiel, bei dem wir selbst als Vertreter der L\u00e4nder ein Gesetz verabschieden mussten, war sogar cool. Nat\u00fcrlich haben wir als L\u00e4nderdelegierte dagegen gestimmt, dass das Alkoholverbot f\u00fcr Jugendliche versch\u00e4rft wird. Wir haben dabei gelernt, wie Gesetze eingebracht, diskutiert und verabschiedet werden.<br \/>\nDanach ging es weiter zum <strong>Checkpoint Charlie<\/strong> und zur Ausstellung <strong>Topographie des Terrors<\/strong>. Das war unser Programm f\u00fcr den ersten Berlintag.<\/p>\n<figure id=\"attachment_11183\" aria-describedby=\"caption-attachment-11183\" style=\"width: 150px\" class=\"wp-caption alignleft\"><a href=\"https:\/\/dfg-lfa.org\/wp-content\/uploads\/P1010009.jpg\"><img loading=\"lazy\" decoding=\"async\" class=\"size-thumbnail wp-image-11183\" src=\"https:\/\/dfg-lfa.org\/wp-content\/uploads\/P1010009-150x112.jpg\" alt=\" \" width=\"150\" height=\"112\" srcset=\"https:\/\/dfg-lfa.org\/wp-content\/uploads\/P1010009-150x112.jpg 150w, https:\/\/dfg-lfa.org\/wp-content\/uploads\/P1010009-300x224.jpg 300w, https:\/\/dfg-lfa.org\/wp-content\/uploads\/P1010009-590x441.jpg 590w, https:\/\/dfg-lfa.org\/wp-content\/uploads\/P1010009.jpg 600w\" sizes=\"auto, (max-width: 150px) 100vw, 150px\" \/><\/a><figcaption id=\"caption-attachment-11183\" class=\"wp-caption-text\"> <\/figcaption><\/figure>\n<p>Am n\u00e4chsten Tag ging es schon fr\u00fch zum <strong>Bundestag<\/strong>. Wir mussten eine halbe Stunde vor unserem Informationstermin an Ort und Stelle sein. Seit den Terrorwarnungen vor einigen Monaten sind die Einlasskontrollen versch\u00e4rft worden. Die Personalien jedes Besuchers mussten einige Wochen vor dem Besuch angegeben werden, und jetzt wurde jeder Personalausweis mit den eingereichten Daten verglichen. Wir wurden also nur in kleinen Gruppen durch die Kontrolle geschleust und schlie\u00dflich eingelassen. Der Besuch im Bundestag hat mir besonders gut gefallen, weil ich das riesige Geb\u00e4ude mit seiner sch\u00f6nen Innen- und Au\u00dfenarchitektur sehr eindruckvoll fand. Es ist wirklich aufregend, dieses  zu entdecken.<br \/>\nDas Gespr\u00e4ch mit dem <strong>Abgeordneten Luksic<\/strong> war ebenfalls gut gestaltet, da er uns Einblicke in seine Arbeit und seinen Alltag gew\u00e4hrte und auch die Fragen der Sch\u00fcler und Lehrer immer ausf\u00fchrlich beantwortete. Die Diskussion hat gro\u00dfen Spa\u00df gemacht, obwohl ich nicht gerne mit ihm tauschen w\u00fcrde.<\/p>\n<p style=\"text-align: right;\"><em>Aline Schmeer<\/em><\/p>\n<figure id=\"attachment_11181\" aria-describedby=\"caption-attachment-11181\" style=\"width: 150px\" class=\"wp-caption alignleft\"><a href=\"https:\/\/dfg-lfa.org\/wp-content\/uploads\/P1000993.jpg\"><img loading=\"lazy\" decoding=\"async\" class=\"size-thumbnail wp-image-11181\" src=\"https:\/\/dfg-lfa.org\/wp-content\/uploads\/P1000993-150x112.jpg\" alt=\" \" width=\"150\" height=\"112\" srcset=\"https:\/\/dfg-lfa.org\/wp-content\/uploads\/P1000993-150x112.jpg 150w, https:\/\/dfg-lfa.org\/wp-content\/uploads\/P1000993-300x225.jpg 300w, https:\/\/dfg-lfa.org\/wp-content\/uploads\/P1000993-590x442.jpg 590w, https:\/\/dfg-lfa.org\/wp-content\/uploads\/P1000993.jpg 600w\" sizes=\"auto, (max-width: 150px) 100vw, 150px\" \/><\/a><figcaption id=\"caption-attachment-11181\" class=\"wp-caption-text\"> <\/figcaption><\/figure>\n<p>J\u2019ai appr\u00e9ci\u00e9 la visite du Bundesrat. Nous avons pu aller au coeur du b\u00e2timent et visiter des lieux qui ne sont pas ouverts \u00e0 tout le monde. Le jeu de r\u00f4le fut pour moi tr\u00e8s ludique et instructif. Nous pouvions nous mettre dans la peau d\u2019un d\u00e9put\u00e9. Ainsi Lea et moi rep\u00e9sentions un Etat allemand.<br \/>\nLe lendemain la visite du \u201eBundestag\u201c eut moins de succ\u00e8s et pour cause, un guide peu inspir\u00e9 et manquant de p\u00e9dagogie. Cette derni\u00e8re fut vite oubli\u00e9e gr\u00e2ce \u00e0 la rencontre avec le d\u00e9put\u00e9 de Sarre O. Luksic auquel nous avons pos\u00e9 un grand nombre de questions, auxquelles il prit grand plaisir \u00e0 r\u00e9pondre. Nous pouvions aussi nous mettre \u00e0 sa place car il a suivit le m\u00eame cursus scolaire que nous. Le d\u00e9jeuner servi \u00e0 la cantine fut un vrai r\u00e9gal.<\/p>\n<p style=\"text-align: right;\"><em>Marc-Antoine Klein<\/em><\/p>\n<p><strong>Mein Geburtstag im Bundestag<\/strong><\/p>\n<figure id=\"attachment_11186\" aria-describedby=\"caption-attachment-11186\" style=\"width: 150px\" class=\"wp-caption alignright\"><a href=\"https:\/\/dfg-lfa.org\/wp-content\/uploads\/P1010018.jpg\"><img loading=\"lazy\" decoding=\"async\" class=\"size-thumbnail wp-image-11186\" src=\"https:\/\/dfg-lfa.org\/wp-content\/uploads\/P1010018-150x112.jpg\" alt=\" \" width=\"150\" height=\"112\" srcset=\"https:\/\/dfg-lfa.org\/wp-content\/uploads\/P1010018-150x112.jpg 150w, https:\/\/dfg-lfa.org\/wp-content\/uploads\/P1010018-300x224.jpg 300w, https:\/\/dfg-lfa.org\/wp-content\/uploads\/P1010018-590x441.jpg 590w, https:\/\/dfg-lfa.org\/wp-content\/uploads\/P1010018.jpg 600w\" sizes=\"auto, (max-width: 150px) 100vw, 150px\" \/><\/a><figcaption id=\"caption-attachment-11186\" class=\"wp-caption-text\"> <\/figcaption><\/figure>\n<p>Am Morgen meines Geburtstages, es war der 30. M\u00e4rz und der dritte Tag unserer Berlinreise,  bekam ich schon fr\u00fch die Gl\u00fcckw\u00fcnsche meiner Klassenkameraden. F\u00fcr den Abend hatten wir Pl\u00e4ne geschmiedet, wie wir feiern wollten. Aber auf dem Programm stand zun\u00e4chst der Bundestag.<br \/>\nGanz aufgeregt liefen wir also vom Hotel aus zum Reichstagsgeb\u00e4ude. Als wir aber auf der gro\u00dfen Wiese davor ankamen und ich gerade mit Madame Giret \u00fcber unseren Tag redete, fiel mir auf, dass ich meinen Ausweis vergessen hatte! Unsere Lehrer hatten uns am Abend davor noch mal daran erinnert, dass wir ohne Personalausweise nicht in das Geb\u00e4ude kommen. Am Tag davor, beim Besuch des Bundesrates, hatte ich schon einmal meine Papiere vergessen. Mme. Giret meinte da, das sei nicht so schlimm, und zum Gl\u00fcck mussten wir die Papiere nicht vorzeigen. Diesmal aber, am Bundestag,  war Madame Girets Reaktion nicht so lieb. Sie wollte mir am Anfang nicht glauben und dachte, dass ich nur ein schlechten Witz machte. Als sie aber verstand, dass ich es sehr ernst meinte, guckte sie mich b\u00f6se an und sagte mir: \u201eBon\u2026 On va essayer de te faire rentrer avec nous. Mais si tu ne rentres pas, tu nous attendras ici, sur la pelouse!\u201c  Ich wartete also, bis alle meine Klassenkameraden durch die Sicherheitskontrolle durchgegangen waren, und lief als Letzte mit den Lehrern rein. Madame Giret erkl\u00e4rte dem Security-Mann, dass ich meinen Ausweis vergessen hatte. Er schaute mich sehr ernst an und sagte mir: \u201eWie hei\u00dfen Sie?\u201c Ich antwortete mit meinem Namen, den  ich sofort auf seiner Namensliste, die die Lehrer vor der Fahrt einreichen mussten, bemerkte. Nach einigen Sekunden fand er ihn auch und deckte mein Geburtsdatum mit seinen Fingern ab. Er fragte mich trocken, um mich zu pr\u00fcfen: \u201eUnd wann sind Sie geboren?\u201c Ich antwortete  ver\u00e4ngstigt: \u201eAm 30. M\u00e4rz 1995\u201c. Auf einmal sah ich, wie sein Gesicht sich ver\u00e4nderte, er schaute mir  in die Augen und sagte: \u201eAber das ist ja heute!\u201c Er stand auf, sch\u00fcttelte mir kr\u00e4ftig die Hand und gratulierte mir zum Geburtstag. Sein Kollege stand ebenso auf, sch\u00fcttelte mir auch die Hand und gab mir mein erstes Geburtstagsgeschenk des Tages: ein Mentosbonbon.<br \/>\nSo kam ich also in den Bundestag rein, ohne meinen Ausweis vorzuzeigen. Ich denke, wenn ich nicht Geburtstag gehabt h\u00e4tte, w\u00e4re das nicht so leicht gewesen.<\/p>\n<p style=\"text-align: right;\"><em>Victoire Jouin<\/em><\/p>\n<h4>Besuch der Gedenkst\u00e4tte Berlin Hohensch\u00f6nhausen<\/h4>\n<figure id=\"attachment_11188\" aria-describedby=\"caption-attachment-11188\" style=\"width: 150px\" class=\"wp-caption alignleft\"><a href=\"https:\/\/dfg-lfa.org\/wp-content\/uploads\/DSC_0525.jpg\"><img loading=\"lazy\" decoding=\"async\" class=\"size-thumbnail wp-image-11188\" src=\"https:\/\/dfg-lfa.org\/wp-content\/uploads\/DSC_0525-150x100.jpg\" alt=\" \" width=\"150\" height=\"100\" srcset=\"https:\/\/dfg-lfa.org\/wp-content\/uploads\/DSC_0525-150x100.jpg 150w, https:\/\/dfg-lfa.org\/wp-content\/uploads\/DSC_0525-300x201.jpg 300w, https:\/\/dfg-lfa.org\/wp-content\/uploads\/DSC_0525-590x395.jpg 590w, https:\/\/dfg-lfa.org\/wp-content\/uploads\/DSC_0525.jpg 640w\" sizes=\"auto, (max-width: 150px) 100vw, 150px\" \/><\/a><figcaption id=\"caption-attachment-11188\" class=\"wp-caption-text\"> <\/figcaption><\/figure>\n<p>Notre visite  de l\u2019 ancienne prison pr\u00e9ventive de la Stasi d\u00e9buta par un film informatif sur le centre de la dictature communiste. Celui-ci nous a introduit \u00e0 l\u2019histoire terrifiante des prisonniers. Ensuite nous f\u00fbmes guid\u00e9s dans les cellules \u201esous-marines\u201c, les salles d\u2019interrogatoire et la cour int\u00e9rieure.<\/p>\n<p style=\"text-align: right;\"><em>Julia Wagner<\/em><\/p>\n<p>Dies war eine ziemlich bewegende, aber auch schockierende Besichtigung f\u00fcr mich. Schon als wir den Gef\u00e4ngnishof betraten, f\u00fchlte ich mich ein wenig unwohl wegen der hohen Mauern um mich herum, und es sah insgesamt nicht sehr einladend aus. Ich wusste vorher wirklich nicht, was mich erwarten w\u00fcrde, weil ich mich mit dem Thema DDR und Stasi nicht sehr auskannte. Deshalb war der Einf\u00fchrungsfilm, der uns vor der F\u00fchrung gezeigt wurde, sehr interessant f\u00fcr mich, weil er uns auf das vorbereitete, was wir zu sehen bekommen w\u00fcrden.<\/p>\n<p style=\"text-align: right;\"><em>Svea Schr\u00f6der<\/em><\/p>\n<p>Zuerst werden wir in einen Raum gef\u00fchrt, wo schon St\u00fchle stehen. Wir setzen uns hin uns starren mit weit ge\u00f6ffneten Augen auf die Leinwand. Diese zeigt einen Film \u00fcber die Geschichte des Geb\u00e4udes und viele alte Gefangene, die \u00fcber ihre Inhaftierung berichten. Daraufhin werden wir in zwei Gruppen eingeteilt, und es beginnt unsere F\u00fchrung mit Herrn Krebs.<br \/>\nWir betreten das \u201eU-Boot\u201c, eine Art Keller, der so dunkel ist wie das Innere eines U-Boots. Die einzigen Fenster sehen aus wie Bullaugen, die einzige Lichtquelle. Diese erdr\u00fcckende Atmosph\u00e4re verleiht dem Ort eine Stimmung von Angst. Der F\u00fchrer zeigt uns die ehemaligen Zellen der Gefangenen und weist auf deren schlechte Lebensbedingungen hin. In den Zellen gibt es nur eine Holzpritsche und einen K\u00fcbel f\u00fcr die Exkremente, der nicht einmal einen Deckel besitzt, so dass es damals stark gestunken haben muss.<br \/>\nDa es kaum Fenster gab, waren die Gefangenen in komplette Dunkelheit eingeh\u00fcllt. Die harten Regeln zwangen sie dazu, nicht zu lachen, nicht zu singen, nicht zu pfeifen, nicht zu rauchen. Diese mussten stattdessen tags\u00fcber auf ihrer Pritsche sitzen und die Augen offen lassen, ohne sich eine Weile hinlegen zu d\u00fcrfen, nat\u00fcrlich wurden sie regelm\u00e4\u00dfig \u2013 alle drei Minuten \u2013 kontrolliert.<\/p>\n<p style=\"text-align: right;\"><em>Sarah Fischer<\/em><\/p>\n<p>Man konnte sehr gut die Angst, die Hilflosigkeit und das Gef\u00fchl , jemandem ausgeliefert zu sein,  durch die \u201eRollenspiele\u201c des F\u00fchrers, der \u00fcbrigens selbst ein ehemaliger Inhaftierter war, nachvollziehen, da er uns durch diese ein Verh\u00f6r nahebringen konnte. Was mich am meisten an dem Besuch im Gef\u00e4ngnis schockierte, war zu erfahren, dass die Vernehmer dazu ausgebildet wurden, durch die Psychoanalyse zu manipulieren und die Gefangenen zu einem Gest\u00e4ndnis zu zwingen mithilfe von Drohungen und Anspielungen auf die Familie und deren Zukunft.<\/p>\n<p style=\"text-align: right;\"><em>Adriana Senzig<\/em><\/p>\n<figure id=\"attachment_11189\" aria-describedby=\"caption-attachment-11189\" style=\"width: 150px\" class=\"wp-caption alignright\"><a href=\"https:\/\/dfg-lfa.org\/wp-content\/uploads\/DSC_0534.jpg\"><img loading=\"lazy\" decoding=\"async\" class=\"size-medium wp-image-11189 \" src=\"https:\/\/dfg-lfa.org\/wp-content\/uploads\/DSC_0534-300x201.jpg\" alt=\"  \" width=\"150\" height=\"112\" \/><\/a><figcaption id=\"caption-attachment-11189\" class=\"wp-caption-text\">  <\/figcaption><\/figure>\n<p>Les conditions de vie catastrophiques dans le camp m\u2019ont terrifi\u00e9. Temporairement, plus de 4200 prisonniers \u00e9taient entass\u00e9s dans un espace extr\u00eamement \u00e9troit. Les conditions hygi\u00e9niques \u00e9taient mis\u00e9rables, l\u2019alimentation insuffisante. La moiti\u00e9 des prisonniers gelaient en hiver dans les cellules non chauff\u00e9es, car ils ne poss\u00e9daient pas de couverture. Les conditions s\u2019am\u00e9lior\u00e8rent seulement dans les ann\u00e9es 1980. Mais le pire \u00e9tait l\u2019ignorance de leur destin. Ils \u00e9taient transport\u00e9s dans des Barkas et n\u2019avaient  que la place normalement destin\u00e9e \u00e0 un chien. Les Barkas avient l\u2019apparence d\u2019une voiture normale, les prisonniers ignoraient compl\u00e8tement o\u00f9 ils allaient. Un grand nombre d\u2019intern\u00e9s mouraient ou tombaient malades; beaucoup de prisonniers mouraient de leuc\u00e9mie \u00e0 cause de la radioactivit\u00e9 utilis\u00e9e.<br \/>\nLa torture physique et psychologique \u00e9tait l\u2019\u00e9l\u00e9ment le plus sadique et d\u00e9daigneux. Des exemples de tortures physiques sont la torture par l\u2019eau, les insultes permanentes du personnel et un r\u00e9glement int\u00e9rieur humiliant. Un exemple de ce r\u00e9glement absurde et avilissant est que les prisonniers qui poss\u00e9daient une couverture devaient poser leurs mains sur celle-ci en dormant. Le personnel les contr\u00f4lait strictement par un judas dans la porte et s\u2019ils ne posaient pas leurs mains sur la couverture on les r\u00e9veillait brutalement.<\/p>\n<p style=\"text-align: right;\"><em>Julia Wagner<\/em><\/p>\n<p>Die Inhaftierten hatten eine Hausordnung zu beachten, die eigentlich unm\u00f6glich einzuhalten war. Waren sie in Zellen f\u00fcr mehrere Personen untergebracht, durften sie sich nicht unterhalten. Sie durften zwar schlafen, mussten dabei aber gerade liegen und die H\u00e4nde auf den Beinen haben. Das Licht \u00fcber der T\u00fcr blieb dabei eingeschaltet. Schaffte man es dennoch einzuschlafen, blieb man automatisch nicht lange in der vorgeschriebenen Haltung.<br \/>\nDie F\u00fchrung war meiner Meinung nach deshalb so spannend, weil man selbst einbezogen wurde in einer Art Rollenspiel.<\/p>\n<p style=\"text-align: right;\"><em>Marie-Christine Falkenstein<\/em><\/p>\n<p><strong>Das Verh\u00f6r<\/strong><br \/>\nStellen sie sich einmal vor: Ein grauer Morgen. Es klingelt. Zwei Beamte vor ihrer T\u00fcr. \u201eSie sind festgenommen!\u201c Gewaltsam werden Sie in den Innenraum eines Fahrzeugs geschleppt, quadratisch, zu klein, um zu stehen, zu eng, um zu sitzen. Hier beginnt eine Fahrt ins Ungewisse.<br \/>\nSie f\u00fchrte jedoch in jedem Fall nach H\u00f6hensch\u00f6nhausen, in der N\u00e4he von Berlin, dem ehemaligen Stasi-Gef\u00e4ngnis in der DDR. Hier wurden Republikgegner hin verschleppt und physisch wie psychisch gefoltert, um sie zu falschen Aussagen oder Gest\u00e4ndnissen zwingen und dann sp\u00e4ter v\u00f6llig gesetzm\u00e4\u00dfig einsperren zu k\u00f6nnen.<br \/>\nDort angekommen, fragt man Sie \u00fcberraschend freundlich, ob Sie ihre private Kleidung behalten m\u00f6chten oder die hauseigene H\u00e4ftlingskleidung bevorzugen.<br \/>\nWie w\u00fcrden Sie sich entscheiden?<br \/>\nIhre Privatsachen, nat\u00fcrlich. Sp\u00e4ter er\u00f6ffnet man ihnen mit der gleichen Freundlichkeit , dass die Hausordnung die Reinigung von Privatsachen leider nicht vorsieht!<br \/>\nSchlie\u00dflich werden sie abgef\u00fchrt in eine Zelle ohne Fenster, feucht, 8\u00b0 C kalt. Sitzen oder Liegen nicht gestattet.<br \/>\nIrgendwann werden Sie abgeholt und zum Verh\u00f6rraum gef\u00fchrt. Der Vernehmer bietet Ihnen gleich zu Anfang eine warme Tasse Tee an. \u201eSie m\u00fcssen vorher nur dieses Gest\u00e4ndnis unterzeichnen!\u201c  Was w\u00fcrden Sie tun? Sie haben noch nicht genug?<br \/>\nAls n\u00e4chstes bringt man Sie in eine mit Hartgummi beschichtete Zelle, noch k\u00e4lter als die erste. Zwei Eimer Wasser ergie\u00dfen sich \u00fcber Sie. Eiskalt.<br \/>\nNach Stunden oder sogar nur Minuten erb\u00e4rmlichen Frierens unterschreiben Sie das Gest\u00e4ndnis letztendlich doch und besiegeln damit ihren eigenen Untergang.<br \/>\nSie werden offiziell vor Gericht verurteilt. 8 Jahre Gef\u00e4ngnis f\u00fcr eine Tat, die Sie niemals begangen haben.<br \/>\nNiemandem k\u00f6nnen Sie von der Wahrheit erz\u00e4hlen. 1. Zu unglaubw\u00fcrdig. 2. Sie k\u00f6nnen niemandem vertrauen!<br \/>\nAlso schweigen Sie.<\/p>\n<p style=\"text-align: right;\"><em>Carlotta Schneider<\/em><\/p>\n<p>Gef\u00fchlsanalyse zum Besuch des Stasigef\u00e4ngnisses:  Es ist ziemlich erstaunlich, welche Gef\u00fchle in einem hochkommen, wenn man eine solche Gedenkst\u00e4tte des Grauens besichtigt. Ich wei\u00df nicht, ob ich es ohne Weinen geschafft h\u00e4tte, wenn ich mich wirklich darauf eingelassen h\u00e4tte, doch auch so hat es einen nicht kalt gelassen&#8230;<br \/>\nUnser F\u00fchrer war nicht nur ein guter Erz\u00e4hler, sondern auch ein Schauspieler. Er lie\u00df uns die Verzweiflung und Angst der Gefangenen richtig miterleben. Es war richtig gruselig. Diese Hoffnungslosigkeit auf ein Ende des Schreckens war \u00fcberall und durchdrang  bei mir Haut und Poren.<\/p>\n<p style=\"text-align: right;\"><em>Victoria List<\/em><\/p>\n<p>Den Besuch im Stasi-Gef\u00e4ngnis vergesse ich mein Leben lang nicht mehr. Ich bin als Mensch reingegangen und als besserer wieder raus. Ich wusste, dass die Geschichte Deutschlands im 20. Jahrhundert schrecklich war, doch ich wusste nicht, wie unmenschlich sie war. Ich danke unserem F\u00fchrer, der als ehemaliger Gefangener den Mut hat, das alles zu zeigen, und den Lehrern, die uns die M\u00f6glichkeit gegeben haben, dieses Gef\u00e4ngnis zu besichtigen.<\/p>\n<p style=\"text-align: right;\"><em>Ines Arnone<\/em><\/p>\n<p>La torture psychologique se caract\u00e9risait surtout par l\u2019interrogatoire. Les interrogateurs \u00e9taient tr\u00e8s renseign\u00e9s sur les prisonniers (la stasi utilisait les amis et m\u00eame la famille du prisonnier comme espions. C\u2019est ainsi qu\u2019ils pouvaient le torturer individuellement et psychologiquement. Les prisonniers humili\u00e9s et traumatis\u00e9s \u00e9taient pr\u00eats \u00e0 confirmer tout ce qu\u2019on leur repprochait. Les cellules caoutchout\u00e9es menaient \u00e0 des d\u00e9s\u00e9quilibres psychiques \u00e0 vie.<\/p>\n<p style=\"text-align: right;\"><em>Julia Wagner<\/em><\/p>\n<p>Unser F\u00fchrer erz\u00e4hlte uns, dass das Gef\u00e4ngnis auf keiner Karte eingezeichnet war und die Familien der Gefangenen nicht benachrichtigt wurden. Wenn jemand verhaftet wurde,  war er einfach verschwunden. Was mich sehr schockiert hat, war, dass die meisten von Leuten verraten wurden, die sie kannten. Das konnten Bekannte, Freunde, Lebenspartner oder sogar die eigene Familie sein. Diese Menschen wurden I.M. (inoffizielle Mitarbeiter) genannt.<\/p>\n<p style=\"text-align: right;\"><em>Amina Wegener<\/em><\/p>\n<p>Ein Satz, den uns unser F\u00fchrer mit auf den Weg gab, war: \u201cWer in einer Demokratie einschl\u00e4ft, wacht in einer Diktatur auf!\u201c Ich finde, dass dieser Satz auf den Punkt bringt, dass man immer darauf achten muss, dass man in einem freien Staat lebt und dass sich das System in diesem Staat auch nicht zu einer Diktatur hin ver\u00e4ndert.<\/p>\n<p style=\"text-align: right;\"><em>Svea Schroeder<\/em><\/p>\n<h4>Unser letzter Tag in Berlin<\/h4>\n<figure id=\"attachment_11194\" aria-describedby=\"caption-attachment-11194\" style=\"width: 112px\" class=\"wp-caption alignleft\"><a href=\"https:\/\/dfg-lfa.org\/wp-content\/uploads\/P1010036.jpg\"><img loading=\"lazy\" decoding=\"async\" class=\"size-medium wp-image-11194 \" src=\"https:\/\/dfg-lfa.org\/wp-content\/uploads\/P1010036-153x300.jpg\" alt=\" \" width=\"112\" height=\"150\" \/><\/a><figcaption id=\"caption-attachment-11194\" class=\"wp-caption-text\"> <\/figcaption><\/figure>\n<p>Unser letzter Tag begann mit der Besichtigung des <strong>Holocaust Denkmals<\/strong>, das an die ermordeten Juden im Zweiten Weltkrieg erinnern soll und eine eher bedr\u00fcckende Wirkung auf einen hat. Danach ging es weiter zum Bundeskanzleramt.<\/p>\n<p style=\"text-align: right;\"><em>Aline Schmeer<\/em><\/p>\n<figure id=\"attachment_11196\" aria-describedby=\"caption-attachment-11196\" style=\"width: 150px\" class=\"wp-caption alignright\"><a href=\"https:\/\/dfg-lfa.org\/wp-content\/uploads\/P1010013.jpg\"><img loading=\"lazy\" decoding=\"async\" class=\"size-medium wp-image-11196 \" src=\"https:\/\/dfg-lfa.org\/wp-content\/uploads\/P1010013-300x195.jpg\" alt=\" \" width=\"150\" height=\"112\" \/><\/a><figcaption id=\"caption-attachment-11196\" class=\"wp-caption-text\"> <\/figcaption><\/figure>\n<p>Nach der Mittagspause war es dann soweit. Wir fuhren zum <strong>Bundeskanzleramt<\/strong>. Allerdings betraten wir es nicht durch den Haupteingang, sondern mussten erst im Nebengeb\u00e4ude eine gr\u00fcndliche Sicherheitskontrolle \u00fcber uns ergehen lassen. Diese war so gr\u00fcndlich, dass manche von uns sogar Scheren oder zu gro\u00dfe Fl\u00fcssigkeitsmengen abgenommen bekamen. Danach konnten wir dann durch den gro\u00dfen Haupteingang das Geb\u00e4ude betreten, durch welchen vor uns schon zahlreiche Staats- und Regierungschefs das Kanzleramt besuchten.<\/p>\n<figure id=\"attachment_11197\" aria-describedby=\"caption-attachment-11197\" style=\"width: 150px\" class=\"wp-caption alignleft\"><a href=\"https:\/\/dfg-lfa.org\/wp-content\/uploads\/DSC_0552.jpg\"><img loading=\"lazy\" decoding=\"async\" class=\"size-thumbnail wp-image-11197\" src=\"https:\/\/dfg-lfa.org\/wp-content\/uploads\/DSC_0552-150x140.jpg\" alt=\" \" width=\"150\" height=\"140\" srcset=\"https:\/\/dfg-lfa.org\/wp-content\/uploads\/DSC_0552-150x140.jpg 150w, https:\/\/dfg-lfa.org\/wp-content\/uploads\/DSC_0552-300x280.jpg 300w, https:\/\/dfg-lfa.org\/wp-content\/uploads\/DSC_0552.jpg 513w\" sizes=\"auto, (max-width: 150px) 100vw, 150px\" \/><\/a><figcaption id=\"caption-attachment-11197\" class=\"wp-caption-text\"> <\/figcaption><\/figure>\n<p>Ein Film informierte uns \u00fcber die Funktion des Kanzleramts. Bei der anschlie\u00dfenden F\u00fchrung bewunderten wir die architektonischen Feinheiten des Geb\u00e4udes und betrachteten mit gro\u00dfem Interesse die gemalten Portr\u00e4ts aller Ex-Bundeskanzler, wobei unsere Kenntnisse \u00fcber die Namen dieser Kanzler gepr\u00fcft wurde und wir Informationen \u00fcber die Besonderheiten der verschiedenen Gem\u00e4lde erhielten. Nach der Besichtigung des internationalen Sitzungssaales wurden wir zu dem Ort gef\u00fchrt, den wir schon aus den Nachrichten kannten, n\u00e4mlich dorthin, wo man immer die Kanzlerin reden sieht, wenn sie beispielsweise einen Staatsgast hat.  Nach der Besichtigung des Gartens besuchten wir einen weiteren sehr interessanten Teil des Amtes, und zwar den  Saal , in dem die Staatsgeschenke ausgestellt sind.<\/p>\n<p style=\"text-align: right;\"><em>Ingo Eisenbei\u00df<\/em><\/p>\n<p>Dann ging es weiter ins <strong>Pergamon Museum<\/strong>, das ich \u00fcberraschenderweise doch ganz reizend fand, obwohl ich normalerweise kein Museums -Fan bin.<\/p>\n<p style=\"text-align: right;\"><em>Aline Schmeer<\/em><\/p>\n<p>Auf der Museumsinsel haben wir uns zuerst im Pergamonmuseum den Altar von Pergamon und die Prachtstra\u00dfe von Babylon angeschaut und danach im <strong>Neuen Museum<\/strong> die sehr gut erhaltene B\u00fcste der Nofretete aus \u00c4gypten, welche selbst nach \u00fcber 3000 Jahren noch t\u00e4uschend echt aussieht.<\/p>\n<p style=\"text-align: right;\"><em>Ingo Eisenbei\u00df<\/em><\/p>\n<h4>Erlebnisse der anderen Art<\/h4>\n<p><strong>Wo sind denn nur die Berliner?<\/strong><\/p>\n<figure id=\"attachment_11199\" aria-describedby=\"caption-attachment-11199\" style=\"width: 150px\" class=\"wp-caption alignleft\"><a href=\"https:\/\/dfg-lfa.org\/wp-content\/uploads\/P1010031.jpg\"><img loading=\"lazy\" decoding=\"async\" class=\"size-thumbnail wp-image-11199\" src=\"https:\/\/dfg-lfa.org\/wp-content\/uploads\/P1010031-150x113.jpg\" alt=\" \" width=\"150\" height=\"113\" srcset=\"https:\/\/dfg-lfa.org\/wp-content\/uploads\/P1010031-150x113.jpg 150w, https:\/\/dfg-lfa.org\/wp-content\/uploads\/P1010031-300x226.jpg 300w, https:\/\/dfg-lfa.org\/wp-content\/uploads\/P1010031-590x444.jpg 590w, https:\/\/dfg-lfa.org\/wp-content\/uploads\/P1010031.jpg 600w\" sizes=\"auto, (max-width: 150px) 100vw, 150px\" \/><\/a><figcaption id=\"caption-attachment-11199\" class=\"wp-caption-text\"> <\/figcaption><\/figure>\n<p>Im Saarland kennt ihn jeder, den Berliner; zarter Teig mit Marmeladen- oder Cremef\u00fcllung und ei\u00acner leckeren Zuckerschicht. Aber probieren Sie mal, in Berlin einen Berliner in einer B\u00e4ckerei zu bekommen. Meistens folgt darauf nur die Antwort: \u201eTut mir Leid, haben wir nicht!\u201c, \u201eSo was gibt\u2019s?\u201c oder \u201eKenne ich nicht!\u201c In der Tat wird das bei uns als Berliner bekannte Geb\u00e4ck in Berlin Pfannkuchen genannt und ist nicht so beliebt wie bei uns im Saarland.<br \/>\nBeliebt hingegen ist dort aber das ausl\u00e4ndische Essen. \u00dcberall in der Stadt findet man kleine L\u00e4den mit den unterschiedlichsten K\u00f6stlichkeiten . China-Restaurants locken mit China-Nudeln und Fr\u00fchlingsrollen, mexikanische Gastst\u00e4tten verf\u00fchren uns mit knusprigen Tacos und herzhaften Tortillas, argentinische Steakh\u00e4user bieten uns den saftigen Geschmack argentinischen Rinds. Mit Pizza und Pasta wartet der Italiener auf. Die eigentliche Berliner Spezialit\u00e4t ist aber der D\u00f6ner-Kebap, denn so, wie wir ihn kennen, wurde er in Berlin erfunden, und er ist dort an jeder Ecke zu haben. Am Checkpoint Charlie entdeckten wir  au\u00dferdem noch ein Currywurstmuseum.  Leider hatten wir an dem Tag nicht allzu viel Zeit, deshalb mussten wir diese Sehensw\u00fcrdigkeit leider auslassen.<br \/>\nWir Sch\u00fcler mussten uns w\u00e4hrend unseres Aufenthalts mittags und abends immer selbst verpflegen. Die Suche nach etwas Essbarem in Berlin stellte aber  keine allzu gro\u00dfe Herausforderung dar, \u00fcberall, und vor allem am Bahnhof, der nur 3 Minuten Fu\u00dfweg von unserem Hotel weg lag, war die Auswahl an Fast-Food Restaurants sehr gro\u00df war. Erfreut waren wir \u00fcber die Dunkin&rsquo; Donuts L\u00e4den in der Stadt, da es diese Kette in Saarbr\u00fccken bisher noch nicht gibt. Auch an feinen Edelrestaurants hat es nicht gemangelt, diese finden sich vor allem auf der Allee \u201cUnter den Linden\u201c, die vom Brandenburger Tor bis zum Sony-Center f\u00fchrt. Sie waren aber f\u00fcr Sch\u00fclerverh\u00e4ltnisse unerschwinglich und somit konnten wir diese nicht f\u00fcr Sie testen&#8230;<\/p>\n<p style=\"text-align: right;\"><em>Thomas Szabo<\/em><\/p>\n<p><strong>Quiz zu Berliner Redensarten<\/strong><\/p>\n<p>1) Was ist in Berlin ein \u00ab gro\u00dfer Gelber \u00bb ?<br \/>\nA. ein Linienbus<br \/>\nB. ein Schnelltaxi<br \/>\nC. ein Mietfahrrad<br \/>\nD. ein Polizeiauto<\/p>\n<p>2) Wo ist der politische Hauptsitz der Bundeskanzlerin ?<br \/>\nA. im Trockner<br \/>\nB. in der Waschmaschine<br \/>\nC. im Geschirrsp\u00fcler<br \/>\nD. im K\u00fchlschrank<\/p>\n<p>3) Was ist der \u00ab Lange Lullatsch \u00bb ?<br \/>\nA. die Siegess\u00e4ule<br \/>\nB. der Fernsehturm<br \/>\nC. der Funkturm<br \/>\nD. der schiefe Turm von Pisa<\/p>\n<p>4) Wie wird die Statue der Siegess\u00e4ule noch genannt ?<br \/>\nA. gro\u00dfe Lotte<br \/>\nB. goldene Else<br \/>\nC. siegreiche Louise<br \/>\nD. heilige Gertrude<\/p>\n<p>5) Welchen Spitznamen tr\u00e4gt die Reichstagskuppel ?<br \/>\nA. Denkbeule<br \/>\nB. Glasauge<br \/>\nC. Machtpickel<br \/>\nD. Luftblase<\/p>\n<p>Antworten : 1)A. ; 2)B. ; 3)C. ; 4)B. ; 5)A.<\/p>\n<p style=\"text-align: right;\"><em>Marie Stetzler<\/em><\/p>\n<h4>Impressions g\u00e9n\u00e9rales<\/h4>\n<p>Wir fanden, dass die Freizeit-Perioden einfach das Beste an der Klassenfahrt waren. Warum? Also erstens haben wir endlich etwas zu essen bekommen, und das Essen war sogar\u2026 billig! Zum Beispiel kosten gebratene Nudeln 2,95\u20ac, die in Paris bestimmt 8,95\u20ac kosten w\u00fcrden. Zweitens gab es ganz viele Gesch\u00e4fte (alle wissen schon, wie viel Marisa da ausgegeben hat..). Drittens konnten wir die ganze Stadt selbst entdecken! Berlin ist eine unglaublich sch\u00f6ne Stadt, und seine Bewohner sind sehr nett und freundlich. Sie haben uns sehr oft geholfen, als wir uns verlaufen hatten, oder sie haben uns Informationen gegeben, als wir welche brauchten (und verlaufen haben wir uns sehr oft).  In Berlin gibt es ebenfalls viele Transportm\u00f6glichkeiten (Bus, Bahn, Taxi usw\u2026). Es ging also ganz schnell, um sich von einem Ort zum anderen zu bewegen, so hatten wir die M\u00f6glichkeit, w\u00e4hrend der Freizeit viel von Berlin zu entdecken, ohne viel zu gehen. Das Hotel lag auch nah am Hauptbahnhof, also konnten wir auch rechtzeitig nach Hause (22h).Wir haben gemerkt, dass Berlin eine sehr animierte Stadt ist, noch mehr abends, und dass sie auch sehr sicher aussieht: Wir haben keine Probleme gehabt mit z. B komischen Leuten in der U-Bahn (was in Paris sehr oft passiert). Ein Platz, der uns sehr gefallen hat, war der Kudammplatz, da es viele sch\u00f6ne Restaurants gab, wo wir sehr gut gegessen haben, und ein riesiges Shopping-Center (Ka De We), das auch, ohne sich etwas zu kaufen, sehr interessant und beeindruckend ist mit seinen 6 Etagen. Eine interessante Stra\u00dfe war die Friedrichstra\u00dfe mit ganz vielen Caf\u00e9s, Restaurants und Gesch\u00e4ften, die auch sehr animiert waren.Im Ganzen hat uns die Freizeit sehr gut gefallen und wir haben sie ausgenutzt. Es hat uns wirklich viel Spa\u00df gemacht.<\/p>\n<p style=\"text-align: right;\"><em>Marisa Petri, Julien Hossain<\/em><\/p>\n<p>J\u2019ai beaucoup appr\u00e9ci\u00e9 la parite du programme concernant Berlin-Est, c\u2019est-\u00e0-dire la visite de la prison de la Stasi, le mur de Berlin etc&#8230; Comme cela m\u2019int\u00e9resse beaucoup j\u2019ai pris un grand plaisir \u00e0 enrichir mes connaissances dans ce domaine. Un grand atout de cette semaine \u00e0 Berlin \u00e9tait le temps libre. Nous e\u00fbmes beaucoup d\u2019occasions d\u2019apprendre \u00e0 nous conna\u00eetre mutuellement, ce qui m\u2019a permis de me rapprocher amicalement de nombreux camarades.<br \/>\nL\u2019h\u00f4tel \u00e9tait appropri\u00e9 \u00e0 un tel voyage. Les chambres \u00e9taient grandes, les lits douillets et le petit d\u00e9jeuner tr\u00e8s complets. Ma soir\u00e9e favorite fut la soir\u00e9e karaok\u00e9, \u00e0 laquelle j\u2019ai activiment particip\u00e9.<br \/>\nFinalement je pense que le voyage \u00e0 Berlin des futures secondes sera \u00e9galement tr\u00e8s populaire. Les professeurs nous ont fait confiance en nous laissant nous promener dans toute la ville, ce qui nous a beaucoup plu. La visite, courte mais r\u00e9ussie de la magnifique ville de Weimar devrait \u00e9galement figurer au programme pr\u00e9vu pour l\u2019ann\u00e9e prochaine.<\/p>\n<p style=\"text-align: right;\"><em>Sophie Ziegler<\/em><\/p>\n<p>Zusammenfassend l\u00e4sst sich \u00fcber die Fahrt sagen, dass man sehr viel gelernt hat und es dabei trotzdem noch sehr viel Spa\u00df gemacht hat. Die freie Zeit, die wir abends immer hatten, haben ich und meine Freunde meistens daf\u00fcr genutzt, um Berlin noch zu erkunden, was sehr aufregend war. Das Hotel war \u00fcbrigens auch sehr gut ausgestattet und die Lage einfach nur perfekt.  Man hat die Sch\u00fcler der anderen Klassen durch diese Zeit auch besser kennengelernt und neue Freundschaften geschlossen. Die Wartburg und Weimar fand ich auch sehr sehenswert, schade dass wir in Weimar  nur kurz halten konnten, die Stadt ist n\u00e4mlich wirklich wundersch\u00f6n. Ich denke, ich \u00fcbertreibe  nicht, wenn ich behaupte, dass diese Klassenfahrt die beste ist, die ich bis jetzt erlebt habe.<br \/>\nHiermit auch ein gro\u00dfes \u201eDanke\u201c an Mme Giret, Frau Jahns, Herrn Uloth, Herrn Lambert und Herrn M\u00fchlhaus, die sich wirklich sehr gro\u00dfe M\u00fche gegeben haben, dass diese Klassenfahrt so toll geworden ist.<\/p>\n<p style=\"text-align: right;\"><em>Aline Schmeer<\/em><\/p>\n<figure id=\"attachment_11200\" aria-describedby=\"caption-attachment-11200\" style=\"width: 150px\" class=\"wp-caption alignleft\"><a href=\"https:\/\/dfg-lfa.org\/wp-content\/uploads\/P1000957.jpg\"><img loading=\"lazy\" decoding=\"async\" class=\"size-thumbnail wp-image-11200\" src=\"https:\/\/dfg-lfa.org\/wp-content\/uploads\/P1000957-150x134.jpg\" alt=\" \" width=\"150\" height=\"134\" srcset=\"https:\/\/dfg-lfa.org\/wp-content\/uploads\/P1000957-150x134.jpg 150w, https:\/\/dfg-lfa.org\/wp-content\/uploads\/P1000957-300x269.jpg 300w, https:\/\/dfg-lfa.org\/wp-content\/uploads\/P1000957.jpg 534w\" sizes=\"auto, (max-width: 150px) 100vw, 150px\" \/><\/a><figcaption id=\"caption-attachment-11200\" class=\"wp-caption-text\"> <\/figcaption><\/figure>\n<figure id=\"attachment_11201\" aria-describedby=\"caption-attachment-11201\" style=\"width: 150px\" class=\"wp-caption alignright\"><a href=\"https:\/\/dfg-lfa.org\/wp-content\/uploads\/P1000971.jpg\"><img loading=\"lazy\" decoding=\"async\" class=\"size-medium wp-image-11201 \" src=\"https:\/\/dfg-lfa.org\/wp-content\/uploads\/P1000971-300x207.jpg\" alt=\" \" width=\"150\" height=\"112\" \/><\/a><figcaption id=\"caption-attachment-11201\" class=\"wp-caption-text\"> <\/figcaption><\/figure>\n<p>Tout au long du s\u00e9jour je fus surpris par le nombre de policier en ville. Je fus \u00e9galement agr\u00e9ablement surpris par la confiance que les professeurs nous ont octroy\u00e9 pendant le temps libre. Autant la visite de la Wartburg m\u2019a sembl\u00e9 peu int\u00e9ressante, autant celle de Weimar, o\u00f9 Goethe et Schiller ont v\u00e9cu me para\u00eet indispensable et tr\u00e8s enrichissante. Il est \u00e9galement \u00e0 noter que le chauffeur du bus \u00e9tait tr\u00e8s sympathique et que nous avons pass\u00e9 d\u2019agr\u00e9ables moments avec lui.<br \/>\nJe tiens aussi remerci\u00e9 les professeurs pour leur investissement pour l\u2019organisation de ce voyage.<\/p>\n<p style=\"text-align: right;\"><em>Marc-Antoine Klein<\/em><\/p>\n<p><strong>Berlinnotizen \u2013 eine eilige Denkschrift<\/strong><br \/>\nF\u00fcnf Tage Erlebnisfahrt, achtunddrei\u00dfig K\u00f6pfe mitsamt Begleitern.<br \/>\nSonnenbrille im Dauereinsatz trotz einigen kleineren nassen \u00dcberraschungen.<br \/>\nStadtrundfahrt. Bundesrat. Topographie des Terrors. Checkpoint Charlie. Bundestag. Stasi-Gef\u00e4ngnis. Holocaust Denkmal. Brandenburger Tor. Bundeskanzleramt. Museumsinsel. Fernsehturm. Die Mauer.<br \/>\nJeden Tag geballte Kultur. Mehr oder weniger geschenkte Aufmerksamkeit, aber im Grunde immer Begeisterung. Gro\u00dfes Gl\u00fcck, so viel zu sehen.<br \/>\nAuskundschaften der nahen und fernen Umgebung um jeden Preis. Finden von Anhaltspunkten in der gesamten Stadt. Manchmal die falsche Stra\u00dfe. Stadtplan unerl\u00e4sslich. Vertrautheit und doch Verwirrung. Freude am Chaos.<br \/>\nDa meistens zu Fu\u00df unterwegs, ist die Ersch\u00f6pfung immer da. Der Bus bietet kurzzeitig Erholung. Nach und nach kehrt die Kraft zur\u00fcck.<br \/>\nAbends stehen manche T\u00fcren offen. Andere hingegen bleiben verschlossen. Auf den Fluren herrscht eine rege Betriebsamkeit. Auf den Zimmern kann man dem Spiel der Gitarren lauschen, S\u00fc\u00dfigkeiten vertilgen oder einfach nur reden.<br \/>\nMissachtung der Bett- und Nachtruhe. Schlaf findet man auch zuhause, daf\u00fcr ist man nicht hergekommen. Man bleibt wach. Man bleibt hier.<br \/>\nDie R\u00fcckfahrt naht. Der Koffer ist inzwischen zum wirren Feind geworden. Nun m\u00fcssen wir ihn wieder unter dem Bett hervorzerren und f\u00fcttern.<br \/>\nBedauern. Halblaute Gespr\u00e4che, ged\u00e4mpfte Stimmung.<br \/>\n<strong>Dann aber wieder ein allgemeines Hochgef\u00fchl. Keine Trauer, weil unvergesslich. Eine gemeinsame Erinnerung.<\/strong><\/p>\n<p style=\"text-align: right;\"><em>Lea Reyne<\/em><\/p>\n<h4>Dankesch\u00f6n<\/h4>\n<p>Hiermit m\u00f6chten wir nochmals allen Personen danken, die unsere Fahrt unterst\u00fctzt haben, insbesondere aber Herrn C. Lett, Abgeordneter aus Saargem\u00fcnd, Herrn O. Luksic, Abgeordneter des Bundestages, und Frau A. Lorenz vom Besucherdienst des Bundesrates.<\/p>\n<p>Nous remercions toutes les personnes qui ont permis l\u2019organisation de ces voyages, plus particuli\u00e8rement Monsieur C. Lett, d\u00e9put\u00e9 de Sarreguemines, Monsieur O. Luksic, membre du Bundestag et Madame A. Lorenz, responsable des visites du Bundesrat.<\/p>\n<div class=\"shariff shariff-align-left shariff-widget-align-left shariff-buttonstretch\" style=\"display:none\"><ul class=\"shariff-buttons theme-white orientation-horizontal buttonsize-medium\"><li class=\"shariff-button facebook shariff-nocustomcolor\" style=\"background-color:#4273c8\"><a href=\"https:\/\/www.facebook.com\/sharer\/sharer.php?u=https%3A%2F%2Fdfg-lfa.org%2Ffr%2F2011%2F04%2Fprojekt-berlin-paris-20102011%2F\" title=\"Envoyer par Facebook\" aria-label=\"Envoyer par Facebook\" role=\"button\" rel=\"nofollow\" class=\"shariff-link\" style=\"; background-color:#3b5998; color:#3b5998\" target=\"_blank\"><span class=\"shariff-icon\" style=\"fill:#3b5998\"><svg width=\"32px\" height=\"20px\" xmlns=\"http:\/\/www.w3.org\/2000\/svg\" viewBox=\"0 0 18 32\"><path fill=\"#3b5998\" d=\"M17.1 0.2v4.7h-2.8q-1.5 0-2.1 0.6t-0.5 1.9v3.4h5.2l-0.7 5.3h-4.5v13.6h-5.5v-13.6h-4.5v-5.3h4.5v-3.9q0-3.3 1.9-5.2t5-1.8q2.6 0 4.1 0.2z\"\/><\/svg><\/span><span class=\"shariff-text\" style=\"color:#3b5998\">partager<\/span>&nbsp;<\/a><\/li><li class=\"shariff-button whatsapp shariff-nocustomcolor\" style=\"background-color:#5cbe4a\"><a href=\"https:\/\/api.whatsapp.com\/send?text=https%3A%2F%2Fdfg-lfa.org%2Ffr%2F2011%2F04%2Fprojekt-berlin-paris-20102011%2F%20Projet%20Berlin-Paris%202010%2F2011\" title=\"Envoyer par Whatsapp\" aria-label=\"Envoyer par Whatsapp\" role=\"button\" rel=\"noopener nofollow\" class=\"shariff-link\" style=\"; background-color:#34af23; color:#34af23\" target=\"_blank\"><span class=\"shariff-icon\" style=\"fill:#34af23\"><svg width=\"32px\" height=\"20px\" xmlns=\"http:\/\/www.w3.org\/2000\/svg\" viewBox=\"0 0 32 32\"><path fill=\"#34af23\" d=\"M17.6 17.4q0.2 0 1.7 0.8t1.6 0.9q0 0.1 0 0.3 0 0.6-0.3 1.4-0.3 0.7-1.3 1.2t-1.8 0.5q-1 0-3.4-1.1-1.7-0.8-3-2.1t-2.6-3.3q-1.3-1.9-1.3-3.5v-0.1q0.1-1.6 1.3-2.8 0.4-0.4 0.9-0.4 0.1 0 0.3 0t0.3 0q0.3 0 0.5 0.1t0.3 0.5q0.1 0.4 0.6 1.6t0.4 1.3q0 0.4-0.6 1t-0.6 0.8q0 0.1 0.1 0.3 0.6 1.3 1.8 2.4 1 0.9 2.7 1.8 0.2 0.1 0.4 0.1 0.3 0 1-0.9t0.9-0.9zM14 26.9q2.3 0 4.3-0.9t3.6-2.4 2.4-3.6 0.9-4.3-0.9-4.3-2.4-3.6-3.6-2.4-4.3-0.9-4.3 0.9-3.6 2.4-2.4 3.6-0.9 4.3q0 3.6 2.1 6.6l-1.4 4.2 4.3-1.4q2.8 1.9 6.2 1.9zM14 2.2q2.7 0 5.2 1.1t4.3 2.9 2.9 4.3 1.1 5.2-1.1 5.2-2.9 4.3-4.3 2.9-5.2 1.1q-3.5 0-6.5-1.7l-7.4 2.4 2.4-7.2q-1.9-3.2-1.9-6.9 0-2.7 1.1-5.2t2.9-4.3 4.3-2.9 5.2-1.1z\"\/><\/svg><\/span><span class=\"shariff-text\" style=\"color:#34af23\">partager<\/span>&nbsp;<\/a><\/li><li class=\"shariff-button threema shariff-nocustomcolor shariff-mobile\" style=\"background-color:#4fbc24\"><a href=\"threema:\/\/compose?text=Projet%20Berlin-Paris%202010%2F2011%20https%3A%2F%2Fdfg-lfa.org%2Ffr%2F2011%2F04%2Fprojekt-berlin-paris-20102011%2F\" title=\"Envoyer par Threema\" aria-label=\"Envoyer par Threema\" role=\"button\" rel=\"noopener nofollow\" class=\"shariff-link\" style=\"; background-color:#1f1f1f; color:#1f1f1f\" target=\"_blank\"><span class=\"shariff-icon\" style=\"fill:#1f1f1f\"><svg width=\"32px\" height=\"20px\" xmlns=\"http:\/\/www.w3.org\/2000\/svg\" viewBox=\"0 0 32 32\"><path fill=\"#1f1f1f\" d=\"M30.8 10.9c-0.3-1.4-0.9-2.6-1.8-3.8-2-2.6-5.5-4.5-9.4-5.2-1.3-0.2-1.9-0.3-3.5-0.3s-2.2 0-3.5 0.3c-4 0.7-7.4 2.6-9.4 5.2-0.9 1.2-1.5 2.4-1.8 3.8-0.1 0.5-0.2 1.2-0.2 1.6 0 0.4 0.1 1.1 0.2 1.6 0.4 1.9 1.3 3.4 2.9 5 0.8 0.8 0.8 0.8 0.7 1.3 0 0.6-0.5 1.6-1.7 3.6-0.3 0.5-0.5 0.9-0.5 0.9 0 0.1 0.1 0.1 0.5 0 0.8-0.2 2.3-0.6 5.6-1.6 1.1-0.3 1.3-0.4 2.3-0.4 0.8 0 1.1 0 2.3 0.2 1.5 0.2 3.5 0.2 4.9 0 5.1-0.6 9.3-2.9 11.4-6.3 0.5-0.9 0.9-1.8 1.1-2.8 0.1-0.5 0.2-1.1 0.2-1.6 0-0.7-0.1-1.1-0.2-1.6-0.3-1.4 0.1 0.5 0 0zM20.6 17.3c0 0.4-0.4 0.8-0.8 0.8h-7.7c-0.4 0-0.8-0.4-0.8-0.8v-4.6c0-0.4 0.4-0.8 0.8-0.8h0.2l0-1.6c0-0.9 0-1.8 0.1-2 0.1-0.6 0.6-1.2 1.1-1.7s1.1-0.7 1.9-0.8c1.8-0.3 3.7 0.7 4.2 2.2 0.1 0.3 0.1 0.7 0.1 2.1v0 1.7h0.1c0.4 0 0.8 0.4 0.8 0.8v4.6zM15.6 7.3c-0.5 0.1-0.8 0.3-1.2 0.6s-0.6 0.8-0.7 1.3c0 0.2 0 0.8 0 1.5l0 1.2h4.6v-1.3c0-1 0-1.4-0.1-1.6-0.3-1.1-1.5-1.9-2.6-1.7zM25.8 28.2c0 1.2-1 2.2-2.1 2.2s-2.1-1-2.1-2.1c0-1.2 1-2.1 2.2-2.1s2.2 1 2.2 2.2zM18.1 28.2c0 1.2-1 2.2-2.1 2.2s-2.1-1-2.1-2.1c0-1.2 1-2.1 2.2-2.1s2.2 1 2.2 2.2zM10.4 28.2c0 1.2-1 2.2-2.1 2.2s-2.1-1-2.1-2.1c0-1.2 1-2.1 2.2-2.1s2.2 1 2.2 2.2z\"\/><\/svg><\/span><span class=\"shariff-text\" style=\"color:#1f1f1f\">partager<\/span>&nbsp;<\/a><\/li><li class=\"shariff-button mastodon shariff-nocustomcolor\" style=\"background-color:#563ACC\"><a href=\"https:\/\/s2f.kytta.dev\/?text=Projet%20Berlin-Paris%202010%2F2011 https%3A%2F%2Fdfg-lfa.org%2Ffr%2F2011%2F04%2Fprojekt-berlin-paris-20102011%2F\" title=\"Envoyer par Mastodon\" aria-label=\"Envoyer par Mastodon\" role=\"button\" rel=\"noopener nofollow\" class=\"shariff-link\" style=\"; background-color:#6364FF; color:#6364FF\" target=\"_blank\"><span class=\"shariff-icon\" style=\"fill:#6364FF\"><svg width=\"75\" height=\"79\" viewBox=\"0 0 75 79\" fill=\"none\" xmlns=\"http:\/\/www.w3.org\/2000\/svg\"><path d=\"M37.813-.025C32.462-.058 27.114.13 21.79.598c-8.544.621-17.214 5.58-20.203 13.931C-1.12 23.318.408 32.622.465 41.65c.375 7.316.943 14.78 3.392 21.73 4.365 9.465 14.781 14.537 24.782 15.385 7.64.698 15.761-.213 22.517-4.026a54.1 54.1 0 0 0 .01-6.232c-6.855 1.316-14.101 2.609-21.049 1.074-3.883-.88-6.876-4.237-7.25-8.215-1.53-3.988 3.78-.43 5.584-.883 9.048 1.224 18.282.776 27.303-.462 7.044-.837 14.26-4.788 16.65-11.833 2.263-6.135 1.215-12.79 1.698-19.177.06-3.84.09-7.692-.262-11.52C72.596 7.844 63.223.981 53.834.684a219.453 219.453 0 0 0-16.022-.71zm11.294 12.882c5.5-.067 10.801 4.143 11.67 9.653.338 1.48.471 3 .471 4.515v21.088h-8.357c-.07-7.588.153-15.182-.131-22.765-.587-4.368-7.04-5.747-9.672-2.397-2.422 3.04-1.47 7.155-1.67 10.735v6.392h-8.307c-.146-4.996.359-10.045-.404-15.002-1.108-4.218-7.809-5.565-10.094-1.666-1.685 3.046-.712 6.634-.976 9.936v14.767h-8.354c.109-8.165-.238-16.344.215-24.5.674-5.346 5.095-10.389 10.676-10.627 4.902-.739 10.103 2.038 12.053 6.631.375 1.435 1.76 1.932 1.994.084 1.844-3.704 5.501-6.739 9.785-6.771.367-.044.735-.068 1.101-.073z\"\/><defs><linearGradient id=\"paint0_linear_549_34\" x1=\"37.0692\" y1=\"0\" x2=\"37.0692\" y2=\"79\" gradientUnits=\"userSpaceOnUse\"><stop stop-color=\"#6364FF\"\/><stop offset=\"1\" stop-color=\"#563ACC\"\/><\/linearGradient><\/defs><\/svg><\/span><span class=\"shariff-text\" style=\"color:#6364FF\">partager<\/span>&nbsp;<\/a><\/li><li class=\"shariff-button mailto shariff-nocustomcolor\" style=\"background-color:#a8a8a8\"><a href=\"mailto:?body=https%3A%2F%2Fdfg-lfa.org%2Ffr%2F2011%2F04%2Fprojekt-berlin-paris-20102011%2F&subject=Projet%20Berlin-Paris%202010%2F2011\" title=\"Envoyer par courriel\" aria-label=\"Envoyer par courriel\" role=\"button\" rel=\"noopener nofollow\" class=\"shariff-link\" style=\"; background-color:#999; color:#999\"><span class=\"shariff-icon\" style=\"fill:#999\"><svg width=\"32px\" height=\"20px\" xmlns=\"http:\/\/www.w3.org\/2000\/svg\" viewBox=\"0 0 32 32\"><path fill=\"#999\" d=\"M32 12.7v14.2q0 1.2-0.8 2t-2 0.9h-26.3q-1.2 0-2-0.9t-0.8-2v-14.2q0.8 0.9 1.8 1.6 6.5 4.4 8.9 6.1 1 0.8 1.6 1.2t1.7 0.9 2 0.4h0.1q0.9 0 2-0.4t1.7-0.9 1.6-1.2q3-2.2 8.9-6.1 1-0.7 1.8-1.6zM32 7.4q0 1.4-0.9 2.7t-2.2 2.2q-6.7 4.7-8.4 5.8-0.2 0.1-0.7 0.5t-1 0.7-0.9 0.6-1.1 0.5-0.9 0.2h-0.1q-0.4 0-0.9-0.2t-1.1-0.5-0.9-0.6-1-0.7-0.7-0.5q-1.6-1.1-4.7-3.2t-3.6-2.6q-1.1-0.7-2.1-2t-1-2.5q0-1.4 0.7-2.3t2.1-0.9h26.3q1.2 0 2 0.8t0.9 2z\"\/><\/svg><\/span><span class=\"shariff-text\" style=\"color:#999\">courriel<\/span>&nbsp;<\/a><\/li><li class=\"shariff-button info shariff-nocustomcolor\" style=\"background-color:#a8a8a8\"><a href=\"http:\/\/ct.de\/-2467514\" title=\"Datenschutz-Infos\" aria-label=\"Datenschutz-Infos\" role=\"button\" rel=\"noopener \" class=\"shariff-link\" style=\"; background-color:#999; color:#999\" target=\"_blank\"><span class=\"shariff-icon\" style=\"fill:#999\"><svg width=\"32px\" height=\"20px\" xmlns=\"http:\/\/www.w3.org\/2000\/svg\" viewBox=\"0 0 11 32\"><path fill=\"#999\" d=\"M11.4 24v2.3q0 0.5-0.3 0.8t-0.8 0.4h-9.1q-0.5 0-0.8-0.4t-0.4-0.8v-2.3q0-0.5 0.4-0.8t0.8-0.4h1.1v-6.8h-1.1q-0.5 0-0.8-0.4t-0.4-0.8v-2.3q0-0.5 0.4-0.8t0.8-0.4h6.8q0.5 0 0.8 0.4t0.4 0.8v10.3h1.1q0.5 0 0.8 0.4t0.3 0.8zM9.2 3.4v3.4q0 0.5-0.4 0.8t-0.8 0.4h-4.6q-0.4 0-0.8-0.4t-0.4-0.8v-3.4q0-0.4 0.4-0.8t0.8-0.4h4.6q0.5 0 0.8 0.4t0.4 0.8z\"\/><\/svg><\/span><\/a><\/li><\/ul><\/div>","protected":false},"excerpt":{"rendered":"<p>Zum neunten Mal fand dieses Projekt nun statt, zum neunten Mal machten sich zwei Klassen der Seconde, die 2L1 und 2S2 , mit den begleitenden Lehrern, Mme Giret, Frau Jahns, Herrn Uloth, und Ex-Lehrern, Herrn Lambert und Herrn M\u00fchlhaus, auf den Weg nach Paris und nach Berlin, um sich an &hellip;<\/p>\n","protected":false},"author":2,"featured_media":11177,"comment_status":"closed","ping_status":"closed","sticky":false,"template":"","format":"standard","meta":{"inline_featured_image":false,"footnotes":""},"categories":[3,42,51],"tags":[820],"class_list":["post-11173","post","type-post","status-publish","format-standard","has-post-thumbnail","hentry","category-schule-aktuell","category-geschichte","category-sozialkunde","tag-paris-berlin-projekt"],"yoast_head":"<!-- This site is optimized with the Yoast SEO plugin v27.5 - https:\/\/yoast.com\/product\/yoast-seo-wordpress\/ -->\n<title>Projekt Berlin-Paris 2010\/2011Projet Berlin-Paris 2010\/2011 - Lyc\u00e9e Franco-Allemand de Sarrebruck<\/title>\n<meta name=\"robots\" content=\"index, follow, max-snippet:-1, max-image-preview:large, max-video-preview:-1\" \/>\n<link rel=\"canonical\" href=\"https:\/\/dfg-lfa.org\/fr\/2011\/04\/projekt-berlin-paris-20102011\/\" \/>\n<meta property=\"og:locale\" content=\"fr_FR\" \/>\n<meta property=\"og:type\" content=\"article\" \/>\n<meta property=\"og:title\" content=\"Projekt Berlin-Paris 2010\/2011Projet Berlin-Paris 2010\/2011 - Lyc\u00e9e Franco-Allemand de Sarrebruck\" \/>\n<meta property=\"og:description\" content=\"Zum neunten Mal fand dieses Projekt nun statt, zum neunten Mal machten sich zwei Klassen der Seconde, die 2L1 und 2S2 , mit den begleitenden Lehrern, Mme Giret, Frau Jahns, Herrn Uloth, und Ex-Lehrern, Herrn Lambert und Herrn M\u00fchlhaus, auf den Weg nach Paris und nach Berlin, um sich an &hellip;\" \/>\n<meta property=\"og:url\" content=\"https:\/\/dfg-lfa.org\/fr\/2011\/04\/projekt-berlin-paris-20102011\/\" \/>\n<meta property=\"og:site_name\" content=\"Lyc\u00e9e Franco-Allemand de Sarrebruck\" \/>\n<meta property=\"article:publisher\" content=\"https:\/\/www.facebook.com\/dfglfa\/\" \/>\n<meta property=\"article:published_time\" content=\"2011-04-29T19:24:13+00:00\" \/>\n<meta property=\"article:modified_time\" content=\"2020-10-21T16:54:22+00:00\" \/>\n<meta property=\"og:image\" content=\"https:\/\/dfg-lfa.org\/wp-content\/uploads\/DSC_0572.jpg\" \/>\n\t<meta property=\"og:image:width\" content=\"600\" \/>\n\t<meta property=\"og:image:height\" content=\"468\" \/>\n\t<meta property=\"og:image:type\" content=\"image\/jpeg\" \/>\n<meta name=\"author\" content=\"Administrator\" \/>\n<meta name=\"twitter:card\" content=\"summary_large_image\" \/>\n<meta name=\"twitter:creator\" content=\"@DFGLFA\" \/>\n<meta name=\"twitter:site\" content=\"@DFGLFA\" \/>\n<meta name=\"twitter:label1\" content=\"\u00c9crit par\" \/>\n\t<meta name=\"twitter:data1\" content=\"Administrator\" \/>\n\t<meta name=\"twitter:label2\" content=\"Dur\u00e9e de lecture estim\u00e9e\" \/>\n\t<meta name=\"twitter:data2\" content=\"47 minutes\" \/>\n<script type=\"application\/ld+json\" class=\"yoast-schema-graph\">{\"@context\":\"https:\\\/\\\/schema.org\",\"@graph\":[{\"@type\":\"Article\",\"@id\":\"https:\\\/\\\/dfg-lfa.org\\\/fr\\\/2011\\\/04\\\/projekt-berlin-paris-20102011\\\/#article\",\"isPartOf\":{\"@id\":\"https:\\\/\\\/dfg-lfa.org\\\/fr\\\/2011\\\/04\\\/projekt-berlin-paris-20102011\\\/\"},\"author\":{\"name\":\"Administrator\",\"@id\":\"https:\\\/\\\/dfg-lfa.org\\\/#\\\/schema\\\/person\\\/a8fe67fb1ec6d85c85d21daf2d68fa69\"},\"headline\":\"Projet Berlin-Paris 2010\\\/2011\",\"datePublished\":\"2011-04-29T19:24:13+00:00\",\"dateModified\":\"2020-10-21T16:54:22+00:00\",\"mainEntityOfPage\":{\"@id\":\"https:\\\/\\\/dfg-lfa.org\\\/fr\\\/2011\\\/04\\\/projekt-berlin-paris-20102011\\\/\"},\"wordCount\":9348,\"publisher\":{\"@id\":\"https:\\\/\\\/dfg-lfa.org\\\/#organization\"},\"image\":{\"@id\":\"https:\\\/\\\/dfg-lfa.org\\\/fr\\\/2011\\\/04\\\/projekt-berlin-paris-20102011\\\/#primaryimage\"},\"thumbnailUrl\":\"https:\\\/\\\/dfg-lfa.org\\\/wp-content\\\/uploads\\\/DSC_0572.jpg\",\"keywords\":[\"Paris-Berlin-Projekt\"],\"articleSection\":[\"Actualit\u00e9s\",\"Histoire\",\"Education civique\"],\"inLanguage\":\"fr-FR\"},{\"@type\":\"WebPage\",\"@id\":\"https:\\\/\\\/dfg-lfa.org\\\/fr\\\/2011\\\/04\\\/projekt-berlin-paris-20102011\\\/\",\"url\":\"https:\\\/\\\/dfg-lfa.org\\\/fr\\\/2011\\\/04\\\/projekt-berlin-paris-20102011\\\/\",\"name\":\"Projekt Berlin-Paris 2010\\\/2011Projet Berlin-Paris 2010\\\/2011 - Lyc\u00e9e Franco-Allemand de Sarrebruck\",\"isPartOf\":{\"@id\":\"https:\\\/\\\/dfg-lfa.org\\\/fr\\\/#website\"},\"primaryImageOfPage\":{\"@id\":\"https:\\\/\\\/dfg-lfa.org\\\/fr\\\/2011\\\/04\\\/projekt-berlin-paris-20102011\\\/#primaryimage\"},\"image\":{\"@id\":\"https:\\\/\\\/dfg-lfa.org\\\/fr\\\/2011\\\/04\\\/projekt-berlin-paris-20102011\\\/#primaryimage\"},\"thumbnailUrl\":\"https:\\\/\\\/dfg-lfa.org\\\/wp-content\\\/uploads\\\/DSC_0572.jpg\",\"datePublished\":\"2011-04-29T19:24:13+00:00\",\"dateModified\":\"2020-10-21T16:54:22+00:00\",\"breadcrumb\":{\"@id\":\"https:\\\/\\\/dfg-lfa.org\\\/fr\\\/2011\\\/04\\\/projekt-berlin-paris-20102011\\\/#breadcrumb\"},\"inLanguage\":\"fr-FR\",\"potentialAction\":[{\"@type\":\"ReadAction\",\"target\":[[\"https:\\\/\\\/dfg-lfa.org\\\/fr\\\/2011\\\/04\\\/projekt-berlin-paris-20102011\\\/\"]]}]},{\"@type\":\"ImageObject\",\"inLanguage\":\"fr-FR\",\"@id\":\"https:\\\/\\\/dfg-lfa.org\\\/fr\\\/2011\\\/04\\\/projekt-berlin-paris-20102011\\\/#primaryimage\",\"url\":\"https:\\\/\\\/dfg-lfa.org\\\/wp-content\\\/uploads\\\/DSC_0572.jpg\",\"contentUrl\":\"https:\\\/\\\/dfg-lfa.org\\\/wp-content\\\/uploads\\\/DSC_0572.jpg\",\"width\":600,\"height\":468,\"caption\":\"\"},{\"@type\":\"BreadcrumbList\",\"@id\":\"https:\\\/\\\/dfg-lfa.org\\\/fr\\\/2011\\\/04\\\/projekt-berlin-paris-20102011\\\/#breadcrumb\",\"itemListElement\":[{\"@type\":\"ListItem\",\"position\":1,\"name\":\"Startseite\",\"item\":\"https:\\\/\\\/dfg-lfa.org\\\/fr\\\/\"},{\"@type\":\"ListItem\",\"position\":2,\"name\":\"Projet Berlin-Paris 2010\\\/2011\"}]},{\"@type\":\"WebSite\",\"@id\":\"https:\\\/\\\/dfg-lfa.org\\\/fr\\\/#website\",\"url\":\"https:\\\/\\\/dfg-lfa.org\\\/fr\\\/\",\"name\":\"Lyc\u00e9e Franco-Allemand de Sarrebruck\",\"description\":\"Einander begegnen \u2013 Avancer ensemble \u2013 We make Europe happen\",\"publisher\":{\"@id\":\"https:\\\/\\\/dfg-lfa.org\\\/fr\\\/#organization\"},\"potentialAction\":[{\"@type\":\"SearchAction\",\"target\":{\"@type\":\"EntryPoint\",\"urlTemplate\":\"https:\\\/\\\/dfg-lfa.org\\\/fr\\\/?s={search_term_string}\"},\"query-input\":{\"@type\":\"PropertyValueSpecification\",\"valueRequired\":true,\"valueName\":\"search_term_string\"}}],\"inLanguage\":\"fr-FR\"},{\"@type\":\"Organization\",\"@id\":\"https:\\\/\\\/dfg-lfa.org\\\/fr\\\/#organization\",\"name\":\"Deutsch-Franz\u00f6sisches Gymnasium Saarbr\u00fccken\",\"url\":\"https:\\\/\\\/dfg-lfa.org\\\/fr\\\/\",\"logo\":{\"@type\":\"ImageObject\",\"inLanguage\":\"fr-FR\",\"@id\":\"https:\\\/\\\/dfg-lfa.org\\\/fr\\\/#\\\/schema\\\/logo\\\/image\\\/\",\"url\":\"https:\\\/\\\/dfg-lfa.org\\\/wp-content\\\/uploads\\\/DFG-logo.png\",\"contentUrl\":\"https:\\\/\\\/dfg-lfa.org\\\/wp-content\\\/uploads\\\/DFG-logo.png\",\"width\":200,\"height\":77,\"caption\":\"Deutsch-Franz\u00f6sisches Gymnasium Saarbr\u00fccken\"},\"image\":{\"@id\":\"https:\\\/\\\/dfg-lfa.org\\\/fr\\\/#\\\/schema\\\/logo\\\/image\\\/\"},\"sameAs\":[\"https:\\\/\\\/www.facebook.com\\\/dfglfa\\\/\",\"https:\\\/\\\/x.com\\\/DFGLFA\",\"https:\\\/\\\/www.instagram.com\\\/dfg_lfa_saarbruecken\\\/\",\"https:\\\/\\\/www.youtube.com\\\/channel\\\/UCoxV4_gnJ3blV1U7iOjCV7w\\\/\",\"https:\\\/\\\/de.wikipedia.org\\\/wiki\\\/Deutsch-Franz\u00f6sisches_Gymnasium_in_Saarbr\u00fccken\"]},{\"@type\":\"Person\",\"@id\":\"https:\\\/\\\/dfg-lfa.org\\\/#\\\/schema\\\/person\\\/a8fe67fb1ec6d85c85d21daf2d68fa69\",\"name\":\"Administrator\"}]}<\/script>\n<!-- \/ Yoast SEO plugin. -->","yoast_head_json":{"title":"Projekt Berlin-Paris 2010\/2011Projet Berlin-Paris 2010\/2011 - Lyc\u00e9e Franco-Allemand de Sarrebruck","robots":{"index":"index","follow":"follow","max-snippet":"max-snippet:-1","max-image-preview":"max-image-preview:large","max-video-preview":"max-video-preview:-1"},"canonical":"https:\/\/dfg-lfa.org\/fr\/2011\/04\/projekt-berlin-paris-20102011\/","og_locale":"fr_FR","og_type":"article","og_title":"Projekt Berlin-Paris 2010\/2011Projet Berlin-Paris 2010\/2011 - Lyc\u00e9e Franco-Allemand de Sarrebruck","og_description":"Zum neunten Mal fand dieses Projekt nun statt, zum neunten Mal machten sich zwei Klassen der Seconde, die 2L1 und 2S2 , mit den begleitenden Lehrern, Mme Giret, Frau Jahns, Herrn Uloth, und Ex-Lehrern, Herrn Lambert und Herrn M\u00fchlhaus, auf den Weg nach Paris und nach Berlin, um sich an &hellip;","og_url":"https:\/\/dfg-lfa.org\/fr\/2011\/04\/projekt-berlin-paris-20102011\/","og_site_name":"Lyc\u00e9e Franco-Allemand de Sarrebruck","article_publisher":"https:\/\/www.facebook.com\/dfglfa\/","article_published_time":"2011-04-29T19:24:13+00:00","article_modified_time":"2020-10-21T16:54:22+00:00","og_image":[{"width":600,"height":468,"url":"https:\/\/dfg-lfa.org\/wp-content\/uploads\/DSC_0572.jpg","type":"image\/jpeg"}],"author":"Administrator","twitter_card":"summary_large_image","twitter_creator":"@DFGLFA","twitter_site":"@DFGLFA","twitter_misc":{"\u00c9crit par":"Administrator","Dur\u00e9e de lecture estim\u00e9e":"47 minutes"},"schema":{"@context":"https:\/\/schema.org","@graph":[{"@type":"Article","@id":"https:\/\/dfg-lfa.org\/fr\/2011\/04\/projekt-berlin-paris-20102011\/#article","isPartOf":{"@id":"https:\/\/dfg-lfa.org\/fr\/2011\/04\/projekt-berlin-paris-20102011\/"},"author":{"name":"Administrator","@id":"https:\/\/dfg-lfa.org\/#\/schema\/person\/a8fe67fb1ec6d85c85d21daf2d68fa69"},"headline":"Projet Berlin-Paris 2010\/2011","datePublished":"2011-04-29T19:24:13+00:00","dateModified":"2020-10-21T16:54:22+00:00","mainEntityOfPage":{"@id":"https:\/\/dfg-lfa.org\/fr\/2011\/04\/projekt-berlin-paris-20102011\/"},"wordCount":9348,"publisher":{"@id":"https:\/\/dfg-lfa.org\/#organization"},"image":{"@id":"https:\/\/dfg-lfa.org\/fr\/2011\/04\/projekt-berlin-paris-20102011\/#primaryimage"},"thumbnailUrl":"https:\/\/dfg-lfa.org\/wp-content\/uploads\/DSC_0572.jpg","keywords":["Paris-Berlin-Projekt"],"articleSection":["Actualit\u00e9s","Histoire","Education civique"],"inLanguage":"fr-FR"},{"@type":"WebPage","@id":"https:\/\/dfg-lfa.org\/fr\/2011\/04\/projekt-berlin-paris-20102011\/","url":"https:\/\/dfg-lfa.org\/fr\/2011\/04\/projekt-berlin-paris-20102011\/","name":"Projekt Berlin-Paris 2010\/2011Projet Berlin-Paris 2010\/2011 - Lyc\u00e9e Franco-Allemand de Sarrebruck","isPartOf":{"@id":"https:\/\/dfg-lfa.org\/fr\/#website"},"primaryImageOfPage":{"@id":"https:\/\/dfg-lfa.org\/fr\/2011\/04\/projekt-berlin-paris-20102011\/#primaryimage"},"image":{"@id":"https:\/\/dfg-lfa.org\/fr\/2011\/04\/projekt-berlin-paris-20102011\/#primaryimage"},"thumbnailUrl":"https:\/\/dfg-lfa.org\/wp-content\/uploads\/DSC_0572.jpg","datePublished":"2011-04-29T19:24:13+00:00","dateModified":"2020-10-21T16:54:22+00:00","breadcrumb":{"@id":"https:\/\/dfg-lfa.org\/fr\/2011\/04\/projekt-berlin-paris-20102011\/#breadcrumb"},"inLanguage":"fr-FR","potentialAction":[{"@type":"ReadAction","target":[["https:\/\/dfg-lfa.org\/fr\/2011\/04\/projekt-berlin-paris-20102011\/"]]}]},{"@type":"ImageObject","inLanguage":"fr-FR","@id":"https:\/\/dfg-lfa.org\/fr\/2011\/04\/projekt-berlin-paris-20102011\/#primaryimage","url":"https:\/\/dfg-lfa.org\/wp-content\/uploads\/DSC_0572.jpg","contentUrl":"https:\/\/dfg-lfa.org\/wp-content\/uploads\/DSC_0572.jpg","width":600,"height":468,"caption":""},{"@type":"BreadcrumbList","@id":"https:\/\/dfg-lfa.org\/fr\/2011\/04\/projekt-berlin-paris-20102011\/#breadcrumb","itemListElement":[{"@type":"ListItem","position":1,"name":"Startseite","item":"https:\/\/dfg-lfa.org\/fr\/"},{"@type":"ListItem","position":2,"name":"Projet Berlin-Paris 2010\/2011"}]},{"@type":"WebSite","@id":"https:\/\/dfg-lfa.org\/fr\/#website","url":"https:\/\/dfg-lfa.org\/fr\/","name":"Lyc\u00e9e Franco-Allemand de Sarrebruck","description":"Einander begegnen \u2013 Avancer ensemble \u2013 We make Europe happen","publisher":{"@id":"https:\/\/dfg-lfa.org\/fr\/#organization"},"potentialAction":[{"@type":"SearchAction","target":{"@type":"EntryPoint","urlTemplate":"https:\/\/dfg-lfa.org\/fr\/?s={search_term_string}"},"query-input":{"@type":"PropertyValueSpecification","valueRequired":true,"valueName":"search_term_string"}}],"inLanguage":"fr-FR"},{"@type":"Organization","@id":"https:\/\/dfg-lfa.org\/fr\/#organization","name":"Deutsch-Franz\u00f6sisches Gymnasium Saarbr\u00fccken","url":"https:\/\/dfg-lfa.org\/fr\/","logo":{"@type":"ImageObject","inLanguage":"fr-FR","@id":"https:\/\/dfg-lfa.org\/fr\/#\/schema\/logo\/image\/","url":"https:\/\/dfg-lfa.org\/wp-content\/uploads\/DFG-logo.png","contentUrl":"https:\/\/dfg-lfa.org\/wp-content\/uploads\/DFG-logo.png","width":200,"height":77,"caption":"Deutsch-Franz\u00f6sisches Gymnasium Saarbr\u00fccken"},"image":{"@id":"https:\/\/dfg-lfa.org\/fr\/#\/schema\/logo\/image\/"},"sameAs":["https:\/\/www.facebook.com\/dfglfa\/","https:\/\/x.com\/DFGLFA","https:\/\/www.instagram.com\/dfg_lfa_saarbruecken\/","https:\/\/www.youtube.com\/channel\/UCoxV4_gnJ3blV1U7iOjCV7w\/","https:\/\/de.wikipedia.org\/wiki\/Deutsch-Franz\u00f6sisches_Gymnasium_in_Saarbr\u00fccken"]},{"@type":"Person","@id":"https:\/\/dfg-lfa.org\/#\/schema\/person\/a8fe67fb1ec6d85c85d21daf2d68fa69","name":"Administrator"}]}},"_links":{"self":[{"href":"https:\/\/dfg-lfa.org\/fr\/wp-json\/wp\/v2\/posts\/11173","targetHints":{"allow":["GET"]}}],"collection":[{"href":"https:\/\/dfg-lfa.org\/fr\/wp-json\/wp\/v2\/posts"}],"about":[{"href":"https:\/\/dfg-lfa.org\/fr\/wp-json\/wp\/v2\/types\/post"}],"author":[{"embeddable":true,"href":"https:\/\/dfg-lfa.org\/fr\/wp-json\/wp\/v2\/users\/2"}],"replies":[{"embeddable":true,"href":"https:\/\/dfg-lfa.org\/fr\/wp-json\/wp\/v2\/comments?post=11173"}],"version-history":[{"count":0,"href":"https:\/\/dfg-lfa.org\/fr\/wp-json\/wp\/v2\/posts\/11173\/revisions"}],"wp:featuredmedia":[{"embeddable":true,"href":"https:\/\/dfg-lfa.org\/fr\/wp-json\/wp\/v2\/media\/11177"}],"wp:attachment":[{"href":"https:\/\/dfg-lfa.org\/fr\/wp-json\/wp\/v2\/media?parent=11173"}],"wp:term":[{"taxonomy":"category","embeddable":true,"href":"https:\/\/dfg-lfa.org\/fr\/wp-json\/wp\/v2\/categories?post=11173"},{"taxonomy":"post_tag","embeddable":true,"href":"https:\/\/dfg-lfa.org\/fr\/wp-json\/wp\/v2\/tags?post=11173"}],"curies":[{"name":"wp","href":"https:\/\/api.w.org\/{rel}","templated":true}]}}