{"id":13109,"date":"2011-09-14T21:49:12","date_gmt":"2011-09-14T19:49:12","guid":{"rendered":"http:\/\/dfg-lfa.org\/?p=13109"},"modified":"2020-10-21T18:19:17","modified_gmt":"2020-10-21T16:19:17","slug":"sommerferienlekture-der-klasse-7b","status":"publish","type":"post","link":"https:\/\/dfg-lfa.org\/fr\/2011\/09\/sommerferienlekture-der-klasse-7b\/","title":{"rendered":"Les lectures des vacances d\u2019\u00e9t\u00e9 des 7b"},"content":{"rendered":"<p>\n<\/p>\n<p style=\"text-align: center;\"><em><strong>Qui dit vacances, dit lecture<\/strong><\/em><\/p>\n<p style=\"text-align: center;\"><em><strong>Nous voulons vous donner envie de lire :<\/strong><\/em><\/p>\n<p style=\"text-align: center;\"><a href=\"https:\/\/dfg-lfa.org\/wp-content\/uploads\/7b.jpg\"><img loading=\"lazy\" decoding=\"async\" class=\"aligncenter size-medium wp-image-13145\" title=\"7b\" src=\"https:\/\/dfg-lfa.org\/wp-content\/uploads\/7b-300x237.jpg\" alt=\"7b\" width=\"300\" height=\"237\" srcset=\"https:\/\/dfg-lfa.org\/wp-content\/uploads\/7b-300x237.jpg 300w, https:\/\/dfg-lfa.org\/wp-content\/uploads\/7b-150x118.jpg 150w, https:\/\/dfg-lfa.org\/wp-content\/uploads\/7b-590x466.jpg 590w, https:\/\/dfg-lfa.org\/wp-content\/uploads\/7b.jpg 600w\" sizes=\"auto, (max-width: 300px) 100vw, 300px\" \/><\/a><br \/>\n<em><strong>Les 7b vous pr\u00e9sentent les lectures de leurs vacances d\u2019\u00e9t\u00e9.<\/strong><\/em><!--more--><\/p>\n<figure id=\"attachment_13111\" aria-describedby=\"caption-attachment-13111\" style=\"width: 69px\" class=\"wp-caption alignright\"><img loading=\"lazy\" decoding=\"async\" class=\"size-full wp-image-13111  \" src=\"https:\/\/dfg-lfa.org\/wp-content\/uploads\/Anisia.JPG\" alt=\"Anisia\" width=\"69\" height=\"100\" \/><figcaption id=\"caption-attachment-13111\" class=\"wp-caption-text\"> <\/figcaption><\/figure>\n<blockquote>\n<h4>Jay Asher: Tote M\u00e4dchen l\u00fcgen nicht<\/h4>\n<p>Der Roman  \u201eTote M\u00e4dchen l\u00fcgen nicht \u00a0\u00bb von Jay Asher erschien im cbt Verlag und kostet 10\u20ac.<\/p>\n<p>Die Hauptpersonen sind die 16j\u00e4hrige Hannah Baker, die sich das Leben genommen hat, und Clay, einer derjenigen auf einer Liste,  die etwas mit ihrem Selbstmord zu tun haben. Bevor Hannah sich das Leben nahm, hatte sie auf 13 Kassetten die Personen genannt, die f\u00fcr ihren Tod verantwortlich sind. Jede Kassette erz\u00e4hlt von ein bis zwei Personen. Die Kassetten werden von der einen zur anderen Person weiter geschickt, bis alle 13 Personen sie geh\u00f6rt haben.<\/p>\n<p>Mir hat das ganze Buch gut gefallen, denn es erz\u00e4hlt von einem ungl\u00fccklichen M\u00e4dchen, das nicht mehr leben will. Ich empfehle dieses Buch, weil man daraus lernen kann, wie wichtig es ist, auf andere Leute acht zu geben. Wenn man seine Mitmenschen respektlos behandelt, kann dies zu solch grausamen Entscheidungen f\u00fchren, wie es im Buch dargestellt ist. Ich denke, das Buch ist f\u00fcr Jungen und M\u00e4dchen geeignet, die \u00fcber 10 Jahre alt sind.<\/p><\/blockquote>\n<p style=\"text-align: right;\"><em>Anisia<br \/>\n<\/em><\/p>\n<figure id=\"attachment_13112\" aria-describedby=\"caption-attachment-13112\" style=\"width: 73px\" class=\"wp-caption alignright\"><img loading=\"lazy\" decoding=\"async\" class=\"size-full wp-image-13112  \" src=\"https:\/\/dfg-lfa.org\/wp-content\/uploads\/Catherine.JPG\" alt=\"Catherine\" width=\"73\" height=\"100\" \/><figcaption id=\"caption-attachment-13112\" class=\"wp-caption-text\"> <\/figcaption><\/figure>\n<blockquote>\n<h4>Kirsten Boie:  Der Prinz und der Bottelknabe oder Erz\u00e4hl mir vom Dow Jones<\/h4>\n<p>Der Jugendroman aus dem Oetinger Verlag kostet 10.90\u20ac und handelt von zwei Jungen, die eigentlich v\u00f6llig verschieden sind und sich nicht kennen. Calvin ist ein Einzelkind und wird von morgens bis abends verw\u00f6hnt. Sein Vater besitzt eine Firma und er wohnt in der reichsten Gegend der Stadt. Kevins Mutter dagegen ist Haush\u00e4lterin und er wohnt zusammen mit drei Geschwistern und seiner Mutter in einer winzig kleinen Wohnung. Als beide wegen Problemen zu Hause abhauen und zuf\u00e4lligerweise aufeinandertreffen, verschl\u00e4gt es ihnen die Sprache. Keiner der beiden hat den anderen jemals gesehen und trotzdem kennt jeder das Gesicht des Anderen genau, denn es ist, als w\u00fcrden sie in einen Spiegel schauen. Calvin Prinz sieht aufs Haar genauso aus wie Kevin Bottel, denn beide sind zwar von verschiedenen Eltern, jedoch gleichzeitig am 08.08. um 08.08Uhr auf die Welt gekommen. Sie lernen sich ein wenig n\u00e4her kennen und beschlie\u00dfen, dass sie ihre Rollen tauschen. So beginnt der Anfang eines einzigen Durcheinanders.<\/p>\n<p>Ich empfehle das Buch vor allem Kindern ab 10 oder 11 Jahren, da es eine tolle Verwechslungsgeschichte ist, die sowohl spannend und lustig, aber auch sehr gef\u00fchlvoll sein kann. Dabei erz\u00e4hlt sie, wie zuf\u00e4llig einen das Schicksal manchmal trifft und das ganze Leben ver\u00e4ndert. Der Schluss ist zwar ein bisschen pl\u00f6tzlich und kurz und das Buch erinnert manchmal ein wenig an Erich K\u00e4stners ,,Das doppelte Lottchen\u201c, aber trotzdem ist es insgesamt einfach einzigartig und man wird es garantiert nicht bereuen, es gelesen zu haben.<\/p><\/blockquote>\n<p style=\"text-align: right;\"><em>Catherine<br \/>\n<\/em><\/p>\n<figure id=\"attachment_13113\" aria-describedby=\"caption-attachment-13113\" style=\"width: 79px\" class=\"wp-caption alignright\"><img loading=\"lazy\" decoding=\"async\" class=\"size-full wp-image-13113  \" src=\"https:\/\/dfg-lfa.org\/wp-content\/uploads\/Till.JPG\" alt=\" \" width=\"79\" height=\"100\" \/><figcaption id=\"caption-attachment-13113\" class=\"wp-caption-text\"> <\/figcaption><\/figure>\n<blockquote>\n<h4>Robert Muchamore: Der Deal<\/h4>\n<p>Dieses Buch ist der achte Band der spannenden Jugendbuchreihe Top Secret. Das von Robert Muchamore geschriebene Buch ist von Tanja Ohlsen aus dem Englischen \u00fcbersetzt und im ctb Verlag erschienen. F\u00fcr 8,99\u20ac ist das Taschenbuch in jeder gr\u00f6\u00dferen B\u00fccherei zu bekommen.<\/p>\n<p>In dem Kriminalroman geht es haupts\u00e4chlich um eine britische Organisation namens Cherub. Diese besch\u00e4ftigt 10 bis 17 Jahre alte Waisenkinder als Undercover-Agenten, die in einer geheimen Einrichtung auf dem englischen Land leben. Warum Kinder? Bei vielen Missionen von Cherub werden Organisationen infiltriert, was Kindern deutlich leichter f\u00e4llt, da keiner ein Kind mit einem Agenten in Verbindung bringt. Einer von ihnen ist James. Dieses Jahr wirft der Drogenkrieg in der Stadt Luton einen dunklen Schatten \u00fcber das Land. Die Unterwelt steht Kopf, Menschen sterben und die Polizei verliert die Kontrolle \u00fcber die Kriminalit\u00e4t in Luton. Der Auftrag f\u00fcr Cherub lautet: Die Gangs infiltrieren und Informationen sammeln. Doch die Mission geht schief, eine Agentin wird fast erstochen, und es kommen Fragen \u00fcber die Fortsetzung der Mission auf. Doch eine Entscheidung wird getroffen. James Adams soll diese hochgef\u00e4hrliche Mission zu Ende f\u00fchren und begibt sich mitten in den Drogenkrieg, dessen Ende noch nicht in Sicht ist.<\/p>\n<p>Ich finde dieses Buch sehr, sehr spannend. Als ich es mir gekauft habe, konnte ich gar nicht mehr aufh\u00f6ren zu lesen, weil mir das Buch keine Pause geg\u00f6nnt hat. Nach jedem \u00dcberfall, nach jeder Schie\u00dferei \u2013 immer folgte etwas noch Aufregenderes, sodass mich das Buch gepackt und bis zum Ende nicht mehr losgelassen hat. Besonders gut fand ich den Bezug zu den Personen im Buch, die teilweise mein Alter haben, weil ich mich dann gut in sie hinein versetzen konnte. Auch gut fand ich die Informationen \u00fcber den Drogenkrieg, die im Buch beschrieben werden, und umso mehr best\u00fcrzte mich die Brutalit\u00e4t und die Gewalt, die im Kampf um Geld und Macht entsteht, denn der Drogenkrieg im Buch ist der Wirklichkeit entnommen. Ich empfehle dieses Buch sehr, denn es ist spannend, witzig und vor allem gibt es einem Einsichten \u00fcber verschiedene Dinge, z.B. wie gut es uns  geht.<\/p><\/blockquote>\n<p style=\"text-align: right;\"><em>Till<br \/>\n<\/em><\/p>\n<figure id=\"attachment_13114\" aria-describedby=\"caption-attachment-13114\" style=\"width: 65px\" class=\"wp-caption alignright\"><img loading=\"lazy\" decoding=\"async\" class=\"size-full wp-image-13114  \" src=\"https:\/\/dfg-lfa.org\/wp-content\/uploads\/Franka.JPG\" alt=\" \" width=\"65\" height=\"100\" \/><figcaption id=\"caption-attachment-13114\" class=\"wp-caption-text\"> <\/figcaption><\/figure>\n<blockquote>\n<h4>Tosca Menten: Dummie, die Mumie au\u00dfer Rand und Band<\/h4>\n<p>Ich habe es aus dem Verlag Theinemann und es kostet 12, 95 \u20ac.<\/p>\n<p>Die Hauptpersonen sind Dummie und Goos. Goos ist ein Junge, der die durch einen Blitzschlag zum Leben erweckte Mumie Dummie in seinem Bett findet. Dummie macht alles kaputt und geht schlie\u00dflich mit Goos in die Schule. Allerdings gibt es dort zwei M\u00e4dchen, die Dummie nicht m\u00f6gen und ihm andauernd bl\u00f6de Streiche spielen. Irgendwann erfahren sie, dass Dummie kein Wasser vertr\u00e4gt. Dann bewerfen sie ihn mit Wasserbomben. Eines Tages verliert Dummie allerdings seinen Skarab\u00e4us, um den sich ein seltsamer Fluch rankt. Demnach muss Dummie ohne den Skarab\u00e4us sterben, allerdings muss derjenige, der den Skarab\u00e4us hat, auch sterben. Goos macht sich nat\u00fcrlich gleich auf die Suche. Aber Dummie geht es immer schlechter.<\/p>\n<p>Das Buch hat mir sehr gut gefallen, denn es ist fesselnd und spannend geschrieben. Au\u00dferdem ist es sehr lustig, da man nie wei\u00df, was Dummie als n\u00e4chstes anstellt. Das Buch ist ziemlich verr\u00fcckt. Es ist ein chaotischer Fantasieroman und ich empfehle ihn, weil er mir gefallen hat.<\/p><\/blockquote>\n<p style=\"text-align: right;\"><em>Franka<br \/>\n<\/em><\/p>\n<figure id=\"attachment_13115\" aria-describedby=\"caption-attachment-13115\" style=\"width: 68px\" class=\"wp-caption alignright\"><img loading=\"lazy\" decoding=\"async\" class=\"size-full wp-image-13115  \" src=\"https:\/\/dfg-lfa.org\/wp-content\/uploads\/Hannah.JPG\" alt=\" \" width=\"68\" height=\"100\" \/><figcaption id=\"caption-attachment-13115\" class=\"wp-caption-text\"> <\/figcaption><\/figure>\n<blockquote>\n<h4>Peter Freund: Mysteria &#8211; Das Tor des Feuers<\/h4>\n<p>Mysteria hat mir von meinen Ferienlekt\u00fcren am besten gefallen. Die Taschenbuchauflage aus dem Verlag cbj kann man in fast jeder Buchhandlung f\u00fcr einen Preis von 8,99 \u20ac kaufen.<\/p>\n<p>Der Fantasyroman handelt von dem Jungen Niko Niklas, der endlich seinen Vater kennenlernen will. Durch eine Pforte im Nebelwald kommt er in eine andere Welt, die Mysteria hei\u00dft. Dort lernt er das Alwenm\u00e4dchen Ajani kennen, das ihm sagt, er sei ihr langersehnter Retter und er m\u00fcsse das Alwendorf besch\u00fctzen. Das Alwendorf wird von einem grausamen Grafen beherrscht, der ihren rechtm\u00e4\u00dfigen K\u00f6nig Nelwyn ermordet und ihn somit vom Thron gest\u00fcrzt hat. Nun liegt das Schicksal des Alwendorfes allein in den H\u00e4nden des Jungen. Mit dem K\u00f6nigsschwert Sinkk\u00e2lion soll er gleichzeitig das Alwendorf und seinen Vater finden. Doch der grausame Graf Rhoggar von Khelm und die Schwarzmagierin S\u00e2ga wollen dies verhindern. Eine spannende Reise durch Mysteria beginnt.<\/p>\n<p>Mir gef\u00e4llt das Buch, weil es sehr spannend ist. Es ist eine Mischung aus Krimi und Fantasyroman. Wenn man einmal angefangen hat zu lesen, kann man sich nicht mehr losrei\u00dfen. Obwohl das Buch ziemlich dick ist, wird es einem nicht langweilig. Ich empfehle dieses Buch allen Fantasy Fans, weil es gut geschrieben ist und man sich damit sehr gut die Zeit vertreiben kann.<\/p><\/blockquote>\n<p style=\"text-align: right;\"><em>Hannah<br \/>\n<\/em><\/p>\n<figure id=\"attachment_13116\" aria-describedby=\"caption-attachment-13116\" style=\"width: 76px\" class=\"wp-caption alignright\"><img loading=\"lazy\" decoding=\"async\" class=\"size-full wp-image-13116  \" src=\"https:\/\/dfg-lfa.org\/wp-content\/uploads\/Hendrik.JPG\" alt=\" \" width=\"76\" height=\"100\" \/><figcaption id=\"caption-attachment-13116\" class=\"wp-caption-text\"> <\/figcaption><\/figure>\n<blockquote>\n<h4>Anthony Horowitz: Stormbreaker<\/h4>\n<p>Das Buch ist 2009 im Ravensburger Verlag erschienen.Es kostet 7,95\u20ac.<\/p>\n<p>Hierbei handelt es sich um einen Krimi. Denn als Alex Riders Onkel, Ian, bei einem Verkehrsunfall ums Leben kommt, ahnt Alex, dass etwas faul an der Sache ist. Der Junge muss feststellen, dass sein Onkel nicht bei der Bank arbeitete, sondern er war Agent, ein Top-Agent. Der britische Geheimdienst verlangt von Alex, dass er den ungel\u00f6sten Fall seines Onkels abschlie\u00dft. Der Junge muss ein Computersystem abschalten und ger\u00e4t dabei in ein lebensgef\u00e4hrliches Abenteuer, denn der Stormbreaker ist ein Projekt, das nicht nur Englands Schulen ausl\u00f6schen k\u00f6nnte&#8230;<\/p>\n<p>Stormbreaker hat mir gut gefallen, weil man sich in die Hauptperson versetzen kann, weil das Buch  spannend ist und weil man es gut lesen kann. Ich fand am Anfang nur die vielen englischen Namen ein bisschen verwirrend.<\/p><\/blockquote>\n<p style=\"text-align: right;\"><em>Hendrik<br \/>\n<\/em><\/p>\n<figure id=\"attachment_13117\" aria-describedby=\"caption-attachment-13117\" style=\"width: 64px\" class=\"wp-caption alignright\"><img loading=\"lazy\" decoding=\"async\" class=\"size-full wp-image-13117  \" src=\"https:\/\/dfg-lfa.org\/wp-content\/uploads\/Jasmin-.JPG\" alt=\" \" width=\"64\" height=\"100\" \/><figcaption id=\"caption-attachment-13117\" class=\"wp-caption-text\"> <\/figcaption><\/figure>\n<blockquote>\n<h4>Lisa McMann: WAKE- Ich wei\u00df, was du letzte Nacht getr\u00e4umt hast<\/h4>\n<p>Das Buch ist im Baumhaus Verlag erschienen und kostet 7,99\u20ac.<\/p>\n<p>In diesem Buch geht es um die 17j\u00e4hrige Janie. Diese besitzt die Gabe, dass sie in die Tr\u00e4ume von denjenigen gesogen wird, die in ihrer Umgebung schlafen. Eines Tages bemerkt sie, dass sich ihre Tr\u00e4ume ver\u00e4ndern, denn die tr\u00e4umenden Personen bemerken Janie in ihren Tr\u00e4umen und bitten sie um Hilfe. Von ihrer Gabe kann sie niemandem erz\u00e4hlen, weil sie Angst hat, sie k\u00f6nnte f\u00fcr verr\u00fcckt erkl\u00e4rt werden. Dann lernt sie aber Carl kennen und verliebt sich in ihn. Diesem vertraut sie ihr Geheimnis an. Mit der Zeit findet Janie heraus, dass Carl Undercover bei der Polizei arbeitet. Er hat den Auftrag herauszufinden, wo Shays Vater (Shay ist eine Klassenkameradin von Janie), der mit Drogen handelt, diese versteckt h\u00e4lt. Bei einer Party werden Carl und der Vater von Shay festgenommen. Als Janie Carl im Gef\u00e4ngnis besucht, um ihn auf Kaution rauszuholen, wird sie in den Traum von Shays Vater gesogen und kann so wichtige Hinweise zur L\u00f6sung das Falls herausfinden.<\/p>\n<p>Das Buch WAKE ist ein fantasie- und abenteuerreiches Buch. Es hat mir sehr gut gefallen. Es fesselt den Leser, und es taucht mit Janie in die Tr\u00e4ume anderer ein. Die Anzahl der Seiten betr\u00e4gt 219. Lisa McMann k\u00f6nnte meinetwegen ruhig noch eine Fortsetzung schreiben, denn ich w\u00fcrde gerne wissen, was mit Janie und Carl passiert. Der Verlag schreibt, dass das Buch erst ab 14 ist, aber ich finde, dass er es ruhig ab 12 freigeben k\u00f6nnte. In dem Gesch\u00e4ft hat mich, als ich das Buch gekauft habe, auch niemand nach meinem Alter gefragt !!!!!! Das Buch ist eine Empfehlung f\u00fcr alle Fantasy-Freunde und meiner Meinung nach auch f\u00fcr Kinder ab 12 geeignet.<\/p><\/blockquote>\n<p style=\"text-align: right;\"><em>Jasmin<br \/>\n<\/em><\/p>\n<figure id=\"attachment_13118\" aria-describedby=\"caption-attachment-13118\" style=\"width: 64px\" class=\"wp-caption alignright\"><img loading=\"lazy\" decoding=\"async\" class=\"size-full wp-image-13118  \" src=\"https:\/\/dfg-lfa.org\/wp-content\/uploads\/Jule.JPG\" alt=\" \" width=\"64\" height=\"100\" \/><figcaption id=\"caption-attachment-13118\" class=\"wp-caption-text\"> <\/figcaption><\/figure>\n<blockquote>\n<h4>Erin Hunter: Warrior Cats<\/h4>\n<p>Das Buch ist im BELTZ &amp; GELBERG-Verlag erschienen.<\/p>\n<p>Feuerstern ist der mutige Anf\u00fchrer eines Katzenclans und hat r\u00e4tselhafte Tr\u00e4ume. Sie handeln von einem Clan, den er noch nie zuvor gesehen hat. Ist es ein ganzer Clan in Not? Er macht sich mit seiner Gef\u00e4hrtin Sandsturm auf eine Reise, den Tr\u00e4umen auf die Spur zukommen und kommt dabei einem uralten Verbrechen auf die Schliche. Er muss alleine einen neuen Clan aufbauen, aus Hausk\u00e4tzchen und Streunern. Diese Aufgabe ist nicht leicht, aber er merkt schnell, dass er es schaffen kann. Er trifft dabei auf Katzen, die nicht wissen, wer ihre Vorfahren sind. Wird er es schaffen, den Clan neu aufzubauen?<\/p>\n<p>Das Buch gef\u00e4llt mir sehr gut, weil es fesselt, denn es  ist spannend, und man wei\u00df nie, was als n\u00e4chstes passiert. Das Buch ist f\u00fcr Leute, die auch gerne Tiere in der Hauptrolle sehen.<\/p><\/blockquote>\n<p style=\"text-align: right;\"><em>Jule<br \/>\n<\/em><\/p>\n<figure id=\"attachment_13119\" aria-describedby=\"caption-attachment-13119\" style=\"width: 66px\" class=\"wp-caption alignright\"><img loading=\"lazy\" decoding=\"async\" class=\"size-full wp-image-13119  \" src=\"https:\/\/dfg-lfa.org\/wp-content\/uploads\/Julia.JPG\" alt=\" \" width=\"66\" height=\"100\" \/><figcaption id=\"caption-attachment-13119\" class=\"wp-caption-text\"> <\/figcaption><\/figure>\n<blockquote>\n<h4>Gabriella Engelmann: Wei\u00df wie Schnee, rot wie Blut, gr\u00fcn vor Neid<\/h4>\n<p>Dieses Buch erschien im Arena-Verlag, es hat 264 Seiten und kostet 13,95\u20ac.<\/p>\n<p>Es geht um ein 17-j\u00e4hriges M\u00e4dchen namens Sarah Sandmann, das nicht versteht, warum seine Stiefmutter Bella es so sehr hasst, denn diese w\u00fcrde alles daf\u00fcr tun, die Sch\u00f6nste zu sein, und dabei ist Sarah ihr im Weg. Sogar vor einem Mordanschlag schreckt sie nicht zur\u00fcck, und Sarah fl\u00fcchtet in eine WG. Ihre neuen Mitbewohner k\u00fcmmern sich r\u00fchrend um das M\u00e4dchen. Doch w\u00e4hrend sich Sarah in Sicherheit bringt und einen Modelvertrag unterschreibt, setzt Bella alles daran, um die 17-j\u00e4hrige ein f\u00fcr alle Mal zu beseitigen. Es ist ein m\u00f6rderischer Schneewittchenroman.<\/p>\n<p>Ich finde es eine tolle Idee, dass die Autorin Gabriella Engelmann die Geschichte Schneewittchen in einer neuen spannenden Form geschrieben hat. Das Buch fesselte mich, und ich konnte kaum aufh\u00f6ren zu lesen. Es ist f\u00fcr 13 bis14 j\u00e4hrige M\u00e4dchen gut geeignet.<\/p><\/blockquote>\n<p style=\"text-align: right;\"><em>Julia<br \/>\n<\/em><\/p>\n<figure id=\"attachment_13120\" aria-describedby=\"caption-attachment-13120\" style=\"width: 71px\" class=\"wp-caption alignright\"><img loading=\"lazy\" decoding=\"async\" class=\"size-full wp-image-13120  \" src=\"https:\/\/dfg-lfa.org\/wp-content\/uploads\/Lara.JPG\" alt=\" \" width=\"71\" height=\"100\" \/><figcaption id=\"caption-attachment-13120\" class=\"wp-caption-text\"> <\/figcaption><\/figure>\n<blockquote>\n<h4>Morthon Rhue: Die Welle<\/h4>\n<p>Das Buch wurde vom Ravensburger Buchverlag herausgegeben und kostet 6,95\u20ac.<\/p>\n<p>Der Geschichtslehrer Ben Ross der US-amerikanischen Gordon High School zeigt seinen Sch\u00fclern einen Film \u00fcber das fr\u00fchere Nazi-Deutschland. Alle sind sehr beeindruckt. Er will ihnen dennoch beweisen, dass Menschen auch heute noch anf\u00e4llig f\u00fcr faschistisches Handeln und Denken sind und dass seine Sch\u00fcler genau so reagiert h\u00e4tten wie die Nazis fr\u00fcher. Deshalb startet er ein Experiment: Er gr\u00fcndet eine Gemeinschaft mit dem Namen \u201eDie Welle\u00a0\u00bb und \u00fcbt mit den Sch\u00fclern, die begeistert mitmachen, Disziplin und Gehorsam ein. Dieses Experiment klappt besser als ihm lieb ist.<\/p>\n<p>Besonders gefallen hat mir, dass dieses Buch auf wahren Begebenheiten beruht, denn so erf\u00e4hrt man viel aus der Vergangenheit und aus der Gegenwart. Es ist spannend geschrieben, so dass ich von diesem Buch direkt gefesselt wurde. Ich kann dieses interessante und lehrreiche Buch f\u00fcr Leser ab zw\u00f6lf Jahren empfehlen.<\/p><\/blockquote>\n<p style=\"text-align: right;\"><em>Lara<br \/>\n<\/em><\/p>\n<figure id=\"attachment_13121\" aria-describedby=\"caption-attachment-13121\" style=\"width: 73px\" class=\"wp-caption alignright\"><img loading=\"lazy\" decoding=\"async\" class=\"size-full wp-image-13121  \" src=\"https:\/\/dfg-lfa.org\/wp-content\/uploads\/Lea.JPG\" alt=\" \" width=\"73\" height=\"100\" \/><figcaption id=\"caption-attachment-13121\" class=\"wp-caption-text\"> <\/figcaption><\/figure>\n<blockquote>\n<h4>Morton Rhue: Wish you were dead<\/h4>\n<p>Das Buch ,,wish you were dead\u201cvon Todd Strasser alias Morton Rhue ist im Taschenbuchformat mit 270 Seiten beim Carlsen Verlag erschienen. Es kostet 9,95 \u20ac und ist f\u00fcr Jugendliche ab 14 Jahren geschrieben.<\/p>\n<p>Dieses Buch ist ein Phsychothriller. Es handelt von einem Internetblogg der Person \u201ean-G-kotzt\u201c, die allen Highschoolstars den Tod w\u00fcnscht. Lucy ist die erste auf der Liste, die kurz danach verschwindet. Madison, Lucys ehemalige beste Freundin, bekommt Drohbriefe von einem Anonymus, in denen steht, wenn sie irgendjemandem von den Briefen erz\u00e4hlt, wird er ihren Freunden etwas antun. Da Lucys Eltern einen Privatdetektiv engagiert haben, erz\u00e4hlt Madison ihm alles, was sie \u00fcber das Verschwinden von Lucy wei\u00df, dabei l\u00e4sst sie die Drohbriefe nicht unerw\u00e4hnt. Kurze Zeit sp\u00e4ter verschwindet Madisons bester Freund Adam spurlos \u2026<\/p>\n<p>Mir hat das Buch besonders gefallen, da es aus der Sicht des M\u00f6rders, aus der Sicht Madisons, und immer zu dem Zeitpunkt, in dem  eine Person verschwindet, aus deren Sicht geschrieben ist, denn so kann man es besser verstehen. Ich empfehle dieses Buch, weil es spannend ist und man es gut lesen kann.<\/p><\/blockquote>\n<p style=\"text-align: right;\"><em>Lea<br \/>\n<\/em><\/p>\n<figure id=\"attachment_13122\" aria-describedby=\"caption-attachment-13122\" style=\"width: 72px\" class=\"wp-caption alignright\"><img loading=\"lazy\" decoding=\"async\" class=\"size-full wp-image-13122  \" src=\"https:\/\/dfg-lfa.org\/wp-content\/uploads\/Leon.JPG\" alt=\" \" width=\"72\" height=\"100\" \/><figcaption id=\"caption-attachment-13122\" class=\"wp-caption-text\"> <\/figcaption><\/figure>\n<blockquote>\n<h4>Anthony Horowitz: Stormbreaker<\/h4>\n<p>Es ist ein Kriminalroman und kostet 7,95\u20ac.<\/p>\n<p>In dem Buch geht es um Alex Rider, einen Waisenjungen, dessen Onkel bei einem Verkehrsunfall ums Leben kommt. Doch Alex ahnt, dass an dem \u201eUnfall\u201c etwas nicht stimmt. Er hat beim britischen Geheimdienst, MI6, gearbeitet und hat einen unabgeschlossenen Fall zur\u00fcckgelassen, den Fall STORMBREAKER, den Alex jetzt l\u00f6sen muss&#8230;<\/p>\n<p>Ich finde das Buch sehr spannend, interessant und fesselnd geschrieben. Mir hat besonders der Stil des Autors gefallen, denn er schreibt lustig. Ich kann anderen das Lesen empfehlen, denn es gibt mehrere B\u00e4nde. Was ich schlecht fand, ist, dass es ein wenig unrealistisch ist, denn welcher Geheimdienst schickt einen 14j\u00e4hrigen Jungen zu einer t\u00f6dlichen Mission.<\/p><\/blockquote>\n<p style=\"text-align: right;\"><em>Leon<br \/>\n<\/em><\/p>\n<figure id=\"attachment_13123\" aria-describedby=\"caption-attachment-13123\" style=\"width: 69px\" class=\"wp-caption alignright\"><img loading=\"lazy\" decoding=\"async\" class=\"size-full wp-image-13123  \" src=\"https:\/\/dfg-lfa.org\/wp-content\/uploads\/Leonie.JPG\" alt=\" \" width=\"69\" height=\"100\" \/><figcaption id=\"caption-attachment-13123\" class=\"wp-caption-text\"> <\/figcaption><\/figure>\n<blockquote>\n<h4>Peter Freund: Mysteria- Das Tor des Feuers<\/h4>\n<p>Das Taschenbuch von Cbj  hat 415 Seiten. Man kann es f\u00fcr den Preis von 8,99\u20ac erwerben.<\/p>\n<p>Niko Niklas ist 14 Jahre alt und wohnt mit seiner Mutter Rieke alleine in einem Haus. \u00dcber Nikos Vater schwebt ein gro\u00dfes R\u00e4tsel, weil nicht einmal Frau Niklas mehr wei\u00df, wer es ist. Und obwohl schon Therapeuten versucht haben, ihre Erinnerungen wieder zu wecken, ist es Rieke bis heute nicht gelungen, dieses Geheimnis zu l\u00fcften. Au\u00dferdem hat Niko auch einen Gro\u00dfvater, und dieser wohnt seit dem Tod seiner Frau Frieda in dem einsamen Dorf \u201eOberr\u00f6denbach\u201c. Dort lebt er auf seinem Gest\u00fct, dem \u201eEllernhof\u201c. Ausgerechnet auf diesem langweiligen Fleckchen muss Niko mit seiner Mutter die Ferien verbringen. Doch er findet dort einen merkw\u00fcrdigen alten Umhang. Mit diesem Mantel ver\u00e4ndert sich Nikos Leben auf einen Schlag! Denn wer ihn \u00fcberstreift, gelangt in eine fremde Welt! MYSTERIA, die Welt hinter den Nebeln! Hier begegnet er dem Alwenm\u00e4dchen Ayani, sie hat dieselben gr\u00fcnen Augen wie er. Au\u00dferdem trifft er ihren Buder Arawynn, den grausamen Herrscher Rhogarr, die gef\u00e4hrliche Magierin S\u00e2ga und die brutalen Vharuuls, deren Augen nur so von Blutdurst gl\u00fchen und deren Rei\u00dfz\u00e4hne in ihren lippenlosen M\u00fcndern immer gebleckt sind. Und nun stellt sich auch noch die Frage, was es mit Nikos Medaillon, einer Dagaz-Rune, und dem Ring seiner Mutter, einer Ehwaz-Rune, auf sich hat. Zu allem \u00dcberfluss muss er jetzt noch Mysteria retten! Das kann er jedoch nur schaffen, wenn er das K\u00f6nigsschwert Sink\u00e2lion findet. Aber nur derjenige findet dieses Schwert, der durch das Tor des Feuers gehen kann. Und dies kann wiederum nur dem wahren K\u00f6nig von Mysteria gelingen&#8230;<\/p>\n<p>Mir gef\u00e4llt das Buch sehr gut, weil es \u00fcberaus spannend ist. Es handelt sich um eine Mischung aus Fantasyroman und Krimi. Au\u00dferdem wird es einem nie langweilig und man will immer weiter lesen. F\u00fcr mich d\u00fcrfte das Buch aber ein bisschen dicker sein!<\/p><\/blockquote>\n<p style=\"text-align: right;\"><em>Leonie<br \/>\n<\/em><\/p>\n<figure id=\"attachment_13124\" aria-describedby=\"caption-attachment-13124\" style=\"width: 68px\" class=\"wp-caption alignright\"><img loading=\"lazy\" decoding=\"async\" class=\"size-full wp-image-13124  \" src=\"https:\/\/dfg-lfa.org\/wp-content\/uploads\/Max.JPG\" alt=\" \" width=\"68\" height=\"100\" \/><figcaption id=\"caption-attachment-13124\" class=\"wp-caption-text\"> <\/figcaption><\/figure>\n<blockquote>\n<h4>Cornelia Funke: Tintenherz<\/h4>\n<p>Das Buch ist 2003 im Cecilie Dressler Verlag erschienen und hat 573 Seiten. Das klingt f\u00fcr manch einen vielleicht sehr viel, doch wenn man erst einmal angefangen hat, kann man gar nicht mehr aufh\u00f6ren. Als gebundenes Buch kostet es 19,90\u20ac. Als Taschenbuch betr\u00e4gt der Preis 9,95\u20ac. Tintenherz ist der erste Band der Tintenwelt-Trilogie. Die Nachfolger hei\u00dfen Tintenblut und Tintentod. Das Buch ist sehr spannend, auch ein wenig phantastisch und vor allem sehr fesselnd geschrieben.<\/p>\n<p>In dem Buch Tintenherz von Cornelia Funke geht es um ein 12j\u00e4hriges M\u00e4dchen namens Meggie und ihren Vater Mortimer, genannt Mo. Mo besitzt eine au\u00dfergew\u00f6hnliche F\u00e4higkeit; er kann n\u00e4mlich Dinge aus B\u00fcchern herauslesen. Doch wenn Mo etwas herausliest, verschwindet etwas anderes in dem Buch. Als Meggie 3 Jahre alt ist, passiert es: Mo liest Meggies Mutter Teresa aus Tintenherz vor, dabei liest er aus Versehen Capricorn, Basta (2 B\u00f6sewichte aus Tintenherz) und Staubfinger (der Hauptcharakter aus Tintenherz) aus dem Buch heraus. Im Gegenzug daf\u00fcr verschwindet Teresa mit ihren zwei Katzen in dem Buch. Dort ist sie gefangen, bis jemand sie wieder heraus liest. Capricorn, Basta und Staubfinger k\u00f6nnen fliehen. Seitdem liest Mo nichts mehr vor. Doch dann nach 9 Jahren taucht pl\u00f6tzlich ein Fremder auf. Zusammen mit ihm machen sich die beiden auf nach S\u00fcden zu Meggies Tante. Dort versteckt Mo das Buch Tintenherz. Doch Capricorns Leute, inzwischen hat er fast eine kleine Armee um sich geschart, lassen nicht lange auf sich warten. Sie entf\u00fchren Mo und das Buch. Was sie jedoch nicht wissen: Meggies Tante Elinor hat Tintenherz gegen ein anderes Buch getauscht. Zusammen mit dem Fremden (Staubfinger) machen sich Elinor und Meggie auf die Suche nach Mo. Geleitet von Staubfinger fahren sie in ein verlassenes Dorf in den Bergen Italiens, wo sie viele Abenteuer erleben.<\/p><\/blockquote>\n<p style=\"text-align: right;\"><em>Max<br \/>\n<\/em><\/p>\n<figure id=\"attachment_13125\" aria-describedby=\"caption-attachment-13125\" style=\"width: 64px\" class=\"wp-caption alignright\"><img loading=\"lazy\" decoding=\"async\" class=\"size-full wp-image-13125  \" src=\"https:\/\/dfg-lfa.org\/wp-content\/uploads\/Mbarakou.JPG\" alt=\" \" width=\"64\" height=\"100\" \/><figcaption id=\"caption-attachment-13125\" class=\"wp-caption-text\"> <\/figcaption><\/figure>\n<blockquote>\n<h4>Wolfram H\u00e4nel: Der Tag, an dem Lehrer Roth verschwand<\/h4>\n<p>Mein Buch ist ein sehr lustiges Abenteuerbuch vom Verlag Gerstenberg, und es hat 6,95 \u20ac gekostet.<\/p>\n<p>Die Hauptpersonen sind Paul, Lehrer Roth, Sebastian, Lydia und Prinzessin. An einem Tag, an dem sie im Schullandheim einem Film drehen, rastet Lehrer Roth \u00fcber Streitereien aus, worauf er in der Nacht darauf in Wut auf die Sch\u00fcler spurlos verschwindet. Paul und Prinzessin machen sich danach sofort auf die Suche nach Lehrer Roth. Dabei gibt Roths Mutter unfreiwillig einen Hinweis, worauf sie ihn in einem entfernten Dorf finden. Es stellt sich heraus, dass Roth seinen Job als Lehrer aufgibt und normal weiterleben m\u00f6chte. Dort werden sie von Roth gefangen und treffen im Raum auf Sebastian und Lydia. Darauf werden sie freigelassen und alle leben gl\u00fccklich bis ans Ende.<\/p>\n<p>Mein Buch hat mir sehr gefallen, weil es Abenteuer, auch Spannung enth\u00e4lt und weil es lustig ist. Au\u00dferdem kann man es ohne Umst\u00e4nde und ohne Stress in einer Woche lesen. Das, finde ich, ist ein Vorteil. Das Buch kann ich weiterempfehlen, weil es spannend ist zu erfahren, wie es zu Ende geht.<\/p><\/blockquote>\n<p style=\"text-align: right;\"><em>Mbarakou<br \/>\n<\/em><\/p>\n<figure id=\"attachment_13126\" aria-describedby=\"caption-attachment-13126\" style=\"width: 67px\" class=\"wp-caption alignright\"><img loading=\"lazy\" decoding=\"async\" class=\"size-full wp-image-13126  \" src=\"https:\/\/dfg-lfa.org\/wp-content\/uploads\/Monika.JPG\" alt=\" \" width=\"67\" height=\"100\" \/><figcaption id=\"caption-attachment-13126\" class=\"wp-caption-text\"> <\/figcaption><\/figure>\n<blockquote>\n<h4>Markus Zusak: Der Joker<\/h4>\n<p>Der Abenteuerroman \u201eDer Joker\u00a0\u00bb von Markus Zusak vom Verlag cbt kostet 8,95\u20ac. Er erz\u00e4hlt  von dem 19 j\u00e4hrigen Ed Kennedy, der keine Ausbildung hat. Er arbeitet als Taxifahrer, wohnt in einer sch\u00e4bigen H\u00fctte und besitzt einen alten, stinkenden und sabbernden Hund namens T\u00fcrsteher. Doch eines Tages nimmt sein eint\u00f6niges, elendes Leben eine Wendung. Der Grund daf\u00fcr ist ein Karo-Ass, das er in seinem Briefkasten findet. Auf dieser Spielkarte stehen drei Adressen, zu denen er gehen muss, um die Probleme der Menschen, die dort leben, zu l\u00f6sen. Die erste Spielkarte l\u00f6st er, doch schon bald findet er das n\u00e4chste Ass, und zwar nicht das letzte. Durch diese abenteuerlichen Aufgaben ist Ed am Ende motiviert, sein eigenes Leben zu ver\u00e4ndern.<\/p>\n<p>Ich finde das Buch gut, denn es ist witzig und sehr spannend geschrieben, deswegen kann man sich einfach nicht davon losrei\u00dfen. Besonders gut hat mir die Art gefallen, wie Ed seine Aufgaben geschickt und findig bew\u00e4ltigt. Man kann sich gut in ihn hineinversetzen und die Situationen mit durchleben. F\u00fcr Jugendliche meines Alters (12-13 Jahre) ist das Buch sehr gut geeignet, denn man kann die Zeit damit unterhaltsam totschlagen, und man schl\u00e4ft dabei nicht ein. Ich w\u00fcrde es auch Erwachsenen empfehlen, denn auch sie k\u00f6nnen dabei etwas lernen. Au\u00dferdem kostet es nur 8,95.<\/p>\n<p>Das Einzige, was mir am Buch nicht gefallen hat, ist der Titel, weil er mich nicht anspricht. Das Buch habe ich von einer Freundin ausgeliehen. Der passendere Titel w\u00fcrde lauten :\u201cEine Chance f\u00fcr den Versager\u00a0\u00bb.<\/p><\/blockquote>\n<p style=\"text-align: right;\"><em>Monika<br \/>\n<\/em><\/p>\n<figure id=\"attachment_13127\" aria-describedby=\"caption-attachment-13127\" style=\"width: 66px\" class=\"wp-caption alignright\"><img loading=\"lazy\" decoding=\"async\" class=\"size-full wp-image-13127  \" src=\"https:\/\/dfg-lfa.org\/wp-content\/uploads\/Paul.JPG\" alt=\" \" width=\"66\" height=\"100\" \/><figcaption id=\"caption-attachment-13127\" class=\"wp-caption-text\"> <\/figcaption><\/figure>\n<blockquote>\n<h4>Rosemary Sutcliff: K\u00f6nig Artus und die Abenteuer der Ritter von der Tafelrunde<\/h4>\n<p>Man kann dieses Buch vom deutschen Taschenbuchverlag zu einem Neupreis von 11,95\u20ac kaufen. In dem Buch geht es um den jungen K\u00f6nig Artus und die zahlreichen Abenteuer seiner Ritter. Es ist ein Abenteuerroman.<\/p>\n<p>Nachdem der junge Artus das schafft, was noch kein Ritter geschafft hat, n\u00e4mlich das sagenumwobene Schwert aus dem Marmorblock im Kirchhof von London herauszuziehen, wird er K\u00f6nig von Britannien. Er verliebt sich in die Prinzessin Ginevra und macht sie zu seiner K\u00f6nigin. Als Geschenk bringt sie die Tafelrunde mit, einen Tisch, an welchem 150 Ritter Platz haben. Nun kommen viele Ritter und werden Mitglieder der Tafelrunde. Sie erleben viele Abenteuer, von denen in diesem Buch berichtet wird.<\/p>\n<p>Mir gefallen die vielen verschiedenen Abenteuer gut, weil man nie wei\u00df, wie sie enden. Ich kann es anderen empfehlen, weil es ein spannender und gut gelungener Abenteuerroman ist.<\/p><\/blockquote>\n<p style=\"text-align: right;\"><em>Paul<br \/>\n<\/em><\/p>\n<figure id=\"attachment_13128\" aria-describedby=\"caption-attachment-13128\" style=\"width: 79px\" class=\"wp-caption alignright\"><img loading=\"lazy\" decoding=\"async\" class=\"size-full wp-image-13128  \" src=\"https:\/\/dfg-lfa.org\/wp-content\/uploads\/Ricarda.JPG\" alt=\" \" width=\"79\" height=\"100\" \/><figcaption id=\"caption-attachment-13128\" class=\"wp-caption-text\"> <\/figcaption><\/figure>\n<blockquote>\n<h4>Rick Riordan: Percy Jackson &#8211; Diebe im Olymp<\/h4>\n<p>Das Buch ist von dem Schriftsteller \u00a0\u00bbRick Riordan\u00a0\u00bb und hei\u00dft \u00a0\u00bbPercy Jackson &#8211; Diebe im Olymp. Es ist vom \u00a0\u00bbCARLSEN\u00a0\u00bb Verlag und kostet 16,90\u20ac.<\/p>\n<p>Der Teenager Percy Jackson besucht eine New Yorker Schule zusammen mit seinem gehbehinderten Freund Grover. Beim Besuch eines griechischen Museums wird er nach einer erneuten Unterrichtsst\u00f6rung von seiner Mathelehrerin, die sich in eine Furie verwandelt, angegriffen. Als Percy seiner Mutter von der Furie erz\u00e4hlt, reist sie mit ihm und Grover sofort ab. Kurz vor Ankunft an einem geheimen Ort wird die Mutter anscheinend von einem Minotaurus get\u00f6tet. Percy t\u00f6tet ihn aus Wut. Sie setzten ihren Weg alleine fort und kommen nach kurzer Zeit am Camp Halfblood an, wo Percy erf\u00e4hrt, dass er der Sohn von Poseidon ist und damit ein Halbgott und sein Freund Grover ein Satyr, der ihn besch\u00fctzten soll. Au\u00dferdem erf\u00e4hrt er, dass Zeus&rsquo; Herrscherblitz gestohlen wurde und er als dessen Dieb beschuldigt wird. Er erf\u00e4hrt auch, dass seine Mutter nicht etwa get\u00f6tet wurde, sondern in den Hades entf\u00fchrt wurde. Zusammen mit Grover und seiner neuen Freundin Annabeth, Tochter der Athene, die er im Camp kennengelernt hat, macht er sich auf den Weg, seine Mutter aus dem Hades zu befreien und bis zur Sommersonnenwende zu beweisen, dass er den Herrscherblitz nicht gestohlen hat.<\/p>\n<p>Ich finde das Buch sehr spannend und empfehle es weiter. Es ist sehr gut geschrieben und gut erkl\u00e4rt. Ich hoffe, dass bald eine Fortsetzung der Reihe erscheint. Ich empfehle es jedem, der Fantasie-Abenteuer mag.<\/p><\/blockquote>\n<p style=\"text-align: right;\"><em>Ricarda<br \/>\n<\/em><\/p>\n<figure id=\"attachment_13129\" aria-describedby=\"caption-attachment-13129\" style=\"width: 77px\" class=\"wp-caption alignright\"><img loading=\"lazy\" decoding=\"async\" class=\"size-full wp-image-13129  \" src=\"https:\/\/dfg-lfa.org\/wp-content\/uploads\/Samuel.JPG\" alt=\" \" width=\"77\" height=\"100\" \/><figcaption id=\"caption-attachment-13129\" class=\"wp-caption-text\"> <\/figcaption><\/figure>\n<blockquote>\n<h4>Rainer M. Schr\u00f6der: Die wundersame Weltreise des Jonathan Blum<\/h4>\n<p>Das Buch, ein Abenteuerroman, wurde von Rainer M. Schr\u00f6der geschrieben und es hei\u00dft \u201eDie wundersame Weltreise des Jonathan Blum\u201c. Es kostet als Taschenbuch 8,95\u20ac und ist im Verlag Arena 1995 erstmals erschienen.<\/p>\n<p>Das Buch handelt von einem j\u00fcdischen Fl\u00fcchtling namens Jonathan Blum und dessen beschwerlicher Weltreise und spielt im 19. Jahrhundert.<br \/>\nJonathan wird mit 16 Jahren aus seinem Heimatort in Polen vertrieben, da seine Familie j\u00fcdischen Glaubens ist. Die eigentliche Weltreise des Jonathan Blum beginnt in Rostock, wo er das Auswandererschiff Liberty besteigt, das mit dem Motto Hinter dem Horizont die Freiheit nach Amerika segelt. In der Folge werden viele spannende Abenteuer und Gefahren, in die Jonathan ger\u00e4t, geschildert.<\/p>\n<p>Ich empfehle dieses Buch, da es spannend und verst\u00e4ndlich geschrieben ist, so dass ich kaum mit Lesen aufh\u00f6ren konnte. Ich denke, es ist f\u00fcr Leser ab 10 Jahren geeignet, da die Personen und die Handlungen auch f\u00fcr Kinder gut zu verstehen sind. Wer abenteuerliche und spannende B\u00fccher mag, sollte diesen Roman unbedingt lesen. F\u00fcr mich gab es bei diesem Buch nichts Negatives, mir hat es insgesamt sehr gut gefallen und ich habe viel \u00fcber das Leben in der Zeit des 19. Jahrhunderts auf vier Kontinenten erfahren.<\/p><\/blockquote>\n<p style=\"text-align: right;\"><em>Samuel<br \/>\n<\/em><\/p>\n<figure id=\"attachment_13130\" aria-describedby=\"caption-attachment-13130\" style=\"width: 68px\" class=\"wp-caption alignright\"><img loading=\"lazy\" decoding=\"async\" class=\"size-full wp-image-13130  \" src=\"https:\/\/dfg-lfa.org\/wp-content\/uploads\/Sophia.JPG\" alt=\" \" width=\"68\" height=\"100\" \/><figcaption id=\"caption-attachment-13130\" class=\"wp-caption-text\"> <\/figcaption><\/figure>\n<blockquote>\n<h4>Angie Sage: Magyk<\/h4>\n<p>Der Verlag des Buches ist der Carl Hanser Verlag und der Preis des Buches betr\u00e4gt 17,90\u20ac.<\/p>\n<p>In dem Fantasieroman geht es um einen besonderen Jungen, Septimus, der siebte Sohn eines siebten Sohnes. Solche S\u00f6hne verf\u00fcgen \u00fcber besondere magische Kr\u00e4fte. Nach der Geburt wird er von der Hebamme f\u00fcr tot erkl\u00e4rt, in Wirklichkeit entf\u00fchrt sie ihn, denn sie ist eine b\u00f6se Zauberin. Der Vater wei\u00df von alldem nichts, denn er ist gerade auf dem Weg nach Hause mit Kr\u00e4utern f\u00fcr Septimus. Als er ein weinendes Baby am Wegrand entdeckt, nimmt er es mit und trifft in der Stadt eine Zauberin, die ihm nichts weiter sagt als : \u201e Dieses Kind ist deins ! Verstanden ? \u201cZu Hause angekommen, legt er seiner Frau das Kind in die Arme, und sie erz\u00e4hlt ihm, was passiert ist. Sie nennen das neue Kind Jenna und leben friedlich, bis eines Tages herauskommt, wer Jenna in Wirklichkeit ist. Sie m\u00fcssen fl\u00fcchten, da es jemand auf ihr Leben abgesehen hat.<\/p>\n<p>Ich kann dieses Buch nur weiter empfehlen, weil es sehr spannend geschrieben ist, die Autorin verwendet viele schm\u00fcckende Adjektive, sie gestaltet die S\u00e4tze abwechslungsreich und fantasievoll. Man liest immer weiter, um noch ein ungel\u00fcftetes Geheimnis zu l\u00fcften, dass das Buch sehr sch\u00f6n macht. Jedem, der viel Fantasie mag, kann ich dieses Buch empfehlen ab einem Alter von 11Jahren.<\/p><\/blockquote>\n<p style=\"text-align: right;\"><em>Sophia<br \/>\n<\/em><\/p>\n<figure id=\"attachment_13131\" aria-describedby=\"caption-attachment-13131\" style=\"width: 67px\" class=\"wp-caption alignright\"><img loading=\"lazy\" decoding=\"async\" class=\"size-full wp-image-13131  \" src=\"https:\/\/dfg-lfa.org\/wp-content\/uploads\/Ella.JPG\" alt=\" \" width=\"67\" height=\"100\" \/><figcaption id=\"caption-attachment-13131\" class=\"wp-caption-text\"> <\/figcaption><\/figure>\n<blockquote>\n<h4>Jay Asher: Tote M\u00e4dchen l\u00fcgen nicht<\/h4>\n<p>Das Buch hei\u00dft \u201eTote M\u00e4dchen l\u00fcgen nicht\u201c und ist von Jay Asher, erschienen im Ctb-Verlag und kostet 9,99\u20ac. Es hat 283 Seiten und ich habe es bei \u00a0\u00bbBock und Seip\u00a0\u00bb in Saarbr\u00fccken gekauft.<\/p>\n<p>Das Buch ist ein Roman, in dem zu Anfang ein Junge Namens Clay ein Paket ohne Absender mit sieben Kassetten vor seiner Haust\u00fcr findet. Er \u00f6ffnet es und bemerkt, dass auf jeder der Kassetten eine Zahl draufsteht und zwei Buchstaben. Er legt die erste Kassette mit Nummer eins und Buchstabe A und B ein und h\u00f6rte sie an. Auf der Kassette ist die Stimme der verstorbenen Hannah Baker zu h\u00f6ren, die sich vor zwei Wochen umbrachte. Auf den Kassetten berichtet sie davon, warum sie sich umgebracht hat. Daran waren 13 Personen schuld, die alle auf der Kassette mit einem Buchstaben gekennzeichnet wurden. Auf jeder Kassette sind zwei Menschen zu h\u00f6ren, die an Hannah Bakers Selbstmord mitschuldig sind. Clay ist einer davon. Nur  hat er keine Ahnung, warum er auf dieser Kassette drauf ist. Seiner Meinung nach hat er ihr nichts Schlimmes angetan. Eine Woche vor ihrem Tod hat Hannah jedem der 13 Personen eine Karte mit verschieden gekennzeichneten Orten in den Spind gelegt, auf denen draufsteht, dass man sie gut aufbewahren sollte. Sp\u00e4ter w\u00fcrde die betreffende Person sie  noch gut gebrauchen k\u00f6nnen. Damit wollte sie darauf hinweisen, an welchen Orten sie sich aufhalten sollten, um die ganze Geschichte besser verstehen zu k\u00f6nnen.<\/p>\n<p>Es ist ein sehr spannender Roman. Er ist so spannend, weil man nie wei\u00df, was als n\u00e4chstes passiert. Es ist sehr \u00fcberraschend, was dabei herauskommt.<\/p><\/blockquote>\n<p style=\"text-align: right;\"><em>Ella<br \/>\n<\/em><\/p>\n<figure id=\"attachment_13132\" aria-describedby=\"caption-attachment-13132\" style=\"width: 72px\" class=\"wp-caption alignright\"><img loading=\"lazy\" decoding=\"async\" class=\"size-full wp-image-13132  \" src=\"https:\/\/dfg-lfa.org\/wp-content\/uploads\/Yani.JPG\" alt=\" \" width=\"72\" height=\"100\" \/><figcaption id=\"caption-attachment-13132\" class=\"wp-caption-text\"> <\/figcaption><\/figure>\n<blockquote>\n<h4>R\u00fcdiger Bertram: Coolman und ich<\/h4>\n<p>Verlag: Friedrich Oetinger  &#8211; Preis: 12,00 \u20ac<\/p>\n<p>In dem Buch geht es um einen Jungen,  dessen Name Kai ist. Er wird von einem wandelnden Albtraum verfolgt namens Coolman. Coolman begleitet ihn, seit er 4 ist,  und er ist f\u00fcr die anderen unsichtbar, also ist er sozusagen Kais Schicksal. Coolman schickt Kai von einer Katastrophe in die n\u00e4chste, indem er ihm folgenschwere Tipps gibt, die ihn immer in neue Abenteuer st\u00fcrzen.<\/p>\n<p>Mir hat das Buch sehr gefallen, denn ich finde das Thema interessant: Wie ein Junge meines Alters den Alltag mit seinen Problemen erlebt.<br \/>\nIch kann es anderen nur empfehlen, weil der Sprache sehr locker und lustig ist. Dadurch erscheint das Buch au\u00dferordentlich kurzweilig. Besonders ansprechend und am\u00fcsant finde ich auch die zum Text geh\u00f6rigen Bilder.<\/p><\/blockquote>\n<p style=\"text-align: right;\"><em>Yani<br \/>\n<\/em><\/p>\n<blockquote>\n<h4>Christopher Paolin: Eragon<\/h4>\n<p>Christopher Paolini hat das Buch \u201eEragon-Das Verm\u00e4chtnis der Drachenreiter\u201c geschrieben. Das vom Verlag cbt ver\u00f6ffentlichte Buch wird f\u00fcr 9,95\u20ac als Taschenbuch verkauft .<\/p>\n<p>Im Fantasyroman geht es um Eragon, einen jungen Mann, der mit Hilfe eines Drachen den M\u00f6rder seines Onkels sucht. Die Hauptpersonen dieser Geschichte sind Eragon, der Drachenreiter; Saphira, der Drache, Brom, ein Magier, der Eragon hilft, den M\u00f6rder seines Onkels zu finden und zu t\u00f6ten. Der f\u00fcnfzehnj\u00e4hrige Eragon lebt mit seinem Onkel und seinem Cousin in einem kleinen Dorf in der Bergen von Alagaesia. Als er in den Bergen auf der Jagd ist, findet er einen geheimnisvollen Stein, welcher sich als Drachenei entpuppt. Kaum ist der Drache geschl\u00fcpft, ger\u00e4t Eragon in Schwierigkeiten. Brutale Schergen des    grausamen K\u00f6nigs Galbatorix jagen ihn, ermorden seinen Onkel und stecken den Hof in  Brand. Eragon verliert seine Familie und Behausung. Voll Trauer und Zorn verl\u00e4sst er das Dorf und macht sich auf die Suche nach den M\u00f6rdern, um Rache zu nehmen. Auf dem Weg befreit er eine Prinzessin, die ihm in seinen Tr\u00e4umen begegnet ist. Sie schlie\u00dft sich seiner Gruppe an, und am Ende gelingt es ihnen, das B\u00f6se zu besiegen.<\/p>\n<p>Mir hat besonders gut gefallen, dass man sich in die Geschichte hineinversetzen kann, weil sehr genau beschrieben ist, wie sich die Personen f\u00fchlen und was sie tun. Nicht so gut finde ich, dass es an manchen Stellen eine zu brutale Handlung gibt. Man m\u00f6chte nicht aufh\u00f6ren zu lesen und es wird spannend erz\u00e4hlt, ich empfehle es Leuten, die sehr viel Fantasie und Spa\u00df am Lesen haben.<\/p><\/blockquote>\n<p style=\"text-align: right;\"><em>Antony<br \/>\n<\/em><\/p>\n<figure id=\"attachment_13133\" aria-describedby=\"caption-attachment-13133\" style=\"width: 70px\" class=\"wp-caption alignright\"><img loading=\"lazy\" decoding=\"async\" class=\"size-full wp-image-13133  \" src=\"https:\/\/dfg-lfa.org\/wp-content\/uploads\/sami.JPG\" alt=\" \" width=\"70\" height=\"100\" \/><figcaption id=\"caption-attachment-13133\" class=\"wp-caption-text\"> <\/figcaption><\/figure>\n<blockquote>\n<h4>Erich K\u00e4stner: Das fliegende Klassenzimmer<\/h4>\n<p>Der Titel ist \u201cDas fliegende Klassenzimmer\u201c, der Verlag ist Cornelsen und der Preis 9,95 \u20ac.<\/p>\n<p>In dem Buch geht es um vier Freunde namens Ulli, Johnny, Matz und Martin, die in einem Internat leben, und um ihre Probleme. So ist z.B. Ulli ein Feigling, er will aber den anderen beweisen, dass er keiner ist. Johnny, der \u00c4lteste, pr\u00fcgelt sich gerne mit den Realsch\u00fclern, und Martin wird geh\u00e4nselt, weil er ein Streber ist. Doch alle zusammen schreiben an einem Theaterst\u00fcck, das hei\u00dft \u201eDas fliegende Klassenzimmer\u201c, und f\u00fchren dies am Schluss des Buches auf.<\/p>\n<p>Das Buch gef\u00e4llt mir, weil es sehr spannend ist und meinen Geschmack trifft. Ich kann es allen empfehlen, denn ich mag B\u00fccher, in denen Probleme von Kindern, wie hier die Schulprobleme, behandelt werden.<\/p><\/blockquote>\n<p style=\"text-align: right;\"><em>Sami<br \/>\n<\/em><\/p>\n<div class=\"shariff shariff-align-left shariff-widget-align-left shariff-buttonstretch\" style=\"display:none\"><ul class=\"shariff-buttons theme-white orientation-horizontal buttonsize-medium\"><li class=\"shariff-button facebook shariff-nocustomcolor\" style=\"background-color:#4273c8\"><a href=\"https:\/\/www.facebook.com\/sharer\/sharer.php?u=https%3A%2F%2Fdfg-lfa.org%2Ffr%2F2011%2F09%2Fsommerferienlekture-der-klasse-7b%2F\" title=\"Envoyer par Facebook\" aria-label=\"Envoyer par Facebook\" role=\"button\" rel=\"nofollow\" class=\"shariff-link\" style=\"; background-color:#3b5998; color:#3b5998\" target=\"_blank\"><span class=\"shariff-icon\" style=\"fill:#3b5998\"><svg width=\"32px\" height=\"20px\" xmlns=\"http:\/\/www.w3.org\/2000\/svg\" viewBox=\"0 0 18 32\"><path fill=\"#3b5998\" d=\"M17.1 0.2v4.7h-2.8q-1.5 0-2.1 0.6t-0.5 1.9v3.4h5.2l-0.7 5.3h-4.5v13.6h-5.5v-13.6h-4.5v-5.3h4.5v-3.9q0-3.3 1.9-5.2t5-1.8q2.6 0 4.1 0.2z\"\/><\/svg><\/span><span class=\"shariff-text\" style=\"color:#3b5998\">partager<\/span>&nbsp;<\/a><\/li><li class=\"shariff-button whatsapp shariff-nocustomcolor\" style=\"background-color:#5cbe4a\"><a href=\"https:\/\/api.whatsapp.com\/send?text=https%3A%2F%2Fdfg-lfa.org%2Ffr%2F2011%2F09%2Fsommerferienlekture-der-klasse-7b%2F%20Les%20lectures%20des%20vacances%20d%E2%80%99%C3%A9t%C3%A9%20des%207b\" title=\"Envoyer par Whatsapp\" aria-label=\"Envoyer par Whatsapp\" role=\"button\" rel=\"noopener nofollow\" class=\"shariff-link\" style=\"; background-color:#34af23; color:#34af23\" target=\"_blank\"><span class=\"shariff-icon\" style=\"fill:#34af23\"><svg width=\"32px\" height=\"20px\" xmlns=\"http:\/\/www.w3.org\/2000\/svg\" viewBox=\"0 0 32 32\"><path fill=\"#34af23\" d=\"M17.6 17.4q0.2 0 1.7 0.8t1.6 0.9q0 0.1 0 0.3 0 0.6-0.3 1.4-0.3 0.7-1.3 1.2t-1.8 0.5q-1 0-3.4-1.1-1.7-0.8-3-2.1t-2.6-3.3q-1.3-1.9-1.3-3.5v-0.1q0.1-1.6 1.3-2.8 0.4-0.4 0.9-0.4 0.1 0 0.3 0t0.3 0q0.3 0 0.5 0.1t0.3 0.5q0.1 0.4 0.6 1.6t0.4 1.3q0 0.4-0.6 1t-0.6 0.8q0 0.1 0.1 0.3 0.6 1.3 1.8 2.4 1 0.9 2.7 1.8 0.2 0.1 0.4 0.1 0.3 0 1-0.9t0.9-0.9zM14 26.9q2.3 0 4.3-0.9t3.6-2.4 2.4-3.6 0.9-4.3-0.9-4.3-2.4-3.6-3.6-2.4-4.3-0.9-4.3 0.9-3.6 2.4-2.4 3.6-0.9 4.3q0 3.6 2.1 6.6l-1.4 4.2 4.3-1.4q2.8 1.9 6.2 1.9zM14 2.2q2.7 0 5.2 1.1t4.3 2.9 2.9 4.3 1.1 5.2-1.1 5.2-2.9 4.3-4.3 2.9-5.2 1.1q-3.5 0-6.5-1.7l-7.4 2.4 2.4-7.2q-1.9-3.2-1.9-6.9 0-2.7 1.1-5.2t2.9-4.3 4.3-2.9 5.2-1.1z\"\/><\/svg><\/span><span class=\"shariff-text\" style=\"color:#34af23\">partager<\/span>&nbsp;<\/a><\/li><li class=\"shariff-button threema shariff-nocustomcolor shariff-mobile\" style=\"background-color:#4fbc24\"><a href=\"threema:\/\/compose?text=Les%20lectures%20des%20vacances%20d%E2%80%99%C3%A9t%C3%A9%20des%207b%20https%3A%2F%2Fdfg-lfa.org%2Ffr%2F2011%2F09%2Fsommerferienlekture-der-klasse-7b%2F\" title=\"Envoyer par Threema\" aria-label=\"Envoyer par Threema\" role=\"button\" rel=\"noopener nofollow\" class=\"shariff-link\" style=\"; background-color:#1f1f1f; color:#1f1f1f\" target=\"_blank\"><span class=\"shariff-icon\" style=\"fill:#1f1f1f\"><svg width=\"32px\" height=\"20px\" xmlns=\"http:\/\/www.w3.org\/2000\/svg\" viewBox=\"0 0 32 32\"><path fill=\"#1f1f1f\" d=\"M30.8 10.9c-0.3-1.4-0.9-2.6-1.8-3.8-2-2.6-5.5-4.5-9.4-5.2-1.3-0.2-1.9-0.3-3.5-0.3s-2.2 0-3.5 0.3c-4 0.7-7.4 2.6-9.4 5.2-0.9 1.2-1.5 2.4-1.8 3.8-0.1 0.5-0.2 1.2-0.2 1.6 0 0.4 0.1 1.1 0.2 1.6 0.4 1.9 1.3 3.4 2.9 5 0.8 0.8 0.8 0.8 0.7 1.3 0 0.6-0.5 1.6-1.7 3.6-0.3 0.5-0.5 0.9-0.5 0.9 0 0.1 0.1 0.1 0.5 0 0.8-0.2 2.3-0.6 5.6-1.6 1.1-0.3 1.3-0.4 2.3-0.4 0.8 0 1.1 0 2.3 0.2 1.5 0.2 3.5 0.2 4.9 0 5.1-0.6 9.3-2.9 11.4-6.3 0.5-0.9 0.9-1.8 1.1-2.8 0.1-0.5 0.2-1.1 0.2-1.6 0-0.7-0.1-1.1-0.2-1.6-0.3-1.4 0.1 0.5 0 0zM20.6 17.3c0 0.4-0.4 0.8-0.8 0.8h-7.7c-0.4 0-0.8-0.4-0.8-0.8v-4.6c0-0.4 0.4-0.8 0.8-0.8h0.2l0-1.6c0-0.9 0-1.8 0.1-2 0.1-0.6 0.6-1.2 1.1-1.7s1.1-0.7 1.9-0.8c1.8-0.3 3.7 0.7 4.2 2.2 0.1 0.3 0.1 0.7 0.1 2.1v0 1.7h0.1c0.4 0 0.8 0.4 0.8 0.8v4.6zM15.6 7.3c-0.5 0.1-0.8 0.3-1.2 0.6s-0.6 0.8-0.7 1.3c0 0.2 0 0.8 0 1.5l0 1.2h4.6v-1.3c0-1 0-1.4-0.1-1.6-0.3-1.1-1.5-1.9-2.6-1.7zM25.8 28.2c0 1.2-1 2.2-2.1 2.2s-2.1-1-2.1-2.1c0-1.2 1-2.1 2.2-2.1s2.2 1 2.2 2.2zM18.1 28.2c0 1.2-1 2.2-2.1 2.2s-2.1-1-2.1-2.1c0-1.2 1-2.1 2.2-2.1s2.2 1 2.2 2.2zM10.4 28.2c0 1.2-1 2.2-2.1 2.2s-2.1-1-2.1-2.1c0-1.2 1-2.1 2.2-2.1s2.2 1 2.2 2.2z\"\/><\/svg><\/span><span class=\"shariff-text\" style=\"color:#1f1f1f\">partager<\/span>&nbsp;<\/a><\/li><li class=\"shariff-button mastodon shariff-nocustomcolor\" style=\"background-color:#563ACC\"><a href=\"https:\/\/s2f.kytta.dev\/?text=Les%20lectures%20des%20vacances%20d%E2%80%99%C3%A9t%C3%A9%20des%207b https%3A%2F%2Fdfg-lfa.org%2Ffr%2F2011%2F09%2Fsommerferienlekture-der-klasse-7b%2F\" title=\"Envoyer par Mastodon\" aria-label=\"Envoyer par Mastodon\" role=\"button\" rel=\"noopener nofollow\" class=\"shariff-link\" style=\"; background-color:#6364FF; color:#6364FF\" target=\"_blank\"><span class=\"shariff-icon\" style=\"fill:#6364FF\"><svg width=\"75\" height=\"79\" viewBox=\"0 0 75 79\" fill=\"none\" xmlns=\"http:\/\/www.w3.org\/2000\/svg\"><path d=\"M37.813-.025C32.462-.058 27.114.13 21.79.598c-8.544.621-17.214 5.58-20.203 13.931C-1.12 23.318.408 32.622.465 41.65c.375 7.316.943 14.78 3.392 21.73 4.365 9.465 14.781 14.537 24.782 15.385 7.64.698 15.761-.213 22.517-4.026a54.1 54.1 0 0 0 .01-6.232c-6.855 1.316-14.101 2.609-21.049 1.074-3.883-.88-6.876-4.237-7.25-8.215-1.53-3.988 3.78-.43 5.584-.883 9.048 1.224 18.282.776 27.303-.462 7.044-.837 14.26-4.788 16.65-11.833 2.263-6.135 1.215-12.79 1.698-19.177.06-3.84.09-7.692-.262-11.52C72.596 7.844 63.223.981 53.834.684a219.453 219.453 0 0 0-16.022-.71zm11.294 12.882c5.5-.067 10.801 4.143 11.67 9.653.338 1.48.471 3 .471 4.515v21.088h-8.357c-.07-7.588.153-15.182-.131-22.765-.587-4.368-7.04-5.747-9.672-2.397-2.422 3.04-1.47 7.155-1.67 10.735v6.392h-8.307c-.146-4.996.359-10.045-.404-15.002-1.108-4.218-7.809-5.565-10.094-1.666-1.685 3.046-.712 6.634-.976 9.936v14.767h-8.354c.109-8.165-.238-16.344.215-24.5.674-5.346 5.095-10.389 10.676-10.627 4.902-.739 10.103 2.038 12.053 6.631.375 1.435 1.76 1.932 1.994.084 1.844-3.704 5.501-6.739 9.785-6.771.367-.044.735-.068 1.101-.073z\"\/><defs><linearGradient id=\"paint0_linear_549_34\" x1=\"37.0692\" y1=\"0\" x2=\"37.0692\" y2=\"79\" gradientUnits=\"userSpaceOnUse\"><stop stop-color=\"#6364FF\"\/><stop offset=\"1\" stop-color=\"#563ACC\"\/><\/linearGradient><\/defs><\/svg><\/span><span class=\"shariff-text\" style=\"color:#6364FF\">partager<\/span>&nbsp;<\/a><\/li><li class=\"shariff-button mailto shariff-nocustomcolor\" style=\"background-color:#a8a8a8\"><a href=\"mailto:?body=https%3A%2F%2Fdfg-lfa.org%2Ffr%2F2011%2F09%2Fsommerferienlekture-der-klasse-7b%2F&subject=Les%20lectures%20des%20vacances%20d%E2%80%99%C3%A9t%C3%A9%20des%207b\" title=\"Envoyer par courriel\" aria-label=\"Envoyer par courriel\" role=\"button\" rel=\"noopener nofollow\" class=\"shariff-link\" style=\"; background-color:#999; color:#999\"><span class=\"shariff-icon\" style=\"fill:#999\"><svg width=\"32px\" height=\"20px\" xmlns=\"http:\/\/www.w3.org\/2000\/svg\" viewBox=\"0 0 32 32\"><path fill=\"#999\" d=\"M32 12.7v14.2q0 1.2-0.8 2t-2 0.9h-26.3q-1.2 0-2-0.9t-0.8-2v-14.2q0.8 0.9 1.8 1.6 6.5 4.4 8.9 6.1 1 0.8 1.6 1.2t1.7 0.9 2 0.4h0.1q0.9 0 2-0.4t1.7-0.9 1.6-1.2q3-2.2 8.9-6.1 1-0.7 1.8-1.6zM32 7.4q0 1.4-0.9 2.7t-2.2 2.2q-6.7 4.7-8.4 5.8-0.2 0.1-0.7 0.5t-1 0.7-0.9 0.6-1.1 0.5-0.9 0.2h-0.1q-0.4 0-0.9-0.2t-1.1-0.5-0.9-0.6-1-0.7-0.7-0.5q-1.6-1.1-4.7-3.2t-3.6-2.6q-1.1-0.7-2.1-2t-1-2.5q0-1.4 0.7-2.3t2.1-0.9h26.3q1.2 0 2 0.8t0.9 2z\"\/><\/svg><\/span><span class=\"shariff-text\" style=\"color:#999\">courriel<\/span>&nbsp;<\/a><\/li><li class=\"shariff-button info shariff-nocustomcolor\" style=\"background-color:#a8a8a8\"><a href=\"http:\/\/ct.de\/-2467514\" title=\"Datenschutz-Infos\" aria-label=\"Datenschutz-Infos\" role=\"button\" rel=\"noopener \" class=\"shariff-link\" style=\"; background-color:#999; color:#999\" target=\"_blank\"><span class=\"shariff-icon\" style=\"fill:#999\"><svg width=\"32px\" height=\"20px\" xmlns=\"http:\/\/www.w3.org\/2000\/svg\" viewBox=\"0 0 11 32\"><path fill=\"#999\" d=\"M11.4 24v2.3q0 0.5-0.3 0.8t-0.8 0.4h-9.1q-0.5 0-0.8-0.4t-0.4-0.8v-2.3q0-0.5 0.4-0.8t0.8-0.4h1.1v-6.8h-1.1q-0.5 0-0.8-0.4t-0.4-0.8v-2.3q0-0.5 0.4-0.8t0.8-0.4h6.8q0.5 0 0.8 0.4t0.4 0.8v10.3h1.1q0.5 0 0.8 0.4t0.3 0.8zM9.2 3.4v3.4q0 0.5-0.4 0.8t-0.8 0.4h-4.6q-0.4 0-0.8-0.4t-0.4-0.8v-3.4q0-0.4 0.4-0.8t0.8-0.4h4.6q0.5 0 0.8 0.4t0.4 0.8z\"\/><\/svg><\/span><\/a><\/li><\/ul><\/div>","protected":false},"excerpt":{"rendered":"<p>Qui dit vacances, dit lecture Nous voulons vous donner envie de lire : Les 7b vous pr\u00e9sentent les lectures de leurs vacances d\u2019\u00e9t\u00e9.<\/p>\n","protected":false},"author":2,"featured_media":13145,"comment_status":"closed","ping_status":"closed","sticky":false,"template":"","format":"standard","meta":{"inline_featured_image":false,"footnotes":""},"categories":[3,36],"tags":[929],"class_list":["post-13109","post","type-post","status-publish","format-standard","has-post-thumbnail","hentry","category-schule-aktuell","category-deutsch-muttersprache","tag-sommerferienlektuere"],"yoast_head":"<!-- This site is optimized with the Yoast SEO plugin v27.5 - https:\/\/yoast.com\/product\/yoast-seo-wordpress\/ -->\n<title>Sommerferienlekt\u00fcre der Klasse 7bLes lectures des vacances d\u2019\u00e9t\u00e9 des 7b - Lyc\u00e9e Franco-Allemand de Sarrebruck<\/title>\n<meta name=\"robots\" content=\"index, follow, max-snippet:-1, max-image-preview:large, max-video-preview:-1\" \/>\n<link rel=\"canonical\" href=\"https:\/\/dfg-lfa.org\/fr\/2011\/09\/sommerferienlekture-der-klasse-7b\/\" \/>\n<meta property=\"og:locale\" content=\"fr_FR\" \/>\n<meta property=\"og:type\" content=\"article\" \/>\n<meta property=\"og:title\" content=\"Sommerferienlekt\u00fcre der Klasse 7bLes lectures des vacances d\u2019\u00e9t\u00e9 des 7b - Lyc\u00e9e Franco-Allemand de Sarrebruck\" \/>\n<meta property=\"og:description\" content=\"Qui dit vacances, dit lecture Nous voulons vous donner envie de lire : Les 7b vous pr\u00e9sentent les lectures de leurs vacances d\u2019\u00e9t\u00e9.\" \/>\n<meta property=\"og:url\" content=\"https:\/\/dfg-lfa.org\/fr\/2011\/09\/sommerferienlekture-der-klasse-7b\/\" \/>\n<meta property=\"og:site_name\" content=\"Lyc\u00e9e Franco-Allemand de Sarrebruck\" \/>\n<meta property=\"article:publisher\" content=\"https:\/\/www.facebook.com\/dfglfa\/\" \/>\n<meta property=\"article:published_time\" content=\"2011-09-14T19:49:12+00:00\" \/>\n<meta property=\"article:modified_time\" content=\"2020-10-21T16:19:17+00:00\" \/>\n<meta property=\"og:image\" content=\"https:\/\/dfg-lfa.org\/wp-content\/uploads\/7b.jpg\" \/>\n\t<meta property=\"og:image:width\" content=\"600\" \/>\n\t<meta property=\"og:image:height\" content=\"474\" \/>\n\t<meta property=\"og:image:type\" content=\"image\/jpeg\" \/>\n<meta name=\"author\" content=\"Administrator\" \/>\n<meta name=\"twitter:card\" content=\"summary_large_image\" \/>\n<meta name=\"twitter:creator\" content=\"@DFGLFA\" \/>\n<meta name=\"twitter:site\" content=\"@DFGLFA\" \/>\n<meta name=\"twitter:label1\" content=\"\u00c9crit par\" \/>\n\t<meta name=\"twitter:data1\" content=\"Administrator\" \/>\n\t<meta name=\"twitter:label2\" content=\"Dur\u00e9e de lecture estim\u00e9e\" \/>\n\t<meta name=\"twitter:data2\" content=\"55 minutes\" \/>\n<script type=\"application\/ld+json\" class=\"yoast-schema-graph\">{\"@context\":\"https:\\\/\\\/schema.org\",\"@graph\":[{\"@type\":\"Article\",\"@id\":\"https:\\\/\\\/dfg-lfa.org\\\/fr\\\/2011\\\/09\\\/sommerferienlekture-der-klasse-7b\\\/#article\",\"isPartOf\":{\"@id\":\"https:\\\/\\\/dfg-lfa.org\\\/fr\\\/2011\\\/09\\\/sommerferienlekture-der-klasse-7b\\\/\"},\"author\":{\"name\":\"Administrator\",\"@id\":\"https:\\\/\\\/dfg-lfa.org\\\/#\\\/schema\\\/person\\\/a8fe67fb1ec6d85c85d21daf2d68fa69\"},\"headline\":\"Les lectures des vacances d\u2019\u00e9t\u00e9 des 7b\",\"datePublished\":\"2011-09-14T19:49:12+00:00\",\"dateModified\":\"2020-10-21T16:19:17+00:00\",\"mainEntityOfPage\":{\"@id\":\"https:\\\/\\\/dfg-lfa.org\\\/fr\\\/2011\\\/09\\\/sommerferienlekture-der-klasse-7b\\\/\"},\"wordCount\":10950,\"publisher\":{\"@id\":\"https:\\\/\\\/dfg-lfa.org\\\/#organization\"},\"image\":{\"@id\":\"https:\\\/\\\/dfg-lfa.org\\\/fr\\\/2011\\\/09\\\/sommerferienlekture-der-klasse-7b\\\/#primaryimage\"},\"thumbnailUrl\":\"https:\\\/\\\/dfg-lfa.org\\\/wp-content\\\/uploads\\\/7b.jpg\",\"keywords\":[\"Sommerferienlekt\u00fcre\"],\"articleSection\":[\"Actualit\u00e9s\",\"Allemand (langue maternelle)\"],\"inLanguage\":\"fr-FR\"},{\"@type\":\"WebPage\",\"@id\":\"https:\\\/\\\/dfg-lfa.org\\\/fr\\\/2011\\\/09\\\/sommerferienlekture-der-klasse-7b\\\/\",\"url\":\"https:\\\/\\\/dfg-lfa.org\\\/fr\\\/2011\\\/09\\\/sommerferienlekture-der-klasse-7b\\\/\",\"name\":\"Sommerferienlekt\u00fcre der Klasse 7bLes lectures des vacances d\u2019\u00e9t\u00e9 des 7b - Lyc\u00e9e Franco-Allemand de Sarrebruck\",\"isPartOf\":{\"@id\":\"https:\\\/\\\/dfg-lfa.org\\\/fr\\\/#website\"},\"primaryImageOfPage\":{\"@id\":\"https:\\\/\\\/dfg-lfa.org\\\/fr\\\/2011\\\/09\\\/sommerferienlekture-der-klasse-7b\\\/#primaryimage\"},\"image\":{\"@id\":\"https:\\\/\\\/dfg-lfa.org\\\/fr\\\/2011\\\/09\\\/sommerferienlekture-der-klasse-7b\\\/#primaryimage\"},\"thumbnailUrl\":\"https:\\\/\\\/dfg-lfa.org\\\/wp-content\\\/uploads\\\/7b.jpg\",\"datePublished\":\"2011-09-14T19:49:12+00:00\",\"dateModified\":\"2020-10-21T16:19:17+00:00\",\"breadcrumb\":{\"@id\":\"https:\\\/\\\/dfg-lfa.org\\\/fr\\\/2011\\\/09\\\/sommerferienlekture-der-klasse-7b\\\/#breadcrumb\"},\"inLanguage\":\"fr-FR\",\"potentialAction\":[{\"@type\":\"ReadAction\",\"target\":[[\"https:\\\/\\\/dfg-lfa.org\\\/fr\\\/2011\\\/09\\\/sommerferienlekture-der-klasse-7b\\\/\"]]}]},{\"@type\":\"ImageObject\",\"inLanguage\":\"fr-FR\",\"@id\":\"https:\\\/\\\/dfg-lfa.org\\\/fr\\\/2011\\\/09\\\/sommerferienlekture-der-klasse-7b\\\/#primaryimage\",\"url\":\"https:\\\/\\\/dfg-lfa.org\\\/wp-content\\\/uploads\\\/7b.jpg\",\"contentUrl\":\"https:\\\/\\\/dfg-lfa.org\\\/wp-content\\\/uploads\\\/7b.jpg\",\"width\":600,\"height\":474},{\"@type\":\"BreadcrumbList\",\"@id\":\"https:\\\/\\\/dfg-lfa.org\\\/fr\\\/2011\\\/09\\\/sommerferienlekture-der-klasse-7b\\\/#breadcrumb\",\"itemListElement\":[{\"@type\":\"ListItem\",\"position\":1,\"name\":\"Startseite\",\"item\":\"https:\\\/\\\/dfg-lfa.org\\\/fr\\\/\"},{\"@type\":\"ListItem\",\"position\":2,\"name\":\"Les lectures des vacances d\u2019\u00e9t\u00e9 des 7b\"}]},{\"@type\":\"WebSite\",\"@id\":\"https:\\\/\\\/dfg-lfa.org\\\/fr\\\/#website\",\"url\":\"https:\\\/\\\/dfg-lfa.org\\\/fr\\\/\",\"name\":\"Lyc\u00e9e Franco-Allemand de Sarrebruck\",\"description\":\"Einander begegnen \u2013 Avancer ensemble \u2013 We make Europe happen\",\"publisher\":{\"@id\":\"https:\\\/\\\/dfg-lfa.org\\\/fr\\\/#organization\"},\"potentialAction\":[{\"@type\":\"SearchAction\",\"target\":{\"@type\":\"EntryPoint\",\"urlTemplate\":\"https:\\\/\\\/dfg-lfa.org\\\/fr\\\/?s={search_term_string}\"},\"query-input\":{\"@type\":\"PropertyValueSpecification\",\"valueRequired\":true,\"valueName\":\"search_term_string\"}}],\"inLanguage\":\"fr-FR\"},{\"@type\":\"Organization\",\"@id\":\"https:\\\/\\\/dfg-lfa.org\\\/fr\\\/#organization\",\"name\":\"Deutsch-Franz\u00f6sisches Gymnasium Saarbr\u00fccken\",\"url\":\"https:\\\/\\\/dfg-lfa.org\\\/fr\\\/\",\"logo\":{\"@type\":\"ImageObject\",\"inLanguage\":\"fr-FR\",\"@id\":\"https:\\\/\\\/dfg-lfa.org\\\/fr\\\/#\\\/schema\\\/logo\\\/image\\\/\",\"url\":\"https:\\\/\\\/dfg-lfa.org\\\/wp-content\\\/uploads\\\/DFG-logo.png\",\"contentUrl\":\"https:\\\/\\\/dfg-lfa.org\\\/wp-content\\\/uploads\\\/DFG-logo.png\",\"width\":200,\"height\":77,\"caption\":\"Deutsch-Franz\u00f6sisches Gymnasium Saarbr\u00fccken\"},\"image\":{\"@id\":\"https:\\\/\\\/dfg-lfa.org\\\/fr\\\/#\\\/schema\\\/logo\\\/image\\\/\"},\"sameAs\":[\"https:\\\/\\\/www.facebook.com\\\/dfglfa\\\/\",\"https:\\\/\\\/x.com\\\/DFGLFA\",\"https:\\\/\\\/www.instagram.com\\\/dfg_lfa_saarbruecken\\\/\",\"https:\\\/\\\/www.youtube.com\\\/channel\\\/UCoxV4_gnJ3blV1U7iOjCV7w\\\/\",\"https:\\\/\\\/de.wikipedia.org\\\/wiki\\\/Deutsch-Franz\u00f6sisches_Gymnasium_in_Saarbr\u00fccken\"]},{\"@type\":\"Person\",\"@id\":\"https:\\\/\\\/dfg-lfa.org\\\/#\\\/schema\\\/person\\\/a8fe67fb1ec6d85c85d21daf2d68fa69\",\"name\":\"Administrator\"}]}<\/script>\n<!-- \/ Yoast SEO plugin. -->","yoast_head_json":{"title":"Sommerferienlekt\u00fcre der Klasse 7bLes lectures des vacances d\u2019\u00e9t\u00e9 des 7b - Lyc\u00e9e Franco-Allemand de Sarrebruck","robots":{"index":"index","follow":"follow","max-snippet":"max-snippet:-1","max-image-preview":"max-image-preview:large","max-video-preview":"max-video-preview:-1"},"canonical":"https:\/\/dfg-lfa.org\/fr\/2011\/09\/sommerferienlekture-der-klasse-7b\/","og_locale":"fr_FR","og_type":"article","og_title":"Sommerferienlekt\u00fcre der Klasse 7bLes lectures des vacances d\u2019\u00e9t\u00e9 des 7b - Lyc\u00e9e Franco-Allemand de Sarrebruck","og_description":"Qui dit vacances, dit lecture Nous voulons vous donner envie de lire : Les 7b vous pr\u00e9sentent les lectures de leurs vacances d\u2019\u00e9t\u00e9.","og_url":"https:\/\/dfg-lfa.org\/fr\/2011\/09\/sommerferienlekture-der-klasse-7b\/","og_site_name":"Lyc\u00e9e Franco-Allemand de Sarrebruck","article_publisher":"https:\/\/www.facebook.com\/dfglfa\/","article_published_time":"2011-09-14T19:49:12+00:00","article_modified_time":"2020-10-21T16:19:17+00:00","og_image":[{"width":600,"height":474,"url":"https:\/\/dfg-lfa.org\/wp-content\/uploads\/7b.jpg","type":"image\/jpeg"}],"author":"Administrator","twitter_card":"summary_large_image","twitter_creator":"@DFGLFA","twitter_site":"@DFGLFA","twitter_misc":{"\u00c9crit par":"Administrator","Dur\u00e9e de lecture estim\u00e9e":"55 minutes"},"schema":{"@context":"https:\/\/schema.org","@graph":[{"@type":"Article","@id":"https:\/\/dfg-lfa.org\/fr\/2011\/09\/sommerferienlekture-der-klasse-7b\/#article","isPartOf":{"@id":"https:\/\/dfg-lfa.org\/fr\/2011\/09\/sommerferienlekture-der-klasse-7b\/"},"author":{"name":"Administrator","@id":"https:\/\/dfg-lfa.org\/#\/schema\/person\/a8fe67fb1ec6d85c85d21daf2d68fa69"},"headline":"Les lectures des vacances d\u2019\u00e9t\u00e9 des 7b","datePublished":"2011-09-14T19:49:12+00:00","dateModified":"2020-10-21T16:19:17+00:00","mainEntityOfPage":{"@id":"https:\/\/dfg-lfa.org\/fr\/2011\/09\/sommerferienlekture-der-klasse-7b\/"},"wordCount":10950,"publisher":{"@id":"https:\/\/dfg-lfa.org\/#organization"},"image":{"@id":"https:\/\/dfg-lfa.org\/fr\/2011\/09\/sommerferienlekture-der-klasse-7b\/#primaryimage"},"thumbnailUrl":"https:\/\/dfg-lfa.org\/wp-content\/uploads\/7b.jpg","keywords":["Sommerferienlekt\u00fcre"],"articleSection":["Actualit\u00e9s","Allemand (langue maternelle)"],"inLanguage":"fr-FR"},{"@type":"WebPage","@id":"https:\/\/dfg-lfa.org\/fr\/2011\/09\/sommerferienlekture-der-klasse-7b\/","url":"https:\/\/dfg-lfa.org\/fr\/2011\/09\/sommerferienlekture-der-klasse-7b\/","name":"Sommerferienlekt\u00fcre der Klasse 7bLes lectures des vacances d\u2019\u00e9t\u00e9 des 7b - Lyc\u00e9e Franco-Allemand de Sarrebruck","isPartOf":{"@id":"https:\/\/dfg-lfa.org\/fr\/#website"},"primaryImageOfPage":{"@id":"https:\/\/dfg-lfa.org\/fr\/2011\/09\/sommerferienlekture-der-klasse-7b\/#primaryimage"},"image":{"@id":"https:\/\/dfg-lfa.org\/fr\/2011\/09\/sommerferienlekture-der-klasse-7b\/#primaryimage"},"thumbnailUrl":"https:\/\/dfg-lfa.org\/wp-content\/uploads\/7b.jpg","datePublished":"2011-09-14T19:49:12+00:00","dateModified":"2020-10-21T16:19:17+00:00","breadcrumb":{"@id":"https:\/\/dfg-lfa.org\/fr\/2011\/09\/sommerferienlekture-der-klasse-7b\/#breadcrumb"},"inLanguage":"fr-FR","potentialAction":[{"@type":"ReadAction","target":[["https:\/\/dfg-lfa.org\/fr\/2011\/09\/sommerferienlekture-der-klasse-7b\/"]]}]},{"@type":"ImageObject","inLanguage":"fr-FR","@id":"https:\/\/dfg-lfa.org\/fr\/2011\/09\/sommerferienlekture-der-klasse-7b\/#primaryimage","url":"https:\/\/dfg-lfa.org\/wp-content\/uploads\/7b.jpg","contentUrl":"https:\/\/dfg-lfa.org\/wp-content\/uploads\/7b.jpg","width":600,"height":474},{"@type":"BreadcrumbList","@id":"https:\/\/dfg-lfa.org\/fr\/2011\/09\/sommerferienlekture-der-klasse-7b\/#breadcrumb","itemListElement":[{"@type":"ListItem","position":1,"name":"Startseite","item":"https:\/\/dfg-lfa.org\/fr\/"},{"@type":"ListItem","position":2,"name":"Les lectures des vacances d\u2019\u00e9t\u00e9 des 7b"}]},{"@type":"WebSite","@id":"https:\/\/dfg-lfa.org\/fr\/#website","url":"https:\/\/dfg-lfa.org\/fr\/","name":"Lyc\u00e9e Franco-Allemand de Sarrebruck","description":"Einander begegnen \u2013 Avancer ensemble \u2013 We make Europe happen","publisher":{"@id":"https:\/\/dfg-lfa.org\/fr\/#organization"},"potentialAction":[{"@type":"SearchAction","target":{"@type":"EntryPoint","urlTemplate":"https:\/\/dfg-lfa.org\/fr\/?s={search_term_string}"},"query-input":{"@type":"PropertyValueSpecification","valueRequired":true,"valueName":"search_term_string"}}],"inLanguage":"fr-FR"},{"@type":"Organization","@id":"https:\/\/dfg-lfa.org\/fr\/#organization","name":"Deutsch-Franz\u00f6sisches Gymnasium Saarbr\u00fccken","url":"https:\/\/dfg-lfa.org\/fr\/","logo":{"@type":"ImageObject","inLanguage":"fr-FR","@id":"https:\/\/dfg-lfa.org\/fr\/#\/schema\/logo\/image\/","url":"https:\/\/dfg-lfa.org\/wp-content\/uploads\/DFG-logo.png","contentUrl":"https:\/\/dfg-lfa.org\/wp-content\/uploads\/DFG-logo.png","width":200,"height":77,"caption":"Deutsch-Franz\u00f6sisches Gymnasium Saarbr\u00fccken"},"image":{"@id":"https:\/\/dfg-lfa.org\/fr\/#\/schema\/logo\/image\/"},"sameAs":["https:\/\/www.facebook.com\/dfglfa\/","https:\/\/x.com\/DFGLFA","https:\/\/www.instagram.com\/dfg_lfa_saarbruecken\/","https:\/\/www.youtube.com\/channel\/UCoxV4_gnJ3blV1U7iOjCV7w\/","https:\/\/de.wikipedia.org\/wiki\/Deutsch-Franz\u00f6sisches_Gymnasium_in_Saarbr\u00fccken"]},{"@type":"Person","@id":"https:\/\/dfg-lfa.org\/#\/schema\/person\/a8fe67fb1ec6d85c85d21daf2d68fa69","name":"Administrator"}]}},"_links":{"self":[{"href":"https:\/\/dfg-lfa.org\/fr\/wp-json\/wp\/v2\/posts\/13109","targetHints":{"allow":["GET"]}}],"collection":[{"href":"https:\/\/dfg-lfa.org\/fr\/wp-json\/wp\/v2\/posts"}],"about":[{"href":"https:\/\/dfg-lfa.org\/fr\/wp-json\/wp\/v2\/types\/post"}],"author":[{"embeddable":true,"href":"https:\/\/dfg-lfa.org\/fr\/wp-json\/wp\/v2\/users\/2"}],"replies":[{"embeddable":true,"href":"https:\/\/dfg-lfa.org\/fr\/wp-json\/wp\/v2\/comments?post=13109"}],"version-history":[{"count":0,"href":"https:\/\/dfg-lfa.org\/fr\/wp-json\/wp\/v2\/posts\/13109\/revisions"}],"wp:featuredmedia":[{"embeddable":true,"href":"https:\/\/dfg-lfa.org\/fr\/wp-json\/wp\/v2\/media\/13145"}],"wp:attachment":[{"href":"https:\/\/dfg-lfa.org\/fr\/wp-json\/wp\/v2\/media?parent=13109"}],"wp:term":[{"taxonomy":"category","embeddable":true,"href":"https:\/\/dfg-lfa.org\/fr\/wp-json\/wp\/v2\/categories?post=13109"},{"taxonomy":"post_tag","embeddable":true,"href":"https:\/\/dfg-lfa.org\/fr\/wp-json\/wp\/v2\/tags?post=13109"}],"curies":[{"name":"wp","href":"https:\/\/api.w.org\/{rel}","templated":true}]}}