{"id":17364,"date":"2012-12-19T23:59:47","date_gmt":"2012-12-19T22:59:47","guid":{"rendered":"http:\/\/dfg-lfa.org\/?p=17364"},"modified":"2023-02-23T10:29:50","modified_gmt":"2023-02-23T09:29:50","slug":"bericht-zum-unicef-lauf-2012","status":"publish","type":"post","link":"https:\/\/dfg-lfa.org\/fr\/2012\/12\/bericht-zum-unicef-lauf-2012\/","title":{"rendered":"Les chiffres de l\u2019\u00e9dition 2012 de la course de l\u2019UNICEF"},"content":{"rendered":"<p><figure id=\"attachment_8897\" aria-describedby=\"caption-attachment-8897\" style=\"width: 150px\" class=\"wp-caption alignright\"><a href=\"https:\/\/dfg-lfa.org\/wp-content\/uploads\/Unicef-Lauf-Plakat.jpg\"><img loading=\"lazy\" decoding=\"async\" class=\"size-thumbnail wp-image-8897\" title=\"Unicef-Lauf\" src=\"https:\/\/dfg-lfa.org\/wp-content\/uploads\/Unicef-Lauf-Plakat-150x112.jpg\" alt=\" \" width=\"150\" height=\"112\" srcset=\"https:\/\/dfg-lfa.org\/wp-content\/uploads\/Unicef-Lauf-Plakat-150x112.jpg 150w, https:\/\/dfg-lfa.org\/wp-content\/uploads\/Unicef-Lauf-Plakat-300x225.jpg 300w, https:\/\/dfg-lfa.org\/wp-content\/uploads\/Unicef-Lauf-Plakat-590x442.jpg 590w, https:\/\/dfg-lfa.org\/wp-content\/uploads\/Unicef-Lauf-Plakat.jpg 600w\" sizes=\"auto, (max-width: 150px) 100vw, 150px\" \/><\/a><figcaption id=\"caption-attachment-8897\" class=\"wp-caption-text\"> <\/figcaption><\/figure><\/p>\n<p><img loading=\"lazy\" decoding=\"async\" class=\"size-full wp-image-17370 alignleft\" title=\"DFG Saarbr\u00fccken\" src=\"https:\/\/dfg-lfa.org\/wp-content\/uploads\/lfa.png\" alt=\"DFG Saarbr\u00fccken\" width=\"121\" height=\"150\" \/><\/p>\n<p>Apr\u00e8s les excellents r\u00e9sultats des courses de ces derni\u00e8res ann\u00e9es, la course de 2012 a \u00e9t\u00e9, \u00e0 son tour, un vrai succ\u00e8s et traduit l&rsquo;engagement \u00e0 la fois sportif et social de nos \u00e9l\u00e8ves. C&rsquo;est sous un ciel cl\u00e9ment que les 706 participants \u00e0 la course issus des classes du CM2 \u00e0 la troisi\u00e8me se sont rendus, le 19 octobre 2012, sur notre trajet habituel (en direction de Grosbliederstroff). Jamais encore tant d\u2019\u00e9l\u00e8ves n\u2019avaient particip\u00e9 \u00e0 la course\u00a0!<!--more--><\/p>\n<p>En d\u00e9pit de la crise \u00e9conomique et du manque d&rsquo;ardeur de la part des donateurs, l\u2019engagement des \u00e9l\u00e8ves pour le projet de l&rsquo;UNICEF \u00ab\u00a0Des \u00e9coles pour l&rsquo;Afrique\u00a0\u00bb ne faiblit pas\u00a0: Aussi le montant des dons, qui s\u2019\u00e9l\u00e8ve \u00e0 17583,21 \u20ac, a-t-il battu un nouveau record pour notre 10\u00e8me \u00ab\u00a0Run for help\u00a0\u00bb. Et ceci en d\u00e9pit des temp\u00e9ratures \u00e9lev\u00e9es qui r\u00e9gnaient cette ann\u00e9e et qui ont eu pour cons\u00e9quence qu\u2019un grand nombre de participants \u00e0 la course se soit content\u00e9 de parcourir la distance minimum impos\u00e9e, \u00e0 savoir 8 km. Il a tout bonnement fait trop chaud\u00a0!<\/p>\n<figure id=\"attachment_17378\" aria-describedby=\"caption-attachment-17378\" style=\"width: 150px\" class=\"wp-caption alignright\"><a href=\"https:\/\/dfg-lfa.org\/wp-content\/uploads\/Start-der-Klasse-7-b.jpg\"><img loading=\"lazy\" decoding=\"async\" class=\"size-thumbnail wp-image-17378  \" title=\"D\u00e9part de la classe 7b\" src=\"https:\/\/dfg-lfa.org\/wp-content\/uploads\/Start-der-Klasse-7-b-150x104.jpg\" alt=\"Start der Klasse 7b\" width=\"150\" height=\"104\" srcset=\"https:\/\/dfg-lfa.org\/wp-content\/uploads\/Start-der-Klasse-7-b-150x104.jpg 150w, https:\/\/dfg-lfa.org\/wp-content\/uploads\/Start-der-Klasse-7-b-300x208.jpg 300w, https:\/\/dfg-lfa.org\/wp-content\/uploads\/Start-der-Klasse-7-b-590x409.jpg 590w, https:\/\/dfg-lfa.org\/wp-content\/uploads\/Start-der-Klasse-7-b.jpg 600w\" sizes=\"auto, (max-width: 150px) 100vw, 150px\" \/><\/a><figcaption id=\"caption-attachment-17378\" class=\"wp-caption-text\">D\u00e9part de la classe 7b<\/figcaption><\/figure>\n<figure id=\"attachment_17380\" aria-describedby=\"caption-attachment-17380\" style=\"width: 150px\" class=\"wp-caption alignright\"><a href=\"https:\/\/dfg-lfa.org\/wp-content\/uploads\/Start-der-Klasse-8-SL-2.jpg\"><img loading=\"lazy\" decoding=\"async\" class=\"size-thumbnail wp-image-17380  \" title=\"D\u00e9part de la classe 8SL2\" src=\"https:\/\/dfg-lfa.org\/wp-content\/uploads\/Start-der-Klasse-8-SL-2-150x104.jpg\" alt=\"Start der Klasse 8SL2\" width=\"150\" height=\"104\" srcset=\"https:\/\/dfg-lfa.org\/wp-content\/uploads\/Start-der-Klasse-8-SL-2-150x104.jpg 150w, https:\/\/dfg-lfa.org\/wp-content\/uploads\/Start-der-Klasse-8-SL-2-300x208.jpg 300w, https:\/\/dfg-lfa.org\/wp-content\/uploads\/Start-der-Klasse-8-SL-2-590x409.jpg 590w, https:\/\/dfg-lfa.org\/wp-content\/uploads\/Start-der-Klasse-8-SL-2.jpg 600w\" sizes=\"auto, (max-width: 150px) 100vw, 150px\" \/><\/a><figcaption id=\"caption-attachment-17380\" class=\"wp-caption-text\">D\u00e9part de la classe 8SL2<\/figcaption><\/figure>\n<p>Quelques chiffres\u00a0:<\/p>\n<ul>\n<li>La <strong>distance totale parcourue atteint 7470 km<\/strong>, ce qui, \u00e0 vol d\u2019oiseau, correspond \u00e0 la distance entre Sarrebruck et la Chine, la Sib\u00e9rie ou l\u2019Afrique de Sud\u00a0; ou encore \u00e0 la distance qui nous s\u00e9pare des Rocheuses ou du Br\u00e9sil!<\/li>\n<li>La <strong>performance moyenne par \u00e9l\u00e8ve est de 10,3 km<\/strong>.<\/li>\n<li>La <strong>plus grande distance parcourue par classe (7ff) est de 323 km<\/strong>, soit une course de relais allant du LFA aux portes de Paris, \u00e0 Bruxelles ou au Lac L\u00e9man.<\/li>\n<li>La classe de<strong> 7b<\/strong> s&rsquo;est illustr\u00e9e par ses <strong>12,5 km de moyenne kilom\u00e9trique<\/strong>, la meilleure de l&rsquo;\u00e9tablissement.<\/li>\n<li><a href=\"https:\/\/dfg-lfa.org\/wp-content\/uploads\/UNICEF-2012-Liste-15-km-Laufer.pdf\"><strong>154 \u00e9l\u00e8ves<\/strong><img loading=\"lazy\" decoding=\"async\" class=\"alignnone size-full wp-image-250\" src=\"https:\/\/dfg-lfa.org\/wp-content\/uploads\/pdf_logo.gif\" alt=\"\" width=\"13\" height=\"13\" \/><\/a> ont parcouru la distance maximale propos\u00e9e, soit <strong>15 km<\/strong>.<\/li>\n<li>Dans <strong>quatre classes<\/strong>, le <strong>montant des dons a d\u00e9pass\u00e9 les 1000 \u20ac<\/strong>, la <strong>classe de 6.1<\/strong> ayant atteint, cette ann\u00e9e, le record des dons avec ses <strong>1300,83 \u20ac<\/strong>.<\/li>\n<li>Depuis 2005, nos \u00e9l\u00e8ves ont d\u00e9j\u00e0 <strong>parcouru un total de 53000 km<\/strong> pour l\u2019UNICEF ou d\u2019autres \u0153uvres, soit plus que le tour de la Terre\u00a0!<\/li>\n<li>Et en tout, depuis 2005, nos \u00e9l\u00e8ves ont d\u00e9j\u00e0 rassembl\u00e9 quasiment <strong>110000 \u20ac <\/strong>en courant pour des bonnes \u0153uvres. Sur cette somme, le seul projet de l\u2019UNICEF \u00ab\u00a0Des \u00e9coles pour l\u2019Afrique\u00a0\u00bb a b\u00e9n\u00e9fici\u00e9 de 70000 \u20ac.<\/li>\n<\/ul>\n<p>Les chiffres de 10 ann\u00e9es de \u00ab\u00a0<strong>Run for Help<\/strong> \u00bb dans notre \u00e9tablissement :<\/p>\n<p><img loading=\"lazy\" decoding=\"async\" class=\"aligncenter size-large wp-image-17495\" title=\"statistique\" src=\"https:\/\/dfg-lfa.org\/wp-content\/uploads\/statistique-590x203.jpg\" alt=\"statistique\" width=\"590\" height=\"203\" srcset=\"https:\/\/dfg-lfa.org\/wp-content\/uploads\/statistique.jpg 590w, https:\/\/dfg-lfa.org\/wp-content\/uploads\/statistique-150x51.jpg 150w, https:\/\/dfg-lfa.org\/wp-content\/uploads\/statistique-300x103.jpg 300w\" sizes=\"auto, (max-width: 590px) 100vw, 590px\" \/><\/p>\n<p>Voici les \u00ab\u00a0Top 3\u00a0\u00bb de cette ann\u00e9e 2012\u00a0:<\/p>\n<p><strong>Total de kilom\u00e8tres parcourus par une classe :<\/strong><\/p>\n<p>323 km (7 ff)\u00a0!!!\t\t\t320 km (8 SL 2)\t\t314 km (6 ff)<\/p>\n<p><strong>Distance moyenne par \u00e9l\u00e8ve d\u2019une classe:<\/strong><\/p>\n<p>12,5 km (7 b) !!!\t\t\t12,4 km (8 S 1)\t\t\t12,1 km (8 SL 1)<\/p>\n<p><strong>Nombre de coureurs par longueur de parcours\u00a0:<\/strong><\/p>\n<p>15 km\u00a0: 154 coureurs \t\t\t12 km\u00a0: 113 coureurs<br \/>\n10 km\u00a0: 157 coureurs \t\t\t8 km\u00a0: 279 coureurs<\/p>\n<p><strong>Total des dons :<\/strong><\/p>\n<p>1.300,83  \u20ac    ( 6.1 )   !!!\t   &#8211;\t1.230,80  \u20ac   ( 6 ff  )\t   &#8211;\t1.200,00  \u20ac   ( 5 ff )<\/p>\n<p>Le concept des courses scolaires pour l\u2019UNICEF pr\u00e9voit que la moiti\u00e9 de l&rsquo;argent gagn\u00e9 dans le cadre d\u2019une course (soit 8790 \u20ac cette ann\u00e9e) reste \u00e0 l\u2019\u00e9tablissement organisateur pour y financer des projets sociaux, humanitaires ou individuels, l\u2019autre moiti\u00e9 \u00e9tant vers\u00e9e \u00e0 l\u2019UNICEF pour financer le projet \u00ab\u00a0Des \u00e9coles pour l\u2019Afrique\u00a0\u00bb.<\/p>\n<p>Ce projet \u00ab\u00a0Des \u00e9coles pour l&rsquo;Afrique\u00a0\u00bb, qui a \u00e9t\u00e9 mont\u00e9 par l&rsquo;UNICEF et la fondation \u00ab\u00a0Nelson Mandela\u00a0\u00bb, se fixe pour objectif de donner acc\u00e8s \u00e0 la scolarisation aux enfants de onze pays d&rsquo;Afrique (l\u2019Angola, le Burkina Faso, le Rwanda, le Zimbabwe, le Mozambique, Madagascar, le Mali, le Niger, l\u2019\u00c9thiopie et l\u2019Afrique du sud), et ceci en b\u00e2tissant des \u00e9coles dans les villages ou en les reconstruisant apr\u00e8s des conflits arm\u00e9s, en embauchant des enseignants et en mettant du mat\u00e9riel p\u00e9dagogique \u00e0 leur disposition.<\/p>\n<p>On trouvera des renseignements compl\u00e9mentaires sur ce projet en suivant ce lien\u00a0: www.unicef.de\/schulenfuerafrika.de<\/p>\n<p>Chaque enfant a droit \u00e0 une formation. Cependant dans les pays de l\u2019Afrique subsaharienne, c\u2019est presque un enfant sur trois qui ne va pas \u00e0 l\u2019\u00e9cole. Le but de la campagne de l\u2019UNICEF est de donner acc\u00e8s \u00e0 une bonne formation de base \u00e0 13 millions d\u2019enfants d\u2019ici 2015. Le projet \u00ab\u00a0Des \u00e9coles pour l\u2019Afrique\u00a0\u00bb s\u2019est d\u00e9j\u00e0 en partie r\u00e9alis\u00e9\u00a0: Gr\u00e2ce \u00e0 la campagne de l\u2019UNICEF, 5,5 millions d\u2019enfants ont d\u2019ores et d\u00e9j\u00e0 pu \u00eatre scolaris\u00e9s dans de bonnes conditions. Un magnifique bilan pour ces cinq premi\u00e8res ann\u00e9es de fonctionnement.<\/p>\n<p>Gr\u00e2ce au large soutien dont il b\u00e9n\u00e9ficie en Allemagne et dans d\u2019autres pays, l\u2019UNICEF a b\u00e2ti ou r\u00e9nov\u00e9 1100 \u00e9coles dans les pays concern\u00e9s par le projet. Presque mille \u00e9coles ont b\u00e9n\u00e9fici\u00e9 d\u2019un raccordement \u00e0 l\u2019eau courante, pr\u00e8s de 900 \u00e9coles de toilettes s\u00e9par\u00e9es pour les filles et les gar\u00e7ons. 2900 \u00e9coles ont \u00e9t\u00e9 \u00e9quip\u00e9es de nouvelles tables et de nouvelles chaises.<br \/>\nLes proviseurs du LFA et nous-m\u00eames, organisateurs de cette course, avons d\u00e9cid\u00e9, cette ann\u00e9e 2012 encore, de donner \u00e0 l&rsquo;UNICEF la plus grande part de la somme collect\u00e9e. La part des dons revenant \u00e0 l\u2019UNICEF a donc \u00e9t\u00e9 augment\u00e9e pour atteindre <strong>la somme de 10000 \u20ac<\/strong>.<\/p>\n<figure id=\"attachment_17395\" aria-describedby=\"caption-attachment-17395\" style=\"width: 150px\" class=\"wp-caption alignright\"><a href=\"https:\/\/dfg-lfa.org\/wp-content\/uploads\/unicef22.jpg\"><img loading=\"lazy\" decoding=\"async\" class=\"size-thumbnail wp-image-17395 \" src=\"https:\/\/dfg-lfa.org\/wp-content\/uploads\/unicef22-150x112.jpg\" alt=\" \" width=\"150\" height=\"112\" srcset=\"https:\/\/dfg-lfa.org\/wp-content\/uploads\/unicef22-150x112.jpg 150w, https:\/\/dfg-lfa.org\/wp-content\/uploads\/unicef22-300x225.jpg 300w, https:\/\/dfg-lfa.org\/wp-content\/uploads\/unicef22-590x442.jpg 590w, https:\/\/dfg-lfa.org\/wp-content\/uploads\/unicef22.jpg 600w\" sizes=\"auto, (max-width: 150px) 100vw, 150px\" \/><\/a><figcaption id=\"caption-attachment-17395\" class=\"wp-caption-text\"> <\/figcaption><\/figure>\n<figure id=\"attachment_17396\" aria-describedby=\"caption-attachment-17396\" style=\"width: 150px\" class=\"wp-caption alignright\"><a href=\"https:\/\/dfg-lfa.org\/wp-content\/uploads\/unicef31.jpg\"><img loading=\"lazy\" decoding=\"async\" class=\"size-thumbnail wp-image-17396\" title=\" \" src=\"https:\/\/dfg-lfa.org\/wp-content\/uploads\/unicef31-150x112.jpg\" alt=\"\" width=\"150\" height=\"112\" srcset=\"https:\/\/dfg-lfa.org\/wp-content\/uploads\/unicef31-150x112.jpg 150w, https:\/\/dfg-lfa.org\/wp-content\/uploads\/unicef31-300x225.jpg 300w, https:\/\/dfg-lfa.org\/wp-content\/uploads\/unicef31-590x442.jpg 590w, https:\/\/dfg-lfa.org\/wp-content\/uploads\/unicef31.jpg 600w\" sizes=\"auto, (max-width: 150px) 100vw, 150px\" \/><\/a><figcaption id=\"caption-attachment-17396\" class=\"wp-caption-text\"> <\/figcaption><\/figure>\n<p><strong>Nous tenons, cette ann\u00e9e encore, \u00e0 adresser nos sinc\u00e8res remerciements:<\/strong><\/p>\n<ul>\n<li>\u00e0 tous les coureurs, participants et donateurs<\/li>\n<li>aux membres actifs d&rsquo;ALFA pour les supers en-cas et boissons offerts aux coureurs<\/li>\n<li>au club UNICEF du LFA pour son aide<\/li>\n<li>\u00e0 tous les \u00e9l\u00e8ves de seconde qui nous ont aid\u00e9s \u00e0 encadrer l\u2019\u00e9v\u00e9nement<\/li>\n<li>aux \u00e9l\u00e8ves secouristes pr\u00e9sents<\/li>\n<li>\u00e0 nos secr\u00e9taires Mme M\u00fcller et Mme Walter pour le travail que leur donne la collecte de tout cet argent\u00a0!<\/li>\n<li>\u00e0 tous les professeurs principaux et aux professeurs de sport pour leur aide<\/li>\n<\/ul>\n<figure id=\"attachment_17398\" aria-describedby=\"caption-attachment-17398\" style=\"width: 150px\" class=\"wp-caption alignleft\"><a href=\"https:\/\/dfg-lfa.org\/wp-content\/uploads\/unicef4.jpg\"><img loading=\"lazy\" decoding=\"async\" class=\"size-thumbnail wp-image-17398\" src=\"https:\/\/dfg-lfa.org\/wp-content\/uploads\/unicef4-150x112.jpg\" alt=\" \" width=\"150\" height=\"112\" srcset=\"https:\/\/dfg-lfa.org\/wp-content\/uploads\/unicef4-150x112.jpg 150w, https:\/\/dfg-lfa.org\/wp-content\/uploads\/unicef4-300x225.jpg 300w, https:\/\/dfg-lfa.org\/wp-content\/uploads\/unicef4-590x442.jpg 590w, https:\/\/dfg-lfa.org\/wp-content\/uploads\/unicef4.jpg 600w\" sizes=\"auto, (max-width: 150px) 100vw, 150px\" \/><\/a><figcaption id=\"caption-attachment-17398\" class=\"wp-caption-text\"> <\/figcaption><\/figure>\n<figure id=\"attachment_17399\" aria-describedby=\"caption-attachment-17399\" style=\"width: 150px\" class=\"wp-caption alignleft\"><a href=\"https:\/\/dfg-lfa.org\/wp-content\/uploads\/unicef5.jpg\"><img loading=\"lazy\" decoding=\"async\" class=\"size-thumbnail wp-image-17399\" src=\"https:\/\/dfg-lfa.org\/wp-content\/uploads\/unicef5-150x112.jpg\" alt=\" \" width=\"150\" height=\"112\" srcset=\"https:\/\/dfg-lfa.org\/wp-content\/uploads\/unicef5-150x112.jpg 150w, https:\/\/dfg-lfa.org\/wp-content\/uploads\/unicef5-300x225.jpg 300w, https:\/\/dfg-lfa.org\/wp-content\/uploads\/unicef5-590x442.jpg 590w, https:\/\/dfg-lfa.org\/wp-content\/uploads\/unicef5.jpg 600w\" sizes=\"auto, (max-width: 150px) 100vw, 150px\" \/><\/a><figcaption id=\"caption-attachment-17399\" class=\"wp-caption-text\"> <\/figcaption><\/figure>\n<p>La course pour l&rsquo;UNICEF de 2013 aura de nouveau lieu juste avant les vacances de la Toussaint (vendredi 18\/10\/2013) et concernera encore, l\u2019ann\u00e9e prochaine, les \u00e9l\u00e8ves de CM2 et tous les \u00e9l\u00e8ves de coll\u00e8ge.\n<\/p>\n<p style=\"text-align: right;\"><em>Marcus Boese (pour les organisateurs)<\/em><\/p>\n<p style=\"text-align: left;\"><a href=\"https:\/\/dfg-lfa.org\/wp-content\/uploads\/DFG-hilft-mit-110000-Euro-Gutes-zu-tun.pdf\">\u00bb <\/a><a href=\"https:\/\/dfg-lfa.org\/wp-content\/uploads\/DFG-hilft-mit-110000-Euro-Gutes-zu-tun.pdf\">Lire l&rsquo;article du Saarbr\u00fccker Zeitung du 28 d\u00e9cembre 2012<img loading=\"lazy\" decoding=\"async\" class=\"alignnone size-full wp-image-250\" src=\"https:\/\/dfg-lfa.org\/wp-content\/uploads\/pdf_logo.gif\" alt=\"\" width=\"13\" height=\"13\" \/><\/a><em><br \/>\n<\/em><\/p>\n<div class=\"shariff shariff-align-left shariff-widget-align-left shariff-buttonstretch\" style=\"display:none\"><ul class=\"shariff-buttons theme-white orientation-horizontal buttonsize-medium\"><li class=\"shariff-button facebook shariff-nocustomcolor\" style=\"background-color:#4273c8\"><a href=\"https:\/\/www.facebook.com\/sharer\/sharer.php?u=https%3A%2F%2Fdfg-lfa.org%2Ffr%2F2012%2F12%2Fbericht-zum-unicef-lauf-2012%2F\" title=\"Envoyer par Facebook\" aria-label=\"Envoyer par Facebook\" role=\"button\" rel=\"nofollow\" class=\"shariff-link\" style=\"; background-color:#3b5998; color:#3b5998\" target=\"_blank\"><span class=\"shariff-icon\" style=\"fill:#3b5998\"><svg width=\"32px\" height=\"20px\" xmlns=\"http:\/\/www.w3.org\/2000\/svg\" viewBox=\"0 0 18 32\"><path fill=\"#3b5998\" d=\"M17.1 0.2v4.7h-2.8q-1.5 0-2.1 0.6t-0.5 1.9v3.4h5.2l-0.7 5.3h-4.5v13.6h-5.5v-13.6h-4.5v-5.3h4.5v-3.9q0-3.3 1.9-5.2t5-1.8q2.6 0 4.1 0.2z\"\/><\/svg><\/span><span class=\"shariff-text\" style=\"color:#3b5998\">partager<\/span>&nbsp;<\/a><\/li><li class=\"shariff-button whatsapp shariff-nocustomcolor\" style=\"background-color:#5cbe4a\"><a href=\"https:\/\/api.whatsapp.com\/send?text=https%3A%2F%2Fdfg-lfa.org%2Ffr%2F2012%2F12%2Fbericht-zum-unicef-lauf-2012%2F%20Les%20chiffres%20de%20l%E2%80%99%C3%A9dition%202012%20de%20la%20course%20de%20l%E2%80%99UNICEF\" title=\"Envoyer par Whatsapp\" aria-label=\"Envoyer par Whatsapp\" role=\"button\" rel=\"noopener nofollow\" class=\"shariff-link\" style=\"; background-color:#34af23; color:#34af23\" target=\"_blank\"><span class=\"shariff-icon\" style=\"fill:#34af23\"><svg width=\"32px\" height=\"20px\" xmlns=\"http:\/\/www.w3.org\/2000\/svg\" viewBox=\"0 0 32 32\"><path fill=\"#34af23\" d=\"M17.6 17.4q0.2 0 1.7 0.8t1.6 0.9q0 0.1 0 0.3 0 0.6-0.3 1.4-0.3 0.7-1.3 1.2t-1.8 0.5q-1 0-3.4-1.1-1.7-0.8-3-2.1t-2.6-3.3q-1.3-1.9-1.3-3.5v-0.1q0.1-1.6 1.3-2.8 0.4-0.4 0.9-0.4 0.1 0 0.3 0t0.3 0q0.3 0 0.5 0.1t0.3 0.5q0.1 0.4 0.6 1.6t0.4 1.3q0 0.4-0.6 1t-0.6 0.8q0 0.1 0.1 0.3 0.6 1.3 1.8 2.4 1 0.9 2.7 1.8 0.2 0.1 0.4 0.1 0.3 0 1-0.9t0.9-0.9zM14 26.9q2.3 0 4.3-0.9t3.6-2.4 2.4-3.6 0.9-4.3-0.9-4.3-2.4-3.6-3.6-2.4-4.3-0.9-4.3 0.9-3.6 2.4-2.4 3.6-0.9 4.3q0 3.6 2.1 6.6l-1.4 4.2 4.3-1.4q2.8 1.9 6.2 1.9zM14 2.2q2.7 0 5.2 1.1t4.3 2.9 2.9 4.3 1.1 5.2-1.1 5.2-2.9 4.3-4.3 2.9-5.2 1.1q-3.5 0-6.5-1.7l-7.4 2.4 2.4-7.2q-1.9-3.2-1.9-6.9 0-2.7 1.1-5.2t2.9-4.3 4.3-2.9 5.2-1.1z\"\/><\/svg><\/span><span class=\"shariff-text\" style=\"color:#34af23\">partager<\/span>&nbsp;<\/a><\/li><li class=\"shariff-button threema shariff-nocustomcolor shariff-mobile\" style=\"background-color:#4fbc24\"><a href=\"threema:\/\/compose?text=Les%20chiffres%20de%20l%E2%80%99%C3%A9dition%202012%20de%20la%20course%20de%20l%E2%80%99UNICEF%20https%3A%2F%2Fdfg-lfa.org%2Ffr%2F2012%2F12%2Fbericht-zum-unicef-lauf-2012%2F\" title=\"Envoyer par Threema\" aria-label=\"Envoyer par Threema\" role=\"button\" rel=\"noopener nofollow\" class=\"shariff-link\" style=\"; background-color:#1f1f1f; color:#1f1f1f\" target=\"_blank\"><span class=\"shariff-icon\" style=\"fill:#1f1f1f\"><svg width=\"32px\" height=\"20px\" xmlns=\"http:\/\/www.w3.org\/2000\/svg\" viewBox=\"0 0 32 32\"><path fill=\"#1f1f1f\" d=\"M30.8 10.9c-0.3-1.4-0.9-2.6-1.8-3.8-2-2.6-5.5-4.5-9.4-5.2-1.3-0.2-1.9-0.3-3.5-0.3s-2.2 0-3.5 0.3c-4 0.7-7.4 2.6-9.4 5.2-0.9 1.2-1.5 2.4-1.8 3.8-0.1 0.5-0.2 1.2-0.2 1.6 0 0.4 0.1 1.1 0.2 1.6 0.4 1.9 1.3 3.4 2.9 5 0.8 0.8 0.8 0.8 0.7 1.3 0 0.6-0.5 1.6-1.7 3.6-0.3 0.5-0.5 0.9-0.5 0.9 0 0.1 0.1 0.1 0.5 0 0.8-0.2 2.3-0.6 5.6-1.6 1.1-0.3 1.3-0.4 2.3-0.4 0.8 0 1.1 0 2.3 0.2 1.5 0.2 3.5 0.2 4.9 0 5.1-0.6 9.3-2.9 11.4-6.3 0.5-0.9 0.9-1.8 1.1-2.8 0.1-0.5 0.2-1.1 0.2-1.6 0-0.7-0.1-1.1-0.2-1.6-0.3-1.4 0.1 0.5 0 0zM20.6 17.3c0 0.4-0.4 0.8-0.8 0.8h-7.7c-0.4 0-0.8-0.4-0.8-0.8v-4.6c0-0.4 0.4-0.8 0.8-0.8h0.2l0-1.6c0-0.9 0-1.8 0.1-2 0.1-0.6 0.6-1.2 1.1-1.7s1.1-0.7 1.9-0.8c1.8-0.3 3.7 0.7 4.2 2.2 0.1 0.3 0.1 0.7 0.1 2.1v0 1.7h0.1c0.4 0 0.8 0.4 0.8 0.8v4.6zM15.6 7.3c-0.5 0.1-0.8 0.3-1.2 0.6s-0.6 0.8-0.7 1.3c0 0.2 0 0.8 0 1.5l0 1.2h4.6v-1.3c0-1 0-1.4-0.1-1.6-0.3-1.1-1.5-1.9-2.6-1.7zM25.8 28.2c0 1.2-1 2.2-2.1 2.2s-2.1-1-2.1-2.1c0-1.2 1-2.1 2.2-2.1s2.2 1 2.2 2.2zM18.1 28.2c0 1.2-1 2.2-2.1 2.2s-2.1-1-2.1-2.1c0-1.2 1-2.1 2.2-2.1s2.2 1 2.2 2.2zM10.4 28.2c0 1.2-1 2.2-2.1 2.2s-2.1-1-2.1-2.1c0-1.2 1-2.1 2.2-2.1s2.2 1 2.2 2.2z\"\/><\/svg><\/span><span class=\"shariff-text\" style=\"color:#1f1f1f\">partager<\/span>&nbsp;<\/a><\/li><li class=\"shariff-button mastodon shariff-nocustomcolor\" style=\"background-color:#563ACC\"><a href=\"https:\/\/s2f.kytta.dev\/?text=Les%20chiffres%20de%20l%E2%80%99%C3%A9dition%202012%20de%20la%20course%20de%20l%E2%80%99UNICEF https%3A%2F%2Fdfg-lfa.org%2Ffr%2F2012%2F12%2Fbericht-zum-unicef-lauf-2012%2F\" title=\"Envoyer par Mastodon\" aria-label=\"Envoyer par Mastodon\" role=\"button\" rel=\"noopener nofollow\" class=\"shariff-link\" style=\"; background-color:#6364FF; color:#6364FF\" target=\"_blank\"><span class=\"shariff-icon\" style=\"fill:#6364FF\"><svg width=\"75\" height=\"79\" viewBox=\"0 0 75 79\" fill=\"none\" xmlns=\"http:\/\/www.w3.org\/2000\/svg\"><path d=\"M37.813-.025C32.462-.058 27.114.13 21.79.598c-8.544.621-17.214 5.58-20.203 13.931C-1.12 23.318.408 32.622.465 41.65c.375 7.316.943 14.78 3.392 21.73 4.365 9.465 14.781 14.537 24.782 15.385 7.64.698 15.761-.213 22.517-4.026a54.1 54.1 0 0 0 .01-6.232c-6.855 1.316-14.101 2.609-21.049 1.074-3.883-.88-6.876-4.237-7.25-8.215-1.53-3.988 3.78-.43 5.584-.883 9.048 1.224 18.282.776 27.303-.462 7.044-.837 14.26-4.788 16.65-11.833 2.263-6.135 1.215-12.79 1.698-19.177.06-3.84.09-7.692-.262-11.52C72.596 7.844 63.223.981 53.834.684a219.453 219.453 0 0 0-16.022-.71zm11.294 12.882c5.5-.067 10.801 4.143 11.67 9.653.338 1.48.471 3 .471 4.515v21.088h-8.357c-.07-7.588.153-15.182-.131-22.765-.587-4.368-7.04-5.747-9.672-2.397-2.422 3.04-1.47 7.155-1.67 10.735v6.392h-8.307c-.146-4.996.359-10.045-.404-15.002-1.108-4.218-7.809-5.565-10.094-1.666-1.685 3.046-.712 6.634-.976 9.936v14.767h-8.354c.109-8.165-.238-16.344.215-24.5.674-5.346 5.095-10.389 10.676-10.627 4.902-.739 10.103 2.038 12.053 6.631.375 1.435 1.76 1.932 1.994.084 1.844-3.704 5.501-6.739 9.785-6.771.367-.044.735-.068 1.101-.073z\"\/><defs><linearGradient id=\"paint0_linear_549_34\" x1=\"37.0692\" y1=\"0\" x2=\"37.0692\" y2=\"79\" gradientUnits=\"userSpaceOnUse\"><stop stop-color=\"#6364FF\"\/><stop offset=\"1\" stop-color=\"#563ACC\"\/><\/linearGradient><\/defs><\/svg><\/span><span class=\"shariff-text\" style=\"color:#6364FF\">partager<\/span>&nbsp;<\/a><\/li><li class=\"shariff-button mailto shariff-nocustomcolor\" style=\"background-color:#a8a8a8\"><a href=\"mailto:?body=https%3A%2F%2Fdfg-lfa.org%2Ffr%2F2012%2F12%2Fbericht-zum-unicef-lauf-2012%2F&subject=Les%20chiffres%20de%20l%E2%80%99%C3%A9dition%202012%20de%20la%20course%20de%20l%E2%80%99UNICEF\" title=\"Envoyer par courriel\" aria-label=\"Envoyer par courriel\" role=\"button\" rel=\"noopener nofollow\" class=\"shariff-link\" style=\"; background-color:#999; color:#999\"><span class=\"shariff-icon\" style=\"fill:#999\"><svg width=\"32px\" height=\"20px\" xmlns=\"http:\/\/www.w3.org\/2000\/svg\" viewBox=\"0 0 32 32\"><path fill=\"#999\" d=\"M32 12.7v14.2q0 1.2-0.8 2t-2 0.9h-26.3q-1.2 0-2-0.9t-0.8-2v-14.2q0.8 0.9 1.8 1.6 6.5 4.4 8.9 6.1 1 0.8 1.6 1.2t1.7 0.9 2 0.4h0.1q0.9 0 2-0.4t1.7-0.9 1.6-1.2q3-2.2 8.9-6.1 1-0.7 1.8-1.6zM32 7.4q0 1.4-0.9 2.7t-2.2 2.2q-6.7 4.7-8.4 5.8-0.2 0.1-0.7 0.5t-1 0.7-0.9 0.6-1.1 0.5-0.9 0.2h-0.1q-0.4 0-0.9-0.2t-1.1-0.5-0.9-0.6-1-0.7-0.7-0.5q-1.6-1.1-4.7-3.2t-3.6-2.6q-1.1-0.7-2.1-2t-1-2.5q0-1.4 0.7-2.3t2.1-0.9h26.3q1.2 0 2 0.8t0.9 2z\"\/><\/svg><\/span><span class=\"shariff-text\" style=\"color:#999\">courriel<\/span>&nbsp;<\/a><\/li><li class=\"shariff-button info shariff-nocustomcolor\" style=\"background-color:#a8a8a8\"><a href=\"http:\/\/ct.de\/-2467514\" title=\"Datenschutz-Infos\" aria-label=\"Datenschutz-Infos\" role=\"button\" rel=\"noopener \" class=\"shariff-link\" style=\"; background-color:#999; color:#999\" target=\"_blank\"><span class=\"shariff-icon\" style=\"fill:#999\"><svg width=\"32px\" height=\"20px\" xmlns=\"http:\/\/www.w3.org\/2000\/svg\" viewBox=\"0 0 11 32\"><path fill=\"#999\" d=\"M11.4 24v2.3q0 0.5-0.3 0.8t-0.8 0.4h-9.1q-0.5 0-0.8-0.4t-0.4-0.8v-2.3q0-0.5 0.4-0.8t0.8-0.4h1.1v-6.8h-1.1q-0.5 0-0.8-0.4t-0.4-0.8v-2.3q0-0.5 0.4-0.8t0.8-0.4h6.8q0.5 0 0.8 0.4t0.4 0.8v10.3h1.1q0.5 0 0.8 0.4t0.3 0.8zM9.2 3.4v3.4q0 0.5-0.4 0.8t-0.8 0.4h-4.6q-0.4 0-0.8-0.4t-0.4-0.8v-3.4q0-0.4 0.4-0.8t0.8-0.4h4.6q0.5 0 0.8 0.4t0.4 0.8z\"\/><\/svg><\/span><\/a><\/li><\/ul><\/div>","protected":false},"excerpt":{"rendered":"<p>Apr\u00e8s les excellents r\u00e9sultats des courses de ces derni\u00e8res ann\u00e9es, la course de 2012 a \u00e9t\u00e9, \u00e0 son tour, un vrai succ\u00e8s et traduit l&rsquo;engagement \u00e0 la fois sportif et social de nos \u00e9l\u00e8ves. C&rsquo;est sous un ciel cl\u00e9ment que les 706 participants \u00e0 la course issus des classes du &hellip;<\/p>\n","protected":false},"author":2,"featured_media":17378,"comment_status":"closed","ping_status":"closed","sticky":false,"template":"","format":"standard","meta":{"inline_featured_image":false,"footnotes":""},"categories":[3,63],"tags":[345,586,365,344],"class_list":["post-17364","post","type-post","status-publish","format-standard","has-post-thumbnail","hentry","category-schule-aktuell","category-unicef","tag-course-de-lunicef","tag-run-for-unicef","tag-unicef","tag-unicef-spendenlauf"],"yoast_head":"<!-- This site is optimized with the Yoast SEO plugin v27.4 - https:\/\/yoast.com\/product\/yoast-seo-wordpress\/ -->\n<title>Bericht zum UNICEF-Lauf 2012Les chiffres de l\u2019\u00e9dition 2012 de la course de l\u2019UNICEF - Lyc\u00e9e Franco-Allemand de Sarrebruck<\/title>\n<meta name=\"robots\" content=\"index, follow, max-snippet:-1, max-image-preview:large, max-video-preview:-1\" \/>\n<link rel=\"canonical\" href=\"https:\/\/dfg-lfa.org\/fr\/2012\/12\/bericht-zum-unicef-lauf-2012\/\" \/>\n<meta property=\"og:locale\" content=\"fr_FR\" \/>\n<meta property=\"og:type\" content=\"article\" \/>\n<meta property=\"og:title\" content=\"Bericht zum UNICEF-Lauf 2012Les chiffres de l\u2019\u00e9dition 2012 de la course de l\u2019UNICEF - Lyc\u00e9e Franco-Allemand de Sarrebruck\" \/>\n<meta property=\"og:description\" content=\"Apr\u00e8s les excellents r\u00e9sultats des courses de ces derni\u00e8res ann\u00e9es, la course de 2012 a \u00e9t\u00e9, \u00e0 son tour, un vrai succ\u00e8s et traduit l&rsquo;engagement \u00e0 la fois sportif et social de nos \u00e9l\u00e8ves. C&rsquo;est sous un ciel cl\u00e9ment que les 706 participants \u00e0 la course issus des classes du &hellip;\" \/>\n<meta property=\"og:url\" content=\"https:\/\/dfg-lfa.org\/fr\/2012\/12\/bericht-zum-unicef-lauf-2012\/\" \/>\n<meta property=\"og:site_name\" content=\"Lyc\u00e9e Franco-Allemand de Sarrebruck\" \/>\n<meta property=\"article:publisher\" content=\"https:\/\/www.facebook.com\/dfglfa\/\" \/>\n<meta property=\"article:published_time\" content=\"2012-12-19T22:59:47+00:00\" \/>\n<meta property=\"article:modified_time\" content=\"2023-02-23T09:29:50+00:00\" \/>\n<meta property=\"og:image\" content=\"https:\/\/dfg-lfa.org\/wp-content\/uploads\/Start-der-Klasse-7-b.jpg\" \/>\n\t<meta property=\"og:image:width\" content=\"600\" \/>\n\t<meta property=\"og:image:height\" content=\"416\" \/>\n\t<meta property=\"og:image:type\" content=\"image\/jpeg\" \/>\n<meta name=\"author\" content=\"Administrator\" \/>\n<meta name=\"twitter:card\" content=\"summary_large_image\" \/>\n<meta name=\"twitter:creator\" content=\"@DFGLFA\" \/>\n<meta name=\"twitter:site\" content=\"@DFGLFA\" \/>\n<meta name=\"twitter:label1\" content=\"\u00c9crit par\" \/>\n\t<meta name=\"twitter:data1\" content=\"Administrator\" \/>\n\t<meta name=\"twitter:label2\" content=\"Dur\u00e9e de lecture estim\u00e9e\" \/>\n\t<meta name=\"twitter:data2\" content=\"10 minutes\" \/>\n<script type=\"application\/ld+json\" class=\"yoast-schema-graph\">{\"@context\":\"https:\\\/\\\/schema.org\",\"@graph\":[{\"@type\":\"Article\",\"@id\":\"https:\\\/\\\/dfg-lfa.org\\\/2012\\\/12\\\/bericht-zum-unicef-lauf-2012\\\/#article\",\"isPartOf\":{\"@id\":\"https:\\\/\\\/dfg-lfa.org\\\/2012\\\/12\\\/bericht-zum-unicef-lauf-2012\\\/\"},\"author\":{\"name\":\"Administrator\",\"@id\":\"https:\\\/\\\/dfg-lfa.org\\\/#\\\/schema\\\/person\\\/a8fe67fb1ec6d85c85d21daf2d68fa69\"},\"headline\":\"Les chiffres de l\u2019\u00e9dition 2012 de la course de l\u2019UNICEF\",\"datePublished\":\"2012-12-19T22:59:47+00:00\",\"dateModified\":\"2023-02-23T09:29:50+00:00\",\"mainEntityOfPage\":{\"@id\":\"https:\\\/\\\/dfg-lfa.org\\\/2012\\\/12\\\/bericht-zum-unicef-lauf-2012\\\/\"},\"wordCount\":1952,\"publisher\":{\"@id\":\"https:\\\/\\\/dfg-lfa.org\\\/#organization\"},\"image\":{\"@id\":\"https:\\\/\\\/dfg-lfa.org\\\/2012\\\/12\\\/bericht-zum-unicef-lauf-2012\\\/#primaryimage\"},\"thumbnailUrl\":\"https:\\\/\\\/dfg-lfa.org\\\/wp-content\\\/uploads\\\/Start-der-Klasse-7-b.jpg\",\"keywords\":[\"Course de l'UNICEF\",\"Run for UNICEF\",\"Unicef\",\"UNICEF-Spendenlauf\"],\"articleSection\":[\"Actualit\u00e9s\",\"UNICEF\"],\"inLanguage\":\"fr-FR\"},{\"@type\":\"WebPage\",\"@id\":\"https:\\\/\\\/dfg-lfa.org\\\/fr\\\/2012\\\/12\\\/bericht-zum-unicef-lauf-2012\\\/\",\"url\":\"https:\\\/\\\/dfg-lfa.org\\\/fr\\\/2012\\\/12\\\/bericht-zum-unicef-lauf-2012\\\/\",\"name\":\"Bericht zum UNICEF-Lauf 2012Les chiffres de l\u2019\u00e9dition 2012 de la course de l\u2019UNICEF - Lyc\u00e9e Franco-Allemand de Sarrebruck\",\"isPartOf\":{\"@id\":\"https:\\\/\\\/dfg-lfa.org\\\/fr\\\/#website\"},\"primaryImageOfPage\":{\"@id\":\"https:\\\/\\\/dfg-lfa.org\\\/fr\\\/2012\\\/12\\\/bericht-zum-unicef-lauf-2012\\\/#primaryimage\"},\"image\":{\"@id\":\"https:\\\/\\\/dfg-lfa.org\\\/2012\\\/12\\\/bericht-zum-unicef-lauf-2012\\\/#primaryimage\"},\"thumbnailUrl\":\"https:\\\/\\\/dfg-lfa.org\\\/wp-content\\\/uploads\\\/Start-der-Klasse-7-b.jpg\",\"datePublished\":\"2012-12-19T22:59:47+00:00\",\"dateModified\":\"2023-02-23T09:29:50+00:00\",\"breadcrumb\":{\"@id\":\"https:\\\/\\\/dfg-lfa.org\\\/fr\\\/2012\\\/12\\\/bericht-zum-unicef-lauf-2012\\\/#breadcrumb\"},\"inLanguage\":\"fr-FR\",\"potentialAction\":[{\"@type\":\"ReadAction\",\"target\":[[\"https:\\\/\\\/dfg-lfa.org\\\/fr\\\/2012\\\/12\\\/bericht-zum-unicef-lauf-2012\\\/\"]]}]},{\"@type\":\"ImageObject\",\"inLanguage\":\"fr-FR\",\"@id\":\"https:\\\/\\\/dfg-lfa.org\\\/fr\\\/2012\\\/12\\\/bericht-zum-unicef-lauf-2012\\\/#primaryimage\",\"url\":\"https:\\\/\\\/dfg-lfa.org\\\/wp-content\\\/uploads\\\/Start-der-Klasse-7-b.jpg\",\"contentUrl\":\"https:\\\/\\\/dfg-lfa.org\\\/wp-content\\\/uploads\\\/Start-der-Klasse-7-b.jpg\",\"width\":600,\"height\":416,\"caption\":\"Start der Klasse 7b\"},{\"@type\":\"BreadcrumbList\",\"@id\":\"https:\\\/\\\/dfg-lfa.org\\\/fr\\\/2012\\\/12\\\/bericht-zum-unicef-lauf-2012\\\/#breadcrumb\",\"itemListElement\":[{\"@type\":\"ListItem\",\"position\":1,\"name\":\"Startseite\",\"item\":\"https:\\\/\\\/dfg-lfa.org\\\/fr\\\/\"},{\"@type\":\"ListItem\",\"position\":2,\"name\":\"Bericht zum UNICEF-Lauf 2012\"}]},{\"@type\":\"WebSite\",\"@id\":\"https:\\\/\\\/dfg-lfa.org\\\/fr\\\/#website\",\"url\":\"https:\\\/\\\/dfg-lfa.org\\\/fr\\\/\",\"name\":\"Lyc\u00e9e Franco-Allemand de Sarrebruck\",\"description\":\"Einander begegnen \u2013 Avancer ensemble \u2013 We make Europe happen\",\"publisher\":{\"@id\":\"https:\\\/\\\/dfg-lfa.org\\\/fr\\\/#organization\"},\"potentialAction\":[{\"@type\":\"SearchAction\",\"target\":{\"@type\":\"EntryPoint\",\"urlTemplate\":\"https:\\\/\\\/dfg-lfa.org\\\/fr\\\/?s={search_term_string}\"},\"query-input\":{\"@type\":\"PropertyValueSpecification\",\"valueRequired\":true,\"valueName\":\"search_term_string\"}}],\"inLanguage\":\"fr-FR\"},{\"@type\":\"Organization\",\"@id\":\"https:\\\/\\\/dfg-lfa.org\\\/fr\\\/#organization\",\"name\":\"Deutsch-Franz\u00f6sisches Gymnasium Saarbr\u00fccken\",\"url\":\"https:\\\/\\\/dfg-lfa.org\\\/fr\\\/\",\"logo\":{\"@type\":\"ImageObject\",\"inLanguage\":\"fr-FR\",\"@id\":\"https:\\\/\\\/dfg-lfa.org\\\/fr\\\/#\\\/schema\\\/logo\\\/image\\\/\",\"url\":\"https:\\\/\\\/dfg-lfa.org\\\/wp-content\\\/uploads\\\/DFG-logo.png\",\"contentUrl\":\"https:\\\/\\\/dfg-lfa.org\\\/wp-content\\\/uploads\\\/DFG-logo.png\",\"width\":200,\"height\":77,\"caption\":\"Deutsch-Franz\u00f6sisches Gymnasium Saarbr\u00fccken\"},\"image\":{\"@id\":\"https:\\\/\\\/dfg-lfa.org\\\/fr\\\/#\\\/schema\\\/logo\\\/image\\\/\"},\"sameAs\":[\"https:\\\/\\\/www.facebook.com\\\/dfglfa\\\/\",\"https:\\\/\\\/x.com\\\/DFGLFA\",\"https:\\\/\\\/www.instagram.com\\\/dfg_lfa_saarbruecken\\\/\",\"https:\\\/\\\/www.youtube.com\\\/channel\\\/UCoxV4_gnJ3blV1U7iOjCV7w\\\/\",\"https:\\\/\\\/de.wikipedia.org\\\/wiki\\\/Deutsch-Franz\u00f6sisches_Gymnasium_in_Saarbr\u00fccken\"]},{\"@type\":\"Person\",\"@id\":\"https:\\\/\\\/dfg-lfa.org\\\/#\\\/schema\\\/person\\\/a8fe67fb1ec6d85c85d21daf2d68fa69\",\"name\":\"Administrator\"}]}<\/script>\n<!-- \/ Yoast SEO plugin. -->","yoast_head_json":{"title":"Bericht zum UNICEF-Lauf 2012Les chiffres de l\u2019\u00e9dition 2012 de la course de l\u2019UNICEF - Lyc\u00e9e Franco-Allemand de Sarrebruck","robots":{"index":"index","follow":"follow","max-snippet":"max-snippet:-1","max-image-preview":"max-image-preview:large","max-video-preview":"max-video-preview:-1"},"canonical":"https:\/\/dfg-lfa.org\/fr\/2012\/12\/bericht-zum-unicef-lauf-2012\/","og_locale":"fr_FR","og_type":"article","og_title":"Bericht zum UNICEF-Lauf 2012Les chiffres de l\u2019\u00e9dition 2012 de la course de l\u2019UNICEF - Lyc\u00e9e Franco-Allemand de Sarrebruck","og_description":"Apr\u00e8s les excellents r\u00e9sultats des courses de ces derni\u00e8res ann\u00e9es, la course de 2012 a \u00e9t\u00e9, \u00e0 son tour, un vrai succ\u00e8s et traduit l&rsquo;engagement \u00e0 la fois sportif et social de nos \u00e9l\u00e8ves. C&rsquo;est sous un ciel cl\u00e9ment que les 706 participants \u00e0 la course issus des classes du &hellip;","og_url":"https:\/\/dfg-lfa.org\/fr\/2012\/12\/bericht-zum-unicef-lauf-2012\/","og_site_name":"Lyc\u00e9e Franco-Allemand de Sarrebruck","article_publisher":"https:\/\/www.facebook.com\/dfglfa\/","article_published_time":"2012-12-19T22:59:47+00:00","article_modified_time":"2023-02-23T09:29:50+00:00","og_image":[{"width":600,"height":416,"url":"https:\/\/dfg-lfa.org\/wp-content\/uploads\/Start-der-Klasse-7-b.jpg","type":"image\/jpeg"}],"author":"Administrator","twitter_card":"summary_large_image","twitter_creator":"@DFGLFA","twitter_site":"@DFGLFA","twitter_misc":{"\u00c9crit par":"Administrator","Dur\u00e9e de lecture estim\u00e9e":"10 minutes"},"schema":{"@context":"https:\/\/schema.org","@graph":[{"@type":"Article","@id":"https:\/\/dfg-lfa.org\/2012\/12\/bericht-zum-unicef-lauf-2012\/#article","isPartOf":{"@id":"https:\/\/dfg-lfa.org\/2012\/12\/bericht-zum-unicef-lauf-2012\/"},"author":{"name":"Administrator","@id":"https:\/\/dfg-lfa.org\/#\/schema\/person\/a8fe67fb1ec6d85c85d21daf2d68fa69"},"headline":"Les chiffres de l\u2019\u00e9dition 2012 de la course de l\u2019UNICEF","datePublished":"2012-12-19T22:59:47+00:00","dateModified":"2023-02-23T09:29:50+00:00","mainEntityOfPage":{"@id":"https:\/\/dfg-lfa.org\/2012\/12\/bericht-zum-unicef-lauf-2012\/"},"wordCount":1952,"publisher":{"@id":"https:\/\/dfg-lfa.org\/#organization"},"image":{"@id":"https:\/\/dfg-lfa.org\/2012\/12\/bericht-zum-unicef-lauf-2012\/#primaryimage"},"thumbnailUrl":"https:\/\/dfg-lfa.org\/wp-content\/uploads\/Start-der-Klasse-7-b.jpg","keywords":["Course de l'UNICEF","Run for UNICEF","Unicef","UNICEF-Spendenlauf"],"articleSection":["Actualit\u00e9s","UNICEF"],"inLanguage":"fr-FR"},{"@type":"WebPage","@id":"https:\/\/dfg-lfa.org\/fr\/2012\/12\/bericht-zum-unicef-lauf-2012\/","url":"https:\/\/dfg-lfa.org\/fr\/2012\/12\/bericht-zum-unicef-lauf-2012\/","name":"Bericht zum UNICEF-Lauf 2012Les chiffres de l\u2019\u00e9dition 2012 de la course de l\u2019UNICEF - Lyc\u00e9e Franco-Allemand de Sarrebruck","isPartOf":{"@id":"https:\/\/dfg-lfa.org\/fr\/#website"},"primaryImageOfPage":{"@id":"https:\/\/dfg-lfa.org\/fr\/2012\/12\/bericht-zum-unicef-lauf-2012\/#primaryimage"},"image":{"@id":"https:\/\/dfg-lfa.org\/2012\/12\/bericht-zum-unicef-lauf-2012\/#primaryimage"},"thumbnailUrl":"https:\/\/dfg-lfa.org\/wp-content\/uploads\/Start-der-Klasse-7-b.jpg","datePublished":"2012-12-19T22:59:47+00:00","dateModified":"2023-02-23T09:29:50+00:00","breadcrumb":{"@id":"https:\/\/dfg-lfa.org\/fr\/2012\/12\/bericht-zum-unicef-lauf-2012\/#breadcrumb"},"inLanguage":"fr-FR","potentialAction":[{"@type":"ReadAction","target":[["https:\/\/dfg-lfa.org\/fr\/2012\/12\/bericht-zum-unicef-lauf-2012\/"]]}]},{"@type":"ImageObject","inLanguage":"fr-FR","@id":"https:\/\/dfg-lfa.org\/fr\/2012\/12\/bericht-zum-unicef-lauf-2012\/#primaryimage","url":"https:\/\/dfg-lfa.org\/wp-content\/uploads\/Start-der-Klasse-7-b.jpg","contentUrl":"https:\/\/dfg-lfa.org\/wp-content\/uploads\/Start-der-Klasse-7-b.jpg","width":600,"height":416,"caption":"Start der Klasse 7b"},{"@type":"BreadcrumbList","@id":"https:\/\/dfg-lfa.org\/fr\/2012\/12\/bericht-zum-unicef-lauf-2012\/#breadcrumb","itemListElement":[{"@type":"ListItem","position":1,"name":"Startseite","item":"https:\/\/dfg-lfa.org\/fr\/"},{"@type":"ListItem","position":2,"name":"Bericht zum UNICEF-Lauf 2012"}]},{"@type":"WebSite","@id":"https:\/\/dfg-lfa.org\/fr\/#website","url":"https:\/\/dfg-lfa.org\/fr\/","name":"Lyc\u00e9e Franco-Allemand de Sarrebruck","description":"Einander begegnen \u2013 Avancer ensemble \u2013 We make Europe happen","publisher":{"@id":"https:\/\/dfg-lfa.org\/fr\/#organization"},"potentialAction":[{"@type":"SearchAction","target":{"@type":"EntryPoint","urlTemplate":"https:\/\/dfg-lfa.org\/fr\/?s={search_term_string}"},"query-input":{"@type":"PropertyValueSpecification","valueRequired":true,"valueName":"search_term_string"}}],"inLanguage":"fr-FR"},{"@type":"Organization","@id":"https:\/\/dfg-lfa.org\/fr\/#organization","name":"Deutsch-Franz\u00f6sisches Gymnasium Saarbr\u00fccken","url":"https:\/\/dfg-lfa.org\/fr\/","logo":{"@type":"ImageObject","inLanguage":"fr-FR","@id":"https:\/\/dfg-lfa.org\/fr\/#\/schema\/logo\/image\/","url":"https:\/\/dfg-lfa.org\/wp-content\/uploads\/DFG-logo.png","contentUrl":"https:\/\/dfg-lfa.org\/wp-content\/uploads\/DFG-logo.png","width":200,"height":77,"caption":"Deutsch-Franz\u00f6sisches Gymnasium Saarbr\u00fccken"},"image":{"@id":"https:\/\/dfg-lfa.org\/fr\/#\/schema\/logo\/image\/"},"sameAs":["https:\/\/www.facebook.com\/dfglfa\/","https:\/\/x.com\/DFGLFA","https:\/\/www.instagram.com\/dfg_lfa_saarbruecken\/","https:\/\/www.youtube.com\/channel\/UCoxV4_gnJ3blV1U7iOjCV7w\/","https:\/\/de.wikipedia.org\/wiki\/Deutsch-Franz\u00f6sisches_Gymnasium_in_Saarbr\u00fccken"]},{"@type":"Person","@id":"https:\/\/dfg-lfa.org\/#\/schema\/person\/a8fe67fb1ec6d85c85d21daf2d68fa69","name":"Administrator"}]}},"_links":{"self":[{"href":"https:\/\/dfg-lfa.org\/fr\/wp-json\/wp\/v2\/posts\/17364","targetHints":{"allow":["GET"]}}],"collection":[{"href":"https:\/\/dfg-lfa.org\/fr\/wp-json\/wp\/v2\/posts"}],"about":[{"href":"https:\/\/dfg-lfa.org\/fr\/wp-json\/wp\/v2\/types\/post"}],"author":[{"embeddable":true,"href":"https:\/\/dfg-lfa.org\/fr\/wp-json\/wp\/v2\/users\/2"}],"replies":[{"embeddable":true,"href":"https:\/\/dfg-lfa.org\/fr\/wp-json\/wp\/v2\/comments?post=17364"}],"version-history":[{"count":1,"href":"https:\/\/dfg-lfa.org\/fr\/wp-json\/wp\/v2\/posts\/17364\/revisions"}],"predecessor-version":[{"id":59680,"href":"https:\/\/dfg-lfa.org\/fr\/wp-json\/wp\/v2\/posts\/17364\/revisions\/59680"}],"wp:featuredmedia":[{"embeddable":true,"href":"https:\/\/dfg-lfa.org\/fr\/wp-json\/wp\/v2\/media\/17378"}],"wp:attachment":[{"href":"https:\/\/dfg-lfa.org\/fr\/wp-json\/wp\/v2\/media?parent=17364"}],"wp:term":[{"taxonomy":"category","embeddable":true,"href":"https:\/\/dfg-lfa.org\/fr\/wp-json\/wp\/v2\/categories?post=17364"},{"taxonomy":"post_tag","embeddable":true,"href":"https:\/\/dfg-lfa.org\/fr\/wp-json\/wp\/v2\/tags?post=17364"}],"curies":[{"name":"wp","href":"https:\/\/api.w.org\/{rel}","templated":true}]}}