{"id":17612,"date":"2012-12-20T03:59:03","date_gmt":"2012-12-20T02:59:03","guid":{"rendered":"http:\/\/dfg-lfa.org\/?p=17612"},"modified":"2021-07-26T23:07:06","modified_gmt":"2021-07-26T21:07:06","slug":"94-jahrestag-des-waffenstillstands-am-11-november-1918","status":"publish","type":"post","link":"https:\/\/dfg-lfa.org\/fr\/2012\/12\/94-jahrestag-des-waffenstillstands-am-11-november-1918\/","title":{"rendered":"94e anniversaire de l&rsquo;armistice du 11 Novembre de 1918"},"content":{"rendered":"<p><a href=\"https:\/\/dfg-lfa.org\/wp-content\/uploads\/1.png\"><img loading=\"lazy\" decoding=\"async\" class=\"alignnone wp-image-17618 size-medium\" title=\"De beaux discours\u2026 (photo: consulat de France \u00e0 Sarrebruck)\" src=\"https:\/\/dfg-lfa.org\/wp-content\/uploads\/1-300x200.png\" alt=\" \" width=\"300\" height=\"200\" srcset=\"https:\/\/dfg-lfa.org\/wp-content\/uploads\/1-300x200.png 300w, https:\/\/dfg-lfa.org\/wp-content\/uploads\/1-150x100.png 150w, https:\/\/dfg-lfa.org\/wp-content\/uploads\/1-590x393.png 590w, https:\/\/dfg-lfa.org\/wp-content\/uploads\/1.png 600w\" sizes=\"auto, (max-width: 300px) 100vw, 300px\" \/><\/a>11 Novembre 2012. A l&rsquo;occasion du 94e anniversaire de l&rsquo;armistice du 11 Novembre de 1918, nous avons pu rendre hommage aux soldats morts pour la France, comme pour l&rsquo;Allemagne en participant \u00e0 une comm\u00e9moration, qui a eu lieu au cimeti\u00e8re du Jardin Franco Allemand \u00e0 Sarrebruck.<\/p>\n<p>Nous nous sommes rassembl\u00e9 avec des associations d&rsquo;anciens combattants et des repr\u00e9sentants politiques de la r\u00e9gion autour du Consul G\u00e9n\u00e9ral de la France en Sarre.<\/p>\n<p>De plus, nous n\u2019avons pas seulement entendu des discours de personnalit\u00e9s politiques, de militaires, mais nous avons aussi eu la possibilit\u00e9 de lire des textes allemands et fran\u00e7ais, qui rendaient hommage \u00e0 Peter Kollwitz et qui mettaient en avant le nationalisme, l&rsquo;humanisme et aussi la collaboration r\u00e9ussie de l&rsquo;Union Europ\u00e9enne.<\/p>\n<p style=\"text-align: right;\"><em>Sabrin Zaghbouni, \u00e9l\u00e8ve de 2S2.<\/em><\/p>\n<p>De quelle mani\u00e8re les \u00e9l\u00e8ves de 2ES ont per\u00e7u la comm\u00e9moration du 11\/11 :<\/p>\n<ul>\n<li>Aur\u00e9lie : le but \u00e9tait de comm\u00e9morer la fin de la 1\u00e8re guerre mondiale et de ne pas oublier les nombreux morts.<\/li>\n<li>Max : qu\u2019avez-vous fait durant cette journ\u00e9e ?<\/li>\n<li>Paul : on a assist\u00e9 \u00e0 une c\u00e9r\u00e9monie ou nous avons lu un texte qui traitait des relations entre les pays et les nations d\u2019Europe.<\/li>\n<li>Aur\u00e9lie : dans un premier, nous nous sommes rendus au cimeti\u00e8re militaire situ\u00e9 au jardin franco-allemand puis \u00e0 la Gedenkst\u00e4tte-Gestapo Lager.<\/li>\n<li>Paul : qu\u2019avez-vous ressenti ?<\/li>\n<li>Aur\u00e9lie : c\u2019\u00e9tait assez \u00e9mouvant ; cet endroit m\u2019a rappel\u00e9 la souffrance de personnes qui nous ont pr\u00e9c\u00e9d\u00e9. Il y avait des photos qui dataient de la 2\u00e8me guerre mondiale.<\/li>\n<\/ul>\n<h4 style=\"margin-bottom: 0cm;\">Textes lus par les \u00e9l\u00e8ves du LFA durant la comm\u00e9moration\u00a0:<\/h4>\n<p style=\"margin-bottom: 0cm;\"><span style=\"font-size: x-small;\"><strong>Ernest Renan, <\/strong><\/span><span style=\"font-size: x-small;\"><em><strong>Qu\u2019est-ce qu\u2019une Nation\u00a0?<\/strong><\/em><\/span><span style=\"font-size: x-small;\"><strong> 1882. <\/strong><\/span><\/p>\n<p style=\"margin-bottom: 0cm;\"><span style=\"font-size: x-small;\">Discours prononc\u00e9 \u00e0 la Sorbonne le <\/span><span style=\"font-size: x-small;\">11 mars 1882<\/span><span style=\"font-size: x-small;\">.<\/span><\/p>\n<ol type=\"I\">\n<li>\n<p style=\"margin-bottom: 0cm;\"><span style=\"font-size: x-small;\"><em><strong>L\u2019Europe\u00a0: unie dans la diversit\u00e9<\/strong><\/em><\/span><\/p>\n<\/li>\n<\/ol>\n<p style=\"margin-bottom: 0cm;\"><span style=\"font-size: x-small;\">Depuis la fin de l&rsquo;Empire romain, ou, mieux, depuis la dislocation de l&rsquo;Empire de Charlemagne, l&rsquo;Europe occidentale nous appara\u00eet divis\u00e9e en nations, dont quelques-unes, \u00e0 certaines \u00e9poques, ont cherch\u00e9 \u00e0 exercer une h\u00e9g\u00e9monie sur les autres, sans jamais y r\u00e9ussir d&rsquo;une mani\u00e8re durable. <\/span><\/p>\n<p style=\"margin-bottom: 0cm;\"><span style=\"font-size: x-small;\">Ce que n&rsquo;ont pu Charles-Quint, Louis XIV, Napol\u00e9on Ier, personne probablement ne le pourra dans l&rsquo;avenir. L&rsquo;\u00e9tablissement d&rsquo;un nouvel Empire romain ou d&rsquo;un nouvel Empire de Charlemagne est devenu une impossibilit\u00e9. <\/span><\/p>\n<p style=\"margin-bottom: 0cm;\"><span style=\"font-size: x-small;\">La division de l&rsquo;Europe est trop grande pour qu&rsquo;une tentative de domination universelle ne provoque pas tr\u00e8s vite une coalition qui fasse rentrer la nation ambitieuse dans ses bornes naturelles. Une sorte d&rsquo;\u00e9quilibre est \u00e9tabli pour longtemps. <\/span><\/p>\n<p style=\"margin-bottom: 0cm;\"><span style=\"font-size: x-small;\">La France, l&rsquo;Angleterre, l&rsquo;Allemagne, la Russie seront encore, dans des centaines d&rsquo;ann\u00e9es, et malgr\u00e9 les aventures qu&rsquo;elles auront courues, des individualit\u00e9s historiques, les pi\u00e8ces essentielles d&rsquo;un damier, dont les cases varient sans cesse d&rsquo;importance et de grandeur, mais ne se confondent jamais tout \u00e0 fait. (\u2026)<\/span><\/p>\n<ol type=\"I\">\n<li>\n<p style=\"margin-bottom: 0cm;\"><span style=\"font-size: x-small;\"><strong>La volont\u00e9 de vivre ensemble.<\/strong><\/span><\/p>\n<\/li>\n<\/ol>\n<p style=\"margin-bottom: 0cm;\"><span style=\"font-size: x-small;\">L&rsquo;histoire humaine diff\u00e8re essentiellement de la zoologie. <\/span><\/p>\n<p style=\"margin-bottom: 0cm;\"><span style=\"font-size: x-small;\">La race n&rsquo;y est pas tout, comme chez les rongeurs ou les f\u00e9lins, et on n&rsquo;a pas le droit d&rsquo;aller par le monde t\u00e2ter le cr\u00e2ne des gens, puis les prendre \u00e0 la gorge en leur disant : \u201cTu es notre sang ; tu nous appartiens !\u201d En dehors des caract\u00e8res anthropologiques, il y a la raison, la justice, le vrai, le beau, qui sont les m\u00eames pour tous. (\u2026)<\/span><\/p>\n<p style=\"margin-bottom: 0cm;\"><span style=\"font-size: x-small;\">Ce que nous venons de dire de la race, il faut le dire de la langue. <\/span><\/p>\n<p style=\"margin-bottom: 0cm;\"><span style=\"font-size: x-small;\">La langue invite \u00e0 se r\u00e9unir ; elle n&rsquo;y force pas. Les \u00c9tats-Unis et l&rsquo;Angleterre, l&rsquo;Am\u00e9rique espagnole et l&rsquo;Espagne parlent la m\u00eame langue et ne forment pas une seule nation. <\/span><\/p>\n<p style=\"margin-bottom: 0cm;\"><span style=\"font-size: x-small;\">Au contraire, la Suisse, si bien faite, puisqu&rsquo;elle a \u00e9t\u00e9 faite par l&rsquo;assentiment de ses diff\u00e9rentes parties, compte trois ou quatre langues. <\/span><\/p>\n<p style=\"margin-bottom: 0cm;\"><span style=\"font-size: x-small;\">Il y a dans l&rsquo;homme quelque chose de sup\u00e9rieur \u00e0 la langue : c&rsquo;est la volont\u00e9. <\/span><\/p>\n<p style=\"margin-bottom: 0cm;\"><span style=\"font-size: x-small;\">La volont\u00e9 de la Suisse d&rsquo;\u00eatre unie, malgr\u00e9 la vari\u00e9t\u00e9 de ses idiomes, est un fait bien plus important qu&rsquo;une similitude souvent obtenue par des vexations. (\u2026)<\/span><\/p>\n<p style=\"margin-bottom: 0cm;\"><span style=\"font-size: x-small;\">N&rsquo;abandonnons pas ce principe fondamental, que l&rsquo;homme est un \u00eatre raisonnable et moral, avant d&rsquo;\u00eatre parqu\u00e9 dans telle ou telle langue, avant d&rsquo;\u00eatre un membre de telle ou telle race, un adh\u00e9rent de telle ou telle culture. <\/span><\/p>\n<p style=\"margin-bottom: 0cm;\"><span style=\"font-size: x-small;\">Avant la culture fran\u00e7aise, la culture allemande, la culture italienne, il y a la culture humaine. <\/span><\/p>\n<p style=\"margin-bottom: 0cm;\"><span style=\"font-size: x-small;\">Voyez les grands hommes de la Renaissance ; ils n&rsquo;\u00e9taient ni fran\u00e7ais, ni italiens, ni allemands. (\u2026)<\/span><\/p>\n<p style=\"margin-bottom: 0cm;\"><span style=\"font-size: x-small;\">La communaut\u00e9 des int\u00e9r\u00eats est assur\u00e9ment un lien puissant entre les hommes. <\/span><\/p>\n<p style=\"margin-bottom: 0cm;\"><span style=\"font-size: x-small;\">Les int\u00e9r\u00eats, cependant, suffisent-ils \u00e0 faire une nation ? Je ne le crois pas. <\/span><\/p>\n<p style=\"margin-bottom: 0cm;\"><span style=\"font-size: x-small;\">La communaut\u00e9 des int\u00e9r\u00eats fait les trait\u00e9s de commerce. <\/span><\/p>\n<p style=\"margin-bottom: 0cm;\"><span style=\"font-size: x-small;\">Il y a dans la nationalit\u00e9 un c\u00f4t\u00e9 de sentiment ; elle est \u00e2me et corps \u00e0 la fois (\u2026)<\/span><\/p>\n<ol type=\"I\">\n<li>\n<p style=\"margin-bottom: 0cm;\"><span style=\"font-size: x-small;\"><em><strong>La nation, un pl\u00e9biscite de tous les jours.<\/strong><\/em><\/span><\/p>\n<\/li>\n<\/ol>\n<p style=\"margin-bottom: 0cm;\"><span style=\"font-size: x-small;\">La nation, comme l&rsquo;individu, est l&rsquo;aboutissant d&rsquo;un long pass\u00e9 d&rsquo;efforts, de sacrifices et de d\u00e9vouements. <\/span><\/p>\n<p style=\"margin-bottom: 0cm;\"><span style=\"font-size: x-small;\">Le culte des anc\u00eatres est de tous le plus l\u00e9gitime ; les anc\u00eatres nous ont faits ce que nous sommes. Un pass\u00e9 h\u00e9ro\u00efque, des grands hommes, de la gloire (j&rsquo;entends de la v\u00e9ritable), voil\u00e0 le capital social sur lequel on assied une id\u00e9e nationale. <\/span><\/p>\n<p style=\"margin-bottom: 0cm;\"><span style=\"font-size: x-small;\">Avoir des gloires communes dans le pass\u00e9, une volont\u00e9 commune dans le pr\u00e9sent ; avoir fait de grandes choses ensemble, vouloir en faire encore, voil\u00e0 les conditions essentielles pour \u00eatre un peuple. <\/span><\/p>\n<p style=\"margin-bottom: 0cm;\"><span style=\"font-size: x-small;\">On aime en proportion des sacrifices qu&rsquo;on a consentis, des maux qu&rsquo;on a soufferts (\u2026) oui, la souffrance en commun unit plus que la joie. <\/span><\/p>\n<p style=\"margin-bottom: 0cm;\"><span style=\"font-size: x-small;\">En fait de souvenirs nationaux, les deuils valent mieux que les triomphes, car ils imposent des devoirs, ils commandent l&rsquo;effort en commun. <\/span><\/p>\n<p style=\"margin-bottom: 0cm;\"><span style=\"font-size: x-small;\">Une nation est donc une grande solidarit\u00e9, constitu\u00e9e par le sentiment des sacrifices qu&rsquo;on a faits et de ceux qu&rsquo;on est dispos\u00e9 \u00e0 faire encore. <\/span><\/p>\n<p style=\"margin-bottom: 0cm;\"><span style=\"font-size: x-small;\">Elle suppose un pass\u00e9 ; elle se r\u00e9sume pourtant dans le pr\u00e9sent par un fait tangible : le consentement, le d\u00e9sir clairement exprim\u00e9 de continuer la vie commune. <\/span><\/p>\n<p style=\"margin-bottom: 0cm;\"><span style=\"font-size: x-small;\"><strong>L&rsquo;existence d&rsquo;une nation est un pl\u00e9biscite de tous les jours, comme l&rsquo;existence de l&rsquo;individu est une affirmation perp\u00e9tuelle de vie.<\/strong><\/span><\/p>\n<p style=\"margin-bottom: 0cm; text-align: center;\"><span style=\"font-size: x-small;\"><strong><img loading=\"lazy\" decoding=\"async\" class=\"aligncenter size-large wp-image-17624\" src=\"https:\/\/dfg-lfa.org\/wp-content\/uploads\/8-338x590.png\" alt=\"\" width=\"338\" height=\"590\" srcset=\"https:\/\/dfg-lfa.org\/wp-content\/uploads\/8-338x590.png 338w, https:\/\/dfg-lfa.org\/wp-content\/uploads\/8-86x150.png 86w, https:\/\/dfg-lfa.org\/wp-content\/uploads\/8-172x300.png 172w, https:\/\/dfg-lfa.org\/wp-content\/uploads\/8.png 474w\" sizes=\"auto, (max-width: 338px) 100vw, 338px\" \/><br \/>\n<\/strong><\/span><\/p>\n<p><\/p>\n<div class=\"shariff shariff-align-left shariff-widget-align-left shariff-buttonstretch\" style=\"display:none\"><ul class=\"shariff-buttons theme-white orientation-horizontal buttonsize-medium\"><li class=\"shariff-button facebook shariff-nocustomcolor\" style=\"background-color:#4273c8\"><a href=\"https:\/\/www.facebook.com\/sharer\/sharer.php?u=https%3A%2F%2Fdfg-lfa.org%2Ffr%2F2012%2F12%2F94-jahrestag-des-waffenstillstands-am-11-november-1918%2F\" title=\"Envoyer par Facebook\" aria-label=\"Envoyer par Facebook\" role=\"button\" rel=\"nofollow\" class=\"shariff-link\" style=\"; background-color:#3b5998; color:#3b5998\" target=\"_blank\"><span class=\"shariff-icon\" style=\"fill:#3b5998\"><svg width=\"32px\" height=\"20px\" xmlns=\"http:\/\/www.w3.org\/2000\/svg\" viewBox=\"0 0 18 32\"><path fill=\"#3b5998\" d=\"M17.1 0.2v4.7h-2.8q-1.5 0-2.1 0.6t-0.5 1.9v3.4h5.2l-0.7 5.3h-4.5v13.6h-5.5v-13.6h-4.5v-5.3h4.5v-3.9q0-3.3 1.9-5.2t5-1.8q2.6 0 4.1 0.2z\"\/><\/svg><\/span><span class=\"shariff-text\" style=\"color:#3b5998\">partager<\/span>&nbsp;<\/a><\/li><li class=\"shariff-button whatsapp shariff-nocustomcolor\" style=\"background-color:#5cbe4a\"><a href=\"https:\/\/api.whatsapp.com\/send?text=https%3A%2F%2Fdfg-lfa.org%2Ffr%2F2012%2F12%2F94-jahrestag-des-waffenstillstands-am-11-november-1918%2F%2094e%20anniversaire%20de%20l%E2%80%99armistice%20du%2011%20Novembre%20de%201918\" title=\"Envoyer par Whatsapp\" aria-label=\"Envoyer par Whatsapp\" role=\"button\" rel=\"noopener nofollow\" class=\"shariff-link\" style=\"; background-color:#34af23; color:#34af23\" target=\"_blank\"><span class=\"shariff-icon\" style=\"fill:#34af23\"><svg width=\"32px\" height=\"20px\" xmlns=\"http:\/\/www.w3.org\/2000\/svg\" viewBox=\"0 0 32 32\"><path fill=\"#34af23\" d=\"M17.6 17.4q0.2 0 1.7 0.8t1.6 0.9q0 0.1 0 0.3 0 0.6-0.3 1.4-0.3 0.7-1.3 1.2t-1.8 0.5q-1 0-3.4-1.1-1.7-0.8-3-2.1t-2.6-3.3q-1.3-1.9-1.3-3.5v-0.1q0.1-1.6 1.3-2.8 0.4-0.4 0.9-0.4 0.1 0 0.3 0t0.3 0q0.3 0 0.5 0.1t0.3 0.5q0.1 0.4 0.6 1.6t0.4 1.3q0 0.4-0.6 1t-0.6 0.8q0 0.1 0.1 0.3 0.6 1.3 1.8 2.4 1 0.9 2.7 1.8 0.2 0.1 0.4 0.1 0.3 0 1-0.9t0.9-0.9zM14 26.9q2.3 0 4.3-0.9t3.6-2.4 2.4-3.6 0.9-4.3-0.9-4.3-2.4-3.6-3.6-2.4-4.3-0.9-4.3 0.9-3.6 2.4-2.4 3.6-0.9 4.3q0 3.6 2.1 6.6l-1.4 4.2 4.3-1.4q2.8 1.9 6.2 1.9zM14 2.2q2.7 0 5.2 1.1t4.3 2.9 2.9 4.3 1.1 5.2-1.1 5.2-2.9 4.3-4.3 2.9-5.2 1.1q-3.5 0-6.5-1.7l-7.4 2.4 2.4-7.2q-1.9-3.2-1.9-6.9 0-2.7 1.1-5.2t2.9-4.3 4.3-2.9 5.2-1.1z\"\/><\/svg><\/span><span class=\"shariff-text\" style=\"color:#34af23\">partager<\/span>&nbsp;<\/a><\/li><li class=\"shariff-button threema shariff-nocustomcolor shariff-mobile\" style=\"background-color:#4fbc24\"><a href=\"threema:\/\/compose?text=94e%20anniversaire%20de%20l%E2%80%99armistice%20du%2011%20Novembre%20de%201918%20https%3A%2F%2Fdfg-lfa.org%2Ffr%2F2012%2F12%2F94-jahrestag-des-waffenstillstands-am-11-november-1918%2F\" title=\"Envoyer par Threema\" aria-label=\"Envoyer par Threema\" role=\"button\" rel=\"noopener nofollow\" class=\"shariff-link\" style=\"; background-color:#1f1f1f; color:#1f1f1f\" target=\"_blank\"><span class=\"shariff-icon\" style=\"fill:#1f1f1f\"><svg width=\"32px\" height=\"20px\" xmlns=\"http:\/\/www.w3.org\/2000\/svg\" viewBox=\"0 0 32 32\"><path fill=\"#1f1f1f\" d=\"M30.8 10.9c-0.3-1.4-0.9-2.6-1.8-3.8-2-2.6-5.5-4.5-9.4-5.2-1.3-0.2-1.9-0.3-3.5-0.3s-2.2 0-3.5 0.3c-4 0.7-7.4 2.6-9.4 5.2-0.9 1.2-1.5 2.4-1.8 3.8-0.1 0.5-0.2 1.2-0.2 1.6 0 0.4 0.1 1.1 0.2 1.6 0.4 1.9 1.3 3.4 2.9 5 0.8 0.8 0.8 0.8 0.7 1.3 0 0.6-0.5 1.6-1.7 3.6-0.3 0.5-0.5 0.9-0.5 0.9 0 0.1 0.1 0.1 0.5 0 0.8-0.2 2.3-0.6 5.6-1.6 1.1-0.3 1.3-0.4 2.3-0.4 0.8 0 1.1 0 2.3 0.2 1.5 0.2 3.5 0.2 4.9 0 5.1-0.6 9.3-2.9 11.4-6.3 0.5-0.9 0.9-1.8 1.1-2.8 0.1-0.5 0.2-1.1 0.2-1.6 0-0.7-0.1-1.1-0.2-1.6-0.3-1.4 0.1 0.5 0 0zM20.6 17.3c0 0.4-0.4 0.8-0.8 0.8h-7.7c-0.4 0-0.8-0.4-0.8-0.8v-4.6c0-0.4 0.4-0.8 0.8-0.8h0.2l0-1.6c0-0.9 0-1.8 0.1-2 0.1-0.6 0.6-1.2 1.1-1.7s1.1-0.7 1.9-0.8c1.8-0.3 3.7 0.7 4.2 2.2 0.1 0.3 0.1 0.7 0.1 2.1v0 1.7h0.1c0.4 0 0.8 0.4 0.8 0.8v4.6zM15.6 7.3c-0.5 0.1-0.8 0.3-1.2 0.6s-0.6 0.8-0.7 1.3c0 0.2 0 0.8 0 1.5l0 1.2h4.6v-1.3c0-1 0-1.4-0.1-1.6-0.3-1.1-1.5-1.9-2.6-1.7zM25.8 28.2c0 1.2-1 2.2-2.1 2.2s-2.1-1-2.1-2.1c0-1.2 1-2.1 2.2-2.1s2.2 1 2.2 2.2zM18.1 28.2c0 1.2-1 2.2-2.1 2.2s-2.1-1-2.1-2.1c0-1.2 1-2.1 2.2-2.1s2.2 1 2.2 2.2zM10.4 28.2c0 1.2-1 2.2-2.1 2.2s-2.1-1-2.1-2.1c0-1.2 1-2.1 2.2-2.1s2.2 1 2.2 2.2z\"\/><\/svg><\/span><span class=\"shariff-text\" style=\"color:#1f1f1f\">partager<\/span>&nbsp;<\/a><\/li><li class=\"shariff-button mastodon shariff-nocustomcolor\" style=\"background-color:#563ACC\"><a href=\"https:\/\/s2f.kytta.dev\/?text=94e%20anniversaire%20de%20l%E2%80%99armistice%20du%2011%20Novembre%20de%201918 https%3A%2F%2Fdfg-lfa.org%2Ffr%2F2012%2F12%2F94-jahrestag-des-waffenstillstands-am-11-november-1918%2F\" title=\"Envoyer par Mastodon\" aria-label=\"Envoyer par Mastodon\" role=\"button\" rel=\"noopener nofollow\" class=\"shariff-link\" style=\"; background-color:#6364FF; color:#6364FF\" target=\"_blank\"><span class=\"shariff-icon\" style=\"fill:#6364FF\"><svg width=\"75\" height=\"79\" viewBox=\"0 0 75 79\" fill=\"none\" xmlns=\"http:\/\/www.w3.org\/2000\/svg\"><path d=\"M37.813-.025C32.462-.058 27.114.13 21.79.598c-8.544.621-17.214 5.58-20.203 13.931C-1.12 23.318.408 32.622.465 41.65c.375 7.316.943 14.78 3.392 21.73 4.365 9.465 14.781 14.537 24.782 15.385 7.64.698 15.761-.213 22.517-4.026a54.1 54.1 0 0 0 .01-6.232c-6.855 1.316-14.101 2.609-21.049 1.074-3.883-.88-6.876-4.237-7.25-8.215-1.53-3.988 3.78-.43 5.584-.883 9.048 1.224 18.282.776 27.303-.462 7.044-.837 14.26-4.788 16.65-11.833 2.263-6.135 1.215-12.79 1.698-19.177.06-3.84.09-7.692-.262-11.52C72.596 7.844 63.223.981 53.834.684a219.453 219.453 0 0 0-16.022-.71zm11.294 12.882c5.5-.067 10.801 4.143 11.67 9.653.338 1.48.471 3 .471 4.515v21.088h-8.357c-.07-7.588.153-15.182-.131-22.765-.587-4.368-7.04-5.747-9.672-2.397-2.422 3.04-1.47 7.155-1.67 10.735v6.392h-8.307c-.146-4.996.359-10.045-.404-15.002-1.108-4.218-7.809-5.565-10.094-1.666-1.685 3.046-.712 6.634-.976 9.936v14.767h-8.354c.109-8.165-.238-16.344.215-24.5.674-5.346 5.095-10.389 10.676-10.627 4.902-.739 10.103 2.038 12.053 6.631.375 1.435 1.76 1.932 1.994.084 1.844-3.704 5.501-6.739 9.785-6.771.367-.044.735-.068 1.101-.073z\"\/><defs><linearGradient id=\"paint0_linear_549_34\" x1=\"37.0692\" y1=\"0\" x2=\"37.0692\" y2=\"79\" gradientUnits=\"userSpaceOnUse\"><stop stop-color=\"#6364FF\"\/><stop offset=\"1\" stop-color=\"#563ACC\"\/><\/linearGradient><\/defs><\/svg><\/span><span class=\"shariff-text\" style=\"color:#6364FF\">partager<\/span>&nbsp;<\/a><\/li><li class=\"shariff-button mailto shariff-nocustomcolor\" style=\"background-color:#a8a8a8\"><a href=\"mailto:?body=https%3A%2F%2Fdfg-lfa.org%2Ffr%2F2012%2F12%2F94-jahrestag-des-waffenstillstands-am-11-november-1918%2F&subject=94e%20anniversaire%20de%20l%E2%80%99armistice%20du%2011%20Novembre%20de%201918\" title=\"Envoyer par courriel\" aria-label=\"Envoyer par courriel\" role=\"button\" rel=\"noopener nofollow\" class=\"shariff-link\" style=\"; background-color:#999; color:#999\"><span class=\"shariff-icon\" style=\"fill:#999\"><svg width=\"32px\" height=\"20px\" xmlns=\"http:\/\/www.w3.org\/2000\/svg\" viewBox=\"0 0 32 32\"><path fill=\"#999\" d=\"M32 12.7v14.2q0 1.2-0.8 2t-2 0.9h-26.3q-1.2 0-2-0.9t-0.8-2v-14.2q0.8 0.9 1.8 1.6 6.5 4.4 8.9 6.1 1 0.8 1.6 1.2t1.7 0.9 2 0.4h0.1q0.9 0 2-0.4t1.7-0.9 1.6-1.2q3-2.2 8.9-6.1 1-0.7 1.8-1.6zM32 7.4q0 1.4-0.9 2.7t-2.2 2.2q-6.7 4.7-8.4 5.8-0.2 0.1-0.7 0.5t-1 0.7-0.9 0.6-1.1 0.5-0.9 0.2h-0.1q-0.4 0-0.9-0.2t-1.1-0.5-0.9-0.6-1-0.7-0.7-0.5q-1.6-1.1-4.7-3.2t-3.6-2.6q-1.1-0.7-2.1-2t-1-2.5q0-1.4 0.7-2.3t2.1-0.9h26.3q1.2 0 2 0.8t0.9 2z\"\/><\/svg><\/span><span class=\"shariff-text\" style=\"color:#999\">courriel<\/span>&nbsp;<\/a><\/li><li class=\"shariff-button info shariff-nocustomcolor\" style=\"background-color:#a8a8a8\"><a href=\"http:\/\/ct.de\/-2467514\" title=\"Datenschutz-Infos\" aria-label=\"Datenschutz-Infos\" role=\"button\" rel=\"noopener \" class=\"shariff-link\" style=\"; background-color:#999; color:#999\" target=\"_blank\"><span class=\"shariff-icon\" style=\"fill:#999\"><svg width=\"32px\" height=\"20px\" xmlns=\"http:\/\/www.w3.org\/2000\/svg\" viewBox=\"0 0 11 32\"><path fill=\"#999\" d=\"M11.4 24v2.3q0 0.5-0.3 0.8t-0.8 0.4h-9.1q-0.5 0-0.8-0.4t-0.4-0.8v-2.3q0-0.5 0.4-0.8t0.8-0.4h1.1v-6.8h-1.1q-0.5 0-0.8-0.4t-0.4-0.8v-2.3q0-0.5 0.4-0.8t0.8-0.4h6.8q0.5 0 0.8 0.4t0.4 0.8v10.3h1.1q0.5 0 0.8 0.4t0.3 0.8zM9.2 3.4v3.4q0 0.5-0.4 0.8t-0.8 0.4h-4.6q-0.4 0-0.8-0.4t-0.4-0.8v-3.4q0-0.4 0.4-0.8t0.8-0.4h4.6q0.5 0 0.8 0.4t0.4 0.8z\"\/><\/svg><\/span><\/a><\/li><\/ul><\/div>","protected":false},"excerpt":{"rendered":"<p>11 Novembre 2012. A l&rsquo;occasion du 94e anniversaire de l&rsquo;armistice du 11 Novembre de 1918, nous avons pu rendre hommage aux soldats morts pour la France, comme pour l&rsquo;Allemagne en participant \u00e0 une comm\u00e9moration, qui a eu lieu au cimeti\u00e8re du Jardin Franco Allemand \u00e0 Sarrebruck. Nous nous sommes rassembl\u00e9 &hellip;<\/p>\n","protected":false},"author":2,"featured_media":17618,"comment_status":"closed","ping_status":"closed","sticky":false,"template":"","format":"standard","meta":{"inline_featured_image":false,"footnotes":""},"categories":[3,42],"tags":[872,871,873],"class_list":["post-17612","post","type-post","status-publish","format-standard","has-post-thumbnail","hentry","category-schule-aktuell","category-geschichte","tag-11-novembre","tag-11-november","tag-jahrestag-des-waffenstillstands"],"yoast_head":"<!-- This site is optimized with the Yoast SEO plugin v27.4 - https:\/\/yoast.com\/product\/yoast-seo-wordpress\/ -->\n<title>94e anniversaire de l&#039;armistice du 11 Novembre de 1918 - Lyc\u00e9e Franco-Allemand de Sarrebruck<\/title>\n<meta name=\"robots\" content=\"index, follow, max-snippet:-1, max-image-preview:large, max-video-preview:-1\" \/>\n<link rel=\"canonical\" href=\"https:\/\/dfg-lfa.org\/fr\/2012\/12\/94-jahrestag-des-waffenstillstands-am-11-november-1918\/\" \/>\n<meta property=\"og:locale\" content=\"fr_FR\" \/>\n<meta property=\"og:type\" content=\"article\" \/>\n<meta property=\"og:title\" content=\"94e anniversaire de l&#039;armistice du 11 Novembre de 1918 - Lyc\u00e9e Franco-Allemand de Sarrebruck\" \/>\n<meta property=\"og:description\" content=\"11 Novembre 2012. A l&rsquo;occasion du 94e anniversaire de l&rsquo;armistice du 11 Novembre de 1918, nous avons pu rendre hommage aux soldats morts pour la France, comme pour l&rsquo;Allemagne en participant \u00e0 une comm\u00e9moration, qui a eu lieu au cimeti\u00e8re du Jardin Franco Allemand \u00e0 Sarrebruck. Nous nous sommes rassembl\u00e9 &hellip;\" \/>\n<meta property=\"og:url\" content=\"https:\/\/dfg-lfa.org\/fr\/2012\/12\/94-jahrestag-des-waffenstillstands-am-11-november-1918\/\" \/>\n<meta property=\"og:site_name\" content=\"Lyc\u00e9e Franco-Allemand de Sarrebruck\" \/>\n<meta property=\"article:publisher\" content=\"https:\/\/www.facebook.com\/dfglfa\/\" \/>\n<meta property=\"article:published_time\" content=\"2012-12-20T02:59:03+00:00\" \/>\n<meta property=\"article:modified_time\" content=\"2021-07-26T21:07:06+00:00\" \/>\n<meta property=\"og:image\" content=\"https:\/\/dfg-lfa.org\/wp-content\/uploads\/1.png\" \/>\n\t<meta property=\"og:image:width\" content=\"600\" \/>\n\t<meta property=\"og:image:height\" content=\"400\" \/>\n\t<meta property=\"og:image:type\" content=\"image\/png\" \/>\n<meta name=\"author\" content=\"Administrator\" \/>\n<meta name=\"twitter:card\" content=\"summary_large_image\" \/>\n<meta name=\"twitter:creator\" content=\"@DFGLFA\" \/>\n<meta name=\"twitter:site\" content=\"@DFGLFA\" \/>\n<meta name=\"twitter:label1\" content=\"\u00c9crit par\" \/>\n\t<meta name=\"twitter:data1\" content=\"Administrator\" \/>\n\t<meta name=\"twitter:label2\" content=\"Dur\u00e9e de lecture estim\u00e9e\" \/>\n\t<meta name=\"twitter:data2\" content=\"5 minutes\" \/>\n<script type=\"application\/ld+json\" class=\"yoast-schema-graph\">{\"@context\":\"https:\\\/\\\/schema.org\",\"@graph\":[{\"@type\":\"Article\",\"@id\":\"https:\\\/\\\/dfg-lfa.org\\\/fr\\\/2012\\\/12\\\/94-jahrestag-des-waffenstillstands-am-11-november-1918\\\/#article\",\"isPartOf\":{\"@id\":\"https:\\\/\\\/dfg-lfa.org\\\/fr\\\/2012\\\/12\\\/94-jahrestag-des-waffenstillstands-am-11-november-1918\\\/\"},\"author\":{\"name\":\"Administrator\",\"@id\":\"https:\\\/\\\/dfg-lfa.org\\\/#\\\/schema\\\/person\\\/a8fe67fb1ec6d85c85d21daf2d68fa69\"},\"headline\":\"94e anniversaire de l&rsquo;armistice du 11 Novembre de 1918\",\"datePublished\":\"2012-12-20T02:59:03+00:00\",\"dateModified\":\"2021-07-26T21:07:06+00:00\",\"mainEntityOfPage\":{\"@id\":\"https:\\\/\\\/dfg-lfa.org\\\/fr\\\/2012\\\/12\\\/94-jahrestag-des-waffenstillstands-am-11-november-1918\\\/\"},\"wordCount\":2092,\"publisher\":{\"@id\":\"https:\\\/\\\/dfg-lfa.org\\\/#organization\"},\"image\":{\"@id\":\"https:\\\/\\\/dfg-lfa.org\\\/fr\\\/2012\\\/12\\\/94-jahrestag-des-waffenstillstands-am-11-november-1918\\\/#primaryimage\"},\"thumbnailUrl\":\"https:\\\/\\\/dfg-lfa.org\\\/wp-content\\\/uploads\\\/1.png\",\"keywords\":[\"11 novembre\",\"11. November\",\"Jahrestag des Waffenstillstands\"],\"articleSection\":[\"Actualit\u00e9s\",\"Histoire\"],\"inLanguage\":\"fr-FR\"},{\"@type\":\"WebPage\",\"@id\":\"https:\\\/\\\/dfg-lfa.org\\\/fr\\\/2012\\\/12\\\/94-jahrestag-des-waffenstillstands-am-11-november-1918\\\/\",\"url\":\"https:\\\/\\\/dfg-lfa.org\\\/fr\\\/2012\\\/12\\\/94-jahrestag-des-waffenstillstands-am-11-november-1918\\\/\",\"name\":\"94e anniversaire de l'armistice du 11 Novembre de 1918 - Lyc\u00e9e Franco-Allemand de Sarrebruck\",\"isPartOf\":{\"@id\":\"https:\\\/\\\/dfg-lfa.org\\\/fr\\\/#website\"},\"primaryImageOfPage\":{\"@id\":\"https:\\\/\\\/dfg-lfa.org\\\/fr\\\/2012\\\/12\\\/94-jahrestag-des-waffenstillstands-am-11-november-1918\\\/#primaryimage\"},\"image\":{\"@id\":\"https:\\\/\\\/dfg-lfa.org\\\/fr\\\/2012\\\/12\\\/94-jahrestag-des-waffenstillstands-am-11-november-1918\\\/#primaryimage\"},\"thumbnailUrl\":\"https:\\\/\\\/dfg-lfa.org\\\/wp-content\\\/uploads\\\/1.png\",\"datePublished\":\"2012-12-20T02:59:03+00:00\",\"dateModified\":\"2021-07-26T21:07:06+00:00\",\"breadcrumb\":{\"@id\":\"https:\\\/\\\/dfg-lfa.org\\\/fr\\\/2012\\\/12\\\/94-jahrestag-des-waffenstillstands-am-11-november-1918\\\/#breadcrumb\"},\"inLanguage\":\"fr-FR\",\"potentialAction\":[{\"@type\":\"ReadAction\",\"target\":[[\"https:\\\/\\\/dfg-lfa.org\\\/fr\\\/2012\\\/12\\\/94-jahrestag-des-waffenstillstands-am-11-november-1918\\\/\"]]}]},{\"@type\":\"ImageObject\",\"inLanguage\":\"fr-FR\",\"@id\":\"https:\\\/\\\/dfg-lfa.org\\\/fr\\\/2012\\\/12\\\/94-jahrestag-des-waffenstillstands-am-11-november-1918\\\/#primaryimage\",\"url\":\"https:\\\/\\\/dfg-lfa.org\\\/wp-content\\\/uploads\\\/1.png\",\"contentUrl\":\"https:\\\/\\\/dfg-lfa.org\\\/wp-content\\\/uploads\\\/1.png\",\"width\":600,\"height\":400,\"caption\":\"\"},{\"@type\":\"BreadcrumbList\",\"@id\":\"https:\\\/\\\/dfg-lfa.org\\\/fr\\\/2012\\\/12\\\/94-jahrestag-des-waffenstillstands-am-11-november-1918\\\/#breadcrumb\",\"itemListElement\":[{\"@type\":\"ListItem\",\"position\":1,\"name\":\"Startseite\",\"item\":\"https:\\\/\\\/dfg-lfa.org\\\/fr\\\/\"},{\"@type\":\"ListItem\",\"position\":2,\"name\":\"94e anniversaire de l&rsquo;armistice du 11 Novembre de 1918\"}]},{\"@type\":\"WebSite\",\"@id\":\"https:\\\/\\\/dfg-lfa.org\\\/fr\\\/#website\",\"url\":\"https:\\\/\\\/dfg-lfa.org\\\/fr\\\/\",\"name\":\"Lyc\u00e9e Franco-Allemand de Sarrebruck\",\"description\":\"Einander begegnen \u2013 Avancer ensemble \u2013 We make Europe happen\",\"publisher\":{\"@id\":\"https:\\\/\\\/dfg-lfa.org\\\/fr\\\/#organization\"},\"potentialAction\":[{\"@type\":\"SearchAction\",\"target\":{\"@type\":\"EntryPoint\",\"urlTemplate\":\"https:\\\/\\\/dfg-lfa.org\\\/fr\\\/?s={search_term_string}\"},\"query-input\":{\"@type\":\"PropertyValueSpecification\",\"valueRequired\":true,\"valueName\":\"search_term_string\"}}],\"inLanguage\":\"fr-FR\"},{\"@type\":\"Organization\",\"@id\":\"https:\\\/\\\/dfg-lfa.org\\\/fr\\\/#organization\",\"name\":\"Deutsch-Franz\u00f6sisches Gymnasium Saarbr\u00fccken\",\"url\":\"https:\\\/\\\/dfg-lfa.org\\\/fr\\\/\",\"logo\":{\"@type\":\"ImageObject\",\"inLanguage\":\"fr-FR\",\"@id\":\"https:\\\/\\\/dfg-lfa.org\\\/fr\\\/#\\\/schema\\\/logo\\\/image\\\/\",\"url\":\"https:\\\/\\\/dfg-lfa.org\\\/wp-content\\\/uploads\\\/DFG-logo.png\",\"contentUrl\":\"https:\\\/\\\/dfg-lfa.org\\\/wp-content\\\/uploads\\\/DFG-logo.png\",\"width\":200,\"height\":77,\"caption\":\"Deutsch-Franz\u00f6sisches Gymnasium Saarbr\u00fccken\"},\"image\":{\"@id\":\"https:\\\/\\\/dfg-lfa.org\\\/fr\\\/#\\\/schema\\\/logo\\\/image\\\/\"},\"sameAs\":[\"https:\\\/\\\/www.facebook.com\\\/dfglfa\\\/\",\"https:\\\/\\\/x.com\\\/DFGLFA\",\"https:\\\/\\\/www.instagram.com\\\/dfg_lfa_saarbruecken\\\/\",\"https:\\\/\\\/www.youtube.com\\\/channel\\\/UCoxV4_gnJ3blV1U7iOjCV7w\\\/\",\"https:\\\/\\\/de.wikipedia.org\\\/wiki\\\/Deutsch-Franz\u00f6sisches_Gymnasium_in_Saarbr\u00fccken\"]},{\"@type\":\"Person\",\"@id\":\"https:\\\/\\\/dfg-lfa.org\\\/#\\\/schema\\\/person\\\/a8fe67fb1ec6d85c85d21daf2d68fa69\",\"name\":\"Administrator\"}]}<\/script>\n<!-- \/ Yoast SEO plugin. -->","yoast_head_json":{"title":"94e anniversaire de l'armistice du 11 Novembre de 1918 - Lyc\u00e9e Franco-Allemand de Sarrebruck","robots":{"index":"index","follow":"follow","max-snippet":"max-snippet:-1","max-image-preview":"max-image-preview:large","max-video-preview":"max-video-preview:-1"},"canonical":"https:\/\/dfg-lfa.org\/fr\/2012\/12\/94-jahrestag-des-waffenstillstands-am-11-november-1918\/","og_locale":"fr_FR","og_type":"article","og_title":"94e anniversaire de l'armistice du 11 Novembre de 1918 - Lyc\u00e9e Franco-Allemand de Sarrebruck","og_description":"11 Novembre 2012. A l&rsquo;occasion du 94e anniversaire de l&rsquo;armistice du 11 Novembre de 1918, nous avons pu rendre hommage aux soldats morts pour la France, comme pour l&rsquo;Allemagne en participant \u00e0 une comm\u00e9moration, qui a eu lieu au cimeti\u00e8re du Jardin Franco Allemand \u00e0 Sarrebruck. Nous nous sommes rassembl\u00e9 &hellip;","og_url":"https:\/\/dfg-lfa.org\/fr\/2012\/12\/94-jahrestag-des-waffenstillstands-am-11-november-1918\/","og_site_name":"Lyc\u00e9e Franco-Allemand de Sarrebruck","article_publisher":"https:\/\/www.facebook.com\/dfglfa\/","article_published_time":"2012-12-20T02:59:03+00:00","article_modified_time":"2021-07-26T21:07:06+00:00","og_image":[{"width":600,"height":400,"url":"https:\/\/dfg-lfa.org\/wp-content\/uploads\/1.png","type":"image\/png"}],"author":"Administrator","twitter_card":"summary_large_image","twitter_creator":"@DFGLFA","twitter_site":"@DFGLFA","twitter_misc":{"\u00c9crit par":"Administrator","Dur\u00e9e de lecture estim\u00e9e":"5 minutes"},"schema":{"@context":"https:\/\/schema.org","@graph":[{"@type":"Article","@id":"https:\/\/dfg-lfa.org\/fr\/2012\/12\/94-jahrestag-des-waffenstillstands-am-11-november-1918\/#article","isPartOf":{"@id":"https:\/\/dfg-lfa.org\/fr\/2012\/12\/94-jahrestag-des-waffenstillstands-am-11-november-1918\/"},"author":{"name":"Administrator","@id":"https:\/\/dfg-lfa.org\/#\/schema\/person\/a8fe67fb1ec6d85c85d21daf2d68fa69"},"headline":"94e anniversaire de l&rsquo;armistice du 11 Novembre de 1918","datePublished":"2012-12-20T02:59:03+00:00","dateModified":"2021-07-26T21:07:06+00:00","mainEntityOfPage":{"@id":"https:\/\/dfg-lfa.org\/fr\/2012\/12\/94-jahrestag-des-waffenstillstands-am-11-november-1918\/"},"wordCount":2092,"publisher":{"@id":"https:\/\/dfg-lfa.org\/#organization"},"image":{"@id":"https:\/\/dfg-lfa.org\/fr\/2012\/12\/94-jahrestag-des-waffenstillstands-am-11-november-1918\/#primaryimage"},"thumbnailUrl":"https:\/\/dfg-lfa.org\/wp-content\/uploads\/1.png","keywords":["11 novembre","11. November","Jahrestag des Waffenstillstands"],"articleSection":["Actualit\u00e9s","Histoire"],"inLanguage":"fr-FR"},{"@type":"WebPage","@id":"https:\/\/dfg-lfa.org\/fr\/2012\/12\/94-jahrestag-des-waffenstillstands-am-11-november-1918\/","url":"https:\/\/dfg-lfa.org\/fr\/2012\/12\/94-jahrestag-des-waffenstillstands-am-11-november-1918\/","name":"94e anniversaire de l'armistice du 11 Novembre de 1918 - Lyc\u00e9e Franco-Allemand de Sarrebruck","isPartOf":{"@id":"https:\/\/dfg-lfa.org\/fr\/#website"},"primaryImageOfPage":{"@id":"https:\/\/dfg-lfa.org\/fr\/2012\/12\/94-jahrestag-des-waffenstillstands-am-11-november-1918\/#primaryimage"},"image":{"@id":"https:\/\/dfg-lfa.org\/fr\/2012\/12\/94-jahrestag-des-waffenstillstands-am-11-november-1918\/#primaryimage"},"thumbnailUrl":"https:\/\/dfg-lfa.org\/wp-content\/uploads\/1.png","datePublished":"2012-12-20T02:59:03+00:00","dateModified":"2021-07-26T21:07:06+00:00","breadcrumb":{"@id":"https:\/\/dfg-lfa.org\/fr\/2012\/12\/94-jahrestag-des-waffenstillstands-am-11-november-1918\/#breadcrumb"},"inLanguage":"fr-FR","potentialAction":[{"@type":"ReadAction","target":[["https:\/\/dfg-lfa.org\/fr\/2012\/12\/94-jahrestag-des-waffenstillstands-am-11-november-1918\/"]]}]},{"@type":"ImageObject","inLanguage":"fr-FR","@id":"https:\/\/dfg-lfa.org\/fr\/2012\/12\/94-jahrestag-des-waffenstillstands-am-11-november-1918\/#primaryimage","url":"https:\/\/dfg-lfa.org\/wp-content\/uploads\/1.png","contentUrl":"https:\/\/dfg-lfa.org\/wp-content\/uploads\/1.png","width":600,"height":400,"caption":""},{"@type":"BreadcrumbList","@id":"https:\/\/dfg-lfa.org\/fr\/2012\/12\/94-jahrestag-des-waffenstillstands-am-11-november-1918\/#breadcrumb","itemListElement":[{"@type":"ListItem","position":1,"name":"Startseite","item":"https:\/\/dfg-lfa.org\/fr\/"},{"@type":"ListItem","position":2,"name":"94e anniversaire de l&rsquo;armistice du 11 Novembre de 1918"}]},{"@type":"WebSite","@id":"https:\/\/dfg-lfa.org\/fr\/#website","url":"https:\/\/dfg-lfa.org\/fr\/","name":"Lyc\u00e9e Franco-Allemand de Sarrebruck","description":"Einander begegnen \u2013 Avancer ensemble \u2013 We make Europe happen","publisher":{"@id":"https:\/\/dfg-lfa.org\/fr\/#organization"},"potentialAction":[{"@type":"SearchAction","target":{"@type":"EntryPoint","urlTemplate":"https:\/\/dfg-lfa.org\/fr\/?s={search_term_string}"},"query-input":{"@type":"PropertyValueSpecification","valueRequired":true,"valueName":"search_term_string"}}],"inLanguage":"fr-FR"},{"@type":"Organization","@id":"https:\/\/dfg-lfa.org\/fr\/#organization","name":"Deutsch-Franz\u00f6sisches Gymnasium Saarbr\u00fccken","url":"https:\/\/dfg-lfa.org\/fr\/","logo":{"@type":"ImageObject","inLanguage":"fr-FR","@id":"https:\/\/dfg-lfa.org\/fr\/#\/schema\/logo\/image\/","url":"https:\/\/dfg-lfa.org\/wp-content\/uploads\/DFG-logo.png","contentUrl":"https:\/\/dfg-lfa.org\/wp-content\/uploads\/DFG-logo.png","width":200,"height":77,"caption":"Deutsch-Franz\u00f6sisches Gymnasium Saarbr\u00fccken"},"image":{"@id":"https:\/\/dfg-lfa.org\/fr\/#\/schema\/logo\/image\/"},"sameAs":["https:\/\/www.facebook.com\/dfglfa\/","https:\/\/x.com\/DFGLFA","https:\/\/www.instagram.com\/dfg_lfa_saarbruecken\/","https:\/\/www.youtube.com\/channel\/UCoxV4_gnJ3blV1U7iOjCV7w\/","https:\/\/de.wikipedia.org\/wiki\/Deutsch-Franz\u00f6sisches_Gymnasium_in_Saarbr\u00fccken"]},{"@type":"Person","@id":"https:\/\/dfg-lfa.org\/#\/schema\/person\/a8fe67fb1ec6d85c85d21daf2d68fa69","name":"Administrator"}]}},"_links":{"self":[{"href":"https:\/\/dfg-lfa.org\/fr\/wp-json\/wp\/v2\/posts\/17612","targetHints":{"allow":["GET"]}}],"collection":[{"href":"https:\/\/dfg-lfa.org\/fr\/wp-json\/wp\/v2\/posts"}],"about":[{"href":"https:\/\/dfg-lfa.org\/fr\/wp-json\/wp\/v2\/types\/post"}],"author":[{"embeddable":true,"href":"https:\/\/dfg-lfa.org\/fr\/wp-json\/wp\/v2\/users\/2"}],"replies":[{"embeddable":true,"href":"https:\/\/dfg-lfa.org\/fr\/wp-json\/wp\/v2\/comments?post=17612"}],"version-history":[{"count":0,"href":"https:\/\/dfg-lfa.org\/fr\/wp-json\/wp\/v2\/posts\/17612\/revisions"}],"wp:featuredmedia":[{"embeddable":true,"href":"https:\/\/dfg-lfa.org\/fr\/wp-json\/wp\/v2\/media\/17618"}],"wp:attachment":[{"href":"https:\/\/dfg-lfa.org\/fr\/wp-json\/wp\/v2\/media?parent=17612"}],"wp:term":[{"taxonomy":"category","embeddable":true,"href":"https:\/\/dfg-lfa.org\/fr\/wp-json\/wp\/v2\/categories?post=17612"},{"taxonomy":"post_tag","embeddable":true,"href":"https:\/\/dfg-lfa.org\/fr\/wp-json\/wp\/v2\/tags?post=17612"}],"curies":[{"name":"wp","href":"https:\/\/api.w.org\/{rel}","templated":true}]}}