{"id":17948,"date":"2013-01-23T22:16:45","date_gmt":"2013-01-23T21:16:45","guid":{"rendered":"http:\/\/dfg-lfa.org\/?p=17948"},"modified":"2021-07-29T11:19:10","modified_gmt":"2021-07-29T09:19:10","slug":"50-jahre-elysee-vertrag-feierlichkeiten-am-dfg","status":"publish","type":"post","link":"https:\/\/dfg-lfa.org\/fr\/2013\/01\/50-jahre-elysee-vertrag-feierlichkeiten-am-dfg\/","title":{"rendered":"Le LFA c\u00e9l\u00e8bre le cinquantenaire du trait\u00e9 de l\u2019\u00c9lys\u00e9e"},"content":{"rendered":"<p><a href=\"https:\/\/dfg-lfa.org\/wp-content\/uploads\/IMG_3028.jpg\"><img loading=\"lazy\" decoding=\"async\" class=\"alignright wp-image-17984 size-medium\" title=\"50 Jahre Elys\u00e9e-Vertrag: Feierlichkeiten am DFG\" src=\"https:\/\/dfg-lfa.org\/wp-content\/uploads\/IMG_3028-300x200.jpg\" alt=\" \" width=\"300\" height=\"200\" srcset=\"https:\/\/dfg-lfa.org\/wp-content\/uploads\/IMG_3028-300x200.jpg 300w, https:\/\/dfg-lfa.org\/wp-content\/uploads\/IMG_3028-150x100.jpg 150w, https:\/\/dfg-lfa.org\/wp-content\/uploads\/IMG_3028-590x393.jpg 590w, https:\/\/dfg-lfa.org\/wp-content\/uploads\/IMG_3028.jpg 600w\" sizes=\"auto, (max-width: 300px) 100vw, 300px\" \/><\/a>A l\u2019occasion du 50\u00e8me anniversaire du trait\u00e9 de l\u2019\u00c9lys\u00e9e qui se f\u00eatait ce 22 janvier 2013, les \u00e9l\u00e8ves du LFA se sont int\u00e9ress\u00e9s aux relations franco-allemandes et plus g\u00e9n\u00e9ralement \u00e0 tout ce qui touche \u00e0 l\u2019Europe, et ceci dans le cadre d\u2019une matin\u00e9e banalis\u00e9e au cours de laquelle un grand nombre d\u2019ateliers et d\u2019activit\u00e9s leur \u00e9taient propos\u00e9s. Dans ces ateliers, on a trait\u00e9 des deux pays partenaires selon les modalit\u00e9s les plus diverses, pi\u00e8ces de th\u00e9\u00e2tre, chansons, litt\u00e9rature, vid\u00e9oclips, pr\u00e9sentations de posters, jeu d\u2019identification de caricatures, quiz ou encore micros-trottoirs ne repr\u00e9sentant que quelques-unes de ces multiples approches. Au cours de leur visite, les invit\u00e9s d\u2019honneur Monsieur le ministre des Finances et des Affaires europ\u00e9ennes Stephan Toscani, Monsieur le ministre de l\u2019\u00c9ducation et de la Formation Ulrich Commer\u00e7on, Madame la directrice de l\u2019Agence pour l\u2019Enseignement Fran\u00e7ais \u00e0 l\u2019\u00c9tranger Anne-Marie Desc\u00f4tes ainsi que Monsieur Fr\u00e9d\u00e9ric Joureau le Consul G\u00e9n\u00e9ral de France en Sarre ont d\u2019ailleurs pu se rendre compte de la diversit\u00e9 des projets men\u00e9s.<\/p>\n<div id='gallery-3' class='gallery galleryid-17948 gallery-columns-3 gallery-size-medium'><figure class='gallery-item'>\n\t\t\t<div class='gallery-icon landscape'>\n\t\t\t\t<img loading=\"lazy\" decoding=\"async\" width=\"300\" height=\"200\" src=\"https:\/\/dfg-lfa.org\/wp-content\/uploads\/directrice-beim-quiz-1-300x200.jpg\" class=\"attachment-medium size-medium\" alt=\"\" srcset=\"https:\/\/dfg-lfa.org\/wp-content\/uploads\/directrice-beim-quiz-1-300x200.jpg 300w, https:\/\/dfg-lfa.org\/wp-content\/uploads\/directrice-beim-quiz-1-150x100.jpg 150w, https:\/\/dfg-lfa.org\/wp-content\/uploads\/directrice-beim-quiz-1.jpg 600w\" sizes=\"auto, (max-width: 300px) 100vw, 300px\" \/>\n\t\t\t<\/div><\/figure><figure class='gallery-item'>\n\t\t\t<div class='gallery-icon landscape'>\n\t\t\t\t<img loading=\"lazy\" decoding=\"async\" width=\"300\" height=\"200\" src=\"https:\/\/dfg-lfa.org\/wp-content\/uploads\/ehrengaste-300x200.jpg\" class=\"attachment-medium size-medium\" alt=\"\" srcset=\"https:\/\/dfg-lfa.org\/wp-content\/uploads\/ehrengaste-300x200.jpg 300w, https:\/\/dfg-lfa.org\/wp-content\/uploads\/ehrengaste-150x100.jpg 150w, https:\/\/dfg-lfa.org\/wp-content\/uploads\/ehrengaste.jpg 600w\" sizes=\"auto, (max-width: 300px) 100vw, 300px\" \/>\n\t\t\t<\/div><\/figure><figure class='gallery-item'>\n\t\t\t<div class='gallery-icon landscape'>\n\t\t\t\t<img loading=\"lazy\" decoding=\"async\" width=\"300\" height=\"200\" src=\"https:\/\/dfg-lfa.org\/wp-content\/uploads\/img_3013-300x200.jpg\" class=\"attachment-medium size-medium\" alt=\"\" srcset=\"https:\/\/dfg-lfa.org\/wp-content\/uploads\/img_3013-300x200.jpg 300w, https:\/\/dfg-lfa.org\/wp-content\/uploads\/img_3013-150x100.jpg 150w, https:\/\/dfg-lfa.org\/wp-content\/uploads\/img_3013.jpg 600w\" sizes=\"auto, (max-width: 300px) 100vw, 300px\" \/>\n\t\t\t<\/div><\/figure><figure class='gallery-item'>\n\t\t\t<div class='gallery-icon landscape'>\n\t\t\t\t<img loading=\"lazy\" decoding=\"async\" width=\"300\" height=\"200\" src=\"https:\/\/dfg-lfa.org\/wp-content\/uploads\/img_3015-1-300x200.jpg\" class=\"attachment-medium size-medium\" alt=\"\" srcset=\"https:\/\/dfg-lfa.org\/wp-content\/uploads\/img_3015-1-300x200.jpg 300w, https:\/\/dfg-lfa.org\/wp-content\/uploads\/img_3015-1-150x100.jpg 150w, https:\/\/dfg-lfa.org\/wp-content\/uploads\/img_3015-1.jpg 600w\" sizes=\"auto, (max-width: 300px) 100vw, 300px\" \/>\n\t\t\t<\/div><\/figure><figure class='gallery-item'>\n\t\t\t<div class='gallery-icon landscape'>\n\t\t\t\t<img loading=\"lazy\" decoding=\"async\" width=\"300\" height=\"200\" src=\"https:\/\/dfg-lfa.org\/wp-content\/uploads\/img_3017-300x200.jpg\" class=\"attachment-medium size-medium\" alt=\"\" srcset=\"https:\/\/dfg-lfa.org\/wp-content\/uploads\/img_3017-300x200.jpg 300w, https:\/\/dfg-lfa.org\/wp-content\/uploads\/img_3017-150x100.jpg 150w, https:\/\/dfg-lfa.org\/wp-content\/uploads\/img_3017.jpg 600w\" sizes=\"auto, (max-width: 300px) 100vw, 300px\" \/>\n\t\t\t<\/div><\/figure><figure class='gallery-item'>\n\t\t\t<div class='gallery-icon landscape'>\n\t\t\t\t<img loading=\"lazy\" decoding=\"async\" width=\"300\" height=\"200\" src=\"https:\/\/dfg-lfa.org\/wp-content\/uploads\/img_3019-300x200.jpg\" class=\"attachment-medium size-medium\" alt=\"\" srcset=\"https:\/\/dfg-lfa.org\/wp-content\/uploads\/img_3019-300x200.jpg 300w, https:\/\/dfg-lfa.org\/wp-content\/uploads\/img_3019-150x100.jpg 150w, https:\/\/dfg-lfa.org\/wp-content\/uploads\/img_3019.jpg 600w\" sizes=\"auto, (max-width: 300px) 100vw, 300px\" \/>\n\t\t\t<\/div><\/figure><figure class='gallery-item'>\n\t\t\t<div class='gallery-icon landscape'>\n\t\t\t\t<img loading=\"lazy\" decoding=\"async\" width=\"300\" height=\"200\" src=\"https:\/\/dfg-lfa.org\/wp-content\/uploads\/img_3022-300x200.jpg\" class=\"attachment-medium size-medium\" alt=\"\" srcset=\"https:\/\/dfg-lfa.org\/wp-content\/uploads\/img_3022-300x200.jpg 300w, https:\/\/dfg-lfa.org\/wp-content\/uploads\/img_3022-150x100.jpg 150w, https:\/\/dfg-lfa.org\/wp-content\/uploads\/img_3022.jpg 600w\" sizes=\"auto, (max-width: 300px) 100vw, 300px\" \/>\n\t\t\t<\/div><\/figure><figure class='gallery-item'>\n\t\t\t<div class='gallery-icon landscape'>\n\t\t\t\t<img loading=\"lazy\" decoding=\"async\" width=\"300\" height=\"200\" src=\"https:\/\/dfg-lfa.org\/wp-content\/uploads\/img_3023-300x200.jpg\" class=\"attachment-medium size-medium\" alt=\"\" srcset=\"https:\/\/dfg-lfa.org\/wp-content\/uploads\/img_3023-300x200.jpg 300w, https:\/\/dfg-lfa.org\/wp-content\/uploads\/img_3023-150x100.jpg 150w, https:\/\/dfg-lfa.org\/wp-content\/uploads\/img_3023.jpg 600w\" sizes=\"auto, (max-width: 300px) 100vw, 300px\" \/>\n\t\t\t<\/div><\/figure><figure class='gallery-item'>\n\t\t\t<div class='gallery-icon landscape'>\n\t\t\t\t<img loading=\"lazy\" decoding=\"async\" width=\"300\" height=\"200\" src=\"https:\/\/dfg-lfa.org\/wp-content\/uploads\/img_3028-1-300x200.jpg\" class=\"attachment-medium size-medium\" alt=\"\" srcset=\"https:\/\/dfg-lfa.org\/wp-content\/uploads\/img_3028-1-300x200.jpg 300w, https:\/\/dfg-lfa.org\/wp-content\/uploads\/img_3028-1-150x100.jpg 150w, https:\/\/dfg-lfa.org\/wp-content\/uploads\/img_3028-1.jpg 600w\" sizes=\"auto, (max-width: 300px) 100vw, 300px\" \/>\n\t\t\t<\/div><\/figure><figure class='gallery-item'>\n\t\t\t<div class='gallery-icon landscape'>\n\t\t\t\t<img loading=\"lazy\" decoding=\"async\" width=\"300\" height=\"200\" src=\"https:\/\/dfg-lfa.org\/wp-content\/uploads\/img_3032-1-300x200.jpg\" class=\"attachment-medium size-medium\" alt=\"\" srcset=\"https:\/\/dfg-lfa.org\/wp-content\/uploads\/img_3032-1-300x200.jpg 300w, https:\/\/dfg-lfa.org\/wp-content\/uploads\/img_3032-1-150x100.jpg 150w, https:\/\/dfg-lfa.org\/wp-content\/uploads\/img_3032-1.jpg 600w\" sizes=\"auto, (max-width: 300px) 100vw, 300px\" \/>\n\t\t\t<\/div><\/figure><figure class='gallery-item'>\n\t\t\t<div class='gallery-icon landscape'>\n\t\t\t\t<img loading=\"lazy\" decoding=\"async\" width=\"300\" height=\"200\" src=\"https:\/\/dfg-lfa.org\/wp-content\/uploads\/img_3035-1-300x200.jpg\" class=\"attachment-medium size-medium\" alt=\"\" srcset=\"https:\/\/dfg-lfa.org\/wp-content\/uploads\/img_3035-1-300x200.jpg 300w, https:\/\/dfg-lfa.org\/wp-content\/uploads\/img_3035-1-150x100.jpg 150w, https:\/\/dfg-lfa.org\/wp-content\/uploads\/img_3035-1.jpg 600w\" sizes=\"auto, (max-width: 300px) 100vw, 300px\" \/>\n\t\t\t<\/div><\/figure><figure class='gallery-item'>\n\t\t\t<div class='gallery-icon landscape'>\n\t\t\t\t<img loading=\"lazy\" decoding=\"async\" width=\"300\" height=\"200\" src=\"https:\/\/dfg-lfa.org\/wp-content\/uploads\/img_3042-300x200.jpg\" class=\"attachment-medium size-medium\" alt=\"\" srcset=\"https:\/\/dfg-lfa.org\/wp-content\/uploads\/img_3042-300x200.jpg 300w, https:\/\/dfg-lfa.org\/wp-content\/uploads\/img_3042-150x100.jpg 150w, https:\/\/dfg-lfa.org\/wp-content\/uploads\/img_3042.jpg 600w\" sizes=\"auto, (max-width: 300px) 100vw, 300px\" \/>\n\t\t\t<\/div><\/figure><figure class='gallery-item'>\n\t\t\t<div class='gallery-icon landscape'>\n\t\t\t\t<img loading=\"lazy\" decoding=\"async\" width=\"300\" height=\"200\" src=\"https:\/\/dfg-lfa.org\/wp-content\/uploads\/img_3043-1-300x200.jpg\" class=\"attachment-medium size-medium\" alt=\"\" srcset=\"https:\/\/dfg-lfa.org\/wp-content\/uploads\/img_3043-1-300x200.jpg 300w, https:\/\/dfg-lfa.org\/wp-content\/uploads\/img_3043-1-150x100.jpg 150w, https:\/\/dfg-lfa.org\/wp-content\/uploads\/img_3043-1.jpg 600w\" sizes=\"auto, (max-width: 300px) 100vw, 300px\" \/>\n\t\t\t<\/div><\/figure><figure class='gallery-item'>\n\t\t\t<div class='gallery-icon landscape'>\n\t\t\t\t<img loading=\"lazy\" decoding=\"async\" width=\"300\" height=\"200\" src=\"https:\/\/dfg-lfa.org\/wp-content\/uploads\/img_3047-1-300x200.jpg\" class=\"attachment-medium size-medium\" alt=\"\" srcset=\"https:\/\/dfg-lfa.org\/wp-content\/uploads\/img_3047-1-300x200.jpg 300w, https:\/\/dfg-lfa.org\/wp-content\/uploads\/img_3047-1-150x100.jpg 150w, https:\/\/dfg-lfa.org\/wp-content\/uploads\/img_3047-1.jpg 600w\" sizes=\"auto, (max-width: 300px) 100vw, 300px\" \/>\n\t\t\t<\/div><\/figure><figure class='gallery-item'>\n\t\t\t<div class='gallery-icon landscape'>\n\t\t\t\t<img loading=\"lazy\" decoding=\"async\" width=\"300\" height=\"200\" src=\"https:\/\/dfg-lfa.org\/wp-content\/uploads\/img_3048-300x200.jpg\" class=\"attachment-medium size-medium\" alt=\"\" srcset=\"https:\/\/dfg-lfa.org\/wp-content\/uploads\/img_3048-300x200.jpg 300w, https:\/\/dfg-lfa.org\/wp-content\/uploads\/img_3048-150x100.jpg 150w, https:\/\/dfg-lfa.org\/wp-content\/uploads\/img_3048.jpg 600w\" sizes=\"auto, (max-width: 300px) 100vw, 300px\" \/>\n\t\t\t<\/div><\/figure><figure class='gallery-item'>\n\t\t\t<div class='gallery-icon landscape'>\n\t\t\t\t<img loading=\"lazy\" decoding=\"async\" width=\"300\" height=\"200\" src=\"https:\/\/dfg-lfa.org\/wp-content\/uploads\/img_3049-300x200.jpg\" class=\"attachment-medium size-medium\" alt=\"\" srcset=\"https:\/\/dfg-lfa.org\/wp-content\/uploads\/img_3049-300x200.jpg 300w, https:\/\/dfg-lfa.org\/wp-content\/uploads\/img_3049-150x100.jpg 150w, https:\/\/dfg-lfa.org\/wp-content\/uploads\/img_3049.jpg 600w\" sizes=\"auto, (max-width: 300px) 100vw, 300px\" \/>\n\t\t\t<\/div><\/figure><figure class='gallery-item'>\n\t\t\t<div class='gallery-icon landscape'>\n\t\t\t\t<img loading=\"lazy\" decoding=\"async\" width=\"300\" height=\"200\" src=\"https:\/\/dfg-lfa.org\/wp-content\/uploads\/img_3051-300x200.jpg\" class=\"attachment-medium size-medium\" alt=\"\" srcset=\"https:\/\/dfg-lfa.org\/wp-content\/uploads\/img_3051-300x200.jpg 300w, https:\/\/dfg-lfa.org\/wp-content\/uploads\/img_3051-150x100.jpg 150w, https:\/\/dfg-lfa.org\/wp-content\/uploads\/img_3051.jpg 600w\" sizes=\"auto, (max-width: 300px) 100vw, 300px\" \/>\n\t\t\t<\/div><\/figure><figure class='gallery-item'>\n\t\t\t<div class='gallery-icon landscape'>\n\t\t\t\t<img loading=\"lazy\" decoding=\"async\" width=\"300\" height=\"200\" src=\"https:\/\/dfg-lfa.org\/wp-content\/uploads\/img_3057-1-300x200.jpg\" class=\"attachment-medium size-medium\" alt=\"\" srcset=\"https:\/\/dfg-lfa.org\/wp-content\/uploads\/img_3057-1-300x200.jpg 300w, https:\/\/dfg-lfa.org\/wp-content\/uploads\/img_3057-1-150x100.jpg 150w, https:\/\/dfg-lfa.org\/wp-content\/uploads\/img_3057-1.jpg 600w\" sizes=\"auto, (max-width: 300px) 100vw, 300px\" \/>\n\t\t\t<\/div><\/figure><figure class='gallery-item'>\n\t\t\t<div class='gallery-icon landscape'>\n\t\t\t\t<img loading=\"lazy\" decoding=\"async\" width=\"300\" height=\"200\" src=\"https:\/\/dfg-lfa.org\/wp-content\/uploads\/img_3060-1-300x200.jpg\" class=\"attachment-medium size-medium\" alt=\"\" srcset=\"https:\/\/dfg-lfa.org\/wp-content\/uploads\/img_3060-1-300x200.jpg 300w, https:\/\/dfg-lfa.org\/wp-content\/uploads\/img_3060-1-150x100.jpg 150w, https:\/\/dfg-lfa.org\/wp-content\/uploads\/img_3060-1.jpg 600w\" sizes=\"auto, (max-width: 300px) 100vw, 300px\" \/>\n\t\t\t<\/div><\/figure><figure class='gallery-item'>\n\t\t\t<div class='gallery-icon landscape'>\n\t\t\t\t<img loading=\"lazy\" decoding=\"async\" width=\"300\" height=\"200\" src=\"https:\/\/dfg-lfa.org\/wp-content\/uploads\/img_3076-1-300x200.jpg\" class=\"attachment-medium size-medium\" alt=\"\" srcset=\"https:\/\/dfg-lfa.org\/wp-content\/uploads\/img_3076-1-300x200.jpg 300w, https:\/\/dfg-lfa.org\/wp-content\/uploads\/img_3076-1-150x100.jpg 150w, https:\/\/dfg-lfa.org\/wp-content\/uploads\/img_3076-1.jpg 600w\" sizes=\"auto, (max-width: 300px) 100vw, 300px\" \/>\n\t\t\t<\/div><\/figure><figure class='gallery-item'>\n\t\t\t<div class='gallery-icon landscape'>\n\t\t\t\t<img loading=\"lazy\" decoding=\"async\" width=\"300\" height=\"200\" src=\"https:\/\/dfg-lfa.org\/wp-content\/uploads\/img_3092-300x200.jpg\" class=\"attachment-medium size-medium\" alt=\"\" srcset=\"https:\/\/dfg-lfa.org\/wp-content\/uploads\/img_3092-300x200.jpg 300w, https:\/\/dfg-lfa.org\/wp-content\/uploads\/img_3092-150x100.jpg 150w, https:\/\/dfg-lfa.org\/wp-content\/uploads\/img_3092.jpg 600w\" sizes=\"auto, (max-width: 300px) 100vw, 300px\" \/>\n\t\t\t<\/div><\/figure><figure class='gallery-item'>\n\t\t\t<div class='gallery-icon landscape'>\n\t\t\t\t<img loading=\"lazy\" decoding=\"async\" width=\"300\" height=\"200\" src=\"https:\/\/dfg-lfa.org\/wp-content\/uploads\/img_3098-300x200.jpg\" class=\"attachment-medium size-medium\" alt=\"\" srcset=\"https:\/\/dfg-lfa.org\/wp-content\/uploads\/img_3098-300x200.jpg 300w, https:\/\/dfg-lfa.org\/wp-content\/uploads\/img_3098-150x100.jpg 150w, https:\/\/dfg-lfa.org\/wp-content\/uploads\/img_3098.jpg 600w\" sizes=\"auto, (max-width: 300px) 100vw, 300px\" \/>\n\t\t\t<\/div><\/figure><figure class='gallery-item'>\n\t\t\t<div class='gallery-icon landscape'>\n\t\t\t\t<img loading=\"lazy\" decoding=\"async\" width=\"300\" height=\"200\" src=\"https:\/\/dfg-lfa.org\/wp-content\/uploads\/img_3099-300x200.jpg\" class=\"attachment-medium size-medium\" alt=\"\" srcset=\"https:\/\/dfg-lfa.org\/wp-content\/uploads\/img_3099-300x200.jpg 300w, https:\/\/dfg-lfa.org\/wp-content\/uploads\/img_3099-150x100.jpg 150w, https:\/\/dfg-lfa.org\/wp-content\/uploads\/img_3099.jpg 600w\" sizes=\"auto, (max-width: 300px) 100vw, 300px\" \/>\n\t\t\t<\/div><\/figure><figure class='gallery-item'>\n\t\t\t<div class='gallery-icon landscape'>\n\t\t\t\t<img loading=\"lazy\" decoding=\"async\" width=\"300\" height=\"200\" src=\"https:\/\/dfg-lfa.org\/wp-content\/uploads\/img_3103-300x200.jpg\" class=\"attachment-medium size-medium\" alt=\"\" srcset=\"https:\/\/dfg-lfa.org\/wp-content\/uploads\/img_3103-300x200.jpg 300w, https:\/\/dfg-lfa.org\/wp-content\/uploads\/img_3103-150x100.jpg 150w, https:\/\/dfg-lfa.org\/wp-content\/uploads\/img_3103.jpg 600w\" sizes=\"auto, (max-width: 300px) 100vw, 300px\" \/>\n\t\t\t<\/div><\/figure><figure class='gallery-item'>\n\t\t\t<div class='gallery-icon landscape'>\n\t\t\t\t<img loading=\"lazy\" decoding=\"async\" width=\"300\" height=\"200\" src=\"https:\/\/dfg-lfa.org\/wp-content\/uploads\/img_3104-300x200.jpg\" class=\"attachment-medium size-medium\" alt=\"\" srcset=\"https:\/\/dfg-lfa.org\/wp-content\/uploads\/img_3104-300x200.jpg 300w, https:\/\/dfg-lfa.org\/wp-content\/uploads\/img_3104-150x100.jpg 150w, https:\/\/dfg-lfa.org\/wp-content\/uploads\/img_3104.jpg 600w\" sizes=\"auto, (max-width: 300px) 100vw, 300px\" \/>\n\t\t\t<\/div><\/figure><figure class='gallery-item'>\n\t\t\t<div class='gallery-icon landscape'>\n\t\t\t\t<img loading=\"lazy\" decoding=\"async\" width=\"300\" height=\"200\" src=\"https:\/\/dfg-lfa.org\/wp-content\/uploads\/img_3105-300x200.jpg\" class=\"attachment-medium size-medium\" alt=\"\" srcset=\"https:\/\/dfg-lfa.org\/wp-content\/uploads\/img_3105-300x200.jpg 300w, https:\/\/dfg-lfa.org\/wp-content\/uploads\/img_3105-150x100.jpg 150w, https:\/\/dfg-lfa.org\/wp-content\/uploads\/img_3105.jpg 600w\" sizes=\"auto, (max-width: 300px) 100vw, 300px\" \/>\n\t\t\t<\/div><\/figure><figure class='gallery-item'>\n\t\t\t<div class='gallery-icon landscape'>\n\t\t\t\t<img loading=\"lazy\" decoding=\"async\" width=\"300\" height=\"200\" src=\"https:\/\/dfg-lfa.org\/wp-content\/uploads\/img_3107-300x200.jpg\" class=\"attachment-medium size-medium\" alt=\"\" srcset=\"https:\/\/dfg-lfa.org\/wp-content\/uploads\/img_3107-300x200.jpg 300w, https:\/\/dfg-lfa.org\/wp-content\/uploads\/img_3107-150x100.jpg 150w, https:\/\/dfg-lfa.org\/wp-content\/uploads\/img_3107.jpg 600w\" sizes=\"auto, (max-width: 300px) 100vw, 300px\" \/>\n\t\t\t<\/div><\/figure><figure class='gallery-item'>\n\t\t\t<div class='gallery-icon landscape'>\n\t\t\t\t<img loading=\"lazy\" decoding=\"async\" width=\"300\" height=\"200\" src=\"https:\/\/dfg-lfa.org\/wp-content\/uploads\/img_3108-300x200.jpg\" class=\"attachment-medium size-medium\" alt=\"\" srcset=\"https:\/\/dfg-lfa.org\/wp-content\/uploads\/img_3108-300x200.jpg 300w, https:\/\/dfg-lfa.org\/wp-content\/uploads\/img_3108-150x100.jpg 150w, https:\/\/dfg-lfa.org\/wp-content\/uploads\/img_3108.jpg 600w\" sizes=\"auto, (max-width: 300px) 100vw, 300px\" \/>\n\t\t\t<\/div><\/figure><figure class='gallery-item'>\n\t\t\t<div class='gallery-icon landscape'>\n\t\t\t\t<img loading=\"lazy\" decoding=\"async\" width=\"300\" height=\"200\" src=\"https:\/\/dfg-lfa.org\/wp-content\/uploads\/img_3115-300x200.jpg\" class=\"attachment-medium size-medium\" alt=\"\" srcset=\"https:\/\/dfg-lfa.org\/wp-content\/uploads\/img_3115-300x200.jpg 300w, https:\/\/dfg-lfa.org\/wp-content\/uploads\/img_3115-150x100.jpg 150w, https:\/\/dfg-lfa.org\/wp-content\/uploads\/img_3115.jpg 600w\" sizes=\"auto, (max-width: 300px) 100vw, 300px\" \/>\n\t\t\t<\/div><\/figure><figure class='gallery-item'>\n\t\t\t<div class='gallery-icon landscape'>\n\t\t\t\t<img loading=\"lazy\" decoding=\"async\" width=\"300\" height=\"200\" src=\"https:\/\/dfg-lfa.org\/wp-content\/uploads\/img_3116-300x200.jpg\" class=\"attachment-medium size-medium\" alt=\"\" srcset=\"https:\/\/dfg-lfa.org\/wp-content\/uploads\/img_3116-300x200.jpg 300w, https:\/\/dfg-lfa.org\/wp-content\/uploads\/img_3116-150x100.jpg 150w, https:\/\/dfg-lfa.org\/wp-content\/uploads\/img_3116.jpg 600w\" sizes=\"auto, (max-width: 300px) 100vw, 300px\" \/>\n\t\t\t<\/div><\/figure><figure class='gallery-item'>\n\t\t\t<div class='gallery-icon landscape'>\n\t\t\t\t<img loading=\"lazy\" decoding=\"async\" width=\"300\" height=\"200\" src=\"https:\/\/dfg-lfa.org\/wp-content\/uploads\/massenchor-1-300x200.jpg\" class=\"attachment-medium size-medium\" alt=\"\" srcset=\"https:\/\/dfg-lfa.org\/wp-content\/uploads\/massenchor-1-300x200.jpg 300w, https:\/\/dfg-lfa.org\/wp-content\/uploads\/massenchor-1-150x100.jpg 150w, https:\/\/dfg-lfa.org\/wp-content\/uploads\/massenchor-1.jpg 600w\" sizes=\"auto, (max-width: 300px) 100vw, 300px\" \/>\n\t\t\t<\/div><\/figure><figure class='gallery-item'>\n\t\t\t<div class='gallery-icon landscape'>\n\t\t\t\t<img loading=\"lazy\" decoding=\"async\" width=\"300\" height=\"200\" src=\"https:\/\/dfg-lfa.org\/wp-content\/uploads\/silbermedaille-1-300x200.jpg\" class=\"attachment-medium size-medium\" alt=\"\" srcset=\"https:\/\/dfg-lfa.org\/wp-content\/uploads\/silbermedaille-1-300x200.jpg 300w, https:\/\/dfg-lfa.org\/wp-content\/uploads\/silbermedaille-1-150x100.jpg 150w, https:\/\/dfg-lfa.org\/wp-content\/uploads\/silbermedaille-1.jpg 600w\" sizes=\"auto, (max-width: 300px) 100vw, 300px\" \/>\n\t\t\t<\/div><\/figure><figure class='gallery-item'>\n\t\t\t<div class='gallery-icon landscape'>\n\t\t\t\t<img loading=\"lazy\" decoding=\"async\" width=\"300\" height=\"200\" src=\"https:\/\/dfg-lfa.org\/wp-content\/uploads\/workshop-grande-region-300x200.jpg\" class=\"attachment-medium size-medium\" alt=\"\" srcset=\"https:\/\/dfg-lfa.org\/wp-content\/uploads\/workshop-grande-region-300x200.jpg 300w, https:\/\/dfg-lfa.org\/wp-content\/uploads\/workshop-grande-region-150x100.jpg 150w, https:\/\/dfg-lfa.org\/wp-content\/uploads\/workshop-grande-region.jpg 600w\" sizes=\"auto, (max-width: 300px) 100vw, 300px\" \/>\n\t\t\t<\/div><\/figure>\n\t\t<\/div>\n\n<p>Temps fort de cette journ\u00e9e comm\u00e9morative, \u00e0 l\u2019issue de la matin\u00e9e et en pr\u00e9sence des invit\u00e9s officiels les \u00e9l\u00e8ves de l\u2019\u00e9cole primaire fran\u00e7aise et du lyc\u00e9e franco-allemand r\u00e9unis dans la cour de l\u2019\u00e9tablissement ont l\u00e2ch\u00e9 1000 ballons de couleur noire, rouge, or, bleue ou blanche.<\/p>\n<p>La c\u00e9r\u00e9monie comm\u00e9morative s\u2019est poursuivie dans la salle polyvalente o\u00f9 chacun des trois directeurs des \u00e9tablissements primaire et secondaire, Monsieur Christian Skica, directeur de l\u2019\u00e9cole primaire fran\u00e7aise, Madame Michelle Krill et Monsieur Hans B\u00e4chle, respectivement chef d\u2019\u00e9tablissement fran\u00e7aise et chef d\u2019\u00e9tablissement allemand du LFA, ont prononc\u00e9 un discours de bienvenue. Deux \u00e9l\u00e8ves de terminale, Sarah Fischer et Isabelle Kruchten, se sont \u00e0 leur tour exprim\u00e9es sur le sens que rev\u00eatait pour elles le 50\u00e8me anniversaire du trait\u00e9 franco-allemand. Monsieur le ministre de l\u2019\u00c9ducation et de la Formation Ulrich Commer\u00e7on a soulign\u00e9 dans son allocution l\u2019int\u00e9r\u00eat incontournable que pr\u00e9sente l\u2019\u00e9tablissement dans une Europe unie. Dans son discours, Madame Anne-Marie Desc\u00f4tes, la directrice de l\u2019AEFE, l\u2019Agence pour l\u2019Enseignement Fran\u00e7ais \u00e0 l&rsquo;\u00c9tranger, a, quant \u00e0 elle, tout particuli\u00e8rement salu\u00e9 le syst\u00e8me d\u2019int\u00e9gration progressive des \u00e9l\u00e8ves fran\u00e7ais et allemands mis en place au lyc\u00e9e franco-allemand de Sarrebruck. Pour le r\u00f4le qu\u2019il a jou\u00e9 dans cette belle r\u00e9ussite et en reconnaissance de son m\u00e9rite dans l\u2019exercice de sa fonction de chef d\u2019\u00e9tablissement, Monsieur B\u00e4chle s\u2019est vu d\u00e9cerner la m\u00e9daille de l\u2019AEFE.<\/p>\n<div id='gallery-4' class='gallery galleryid-17948 gallery-columns-3 gallery-size-medium'><figure class='gallery-item'>\n\t\t\t<div class='gallery-icon portrait'>\n\t\t\t\t<img loading=\"lazy\" decoding=\"async\" width=\"200\" height=\"300\" src=\"https:\/\/dfg-lfa.org\/wp-content\/uploads\/img_3050-200x300.jpg\" class=\"attachment-medium size-medium\" alt=\"\" srcset=\"https:\/\/dfg-lfa.org\/wp-content\/uploads\/img_3050-200x300.jpg 200w, https:\/\/dfg-lfa.org\/wp-content\/uploads\/img_3050-100x150.jpg 100w, https:\/\/dfg-lfa.org\/wp-content\/uploads\/img_3050-133x200.jpg 133w, https:\/\/dfg-lfa.org\/wp-content\/uploads\/img_3050.jpg 400w\" sizes=\"auto, (max-width: 200px) 100vw, 200px\" \/>\n\t\t\t<\/div><\/figure><figure class='gallery-item'>\n\t\t\t<div class='gallery-icon portrait'>\n\t\t\t\t<img loading=\"lazy\" decoding=\"async\" width=\"200\" height=\"300\" src=\"https:\/\/dfg-lfa.org\/wp-content\/uploads\/img_3056-200x300.jpg\" class=\"attachment-medium size-medium\" alt=\"\" srcset=\"https:\/\/dfg-lfa.org\/wp-content\/uploads\/img_3056-200x300.jpg 200w, https:\/\/dfg-lfa.org\/wp-content\/uploads\/img_3056-100x150.jpg 100w, https:\/\/dfg-lfa.org\/wp-content\/uploads\/img_3056-133x200.jpg 133w, https:\/\/dfg-lfa.org\/wp-content\/uploads\/img_3056.jpg 400w\" sizes=\"auto, (max-width: 200px) 100vw, 200px\" \/>\n\t\t\t<\/div><\/figure><figure class='gallery-item'>\n\t\t\t<div class='gallery-icon portrait'>\n\t\t\t\t<img loading=\"lazy\" decoding=\"async\" width=\"200\" height=\"300\" src=\"https:\/\/dfg-lfa.org\/wp-content\/uploads\/img_3071-2-200x300.jpg\" class=\"attachment-medium size-medium\" alt=\"\" srcset=\"https:\/\/dfg-lfa.org\/wp-content\/uploads\/img_3071-2-200x300.jpg 200w, https:\/\/dfg-lfa.org\/wp-content\/uploads\/img_3071-2-100x150.jpg 100w, https:\/\/dfg-lfa.org\/wp-content\/uploads\/img_3071-2-133x200.jpg 133w, https:\/\/dfg-lfa.org\/wp-content\/uploads\/img_3071-2.jpg 400w\" sizes=\"auto, (max-width: 200px) 100vw, 200px\" \/>\n\t\t\t<\/div><\/figure><figure class='gallery-item'>\n\t\t\t<div class='gallery-icon portrait'>\n\t\t\t\t<img loading=\"lazy\" decoding=\"async\" width=\"200\" height=\"300\" src=\"https:\/\/dfg-lfa.org\/wp-content\/uploads\/img_3074-1-200x300.jpg\" class=\"attachment-medium size-medium\" alt=\"\" srcset=\"https:\/\/dfg-lfa.org\/wp-content\/uploads\/img_3074-1-200x300.jpg 200w, https:\/\/dfg-lfa.org\/wp-content\/uploads\/img_3074-1-100x150.jpg 100w, https:\/\/dfg-lfa.org\/wp-content\/uploads\/img_3074-1-133x200.jpg 133w, https:\/\/dfg-lfa.org\/wp-content\/uploads\/img_3074-1.jpg 400w\" sizes=\"auto, (max-width: 200px) 100vw, 200px\" \/>\n\t\t\t<\/div><\/figure><figure class='gallery-item'>\n\t\t\t<div class='gallery-icon portrait'>\n\t\t\t\t<img loading=\"lazy\" decoding=\"async\" width=\"200\" height=\"300\" src=\"https:\/\/dfg-lfa.org\/wp-content\/uploads\/forbtraite016-200x300.jpg\" class=\"attachment-medium size-medium\" alt=\"\" srcset=\"https:\/\/dfg-lfa.org\/wp-content\/uploads\/forbtraite016-200x300.jpg 200w, https:\/\/dfg-lfa.org\/wp-content\/uploads\/forbtraite016-100x150.jpg 100w, https:\/\/dfg-lfa.org\/wp-content\/uploads\/forbtraite016-133x200.jpg 133w, https:\/\/dfg-lfa.org\/wp-content\/uploads\/forbtraite016.jpg 400w\" sizes=\"auto, (max-width: 200px) 100vw, 200px\" \/>\n\t\t\t<\/div><\/figure><figure class='gallery-item'>\n\t\t\t<div class='gallery-icon portrait'>\n\t\t\t\t<img loading=\"lazy\" decoding=\"async\" width=\"200\" height=\"300\" src=\"https:\/\/dfg-lfa.org\/wp-content\/uploads\/img_3090-200x300.jpg\" class=\"attachment-medium size-medium\" alt=\"\" srcset=\"https:\/\/dfg-lfa.org\/wp-content\/uploads\/img_3090-200x300.jpg 200w, https:\/\/dfg-lfa.org\/wp-content\/uploads\/img_3090-100x150.jpg 100w, https:\/\/dfg-lfa.org\/wp-content\/uploads\/img_3090-133x200.jpg 133w, https:\/\/dfg-lfa.org\/wp-content\/uploads\/img_3090.jpg 400w\" sizes=\"auto, (max-width: 200px) 100vw, 200px\" \/>\n\t\t\t<\/div><\/figure><figure class='gallery-item'>\n\t\t\t<div class='gallery-icon portrait'>\n\t\t\t\t<img loading=\"lazy\" decoding=\"async\" width=\"200\" height=\"300\" src=\"https:\/\/dfg-lfa.org\/wp-content\/uploads\/grande-region-200x300.jpg\" class=\"attachment-medium size-medium\" alt=\"\" srcset=\"https:\/\/dfg-lfa.org\/wp-content\/uploads\/grande-region-200x300.jpg 200w, https:\/\/dfg-lfa.org\/wp-content\/uploads\/grande-region-100x150.jpg 100w, https:\/\/dfg-lfa.org\/wp-content\/uploads\/grande-region-133x200.jpg 133w, https:\/\/dfg-lfa.org\/wp-content\/uploads\/grande-region.jpg 400w\" sizes=\"auto, (max-width: 200px) 100vw, 200px\" \/>\n\t\t\t<\/div><\/figure><figure class='gallery-item'>\n\t\t\t<div class='gallery-icon portrait'>\n\t\t\t\t<img loading=\"lazy\" decoding=\"async\" width=\"200\" height=\"300\" src=\"https:\/\/dfg-lfa.org\/wp-content\/uploads\/img_3100-200x300.jpg\" class=\"attachment-medium size-medium\" alt=\"\" srcset=\"https:\/\/dfg-lfa.org\/wp-content\/uploads\/img_3100-200x300.jpg 200w, https:\/\/dfg-lfa.org\/wp-content\/uploads\/img_3100-100x150.jpg 100w, https:\/\/dfg-lfa.org\/wp-content\/uploads\/img_3100-133x200.jpg 133w, https:\/\/dfg-lfa.org\/wp-content\/uploads\/img_3100.jpg 400w\" sizes=\"auto, (max-width: 200px) 100vw, 200px\" \/>\n\t\t\t<\/div><\/figure><figure class='gallery-item'>\n\t\t\t<div class='gallery-icon portrait'>\n\t\t\t\t<img loading=\"lazy\" decoding=\"async\" width=\"200\" height=\"300\" src=\"https:\/\/dfg-lfa.org\/wp-content\/uploads\/img_3102-200x300.jpg\" class=\"attachment-medium size-medium\" alt=\"\" srcset=\"https:\/\/dfg-lfa.org\/wp-content\/uploads\/img_3102-200x300.jpg 200w, https:\/\/dfg-lfa.org\/wp-content\/uploads\/img_3102-100x150.jpg 100w, https:\/\/dfg-lfa.org\/wp-content\/uploads\/img_3102-133x200.jpg 133w, https:\/\/dfg-lfa.org\/wp-content\/uploads\/img_3102.jpg 400w\" sizes=\"auto, (max-width: 200px) 100vw, 200px\" \/>\n\t\t\t<\/div><\/figure>\n\t\t<\/div>\n\n<p><strong>Revue de presse:<\/strong><\/p>\n<ul>\n<li><a href=\"http:\/\/www.tv8.fr\/?sel_date=2013-01-23\">Les camarades franco-allemands (TV 8 Moselle-Est &#8211; 23 janvier 2013)<\/a><\/li>\n<li><a href=\"https:\/\/dfg-lfa.org\/wp-content\/uploads\/Le-r\u00f4le-pr\u00e9curseur-du-lyc\u00e9e-franco-allemand-23-01-2013.pdf\">Le r\u00f4le pr\u00e9curseur du lyc\u00e9e franco-allemand (RL &#8211; 23 janvier 2013)<\/a><\/li>\n<li><a href=\"https:\/\/dfg-lfa.org\/wp-content\/uploads\/Ma-pr\u00e9sence-\u00e0-Sarrebruck-est-symbolique-23-01-2013.pdf\">Anne-Marie Desc\u00f4tes, directrice de L&rsquo;AEFE : \u00ab Ma pr\u00e9sence \u00e0 Sarrebruck est symbolique \u00bb (RL &#8211; 23 janvier 2013)<\/a><\/li>\n<li><a href=\"https:\/\/dfg-lfa.org\/wp-content\/uploads\/La-belle-aventure-franco-allemande-RL-23-01-2013.pdf\">La belle aventure franco-allemande (RL &#8211; 23 janvier 2013)<\/a><\/li>\n<li><a href=\"https:\/\/dfg-lfa.org\/wp-content\/uploads\/Les-partisans-du-bilinguisme-haussent-le-ton-23-01-2013.pdf\">Les partisans du bilinguisme haussent le ton (RL &#8211; 23 janvier 2013)<\/a><\/li>\n<li><a href=\"https:\/\/dfg-lfa.org\/wp-content\/uploads\/DFG_Schueler-setzen-Zeichen-fuer-deutsch-franzoesische-Freundschaft.pdf\">DFG-Sch\u00fcler setzen Zeichen f\u00fcr deutsch-franz\u00f6sische Freundschaft (SZ &#8211; 23. Januar 2013)<\/a><\/li>\n<li><a href=\"http:\/\/sr-mediathek.sr-online.de\/index.php?seite=7&amp;id=16383&amp;startvid=3\">50 Jahre Elys\u00e9e-Vertrag: Feierlichkeiten am DFG (SR \u00ab\u00a0Aktueller Bericht\u00a0\u00bb &#8211; 22. Januar 2013)<\/a><\/li>\n<li><a href=\"http:\/\/sr-mediathek.sr-online.de\/index.php?seite=7&amp;id=16372\">50 Jahre deutsch-franz\u00f6sische Freundschaft: 1000 Luftballons am DFG (SR1 &#8211; 22. Januar 2013)<\/a><\/li>\n<li><a href=\"http:\/\/sr-mediathek.sr-online.de\/index.php?seite=7&amp;id=16370\">Die Luftballons stiegen \u00fcber Saarbr\u00fccken auf (sr-online.de &#8211; 22. Januar 2013)<\/a><\/li>\n<li><a href=\"http:\/\/sr-mediathek.sr-online.de\/index.php?seite=7&amp;id=16254&amp;startvid=4\">Projekte zum 50-j\u00e4hrigen Jubil\u00e4um des Elys\u00e9e-Vertrags (SR \u00ab\u00a0Aktueller Bericht\u00a0\u00bb &#8211; 16. Januar 2013)<\/a><\/li>\n<\/ul>\n<p><\/p>\n<div class=\"shariff shariff-align-left shariff-widget-align-left shariff-buttonstretch\" style=\"display:none\"><ul class=\"shariff-buttons theme-white orientation-horizontal buttonsize-medium\"><li class=\"shariff-button facebook shariff-nocustomcolor\" style=\"background-color:#4273c8\"><a href=\"https:\/\/www.facebook.com\/sharer\/sharer.php?u=https%3A%2F%2Fdfg-lfa.org%2Ffr%2F2013%2F01%2F50-jahre-elysee-vertrag-feierlichkeiten-am-dfg%2F\" title=\"Envoyer par Facebook\" aria-label=\"Envoyer par Facebook\" role=\"button\" rel=\"nofollow\" class=\"shariff-link\" style=\"; background-color:#3b5998; color:#3b5998\" target=\"_blank\"><span class=\"shariff-icon\" style=\"fill:#3b5998\"><svg width=\"32px\" height=\"20px\" xmlns=\"http:\/\/www.w3.org\/2000\/svg\" viewBox=\"0 0 18 32\"><path fill=\"#3b5998\" d=\"M17.1 0.2v4.7h-2.8q-1.5 0-2.1 0.6t-0.5 1.9v3.4h5.2l-0.7 5.3h-4.5v13.6h-5.5v-13.6h-4.5v-5.3h4.5v-3.9q0-3.3 1.9-5.2t5-1.8q2.6 0 4.1 0.2z\"\/><\/svg><\/span><span class=\"shariff-text\" style=\"color:#3b5998\">partager<\/span>&nbsp;<\/a><\/li><li class=\"shariff-button whatsapp shariff-nocustomcolor\" style=\"background-color:#5cbe4a\"><a href=\"https:\/\/api.whatsapp.com\/send?text=https%3A%2F%2Fdfg-lfa.org%2Ffr%2F2013%2F01%2F50-jahre-elysee-vertrag-feierlichkeiten-am-dfg%2F%20Le%20LFA%20c%C3%A9l%C3%A8bre%20le%20cinquantenaire%20du%20trait%C3%A9%20de%20l%E2%80%99%C3%89lys%C3%A9e\" title=\"Envoyer par Whatsapp\" aria-label=\"Envoyer par Whatsapp\" role=\"button\" rel=\"noopener nofollow\" class=\"shariff-link\" style=\"; background-color:#34af23; color:#34af23\" target=\"_blank\"><span class=\"shariff-icon\" style=\"fill:#34af23\"><svg width=\"32px\" height=\"20px\" xmlns=\"http:\/\/www.w3.org\/2000\/svg\" viewBox=\"0 0 32 32\"><path fill=\"#34af23\" d=\"M17.6 17.4q0.2 0 1.7 0.8t1.6 0.9q0 0.1 0 0.3 0 0.6-0.3 1.4-0.3 0.7-1.3 1.2t-1.8 0.5q-1 0-3.4-1.1-1.7-0.8-3-2.1t-2.6-3.3q-1.3-1.9-1.3-3.5v-0.1q0.1-1.6 1.3-2.8 0.4-0.4 0.9-0.4 0.1 0 0.3 0t0.3 0q0.3 0 0.5 0.1t0.3 0.5q0.1 0.4 0.6 1.6t0.4 1.3q0 0.4-0.6 1t-0.6 0.8q0 0.1 0.1 0.3 0.6 1.3 1.8 2.4 1 0.9 2.7 1.8 0.2 0.1 0.4 0.1 0.3 0 1-0.9t0.9-0.9zM14 26.9q2.3 0 4.3-0.9t3.6-2.4 2.4-3.6 0.9-4.3-0.9-4.3-2.4-3.6-3.6-2.4-4.3-0.9-4.3 0.9-3.6 2.4-2.4 3.6-0.9 4.3q0 3.6 2.1 6.6l-1.4 4.2 4.3-1.4q2.8 1.9 6.2 1.9zM14 2.2q2.7 0 5.2 1.1t4.3 2.9 2.9 4.3 1.1 5.2-1.1 5.2-2.9 4.3-4.3 2.9-5.2 1.1q-3.5 0-6.5-1.7l-7.4 2.4 2.4-7.2q-1.9-3.2-1.9-6.9 0-2.7 1.1-5.2t2.9-4.3 4.3-2.9 5.2-1.1z\"\/><\/svg><\/span><span class=\"shariff-text\" style=\"color:#34af23\">partager<\/span>&nbsp;<\/a><\/li><li class=\"shariff-button threema shariff-nocustomcolor shariff-mobile\" style=\"background-color:#4fbc24\"><a href=\"threema:\/\/compose?text=Le%20LFA%20c%C3%A9l%C3%A8bre%20le%20cinquantenaire%20du%20trait%C3%A9%20de%20l%E2%80%99%C3%89lys%C3%A9e%20https%3A%2F%2Fdfg-lfa.org%2Ffr%2F2013%2F01%2F50-jahre-elysee-vertrag-feierlichkeiten-am-dfg%2F\" title=\"Envoyer par Threema\" aria-label=\"Envoyer par Threema\" role=\"button\" rel=\"noopener nofollow\" class=\"shariff-link\" style=\"; background-color:#1f1f1f; color:#1f1f1f\" target=\"_blank\"><span class=\"shariff-icon\" style=\"fill:#1f1f1f\"><svg width=\"32px\" height=\"20px\" xmlns=\"http:\/\/www.w3.org\/2000\/svg\" viewBox=\"0 0 32 32\"><path fill=\"#1f1f1f\" d=\"M30.8 10.9c-0.3-1.4-0.9-2.6-1.8-3.8-2-2.6-5.5-4.5-9.4-5.2-1.3-0.2-1.9-0.3-3.5-0.3s-2.2 0-3.5 0.3c-4 0.7-7.4 2.6-9.4 5.2-0.9 1.2-1.5 2.4-1.8 3.8-0.1 0.5-0.2 1.2-0.2 1.6 0 0.4 0.1 1.1 0.2 1.6 0.4 1.9 1.3 3.4 2.9 5 0.8 0.8 0.8 0.8 0.7 1.3 0 0.6-0.5 1.6-1.7 3.6-0.3 0.5-0.5 0.9-0.5 0.9 0 0.1 0.1 0.1 0.5 0 0.8-0.2 2.3-0.6 5.6-1.6 1.1-0.3 1.3-0.4 2.3-0.4 0.8 0 1.1 0 2.3 0.2 1.5 0.2 3.5 0.2 4.9 0 5.1-0.6 9.3-2.9 11.4-6.3 0.5-0.9 0.9-1.8 1.1-2.8 0.1-0.5 0.2-1.1 0.2-1.6 0-0.7-0.1-1.1-0.2-1.6-0.3-1.4 0.1 0.5 0 0zM20.6 17.3c0 0.4-0.4 0.8-0.8 0.8h-7.7c-0.4 0-0.8-0.4-0.8-0.8v-4.6c0-0.4 0.4-0.8 0.8-0.8h0.2l0-1.6c0-0.9 0-1.8 0.1-2 0.1-0.6 0.6-1.2 1.1-1.7s1.1-0.7 1.9-0.8c1.8-0.3 3.7 0.7 4.2 2.2 0.1 0.3 0.1 0.7 0.1 2.1v0 1.7h0.1c0.4 0 0.8 0.4 0.8 0.8v4.6zM15.6 7.3c-0.5 0.1-0.8 0.3-1.2 0.6s-0.6 0.8-0.7 1.3c0 0.2 0 0.8 0 1.5l0 1.2h4.6v-1.3c0-1 0-1.4-0.1-1.6-0.3-1.1-1.5-1.9-2.6-1.7zM25.8 28.2c0 1.2-1 2.2-2.1 2.2s-2.1-1-2.1-2.1c0-1.2 1-2.1 2.2-2.1s2.2 1 2.2 2.2zM18.1 28.2c0 1.2-1 2.2-2.1 2.2s-2.1-1-2.1-2.1c0-1.2 1-2.1 2.2-2.1s2.2 1 2.2 2.2zM10.4 28.2c0 1.2-1 2.2-2.1 2.2s-2.1-1-2.1-2.1c0-1.2 1-2.1 2.2-2.1s2.2 1 2.2 2.2z\"\/><\/svg><\/span><span class=\"shariff-text\" style=\"color:#1f1f1f\">partager<\/span>&nbsp;<\/a><\/li><li class=\"shariff-button mastodon shariff-nocustomcolor\" style=\"background-color:#563ACC\"><a href=\"https:\/\/s2f.kytta.dev\/?text=Le%20LFA%20c%C3%A9l%C3%A8bre%20le%20cinquantenaire%20du%20trait%C3%A9%20de%20l%E2%80%99%C3%89lys%C3%A9e https%3A%2F%2Fdfg-lfa.org%2Ffr%2F2013%2F01%2F50-jahre-elysee-vertrag-feierlichkeiten-am-dfg%2F\" title=\"Envoyer par Mastodon\" aria-label=\"Envoyer par Mastodon\" role=\"button\" rel=\"noopener nofollow\" class=\"shariff-link\" style=\"; background-color:#6364FF; color:#6364FF\" target=\"_blank\"><span class=\"shariff-icon\" style=\"fill:#6364FF\"><svg width=\"75\" height=\"79\" viewBox=\"0 0 75 79\" fill=\"none\" xmlns=\"http:\/\/www.w3.org\/2000\/svg\"><path d=\"M37.813-.025C32.462-.058 27.114.13 21.79.598c-8.544.621-17.214 5.58-20.203 13.931C-1.12 23.318.408 32.622.465 41.65c.375 7.316.943 14.78 3.392 21.73 4.365 9.465 14.781 14.537 24.782 15.385 7.64.698 15.761-.213 22.517-4.026a54.1 54.1 0 0 0 .01-6.232c-6.855 1.316-14.101 2.609-21.049 1.074-3.883-.88-6.876-4.237-7.25-8.215-1.53-3.988 3.78-.43 5.584-.883 9.048 1.224 18.282.776 27.303-.462 7.044-.837 14.26-4.788 16.65-11.833 2.263-6.135 1.215-12.79 1.698-19.177.06-3.84.09-7.692-.262-11.52C72.596 7.844 63.223.981 53.834.684a219.453 219.453 0 0 0-16.022-.71zm11.294 12.882c5.5-.067 10.801 4.143 11.67 9.653.338 1.48.471 3 .471 4.515v21.088h-8.357c-.07-7.588.153-15.182-.131-22.765-.587-4.368-7.04-5.747-9.672-2.397-2.422 3.04-1.47 7.155-1.67 10.735v6.392h-8.307c-.146-4.996.359-10.045-.404-15.002-1.108-4.218-7.809-5.565-10.094-1.666-1.685 3.046-.712 6.634-.976 9.936v14.767h-8.354c.109-8.165-.238-16.344.215-24.5.674-5.346 5.095-10.389 10.676-10.627 4.902-.739 10.103 2.038 12.053 6.631.375 1.435 1.76 1.932 1.994.084 1.844-3.704 5.501-6.739 9.785-6.771.367-.044.735-.068 1.101-.073z\"\/><defs><linearGradient id=\"paint0_linear_549_34\" x1=\"37.0692\" y1=\"0\" x2=\"37.0692\" y2=\"79\" gradientUnits=\"userSpaceOnUse\"><stop stop-color=\"#6364FF\"\/><stop offset=\"1\" stop-color=\"#563ACC\"\/><\/linearGradient><\/defs><\/svg><\/span><span class=\"shariff-text\" style=\"color:#6364FF\">partager<\/span>&nbsp;<\/a><\/li><li class=\"shariff-button mailto shariff-nocustomcolor\" style=\"background-color:#a8a8a8\"><a href=\"mailto:?body=https%3A%2F%2Fdfg-lfa.org%2Ffr%2F2013%2F01%2F50-jahre-elysee-vertrag-feierlichkeiten-am-dfg%2F&subject=Le%20LFA%20c%C3%A9l%C3%A8bre%20le%20cinquantenaire%20du%20trait%C3%A9%20de%20l%E2%80%99%C3%89lys%C3%A9e\" title=\"Envoyer par courriel\" aria-label=\"Envoyer par courriel\" role=\"button\" rel=\"noopener nofollow\" class=\"shariff-link\" style=\"; background-color:#999; color:#999\"><span class=\"shariff-icon\" style=\"fill:#999\"><svg width=\"32px\" height=\"20px\" xmlns=\"http:\/\/www.w3.org\/2000\/svg\" viewBox=\"0 0 32 32\"><path fill=\"#999\" d=\"M32 12.7v14.2q0 1.2-0.8 2t-2 0.9h-26.3q-1.2 0-2-0.9t-0.8-2v-14.2q0.8 0.9 1.8 1.6 6.5 4.4 8.9 6.1 1 0.8 1.6 1.2t1.7 0.9 2 0.4h0.1q0.9 0 2-0.4t1.7-0.9 1.6-1.2q3-2.2 8.9-6.1 1-0.7 1.8-1.6zM32 7.4q0 1.4-0.9 2.7t-2.2 2.2q-6.7 4.7-8.4 5.8-0.2 0.1-0.7 0.5t-1 0.7-0.9 0.6-1.1 0.5-0.9 0.2h-0.1q-0.4 0-0.9-0.2t-1.1-0.5-0.9-0.6-1-0.7-0.7-0.5q-1.6-1.1-4.7-3.2t-3.6-2.6q-1.1-0.7-2.1-2t-1-2.5q0-1.4 0.7-2.3t2.1-0.9h26.3q1.2 0 2 0.8t0.9 2z\"\/><\/svg><\/span><span class=\"shariff-text\" style=\"color:#999\">courriel<\/span>&nbsp;<\/a><\/li><li class=\"shariff-button info shariff-nocustomcolor\" style=\"background-color:#a8a8a8\"><a href=\"http:\/\/ct.de\/-2467514\" title=\"Datenschutz-Infos\" aria-label=\"Datenschutz-Infos\" role=\"button\" rel=\"noopener \" class=\"shariff-link\" style=\"; background-color:#999; color:#999\" target=\"_blank\"><span class=\"shariff-icon\" style=\"fill:#999\"><svg width=\"32px\" height=\"20px\" xmlns=\"http:\/\/www.w3.org\/2000\/svg\" viewBox=\"0 0 11 32\"><path fill=\"#999\" d=\"M11.4 24v2.3q0 0.5-0.3 0.8t-0.8 0.4h-9.1q-0.5 0-0.8-0.4t-0.4-0.8v-2.3q0-0.5 0.4-0.8t0.8-0.4h1.1v-6.8h-1.1q-0.5 0-0.8-0.4t-0.4-0.8v-2.3q0-0.5 0.4-0.8t0.8-0.4h6.8q0.5 0 0.8 0.4t0.4 0.8v10.3h1.1q0.5 0 0.8 0.4t0.3 0.8zM9.2 3.4v3.4q0 0.5-0.4 0.8t-0.8 0.4h-4.6q-0.4 0-0.8-0.4t-0.4-0.8v-3.4q0-0.4 0.4-0.8t0.8-0.4h4.6q0.5 0 0.8 0.4t0.4 0.8z\"\/><\/svg><\/span><\/a><\/li><\/ul><\/div>","protected":false},"excerpt":{"rendered":"<p>A l\u2019occasion du 50\u00e8me anniversaire du trait\u00e9 de l\u2019\u00c9lys\u00e9e qui se f\u00eatait ce 22 janvier 2013, les \u00e9l\u00e8ves du LFA se sont int\u00e9ress\u00e9s aux relations franco-allemandes et plus g\u00e9n\u00e9ralement \u00e0 tout ce qui touche \u00e0 l\u2019Europe, et ceci dans le cadre d\u2019une matin\u00e9e banalis\u00e9e au cours de laquelle un grand &hellip;<\/p>\n","protected":false},"author":2,"featured_media":17984,"comment_status":"closed","ping_status":"closed","sticky":false,"template":"","format":"standard","meta":{"inline_featured_image":false,"footnotes":""},"categories":[3],"tags":[402],"class_list":["post-17948","post","type-post","status-publish","format-standard","has-post-thumbnail","hentry","category-schule-aktuell","tag-elysee-vertrag"],"yoast_head":"<!-- This site is optimized with the Yoast SEO plugin v27.4 - https:\/\/yoast.com\/product\/yoast-seo-wordpress\/ -->\n<title>Le LFA c\u00e9l\u00e8bre le cinquantenaire du trait\u00e9 de l\u2019\u00c9lys\u00e9e - Lyc\u00e9e Franco-Allemand de Sarrebruck<\/title>\n<meta name=\"robots\" content=\"index, follow, max-snippet:-1, max-image-preview:large, max-video-preview:-1\" \/>\n<link rel=\"canonical\" href=\"https:\/\/dfg-lfa.org\/fr\/2013\/01\/50-jahre-elysee-vertrag-feierlichkeiten-am-dfg\/\" \/>\n<meta property=\"og:locale\" content=\"fr_FR\" \/>\n<meta property=\"og:type\" content=\"article\" \/>\n<meta property=\"og:title\" content=\"Le LFA c\u00e9l\u00e8bre le cinquantenaire du trait\u00e9 de l\u2019\u00c9lys\u00e9e - Lyc\u00e9e Franco-Allemand de Sarrebruck\" \/>\n<meta property=\"og:description\" content=\"A l\u2019occasion du 50\u00e8me anniversaire du trait\u00e9 de l\u2019\u00c9lys\u00e9e qui se f\u00eatait ce 22 janvier 2013, les \u00e9l\u00e8ves du LFA se sont int\u00e9ress\u00e9s aux relations franco-allemandes et plus g\u00e9n\u00e9ralement \u00e0 tout ce qui touche \u00e0 l\u2019Europe, et ceci dans le cadre d\u2019une matin\u00e9e banalis\u00e9e au cours de laquelle un grand &hellip;\" \/>\n<meta property=\"og:url\" content=\"https:\/\/dfg-lfa.org\/fr\/2013\/01\/50-jahre-elysee-vertrag-feierlichkeiten-am-dfg\/\" \/>\n<meta property=\"og:site_name\" content=\"Lyc\u00e9e Franco-Allemand de Sarrebruck\" \/>\n<meta property=\"article:publisher\" content=\"https:\/\/www.facebook.com\/dfglfa\/\" \/>\n<meta property=\"article:published_time\" content=\"2013-01-23T21:16:45+00:00\" \/>\n<meta property=\"article:modified_time\" content=\"2021-07-29T09:19:10+00:00\" \/>\n<meta property=\"og:image\" content=\"https:\/\/dfg-lfa.org\/wp-content\/uploads\/IMG_3028.jpg\" \/>\n\t<meta property=\"og:image:width\" content=\"600\" \/>\n\t<meta property=\"og:image:height\" content=\"400\" \/>\n\t<meta property=\"og:image:type\" content=\"image\/jpeg\" \/>\n<meta name=\"author\" content=\"Administrator\" \/>\n<meta name=\"twitter:card\" content=\"summary_large_image\" \/>\n<meta name=\"twitter:creator\" content=\"@DFGLFA\" \/>\n<meta name=\"twitter:site\" content=\"@DFGLFA\" \/>\n<meta name=\"twitter:label1\" content=\"\u00c9crit par\" \/>\n\t<meta name=\"twitter:data1\" content=\"Administrator\" \/>\n\t<meta name=\"twitter:label2\" content=\"Dur\u00e9e de lecture estim\u00e9e\" \/>\n\t<meta name=\"twitter:data2\" content=\"2 minutes\" \/>\n<script type=\"application\/ld+json\" class=\"yoast-schema-graph\">{\"@context\":\"https:\\\/\\\/schema.org\",\"@graph\":[{\"@type\":\"Article\",\"@id\":\"https:\\\/\\\/dfg-lfa.org\\\/2013\\\/01\\\/50-jahre-elysee-vertrag-feierlichkeiten-am-dfg\\\/#article\",\"isPartOf\":{\"@id\":\"https:\\\/\\\/dfg-lfa.org\\\/2013\\\/01\\\/50-jahre-elysee-vertrag-feierlichkeiten-am-dfg\\\/\"},\"author\":{\"name\":\"Administrator\",\"@id\":\"https:\\\/\\\/dfg-lfa.org\\\/#\\\/schema\\\/person\\\/a8fe67fb1ec6d85c85d21daf2d68fa69\"},\"headline\":\"Le LFA c\u00e9l\u00e8bre le cinquantenaire du trait\u00e9 de l\u2019\u00c9lys\u00e9e\",\"datePublished\":\"2013-01-23T21:16:45+00:00\",\"dateModified\":\"2021-07-29T09:19:10+00:00\",\"mainEntityOfPage\":{\"@id\":\"https:\\\/\\\/dfg-lfa.org\\\/2013\\\/01\\\/50-jahre-elysee-vertrag-feierlichkeiten-am-dfg\\\/\"},\"wordCount\":1046,\"publisher\":{\"@id\":\"https:\\\/\\\/dfg-lfa.org\\\/#organization\"},\"image\":{\"@id\":\"https:\\\/\\\/dfg-lfa.org\\\/2013\\\/01\\\/50-jahre-elysee-vertrag-feierlichkeiten-am-dfg\\\/#primaryimage\"},\"thumbnailUrl\":\"https:\\\/\\\/dfg-lfa.org\\\/wp-content\\\/uploads\\\/IMG_3028.jpg\",\"keywords\":[\"Elys\u00e9e-Vertrag\"],\"articleSection\":[\"Actualit\u00e9s\"],\"inLanguage\":\"fr-FR\"},{\"@type\":\"WebPage\",\"@id\":\"https:\\\/\\\/dfg-lfa.org\\\/fr\\\/2013\\\/01\\\/50-jahre-elysee-vertrag-feierlichkeiten-am-dfg\\\/\",\"url\":\"https:\\\/\\\/dfg-lfa.org\\\/fr\\\/2013\\\/01\\\/50-jahre-elysee-vertrag-feierlichkeiten-am-dfg\\\/\",\"name\":\"Le LFA c\u00e9l\u00e8bre le cinquantenaire du trait\u00e9 de l\u2019\u00c9lys\u00e9e - Lyc\u00e9e Franco-Allemand de Sarrebruck\",\"isPartOf\":{\"@id\":\"https:\\\/\\\/dfg-lfa.org\\\/fr\\\/#website\"},\"primaryImageOfPage\":{\"@id\":\"https:\\\/\\\/dfg-lfa.org\\\/fr\\\/2013\\\/01\\\/50-jahre-elysee-vertrag-feierlichkeiten-am-dfg\\\/#primaryimage\"},\"image\":{\"@id\":\"https:\\\/\\\/dfg-lfa.org\\\/2013\\\/01\\\/50-jahre-elysee-vertrag-feierlichkeiten-am-dfg\\\/#primaryimage\"},\"thumbnailUrl\":\"https:\\\/\\\/dfg-lfa.org\\\/wp-content\\\/uploads\\\/IMG_3028.jpg\",\"datePublished\":\"2013-01-23T21:16:45+00:00\",\"dateModified\":\"2021-07-29T09:19:10+00:00\",\"breadcrumb\":{\"@id\":\"https:\\\/\\\/dfg-lfa.org\\\/fr\\\/2013\\\/01\\\/50-jahre-elysee-vertrag-feierlichkeiten-am-dfg\\\/#breadcrumb\"},\"inLanguage\":\"fr-FR\",\"potentialAction\":[{\"@type\":\"ReadAction\",\"target\":[[\"https:\\\/\\\/dfg-lfa.org\\\/fr\\\/2013\\\/01\\\/50-jahre-elysee-vertrag-feierlichkeiten-am-dfg\\\/\"]]}]},{\"@type\":\"ImageObject\",\"inLanguage\":\"fr-FR\",\"@id\":\"https:\\\/\\\/dfg-lfa.org\\\/fr\\\/2013\\\/01\\\/50-jahre-elysee-vertrag-feierlichkeiten-am-dfg\\\/#primaryimage\",\"url\":\"https:\\\/\\\/dfg-lfa.org\\\/wp-content\\\/uploads\\\/IMG_3028.jpg\",\"contentUrl\":\"https:\\\/\\\/dfg-lfa.org\\\/wp-content\\\/uploads\\\/IMG_3028.jpg\",\"width\":600,\"height\":400,\"caption\":\"\"},{\"@type\":\"BreadcrumbList\",\"@id\":\"https:\\\/\\\/dfg-lfa.org\\\/fr\\\/2013\\\/01\\\/50-jahre-elysee-vertrag-feierlichkeiten-am-dfg\\\/#breadcrumb\",\"itemListElement\":[{\"@type\":\"ListItem\",\"position\":1,\"name\":\"Startseite\",\"item\":\"https:\\\/\\\/dfg-lfa.org\\\/fr\\\/\"},{\"@type\":\"ListItem\",\"position\":2,\"name\":\"50 Jahre Elys\u00e9e-Vertrag: Feierlichkeiten am DFG\"}]},{\"@type\":\"WebSite\",\"@id\":\"https:\\\/\\\/dfg-lfa.org\\\/fr\\\/#website\",\"url\":\"https:\\\/\\\/dfg-lfa.org\\\/fr\\\/\",\"name\":\"Lyc\u00e9e Franco-Allemand de Sarrebruck\",\"description\":\"Einander begegnen \u2013 Avancer ensemble \u2013 We make Europe happen\",\"publisher\":{\"@id\":\"https:\\\/\\\/dfg-lfa.org\\\/fr\\\/#organization\"},\"potentialAction\":[{\"@type\":\"SearchAction\",\"target\":{\"@type\":\"EntryPoint\",\"urlTemplate\":\"https:\\\/\\\/dfg-lfa.org\\\/fr\\\/?s={search_term_string}\"},\"query-input\":{\"@type\":\"PropertyValueSpecification\",\"valueRequired\":true,\"valueName\":\"search_term_string\"}}],\"inLanguage\":\"fr-FR\"},{\"@type\":\"Organization\",\"@id\":\"https:\\\/\\\/dfg-lfa.org\\\/fr\\\/#organization\",\"name\":\"Deutsch-Franz\u00f6sisches Gymnasium Saarbr\u00fccken\",\"url\":\"https:\\\/\\\/dfg-lfa.org\\\/fr\\\/\",\"logo\":{\"@type\":\"ImageObject\",\"inLanguage\":\"fr-FR\",\"@id\":\"https:\\\/\\\/dfg-lfa.org\\\/fr\\\/#\\\/schema\\\/logo\\\/image\\\/\",\"url\":\"https:\\\/\\\/dfg-lfa.org\\\/wp-content\\\/uploads\\\/DFG-logo.png\",\"contentUrl\":\"https:\\\/\\\/dfg-lfa.org\\\/wp-content\\\/uploads\\\/DFG-logo.png\",\"width\":200,\"height\":77,\"caption\":\"Deutsch-Franz\u00f6sisches Gymnasium Saarbr\u00fccken\"},\"image\":{\"@id\":\"https:\\\/\\\/dfg-lfa.org\\\/fr\\\/#\\\/schema\\\/logo\\\/image\\\/\"},\"sameAs\":[\"https:\\\/\\\/www.facebook.com\\\/dfglfa\\\/\",\"https:\\\/\\\/x.com\\\/DFGLFA\",\"https:\\\/\\\/www.instagram.com\\\/dfg_lfa_saarbruecken\\\/\",\"https:\\\/\\\/www.youtube.com\\\/channel\\\/UCoxV4_gnJ3blV1U7iOjCV7w\\\/\",\"https:\\\/\\\/de.wikipedia.org\\\/wiki\\\/Deutsch-Franz\u00f6sisches_Gymnasium_in_Saarbr\u00fccken\"]},{\"@type\":\"Person\",\"@id\":\"https:\\\/\\\/dfg-lfa.org\\\/#\\\/schema\\\/person\\\/a8fe67fb1ec6d85c85d21daf2d68fa69\",\"name\":\"Administrator\"}]}<\/script>\n<!-- \/ Yoast SEO plugin. -->","yoast_head_json":{"title":"Le LFA c\u00e9l\u00e8bre le cinquantenaire du trait\u00e9 de l\u2019\u00c9lys\u00e9e - Lyc\u00e9e Franco-Allemand de Sarrebruck","robots":{"index":"index","follow":"follow","max-snippet":"max-snippet:-1","max-image-preview":"max-image-preview:large","max-video-preview":"max-video-preview:-1"},"canonical":"https:\/\/dfg-lfa.org\/fr\/2013\/01\/50-jahre-elysee-vertrag-feierlichkeiten-am-dfg\/","og_locale":"fr_FR","og_type":"article","og_title":"Le LFA c\u00e9l\u00e8bre le cinquantenaire du trait\u00e9 de l\u2019\u00c9lys\u00e9e - Lyc\u00e9e Franco-Allemand de Sarrebruck","og_description":"A l\u2019occasion du 50\u00e8me anniversaire du trait\u00e9 de l\u2019\u00c9lys\u00e9e qui se f\u00eatait ce 22 janvier 2013, les \u00e9l\u00e8ves du LFA se sont int\u00e9ress\u00e9s aux relations franco-allemandes et plus g\u00e9n\u00e9ralement \u00e0 tout ce qui touche \u00e0 l\u2019Europe, et ceci dans le cadre d\u2019une matin\u00e9e banalis\u00e9e au cours de laquelle un grand &hellip;","og_url":"https:\/\/dfg-lfa.org\/fr\/2013\/01\/50-jahre-elysee-vertrag-feierlichkeiten-am-dfg\/","og_site_name":"Lyc\u00e9e Franco-Allemand de Sarrebruck","article_publisher":"https:\/\/www.facebook.com\/dfglfa\/","article_published_time":"2013-01-23T21:16:45+00:00","article_modified_time":"2021-07-29T09:19:10+00:00","og_image":[{"width":600,"height":400,"url":"https:\/\/dfg-lfa.org\/wp-content\/uploads\/IMG_3028.jpg","type":"image\/jpeg"}],"author":"Administrator","twitter_card":"summary_large_image","twitter_creator":"@DFGLFA","twitter_site":"@DFGLFA","twitter_misc":{"\u00c9crit par":"Administrator","Dur\u00e9e de lecture estim\u00e9e":"2 minutes"},"schema":{"@context":"https:\/\/schema.org","@graph":[{"@type":"Article","@id":"https:\/\/dfg-lfa.org\/2013\/01\/50-jahre-elysee-vertrag-feierlichkeiten-am-dfg\/#article","isPartOf":{"@id":"https:\/\/dfg-lfa.org\/2013\/01\/50-jahre-elysee-vertrag-feierlichkeiten-am-dfg\/"},"author":{"name":"Administrator","@id":"https:\/\/dfg-lfa.org\/#\/schema\/person\/a8fe67fb1ec6d85c85d21daf2d68fa69"},"headline":"Le LFA c\u00e9l\u00e8bre le cinquantenaire du trait\u00e9 de l\u2019\u00c9lys\u00e9e","datePublished":"2013-01-23T21:16:45+00:00","dateModified":"2021-07-29T09:19:10+00:00","mainEntityOfPage":{"@id":"https:\/\/dfg-lfa.org\/2013\/01\/50-jahre-elysee-vertrag-feierlichkeiten-am-dfg\/"},"wordCount":1046,"publisher":{"@id":"https:\/\/dfg-lfa.org\/#organization"},"image":{"@id":"https:\/\/dfg-lfa.org\/2013\/01\/50-jahre-elysee-vertrag-feierlichkeiten-am-dfg\/#primaryimage"},"thumbnailUrl":"https:\/\/dfg-lfa.org\/wp-content\/uploads\/IMG_3028.jpg","keywords":["Elys\u00e9e-Vertrag"],"articleSection":["Actualit\u00e9s"],"inLanguage":"fr-FR"},{"@type":"WebPage","@id":"https:\/\/dfg-lfa.org\/fr\/2013\/01\/50-jahre-elysee-vertrag-feierlichkeiten-am-dfg\/","url":"https:\/\/dfg-lfa.org\/fr\/2013\/01\/50-jahre-elysee-vertrag-feierlichkeiten-am-dfg\/","name":"Le LFA c\u00e9l\u00e8bre le cinquantenaire du trait\u00e9 de l\u2019\u00c9lys\u00e9e - Lyc\u00e9e Franco-Allemand de Sarrebruck","isPartOf":{"@id":"https:\/\/dfg-lfa.org\/fr\/#website"},"primaryImageOfPage":{"@id":"https:\/\/dfg-lfa.org\/fr\/2013\/01\/50-jahre-elysee-vertrag-feierlichkeiten-am-dfg\/#primaryimage"},"image":{"@id":"https:\/\/dfg-lfa.org\/2013\/01\/50-jahre-elysee-vertrag-feierlichkeiten-am-dfg\/#primaryimage"},"thumbnailUrl":"https:\/\/dfg-lfa.org\/wp-content\/uploads\/IMG_3028.jpg","datePublished":"2013-01-23T21:16:45+00:00","dateModified":"2021-07-29T09:19:10+00:00","breadcrumb":{"@id":"https:\/\/dfg-lfa.org\/fr\/2013\/01\/50-jahre-elysee-vertrag-feierlichkeiten-am-dfg\/#breadcrumb"},"inLanguage":"fr-FR","potentialAction":[{"@type":"ReadAction","target":[["https:\/\/dfg-lfa.org\/fr\/2013\/01\/50-jahre-elysee-vertrag-feierlichkeiten-am-dfg\/"]]}]},{"@type":"ImageObject","inLanguage":"fr-FR","@id":"https:\/\/dfg-lfa.org\/fr\/2013\/01\/50-jahre-elysee-vertrag-feierlichkeiten-am-dfg\/#primaryimage","url":"https:\/\/dfg-lfa.org\/wp-content\/uploads\/IMG_3028.jpg","contentUrl":"https:\/\/dfg-lfa.org\/wp-content\/uploads\/IMG_3028.jpg","width":600,"height":400,"caption":""},{"@type":"BreadcrumbList","@id":"https:\/\/dfg-lfa.org\/fr\/2013\/01\/50-jahre-elysee-vertrag-feierlichkeiten-am-dfg\/#breadcrumb","itemListElement":[{"@type":"ListItem","position":1,"name":"Startseite","item":"https:\/\/dfg-lfa.org\/fr\/"},{"@type":"ListItem","position":2,"name":"50 Jahre Elys\u00e9e-Vertrag: Feierlichkeiten am DFG"}]},{"@type":"WebSite","@id":"https:\/\/dfg-lfa.org\/fr\/#website","url":"https:\/\/dfg-lfa.org\/fr\/","name":"Lyc\u00e9e Franco-Allemand de Sarrebruck","description":"Einander begegnen \u2013 Avancer ensemble \u2013 We make Europe happen","publisher":{"@id":"https:\/\/dfg-lfa.org\/fr\/#organization"},"potentialAction":[{"@type":"SearchAction","target":{"@type":"EntryPoint","urlTemplate":"https:\/\/dfg-lfa.org\/fr\/?s={search_term_string}"},"query-input":{"@type":"PropertyValueSpecification","valueRequired":true,"valueName":"search_term_string"}}],"inLanguage":"fr-FR"},{"@type":"Organization","@id":"https:\/\/dfg-lfa.org\/fr\/#organization","name":"Deutsch-Franz\u00f6sisches Gymnasium Saarbr\u00fccken","url":"https:\/\/dfg-lfa.org\/fr\/","logo":{"@type":"ImageObject","inLanguage":"fr-FR","@id":"https:\/\/dfg-lfa.org\/fr\/#\/schema\/logo\/image\/","url":"https:\/\/dfg-lfa.org\/wp-content\/uploads\/DFG-logo.png","contentUrl":"https:\/\/dfg-lfa.org\/wp-content\/uploads\/DFG-logo.png","width":200,"height":77,"caption":"Deutsch-Franz\u00f6sisches Gymnasium Saarbr\u00fccken"},"image":{"@id":"https:\/\/dfg-lfa.org\/fr\/#\/schema\/logo\/image\/"},"sameAs":["https:\/\/www.facebook.com\/dfglfa\/","https:\/\/x.com\/DFGLFA","https:\/\/www.instagram.com\/dfg_lfa_saarbruecken\/","https:\/\/www.youtube.com\/channel\/UCoxV4_gnJ3blV1U7iOjCV7w\/","https:\/\/de.wikipedia.org\/wiki\/Deutsch-Franz\u00f6sisches_Gymnasium_in_Saarbr\u00fccken"]},{"@type":"Person","@id":"https:\/\/dfg-lfa.org\/#\/schema\/person\/a8fe67fb1ec6d85c85d21daf2d68fa69","name":"Administrator"}]}},"_links":{"self":[{"href":"https:\/\/dfg-lfa.org\/fr\/wp-json\/wp\/v2\/posts\/17948","targetHints":{"allow":["GET"]}}],"collection":[{"href":"https:\/\/dfg-lfa.org\/fr\/wp-json\/wp\/v2\/posts"}],"about":[{"href":"https:\/\/dfg-lfa.org\/fr\/wp-json\/wp\/v2\/types\/post"}],"author":[{"embeddable":true,"href":"https:\/\/dfg-lfa.org\/fr\/wp-json\/wp\/v2\/users\/2"}],"replies":[{"embeddable":true,"href":"https:\/\/dfg-lfa.org\/fr\/wp-json\/wp\/v2\/comments?post=17948"}],"version-history":[{"count":0,"href":"https:\/\/dfg-lfa.org\/fr\/wp-json\/wp\/v2\/posts\/17948\/revisions"}],"wp:featuredmedia":[{"embeddable":true,"href":"https:\/\/dfg-lfa.org\/fr\/wp-json\/wp\/v2\/media\/17984"}],"wp:attachment":[{"href":"https:\/\/dfg-lfa.org\/fr\/wp-json\/wp\/v2\/media?parent=17948"}],"wp:term":[{"taxonomy":"category","embeddable":true,"href":"https:\/\/dfg-lfa.org\/fr\/wp-json\/wp\/v2\/categories?post=17948"},{"taxonomy":"post_tag","embeddable":true,"href":"https:\/\/dfg-lfa.org\/fr\/wp-json\/wp\/v2\/tags?post=17948"}],"curies":[{"name":"wp","href":"https:\/\/api.w.org\/{rel}","templated":true}]}}