{"id":41473,"date":"2018-03-01T22:20:35","date_gmt":"2018-03-01T21:20:35","guid":{"rendered":"https:\/\/dfg-lfa.org\/?p=41473"},"modified":"2020-10-21T11:43:33","modified_gmt":"2020-10-21T09:43:33","slug":"re-cover-your-city-_schoolwalks-une-mediation-realisee-par-des-eleves-du-lfa-pour-des-jeunes-sarrois-pour-l-artwalk-sarrebruck","status":"publish","type":"post","link":"https:\/\/dfg-lfa.org\/fr\/2018\/03\/re-cover-your-city-_schoolwalks-une-mediation-realisee-par-des-eleves-du-lfa-pour-des-jeunes-sarrois-pour-l-artwalk-sarrebruck\/","title":{"rendered":"Re-Cover Your City | _schoolwalks: Une m\u00e9diation r\u00e9alis\u00e9e par des \u00e9l\u00e8ves du LFA pour des jeunes Sarrois pour l\u2018 ArtWalk Sarrebruck"},"content":{"rendered":"<p><figure id=\"attachment_41517\" aria-describedby=\"caption-attachment-41517\" style=\"width: 300px\" class=\"wp-caption alignleft\"><a href=\"https:\/\/dfg-lfa.org\/wp-content\/uploads\/13_DSC04238.jpg\"><img loading=\"lazy\" decoding=\"async\" class=\"wp-image-41517 size-medium\" src=\"https:\/\/dfg-lfa.org\/wp-content\/uploads\/13_DSC04238-300x200.jpg\" alt=\"Ein Kunstvermittlungsangebot von Sch\u00fclerinnen und Sch\u00fclern des DFG f\u00fcr saarl\u00e4ndische Jugendliche zum ArtWalk Saarbr\u00fccken\" width=\"300\" height=\"200\" srcset=\"https:\/\/dfg-lfa.org\/wp-content\/uploads\/13_DSC04238-300x200.jpg 300w, https:\/\/dfg-lfa.org\/wp-content\/uploads\/13_DSC04238-150x100.jpg 150w, https:\/\/dfg-lfa.org\/wp-content\/uploads\/13_DSC04238-768x512.jpg 768w, https:\/\/dfg-lfa.org\/wp-content\/uploads\/13_DSC04238-590x394.jpg 590w, https:\/\/dfg-lfa.org\/wp-content\/uploads\/13_DSC04238.jpg 1000w\" sizes=\"auto, (max-width: 300px) 100vw, 300px\" \/><\/a><figcaption id=\"caption-attachment-41517\" class=\"wp-caption-text\">Photo : Rosita Hofmann<\/figcaption><\/figure><\/p>\n<p><strong>_schoolwalk _exposition _entretien d\u2019artiste<\/strong><\/p>\n<p><strong>Septembre \u2013 d\u00e9cembre 2017<\/strong><br \/>\nDepuis septembre 2017, 20 \u00e9l\u00e8ves du niveau de Secondes, s\u2019occupent, lors du cours d\u2019option en Arts Plastiques, du street art et de l\u2019art urbain. Accompagn\u00e9s par Nadine Brettar, professeur d\u2019arts plastiques et m\u00e9diatrice, par une \u00e9quipe d\u2019\u00e9tudiants et de m\u00e9diateurs de l\u2018\u00c9cole des Beaux Arts de Sarrebruck (HBKsaar) et par l\u2019artiste <strong>RESO<\/strong> les jeunes explorent d\u2018abord l\u2018 <strong>ARTWALK<\/strong> de Sarrebruck, une \u201egal\u00e9rie permanente\u201c qui contient 12 peintures de fa\u00e7ades r\u00e9alis\u00e9es par 15 artistes internationaux de renom du domaine de l\u2019art urbain. (septembre 2017) Outre des stages de graffiti r\u00e9alis\u00e9s par l\u2019artiste et le commissaire du Artwalk Patrick Jungfleisch (RESO) en octobre 2017 le but du projet est d\u2019\u00e9laborer une conception de m\u00e9diation par les jeunes pour d\u2019autres jeunes. (novembre \u2013 d\u00e9cembre 2017)<\/p>\n<div id='gallery-4' class='gallery galleryid-41473 gallery-columns-3 gallery-size-medium'><figure class='gallery-item'>\n\t\t\t<div class='gallery-icon landscape'>\n\t\t\t\t<a href='https:\/\/dfg-lfa.org\/wp-content\/uploads\/14_DSC02477.jpg'><img loading=\"lazy\" decoding=\"async\" width=\"300\" height=\"200\" src=\"https:\/\/dfg-lfa.org\/wp-content\/uploads\/14_DSC02477-300x200.jpg\" class=\"attachment-medium size-medium\" alt=\"Ein Kunstvermittlungsangebot von Sch\u00fclerinnen und Sch\u00fclern des DFG f\u00fcr saarl\u00e4ndische Jugendliche zum ArtWalk Saarbr\u00fccken\" srcset=\"https:\/\/dfg-lfa.org\/wp-content\/uploads\/14_DSC02477-300x200.jpg 300w, https:\/\/dfg-lfa.org\/wp-content\/uploads\/14_DSC02477-150x100.jpg 150w, https:\/\/dfg-lfa.org\/wp-content\/uploads\/14_DSC02477-768x512.jpg 768w, https:\/\/dfg-lfa.org\/wp-content\/uploads\/14_DSC02477-590x394.jpg 590w, https:\/\/dfg-lfa.org\/wp-content\/uploads\/14_DSC02477.jpg 1000w\" sizes=\"auto, (max-width: 300px) 100vw, 300px\" \/><\/a>\n\t\t\t<\/div><\/figure><figure class='gallery-item'>\n\t\t\t<div class='gallery-icon landscape'>\n\t\t\t\t<a href='https:\/\/dfg-lfa.org\/wp-content\/uploads\/16_DSC02455.jpg'><img loading=\"lazy\" decoding=\"async\" width=\"300\" height=\"200\" src=\"https:\/\/dfg-lfa.org\/wp-content\/uploads\/16_DSC02455-300x200.jpg\" class=\"attachment-medium size-medium\" alt=\"Ein Kunstvermittlungsangebot von Sch\u00fclerinnen und Sch\u00fclern des DFG f\u00fcr saarl\u00e4ndische Jugendliche zum ArtWalk Saarbr\u00fccken\" srcset=\"https:\/\/dfg-lfa.org\/wp-content\/uploads\/16_DSC02455-300x200.jpg 300w, https:\/\/dfg-lfa.org\/wp-content\/uploads\/16_DSC02455-150x100.jpg 150w, https:\/\/dfg-lfa.org\/wp-content\/uploads\/16_DSC02455-768x512.jpg 768w, https:\/\/dfg-lfa.org\/wp-content\/uploads\/16_DSC02455-590x394.jpg 590w, https:\/\/dfg-lfa.org\/wp-content\/uploads\/16_DSC02455.jpg 1000w\" sizes=\"auto, (max-width: 300px) 100vw, 300px\" \/><\/a>\n\t\t\t<\/div><\/figure><figure class='gallery-item'>\n\t\t\t<div class='gallery-icon landscape'>\n\t\t\t\t<a href='https:\/\/dfg-lfa.org\/wp-content\/uploads\/18_DSC02481.jpg'><img loading=\"lazy\" decoding=\"async\" width=\"300\" height=\"200\" src=\"https:\/\/dfg-lfa.org\/wp-content\/uploads\/18_DSC02481-300x200.jpg\" class=\"attachment-medium size-medium\" alt=\"Ein Kunstvermittlungsangebot von Sch\u00fclerinnen und Sch\u00fclern des DFG f\u00fcr saarl\u00e4ndische Jugendliche zum ArtWalk Saarbr\u00fccken\" srcset=\"https:\/\/dfg-lfa.org\/wp-content\/uploads\/18_DSC02481-300x200.jpg 300w, https:\/\/dfg-lfa.org\/wp-content\/uploads\/18_DSC02481-150x100.jpg 150w, https:\/\/dfg-lfa.org\/wp-content\/uploads\/18_DSC02481-768x512.jpg 768w, https:\/\/dfg-lfa.org\/wp-content\/uploads\/18_DSC02481-590x394.jpg 590w, https:\/\/dfg-lfa.org\/wp-content\/uploads\/18_DSC02481.jpg 1000w\" sizes=\"auto, (max-width: 300px) 100vw, 300px\" \/><\/a>\n\t\t\t<\/div><\/figure><figure class='gallery-item'>\n\t\t\t<div class='gallery-icon landscape'>\n\t\t\t\t<a href='https:\/\/dfg-lfa.org\/wp-content\/uploads\/29_DSC02659.jpg'><img loading=\"lazy\" decoding=\"async\" width=\"300\" height=\"200\" src=\"https:\/\/dfg-lfa.org\/wp-content\/uploads\/29_DSC02659-300x200.jpg\" class=\"attachment-medium size-medium\" alt=\"Ein Kunstvermittlungsangebot von Sch\u00fclerinnen und Sch\u00fclern des DFG f\u00fcr saarl\u00e4ndische Jugendliche zum ArtWalk Saarbr\u00fccken\" srcset=\"https:\/\/dfg-lfa.org\/wp-content\/uploads\/29_DSC02659-300x200.jpg 300w, https:\/\/dfg-lfa.org\/wp-content\/uploads\/29_DSC02659-150x100.jpg 150w, https:\/\/dfg-lfa.org\/wp-content\/uploads\/29_DSC02659-768x512.jpg 768w, https:\/\/dfg-lfa.org\/wp-content\/uploads\/29_DSC02659-590x394.jpg 590w, https:\/\/dfg-lfa.org\/wp-content\/uploads\/29_DSC02659.jpg 1000w\" sizes=\"auto, (max-width: 300px) 100vw, 300px\" \/><\/a>\n\t\t\t<\/div><\/figure><figure class='gallery-item'>\n\t\t\t<div class='gallery-icon landscape'>\n\t\t\t\t<a href='https:\/\/dfg-lfa.org\/wp-content\/uploads\/31_DSC02666.jpg'><img loading=\"lazy\" decoding=\"async\" width=\"300\" height=\"200\" src=\"https:\/\/dfg-lfa.org\/wp-content\/uploads\/31_DSC02666-300x200.jpg\" class=\"attachment-medium size-medium\" alt=\"Ein Kunstvermittlungsangebot von Sch\u00fclerinnen und Sch\u00fclern des DFG f\u00fcr saarl\u00e4ndische Jugendliche zum ArtWalk Saarbr\u00fccken\" srcset=\"https:\/\/dfg-lfa.org\/wp-content\/uploads\/31_DSC02666-300x200.jpg 300w, https:\/\/dfg-lfa.org\/wp-content\/uploads\/31_DSC02666-150x100.jpg 150w, https:\/\/dfg-lfa.org\/wp-content\/uploads\/31_DSC02666-768x512.jpg 768w, https:\/\/dfg-lfa.org\/wp-content\/uploads\/31_DSC02666-590x394.jpg 590w, https:\/\/dfg-lfa.org\/wp-content\/uploads\/31_DSC02666.jpg 1000w\" sizes=\"auto, (max-width: 300px) 100vw, 300px\" \/><\/a>\n\t\t\t<\/div><\/figure><figure class='gallery-item'>\n\t\t\t<div class='gallery-icon landscape'>\n\t\t\t\t<a href='https:\/\/dfg-lfa.org\/wp-content\/uploads\/32_DSC02665.jpg'><img loading=\"lazy\" decoding=\"async\" width=\"300\" height=\"200\" src=\"https:\/\/dfg-lfa.org\/wp-content\/uploads\/32_DSC02665-300x200.jpg\" class=\"attachment-medium size-medium\" alt=\"Ein Kunstvermittlungsangebot von Sch\u00fclerinnen und Sch\u00fclern des DFG f\u00fcr saarl\u00e4ndische Jugendliche zum ArtWalk Saarbr\u00fccken\" srcset=\"https:\/\/dfg-lfa.org\/wp-content\/uploads\/32_DSC02665-300x200.jpg 300w, https:\/\/dfg-lfa.org\/wp-content\/uploads\/32_DSC02665-150x100.jpg 150w, https:\/\/dfg-lfa.org\/wp-content\/uploads\/32_DSC02665-768x512.jpg 768w, https:\/\/dfg-lfa.org\/wp-content\/uploads\/32_DSC02665-590x394.jpg 590w, https:\/\/dfg-lfa.org\/wp-content\/uploads\/32_DSC02665.jpg 1000w\" sizes=\"auto, (max-width: 300px) 100vw, 300px\" \/><\/a>\n\t\t\t<\/div><\/figure><figure class='gallery-item'>\n\t\t\t<div class='gallery-icon landscape'>\n\t\t\t\t<a href='https:\/\/dfg-lfa.org\/wp-content\/uploads\/33_DSC02669.jpg'><img loading=\"lazy\" decoding=\"async\" width=\"300\" height=\"200\" src=\"https:\/\/dfg-lfa.org\/wp-content\/uploads\/33_DSC02669-300x200.jpg\" class=\"attachment-medium size-medium\" alt=\"Ein Kunstvermittlungsangebot von Sch\u00fclerinnen und Sch\u00fclern des DFG f\u00fcr saarl\u00e4ndische Jugendliche zum ArtWalk Saarbr\u00fccken\" srcset=\"https:\/\/dfg-lfa.org\/wp-content\/uploads\/33_DSC02669-300x200.jpg 300w, https:\/\/dfg-lfa.org\/wp-content\/uploads\/33_DSC02669-150x100.jpg 150w, https:\/\/dfg-lfa.org\/wp-content\/uploads\/33_DSC02669-768x512.jpg 768w, https:\/\/dfg-lfa.org\/wp-content\/uploads\/33_DSC02669-590x394.jpg 590w, https:\/\/dfg-lfa.org\/wp-content\/uploads\/33_DSC02669.jpg 1000w\" sizes=\"auto, (max-width: 300px) 100vw, 300px\" \/><\/a>\n\t\t\t<\/div><\/figure><figure class='gallery-item'>\n\t\t\t<div class='gallery-icon landscape'>\n\t\t\t\t<a href='https:\/\/dfg-lfa.org\/wp-content\/uploads\/1_DSC02309.jpg'><img loading=\"lazy\" decoding=\"async\" width=\"300\" height=\"200\" src=\"https:\/\/dfg-lfa.org\/wp-content\/uploads\/1_DSC02309-300x200.jpg\" class=\"attachment-medium size-medium\" alt=\"Ein Kunstvermittlungsangebot von Sch\u00fclerinnen und Sch\u00fclern des DFG f\u00fcr saarl\u00e4ndische Jugendliche zum ArtWalk Saarbr\u00fccken\" srcset=\"https:\/\/dfg-lfa.org\/wp-content\/uploads\/1_DSC02309-300x200.jpg 300w, https:\/\/dfg-lfa.org\/wp-content\/uploads\/1_DSC02309-150x100.jpg 150w, https:\/\/dfg-lfa.org\/wp-content\/uploads\/1_DSC02309-768x512.jpg 768w, https:\/\/dfg-lfa.org\/wp-content\/uploads\/1_DSC02309-590x394.jpg 590w, https:\/\/dfg-lfa.org\/wp-content\/uploads\/1_DSC02309.jpg 1000w\" sizes=\"auto, (max-width: 300px) 100vw, 300px\" \/><\/a>\n\t\t\t<\/div><\/figure><figure class='gallery-item'>\n\t\t\t<div class='gallery-icon landscape'>\n\t\t\t\t<a href='https:\/\/dfg-lfa.org\/wp-content\/uploads\/35_DSC02721.jpg'><img loading=\"lazy\" decoding=\"async\" width=\"300\" height=\"200\" src=\"https:\/\/dfg-lfa.org\/wp-content\/uploads\/35_DSC02721-300x200.jpg\" class=\"attachment-medium size-medium\" alt=\"Ein Kunstvermittlungsangebot von Sch\u00fclerinnen und Sch\u00fclern des DFG f\u00fcr saarl\u00e4ndische Jugendliche zum ArtWalk Saarbr\u00fccken\" srcset=\"https:\/\/dfg-lfa.org\/wp-content\/uploads\/35_DSC02721-300x200.jpg 300w, https:\/\/dfg-lfa.org\/wp-content\/uploads\/35_DSC02721-150x100.jpg 150w, https:\/\/dfg-lfa.org\/wp-content\/uploads\/35_DSC02721-768x512.jpg 768w, https:\/\/dfg-lfa.org\/wp-content\/uploads\/35_DSC02721-590x394.jpg 590w, https:\/\/dfg-lfa.org\/wp-content\/uploads\/35_DSC02721.jpg 1000w\" sizes=\"auto, (max-width: 300px) 100vw, 300px\" \/><\/a>\n\t\t\t<\/div><\/figure><figure class='gallery-item'>\n\t\t\t<div class='gallery-icon landscape'>\n\t\t\t\t<a href='https:\/\/dfg-lfa.org\/wp-content\/uploads\/2_DSC02327.jpg'><img loading=\"lazy\" decoding=\"async\" width=\"300\" height=\"200\" src=\"https:\/\/dfg-lfa.org\/wp-content\/uploads\/2_DSC02327-300x200.jpg\" class=\"attachment-medium size-medium\" alt=\"Ein Kunstvermittlungsangebot von Sch\u00fclerinnen und Sch\u00fclern des DFG f\u00fcr saarl\u00e4ndische Jugendliche zum ArtWalk Saarbr\u00fccken\" srcset=\"https:\/\/dfg-lfa.org\/wp-content\/uploads\/2_DSC02327-300x200.jpg 300w, https:\/\/dfg-lfa.org\/wp-content\/uploads\/2_DSC02327-150x100.jpg 150w, https:\/\/dfg-lfa.org\/wp-content\/uploads\/2_DSC02327-768x512.jpg 768w, https:\/\/dfg-lfa.org\/wp-content\/uploads\/2_DSC02327-590x394.jpg 590w, https:\/\/dfg-lfa.org\/wp-content\/uploads\/2_DSC02327.jpg 1000w\" sizes=\"auto, (max-width: 300px) 100vw, 300px\" \/><\/a>\n\t\t\t<\/div><\/figure><figure class='gallery-item'>\n\t\t\t<div class='gallery-icon landscape'>\n\t\t\t\t<a href='https:\/\/dfg-lfa.org\/wp-content\/uploads\/36_DSC02736.jpg'><img loading=\"lazy\" decoding=\"async\" width=\"300\" height=\"200\" src=\"https:\/\/dfg-lfa.org\/wp-content\/uploads\/36_DSC02736-300x200.jpg\" class=\"attachment-medium size-medium\" alt=\"Ein Kunstvermittlungsangebot von Sch\u00fclerinnen und Sch\u00fclern des DFG f\u00fcr saarl\u00e4ndische Jugendliche zum ArtWalk Saarbr\u00fccken\" srcset=\"https:\/\/dfg-lfa.org\/wp-content\/uploads\/36_DSC02736-300x200.jpg 300w, https:\/\/dfg-lfa.org\/wp-content\/uploads\/36_DSC02736-150x100.jpg 150w, https:\/\/dfg-lfa.org\/wp-content\/uploads\/36_DSC02736-768x512.jpg 768w, https:\/\/dfg-lfa.org\/wp-content\/uploads\/36_DSC02736-590x394.jpg 590w, https:\/\/dfg-lfa.org\/wp-content\/uploads\/36_DSC02736.jpg 1000w\" sizes=\"auto, (max-width: 300px) 100vw, 300px\" \/><\/a>\n\t\t\t<\/div><\/figure><figure class='gallery-item'>\n\t\t\t<div class='gallery-icon landscape'>\n\t\t\t\t<a href='https:\/\/dfg-lfa.org\/wp-content\/uploads\/38_DSC02755.jpg'><img loading=\"lazy\" decoding=\"async\" width=\"300\" height=\"200\" src=\"https:\/\/dfg-lfa.org\/wp-content\/uploads\/38_DSC02755-300x200.jpg\" class=\"attachment-medium size-medium\" alt=\"Ein Kunstvermittlungsangebot von Sch\u00fclerinnen und Sch\u00fclern des DFG f\u00fcr saarl\u00e4ndische Jugendliche zum ArtWalk Saarbr\u00fccken\" srcset=\"https:\/\/dfg-lfa.org\/wp-content\/uploads\/38_DSC02755-300x200.jpg 300w, https:\/\/dfg-lfa.org\/wp-content\/uploads\/38_DSC02755-150x100.jpg 150w, https:\/\/dfg-lfa.org\/wp-content\/uploads\/38_DSC02755-768x512.jpg 768w, https:\/\/dfg-lfa.org\/wp-content\/uploads\/38_DSC02755-590x394.jpg 590w, https:\/\/dfg-lfa.org\/wp-content\/uploads\/38_DSC02755.jpg 1000w\" sizes=\"auto, (max-width: 300px) 100vw, 300px\" \/><\/a>\n\t\t\t<\/div><\/figure><figure class='gallery-item'>\n\t\t\t<div class='gallery-icon landscape'>\n\t\t\t\t<a href='https:\/\/dfg-lfa.org\/wp-content\/uploads\/39_DSC02765.jpg'><img loading=\"lazy\" decoding=\"async\" width=\"300\" height=\"200\" src=\"https:\/\/dfg-lfa.org\/wp-content\/uploads\/39_DSC02765-300x200.jpg\" class=\"attachment-medium size-medium\" alt=\"Ein Kunstvermittlungsangebot von Sch\u00fclerinnen und Sch\u00fclern des DFG f\u00fcr saarl\u00e4ndische Jugendliche zum ArtWalk Saarbr\u00fccken\" srcset=\"https:\/\/dfg-lfa.org\/wp-content\/uploads\/39_DSC02765-300x200.jpg 300w, https:\/\/dfg-lfa.org\/wp-content\/uploads\/39_DSC02765-150x100.jpg 150w, https:\/\/dfg-lfa.org\/wp-content\/uploads\/39_DSC02765-768x512.jpg 768w, https:\/\/dfg-lfa.org\/wp-content\/uploads\/39_DSC02765-590x394.jpg 590w, https:\/\/dfg-lfa.org\/wp-content\/uploads\/39_DSC02765.jpg 1000w\" sizes=\"auto, (max-width: 300px) 100vw, 300px\" \/><\/a>\n\t\t\t<\/div><\/figure><figure class='gallery-item'>\n\t\t\t<div class='gallery-icon landscape'>\n\t\t\t\t<a href='https:\/\/dfg-lfa.org\/wp-content\/uploads\/40_DSC02788.jpg'><img loading=\"lazy\" decoding=\"async\" width=\"300\" height=\"200\" src=\"https:\/\/dfg-lfa.org\/wp-content\/uploads\/40_DSC02788-300x200.jpg\" class=\"attachment-medium size-medium\" alt=\"Ein Kunstvermittlungsangebot von Sch\u00fclerinnen und Sch\u00fclern des DFG f\u00fcr saarl\u00e4ndische Jugendliche zum ArtWalk Saarbr\u00fccken\" srcset=\"https:\/\/dfg-lfa.org\/wp-content\/uploads\/40_DSC02788-300x200.jpg 300w, https:\/\/dfg-lfa.org\/wp-content\/uploads\/40_DSC02788-150x100.jpg 150w, https:\/\/dfg-lfa.org\/wp-content\/uploads\/40_DSC02788-768x512.jpg 768w, https:\/\/dfg-lfa.org\/wp-content\/uploads\/40_DSC02788-590x394.jpg 590w, https:\/\/dfg-lfa.org\/wp-content\/uploads\/40_DSC02788.jpg 1000w\" sizes=\"auto, (max-width: 300px) 100vw, 300px\" \/><\/a>\n\t\t\t<\/div><\/figure><figure class='gallery-item'>\n\t\t\t<div class='gallery-icon landscape'>\n\t\t\t\t<a href='https:\/\/dfg-lfa.org\/wp-content\/uploads\/42_DSC02837.jpg'><img loading=\"lazy\" decoding=\"async\" width=\"300\" height=\"200\" src=\"https:\/\/dfg-lfa.org\/wp-content\/uploads\/42_DSC02837-300x200.jpg\" class=\"attachment-medium size-medium\" alt=\"Ein Kunstvermittlungsangebot von Sch\u00fclerinnen und Sch\u00fclern des DFG f\u00fcr saarl\u00e4ndische Jugendliche zum ArtWalk Saarbr\u00fccken\" srcset=\"https:\/\/dfg-lfa.org\/wp-content\/uploads\/42_DSC02837-300x200.jpg 300w, https:\/\/dfg-lfa.org\/wp-content\/uploads\/42_DSC02837-150x100.jpg 150w, https:\/\/dfg-lfa.org\/wp-content\/uploads\/42_DSC02837-768x512.jpg 768w, https:\/\/dfg-lfa.org\/wp-content\/uploads\/42_DSC02837-590x394.jpg 590w, https:\/\/dfg-lfa.org\/wp-content\/uploads\/42_DSC02837.jpg 1000w\" sizes=\"auto, (max-width: 300px) 100vw, 300px\" \/><\/a>\n\t\t\t<\/div><\/figure><figure class='gallery-item'>\n\t\t\t<div class='gallery-icon landscape'>\n\t\t\t\t<a href='https:\/\/dfg-lfa.org\/wp-content\/uploads\/44_DSC02853.jpg'><img loading=\"lazy\" decoding=\"async\" width=\"300\" height=\"200\" src=\"https:\/\/dfg-lfa.org\/wp-content\/uploads\/44_DSC02853-300x200.jpg\" class=\"attachment-medium size-medium\" alt=\"Ein Kunstvermittlungsangebot von Sch\u00fclerinnen und Sch\u00fclern des DFG f\u00fcr saarl\u00e4ndische Jugendliche zum ArtWalk Saarbr\u00fccken\" srcset=\"https:\/\/dfg-lfa.org\/wp-content\/uploads\/44_DSC02853-300x200.jpg 300w, https:\/\/dfg-lfa.org\/wp-content\/uploads\/44_DSC02853-150x100.jpg 150w, https:\/\/dfg-lfa.org\/wp-content\/uploads\/44_DSC02853-768x512.jpg 768w, https:\/\/dfg-lfa.org\/wp-content\/uploads\/44_DSC02853-590x394.jpg 590w, https:\/\/dfg-lfa.org\/wp-content\/uploads\/44_DSC02853.jpg 1000w\" sizes=\"auto, (max-width: 300px) 100vw, 300px\" \/><\/a>\n\t\t\t<\/div><\/figure><figure class='gallery-item'>\n\t\t\t<div class='gallery-icon landscape'>\n\t\t\t\t<a href='https:\/\/dfg-lfa.org\/wp-content\/uploads\/50_DSC02915.jpg'><img loading=\"lazy\" decoding=\"async\" width=\"300\" height=\"200\" src=\"https:\/\/dfg-lfa.org\/wp-content\/uploads\/50_DSC02915-300x200.jpg\" class=\"attachment-medium size-medium\" alt=\"Ein Kunstvermittlungsangebot von Sch\u00fclerinnen und Sch\u00fclern des DFG f\u00fcr saarl\u00e4ndische Jugendliche zum ArtWalk Saarbr\u00fccken\" srcset=\"https:\/\/dfg-lfa.org\/wp-content\/uploads\/50_DSC02915-300x200.jpg 300w, https:\/\/dfg-lfa.org\/wp-content\/uploads\/50_DSC02915-150x100.jpg 150w, https:\/\/dfg-lfa.org\/wp-content\/uploads\/50_DSC02915-768x512.jpg 768w, https:\/\/dfg-lfa.org\/wp-content\/uploads\/50_DSC02915-590x394.jpg 590w, https:\/\/dfg-lfa.org\/wp-content\/uploads\/50_DSC02915.jpg 1000w\" sizes=\"auto, (max-width: 300px) 100vw, 300px\" \/><\/a>\n\t\t\t<\/div><\/figure><figure class='gallery-item'>\n\t\t\t<div class='gallery-icon landscape'>\n\t\t\t\t<a href='https:\/\/dfg-lfa.org\/wp-content\/uploads\/51_DSC02894.jpg'><img loading=\"lazy\" decoding=\"async\" width=\"300\" height=\"200\" src=\"https:\/\/dfg-lfa.org\/wp-content\/uploads\/51_DSC02894-300x200.jpg\" class=\"attachment-medium size-medium\" alt=\"Ein Kunstvermittlungsangebot von Sch\u00fclerinnen und Sch\u00fclern des DFG f\u00fcr saarl\u00e4ndische Jugendliche zum ArtWalk Saarbr\u00fccken\" srcset=\"https:\/\/dfg-lfa.org\/wp-content\/uploads\/51_DSC02894-300x200.jpg 300w, https:\/\/dfg-lfa.org\/wp-content\/uploads\/51_DSC02894-150x100.jpg 150w, https:\/\/dfg-lfa.org\/wp-content\/uploads\/51_DSC02894-768x512.jpg 768w, https:\/\/dfg-lfa.org\/wp-content\/uploads\/51_DSC02894-590x394.jpg 590w, https:\/\/dfg-lfa.org\/wp-content\/uploads\/51_DSC02894.jpg 1000w\" sizes=\"auto, (max-width: 300px) 100vw, 300px\" \/><\/a>\n\t\t\t<\/div><\/figure><figure class='gallery-item'>\n\t\t\t<div class='gallery-icon landscape'>\n\t\t\t\t<a href='https:\/\/dfg-lfa.org\/wp-content\/uploads\/52_DSC02934.jpg'><img loading=\"lazy\" decoding=\"async\" width=\"300\" height=\"200\" src=\"https:\/\/dfg-lfa.org\/wp-content\/uploads\/52_DSC02934-300x200.jpg\" class=\"attachment-medium size-medium\" alt=\"Ein Kunstvermittlungsangebot von Sch\u00fclerinnen und Sch\u00fclern des DFG f\u00fcr saarl\u00e4ndische Jugendliche zum ArtWalk Saarbr\u00fccken\" srcset=\"https:\/\/dfg-lfa.org\/wp-content\/uploads\/52_DSC02934-300x200.jpg 300w, https:\/\/dfg-lfa.org\/wp-content\/uploads\/52_DSC02934-150x100.jpg 150w, https:\/\/dfg-lfa.org\/wp-content\/uploads\/52_DSC02934-768x512.jpg 768w, https:\/\/dfg-lfa.org\/wp-content\/uploads\/52_DSC02934-590x394.jpg 590w, https:\/\/dfg-lfa.org\/wp-content\/uploads\/52_DSC02934.jpg 1000w\" sizes=\"auto, (max-width: 300px) 100vw, 300px\" \/><\/a>\n\t\t\t<\/div><\/figure><figure class='gallery-item'>\n\t\t\t<div class='gallery-icon landscape'>\n\t\t\t\t<a href='https:\/\/dfg-lfa.org\/wp-content\/uploads\/53_DSC02933.jpg'><img loading=\"lazy\" decoding=\"async\" width=\"300\" height=\"200\" src=\"https:\/\/dfg-lfa.org\/wp-content\/uploads\/53_DSC02933-300x200.jpg\" class=\"attachment-medium size-medium\" alt=\"Ein Kunstvermittlungsangebot von Sch\u00fclerinnen und Sch\u00fclern des DFG f\u00fcr saarl\u00e4ndische Jugendliche zum ArtWalk Saarbr\u00fccken\" srcset=\"https:\/\/dfg-lfa.org\/wp-content\/uploads\/53_DSC02933-300x200.jpg 300w, https:\/\/dfg-lfa.org\/wp-content\/uploads\/53_DSC02933-150x100.jpg 150w, https:\/\/dfg-lfa.org\/wp-content\/uploads\/53_DSC02933-768x512.jpg 768w, https:\/\/dfg-lfa.org\/wp-content\/uploads\/53_DSC02933-590x394.jpg 590w, https:\/\/dfg-lfa.org\/wp-content\/uploads\/53_DSC02933.jpg 1000w\" sizes=\"auto, (max-width: 300px) 100vw, 300px\" \/><\/a>\n\t\t\t<\/div><\/figure><figure class='gallery-item'>\n\t\t\t<div class='gallery-icon landscape'>\n\t\t\t\t<a href='https:\/\/dfg-lfa.org\/wp-content\/uploads\/60_DSC02964.jpg'><img loading=\"lazy\" decoding=\"async\" width=\"300\" height=\"200\" src=\"https:\/\/dfg-lfa.org\/wp-content\/uploads\/60_DSC02964-300x200.jpg\" class=\"attachment-medium size-medium\" alt=\"Ein Kunstvermittlungsangebot von Sch\u00fclerinnen und Sch\u00fclern des DFG f\u00fcr saarl\u00e4ndische Jugendliche zum ArtWalk Saarbr\u00fccken\" srcset=\"https:\/\/dfg-lfa.org\/wp-content\/uploads\/60_DSC02964-300x200.jpg 300w, https:\/\/dfg-lfa.org\/wp-content\/uploads\/60_DSC02964-150x100.jpg 150w, https:\/\/dfg-lfa.org\/wp-content\/uploads\/60_DSC02964-768x512.jpg 768w, https:\/\/dfg-lfa.org\/wp-content\/uploads\/60_DSC02964-590x394.jpg 590w, https:\/\/dfg-lfa.org\/wp-content\/uploads\/60_DSC02964.jpg 1000w\" sizes=\"auto, (max-width: 300px) 100vw, 300px\" \/><\/a>\n\t\t\t<\/div><\/figure>\n\t\t<\/div>\n\n<h5><strong>Re-Cover Your City | Une m\u00e9diation r\u00e9alis\u00e9e par des jeunes pour des jeunes pour l\u2018 ArtWalk Sarrebruck<\/strong><\/h5>\n<p><strong>_schoolwalk _exposition _entretien d\u2019artiste<\/strong><\/p>\n<p>Deux fois au mois de d\u00e9cembre(le 11 et le 18) notre \u00e9quipe de jeunes m\u00e9diateurs ont accompagn\u00e9 d\u2019autres groupes scolaires lors d\u2019une promenade en ville d\u2019environ une heure et demie, afin de d\u00e9couvrir plusieurs peintures de fa\u00e7ade cr\u00e9\u00e9es par des artistes internationaux de renom du domaine de l\u2019art urbain.<\/p>\n<p>Depuis le mois de septembre 2017, les jeunes m\u00e9diateurs s\u2019occupent aussi bien de la partie th\u00e9orique que de la pratique artistique de cette gal\u00e9rie permanente situ\u00e9e en plein air sur l\u2019initiative du Minist\u00e8re de l\u2019Education et de la Culture du Land de la Sarre et sous la direction artistique de Patrick Jungfleisch et de Benjamin Knur.<\/p>\n<div id='gallery-5' class='gallery galleryid-41473 gallery-columns-3 gallery-size-medium'><figure class='gallery-item'>\n\t\t\t<div class='gallery-icon landscape'>\n\t\t\t\t<a href='https:\/\/dfg-lfa.org\/wp-content\/uploads\/7_DSC04165.jpg'><img loading=\"lazy\" decoding=\"async\" width=\"300\" height=\"200\" src=\"https:\/\/dfg-lfa.org\/wp-content\/uploads\/7_DSC04165-300x200.jpg\" class=\"attachment-medium size-medium\" alt=\"Ein Kunstvermittlungsangebot von Sch\u00fclerinnen und Sch\u00fclern des DFG f\u00fcr saarl\u00e4ndische Jugendliche zum ArtWalk Saarbr\u00fccken\" srcset=\"https:\/\/dfg-lfa.org\/wp-content\/uploads\/7_DSC04165-300x200.jpg 300w, https:\/\/dfg-lfa.org\/wp-content\/uploads\/7_DSC04165-150x100.jpg 150w, https:\/\/dfg-lfa.org\/wp-content\/uploads\/7_DSC04165-768x512.jpg 768w, https:\/\/dfg-lfa.org\/wp-content\/uploads\/7_DSC04165-590x394.jpg 590w, https:\/\/dfg-lfa.org\/wp-content\/uploads\/7_DSC04165.jpg 1000w\" sizes=\"auto, (max-width: 300px) 100vw, 300px\" \/><\/a>\n\t\t\t<\/div><\/figure><figure class='gallery-item'>\n\t\t\t<div class='gallery-icon landscape'>\n\t\t\t\t<a href='https:\/\/dfg-lfa.org\/wp-content\/uploads\/9_DSC04183.jpg'><img loading=\"lazy\" decoding=\"async\" width=\"300\" height=\"200\" src=\"https:\/\/dfg-lfa.org\/wp-content\/uploads\/9_DSC04183-300x200.jpg\" class=\"attachment-medium size-medium\" alt=\"Ein Kunstvermittlungsangebot von Sch\u00fclerinnen und Sch\u00fclern des DFG f\u00fcr saarl\u00e4ndische Jugendliche zum ArtWalk Saarbr\u00fccken\" srcset=\"https:\/\/dfg-lfa.org\/wp-content\/uploads\/9_DSC04183-300x200.jpg 300w, https:\/\/dfg-lfa.org\/wp-content\/uploads\/9_DSC04183-150x100.jpg 150w, https:\/\/dfg-lfa.org\/wp-content\/uploads\/9_DSC04183-768x512.jpg 768w, https:\/\/dfg-lfa.org\/wp-content\/uploads\/9_DSC04183-590x394.jpg 590w, https:\/\/dfg-lfa.org\/wp-content\/uploads\/9_DSC04183.jpg 1000w\" sizes=\"auto, (max-width: 300px) 100vw, 300px\" \/><\/a>\n\t\t\t<\/div><\/figure><figure class='gallery-item'>\n\t\t\t<div class='gallery-icon landscape'>\n\t\t\t\t<a href='https:\/\/dfg-lfa.org\/wp-content\/uploads\/10_DSC04188.jpg'><img loading=\"lazy\" decoding=\"async\" width=\"300\" height=\"200\" src=\"https:\/\/dfg-lfa.org\/wp-content\/uploads\/10_DSC04188-300x200.jpg\" class=\"attachment-medium size-medium\" alt=\"Ein Kunstvermittlungsangebot von Sch\u00fclerinnen und Sch\u00fclern des DFG f\u00fcr saarl\u00e4ndische Jugendliche zum ArtWalk Saarbr\u00fccken\" srcset=\"https:\/\/dfg-lfa.org\/wp-content\/uploads\/10_DSC04188-300x200.jpg 300w, https:\/\/dfg-lfa.org\/wp-content\/uploads\/10_DSC04188-150x100.jpg 150w, https:\/\/dfg-lfa.org\/wp-content\/uploads\/10_DSC04188-768x512.jpg 768w, https:\/\/dfg-lfa.org\/wp-content\/uploads\/10_DSC04188-590x394.jpg 590w, https:\/\/dfg-lfa.org\/wp-content\/uploads\/10_DSC04188.jpg 1000w\" sizes=\"auto, (max-width: 300px) 100vw, 300px\" \/><\/a>\n\t\t\t<\/div><\/figure><figure class='gallery-item'>\n\t\t\t<div class='gallery-icon landscape'>\n\t\t\t\t<a href='https:\/\/dfg-lfa.org\/wp-content\/uploads\/13_DSC04238.jpg'><img loading=\"lazy\" decoding=\"async\" width=\"300\" height=\"200\" src=\"https:\/\/dfg-lfa.org\/wp-content\/uploads\/13_DSC04238-300x200.jpg\" class=\"attachment-medium size-medium\" alt=\"Ein Kunstvermittlungsangebot von Sch\u00fclerinnen und Sch\u00fclern des DFG f\u00fcr saarl\u00e4ndische Jugendliche zum ArtWalk Saarbr\u00fccken\" srcset=\"https:\/\/dfg-lfa.org\/wp-content\/uploads\/13_DSC04238-300x200.jpg 300w, https:\/\/dfg-lfa.org\/wp-content\/uploads\/13_DSC04238-150x100.jpg 150w, https:\/\/dfg-lfa.org\/wp-content\/uploads\/13_DSC04238-768x512.jpg 768w, https:\/\/dfg-lfa.org\/wp-content\/uploads\/13_DSC04238-590x394.jpg 590w, https:\/\/dfg-lfa.org\/wp-content\/uploads\/13_DSC04238.jpg 1000w\" sizes=\"auto, (max-width: 300px) 100vw, 300px\" \/><\/a>\n\t\t\t<\/div><\/figure><figure class='gallery-item'>\n\t\t\t<div class='gallery-icon landscape'>\n\t\t\t\t<a href='https:\/\/dfg-lfa.org\/wp-content\/uploads\/21_DSC04346.jpg'><img loading=\"lazy\" decoding=\"async\" width=\"300\" height=\"200\" src=\"https:\/\/dfg-lfa.org\/wp-content\/uploads\/21_DSC04346-300x200.jpg\" class=\"attachment-medium size-medium\" alt=\"Ein Kunstvermittlungsangebot von Sch\u00fclerinnen und Sch\u00fclern des DFG f\u00fcr saarl\u00e4ndische Jugendliche zum ArtWalk Saarbr\u00fccken\" srcset=\"https:\/\/dfg-lfa.org\/wp-content\/uploads\/21_DSC04346-300x200.jpg 300w, https:\/\/dfg-lfa.org\/wp-content\/uploads\/21_DSC04346-150x100.jpg 150w, https:\/\/dfg-lfa.org\/wp-content\/uploads\/21_DSC04346-768x512.jpg 768w, https:\/\/dfg-lfa.org\/wp-content\/uploads\/21_DSC04346-590x394.jpg 590w, https:\/\/dfg-lfa.org\/wp-content\/uploads\/21_DSC04346.jpg 1000w\" sizes=\"auto, (max-width: 300px) 100vw, 300px\" \/><\/a>\n\t\t\t<\/div><\/figure><figure class='gallery-item'>\n\t\t\t<div class='gallery-icon landscape'>\n\t\t\t\t<a href='https:\/\/dfg-lfa.org\/wp-content\/uploads\/22_DSC04351.jpg'><img loading=\"lazy\" decoding=\"async\" width=\"300\" height=\"200\" src=\"https:\/\/dfg-lfa.org\/wp-content\/uploads\/22_DSC04351-300x200.jpg\" class=\"attachment-medium size-medium\" alt=\"Ein Kunstvermittlungsangebot von Sch\u00fclerinnen und Sch\u00fclern des DFG f\u00fcr saarl\u00e4ndische Jugendliche zum ArtWalk Saarbr\u00fccken\" srcset=\"https:\/\/dfg-lfa.org\/wp-content\/uploads\/22_DSC04351-300x200.jpg 300w, https:\/\/dfg-lfa.org\/wp-content\/uploads\/22_DSC04351-150x100.jpg 150w, https:\/\/dfg-lfa.org\/wp-content\/uploads\/22_DSC04351-768x512.jpg 768w, https:\/\/dfg-lfa.org\/wp-content\/uploads\/22_DSC04351-590x394.jpg 590w, https:\/\/dfg-lfa.org\/wp-content\/uploads\/22_DSC04351.jpg 1000w\" sizes=\"auto, (max-width: 300px) 100vw, 300px\" \/><\/a>\n\t\t\t<\/div><\/figure><figure class='gallery-item'>\n\t\t\t<div class='gallery-icon landscape'>\n\t\t\t\t<a href='https:\/\/dfg-lfa.org\/wp-content\/uploads\/25_DSC04367.jpg'><img loading=\"lazy\" decoding=\"async\" width=\"300\" height=\"200\" src=\"https:\/\/dfg-lfa.org\/wp-content\/uploads\/25_DSC04367-300x200.jpg\" class=\"attachment-medium size-medium\" alt=\"Ein Kunstvermittlungsangebot von Sch\u00fclerinnen und Sch\u00fclern des DFG f\u00fcr saarl\u00e4ndische Jugendliche zum ArtWalk Saarbr\u00fccken\" srcset=\"https:\/\/dfg-lfa.org\/wp-content\/uploads\/25_DSC04367-300x200.jpg 300w, https:\/\/dfg-lfa.org\/wp-content\/uploads\/25_DSC04367-150x100.jpg 150w, https:\/\/dfg-lfa.org\/wp-content\/uploads\/25_DSC04367-768x512.jpg 768w, https:\/\/dfg-lfa.org\/wp-content\/uploads\/25_DSC04367-590x394.jpg 590w, https:\/\/dfg-lfa.org\/wp-content\/uploads\/25_DSC04367.jpg 1000w\" sizes=\"auto, (max-width: 300px) 100vw, 300px\" \/><\/a>\n\t\t\t<\/div><\/figure><figure class='gallery-item'>\n\t\t\t<div class='gallery-icon landscape'>\n\t\t\t\t<a href='https:\/\/dfg-lfa.org\/wp-content\/uploads\/31_DSC04430.jpg'><img loading=\"lazy\" decoding=\"async\" width=\"300\" height=\"200\" src=\"https:\/\/dfg-lfa.org\/wp-content\/uploads\/31_DSC04430-300x200.jpg\" class=\"attachment-medium size-medium\" alt=\"Ein Kunstvermittlungsangebot von Sch\u00fclerinnen und Sch\u00fclern des DFG f\u00fcr saarl\u00e4ndische Jugendliche zum ArtWalk Saarbr\u00fccken\" srcset=\"https:\/\/dfg-lfa.org\/wp-content\/uploads\/31_DSC04430-300x200.jpg 300w, https:\/\/dfg-lfa.org\/wp-content\/uploads\/31_DSC04430-150x100.jpg 150w, https:\/\/dfg-lfa.org\/wp-content\/uploads\/31_DSC04430-768x512.jpg 768w, https:\/\/dfg-lfa.org\/wp-content\/uploads\/31_DSC04430-590x394.jpg 590w, https:\/\/dfg-lfa.org\/wp-content\/uploads\/31_DSC04430.jpg 1000w\" sizes=\"auto, (max-width: 300px) 100vw, 300px\" \/><\/a>\n\t\t\t<\/div><\/figure><figure class='gallery-item'>\n\t\t\t<div class='gallery-icon landscape'>\n\t\t\t\t<a href='https:\/\/dfg-lfa.org\/wp-content\/uploads\/32_DSC04457.jpg'><img loading=\"lazy\" decoding=\"async\" width=\"300\" height=\"200\" src=\"https:\/\/dfg-lfa.org\/wp-content\/uploads\/32_DSC04457-300x200.jpg\" class=\"attachment-medium size-medium\" alt=\"Ein Kunstvermittlungsangebot von Sch\u00fclerinnen und Sch\u00fclern des DFG f\u00fcr saarl\u00e4ndische Jugendliche zum ArtWalk Saarbr\u00fccken\" srcset=\"https:\/\/dfg-lfa.org\/wp-content\/uploads\/32_DSC04457-300x200.jpg 300w, https:\/\/dfg-lfa.org\/wp-content\/uploads\/32_DSC04457-150x100.jpg 150w, https:\/\/dfg-lfa.org\/wp-content\/uploads\/32_DSC04457-768x512.jpg 768w, https:\/\/dfg-lfa.org\/wp-content\/uploads\/32_DSC04457-590x394.jpg 590w, https:\/\/dfg-lfa.org\/wp-content\/uploads\/32_DSC04457.jpg 1000w\" sizes=\"auto, (max-width: 300px) 100vw, 300px\" \/><\/a>\n\t\t\t<\/div><\/figure><figure class='gallery-item'>\n\t\t\t<div class='gallery-icon landscape'>\n\t\t\t\t<a href='https:\/\/dfg-lfa.org\/wp-content\/uploads\/34_DSC04507.jpg'><img loading=\"lazy\" decoding=\"async\" width=\"300\" height=\"200\" src=\"https:\/\/dfg-lfa.org\/wp-content\/uploads\/34_DSC04507-300x200.jpg\" class=\"attachment-medium size-medium\" alt=\"Ein Kunstvermittlungsangebot von Sch\u00fclerinnen und Sch\u00fclern des DFG f\u00fcr saarl\u00e4ndische Jugendliche zum ArtWalk Saarbr\u00fccken\" srcset=\"https:\/\/dfg-lfa.org\/wp-content\/uploads\/34_DSC04507-300x200.jpg 300w, https:\/\/dfg-lfa.org\/wp-content\/uploads\/34_DSC04507-150x100.jpg 150w, https:\/\/dfg-lfa.org\/wp-content\/uploads\/34_DSC04507-768x512.jpg 768w, https:\/\/dfg-lfa.org\/wp-content\/uploads\/34_DSC04507-590x394.jpg 590w, https:\/\/dfg-lfa.org\/wp-content\/uploads\/34_DSC04507.jpg 1000w\" sizes=\"auto, (max-width: 300px) 100vw, 300px\" \/><\/a>\n\t\t\t<\/div><\/figure><figure class='gallery-item'>\n\t\t\t<div class='gallery-icon landscape'>\n\t\t\t\t<a href='https:\/\/dfg-lfa.org\/wp-content\/uploads\/39_DSC04556.jpg'><img loading=\"lazy\" decoding=\"async\" width=\"300\" height=\"200\" src=\"https:\/\/dfg-lfa.org\/wp-content\/uploads\/39_DSC04556-300x200.jpg\" class=\"attachment-medium size-medium\" alt=\"Ein Kunstvermittlungsangebot von Sch\u00fclerinnen und Sch\u00fclern des DFG f\u00fcr saarl\u00e4ndische Jugendliche zum ArtWalk Saarbr\u00fccken\" srcset=\"https:\/\/dfg-lfa.org\/wp-content\/uploads\/39_DSC04556-300x200.jpg 300w, https:\/\/dfg-lfa.org\/wp-content\/uploads\/39_DSC04556-150x100.jpg 150w, https:\/\/dfg-lfa.org\/wp-content\/uploads\/39_DSC04556-768x512.jpg 768w, https:\/\/dfg-lfa.org\/wp-content\/uploads\/39_DSC04556-590x394.jpg 590w, https:\/\/dfg-lfa.org\/wp-content\/uploads\/39_DSC04556.jpg 1000w\" sizes=\"auto, (max-width: 300px) 100vw, 300px\" \/><\/a>\n\t\t\t<\/div><\/figure>\n\t\t<\/div>\n\n<p>Etant du m\u00eame \u00e2ge, les jeunes m\u00e9diateurs peuvent ouvrir avec les visiteurs un dialogue enrichissant, qui se d\u00e9roule sur un pied d\u2019\u00e9galit\u00e9 afin de laisser place \u00e0 une perception consciente de la compr\u00e9hension de l\u2019art dans l\u2019espace public.<\/p>\n<p>A la suite du walk, les participants sont invit\u00e9s au <strong>Galerieraum N-N-Nauwieser Neunzehn<\/strong> dans un quartier au centre-ville de Sarrebruck pour se r\u00e9chauffer lors d\u2019un go\u00fbter et pour visiter une <strong>exposition d\u2019Art Urbain<\/strong> cr\u00e9e par cette \u00e9quipe de jeunes m\u00e9diateurs. Lors d\u2019une phase ludique les visiteurs d\u00e9couvrent l\u2019expo des jeunes artistes et des \u00e9changes complexes entre les deux groupes de jeunes sont \u00e9voqu\u00e9s.<\/p>\n<div id='gallery-6' class='gallery galleryid-41473 gallery-columns-3 gallery-size-medium'><figure class='gallery-item'>\n\t\t\t<div class='gallery-icon portrait'>\n\t\t\t\t<a href='https:\/\/dfg-lfa.org\/wp-content\/uploads\/15_DSC04243.jpg'><img loading=\"lazy\" decoding=\"async\" width=\"200\" height=\"300\" src=\"https:\/\/dfg-lfa.org\/wp-content\/uploads\/15_DSC04243-200x300.jpg\" class=\"attachment-medium size-medium\" alt=\"Ein Kunstvermittlungsangebot von Sch\u00fclerinnen und Sch\u00fclern des DFG f\u00fcr saarl\u00e4ndische Jugendliche zum ArtWalk Saarbr\u00fccken\" srcset=\"https:\/\/dfg-lfa.org\/wp-content\/uploads\/15_DSC04243-200x300.jpg 200w, https:\/\/dfg-lfa.org\/wp-content\/uploads\/15_DSC04243-100x150.jpg 100w, https:\/\/dfg-lfa.org\/wp-content\/uploads\/15_DSC04243-394x590.jpg 394w, https:\/\/dfg-lfa.org\/wp-content\/uploads\/15_DSC04243.jpg 667w\" sizes=\"auto, (max-width: 200px) 100vw, 200px\" \/><\/a>\n\t\t\t<\/div><\/figure><figure class='gallery-item'>\n\t\t\t<div class='gallery-icon portrait'>\n\t\t\t\t<a href='https:\/\/dfg-lfa.org\/wp-content\/uploads\/12_DSC04233.jpg'><img loading=\"lazy\" decoding=\"async\" width=\"200\" height=\"300\" src=\"https:\/\/dfg-lfa.org\/wp-content\/uploads\/12_DSC04233-200x300.jpg\" class=\"attachment-medium size-medium\" alt=\"Ein Kunstvermittlungsangebot von Sch\u00fclerinnen und Sch\u00fclern des DFG f\u00fcr saarl\u00e4ndische Jugendliche zum ArtWalk Saarbr\u00fccken\" srcset=\"https:\/\/dfg-lfa.org\/wp-content\/uploads\/12_DSC04233-200x300.jpg 200w, https:\/\/dfg-lfa.org\/wp-content\/uploads\/12_DSC04233-100x150.jpg 100w, https:\/\/dfg-lfa.org\/wp-content\/uploads\/12_DSC04233-394x590.jpg 394w, https:\/\/dfg-lfa.org\/wp-content\/uploads\/12_DSC04233.jpg 667w\" sizes=\"auto, (max-width: 200px) 100vw, 200px\" \/><\/a>\n\t\t\t<\/div><\/figure><figure class='gallery-item'>\n\t\t\t<div class='gallery-icon portrait'>\n\t\t\t\t<a href='https:\/\/dfg-lfa.org\/wp-content\/uploads\/1_DSC04120.jpg'><img loading=\"lazy\" decoding=\"async\" width=\"200\" height=\"300\" src=\"https:\/\/dfg-lfa.org\/wp-content\/uploads\/1_DSC04120-200x300.jpg\" class=\"attachment-medium size-medium\" alt=\"Ein Kunstvermittlungsangebot von Sch\u00fclerinnen und Sch\u00fclern des DFG f\u00fcr saarl\u00e4ndische Jugendliche zum ArtWalk Saarbr\u00fccken\" srcset=\"https:\/\/dfg-lfa.org\/wp-content\/uploads\/1_DSC04120-200x300.jpg 200w, https:\/\/dfg-lfa.org\/wp-content\/uploads\/1_DSC04120-100x150.jpg 100w, https:\/\/dfg-lfa.org\/wp-content\/uploads\/1_DSC04120-394x590.jpg 394w, https:\/\/dfg-lfa.org\/wp-content\/uploads\/1_DSC04120.jpg 667w\" sizes=\"auto, (max-width: 200px) 100vw, 200px\" \/><\/a>\n\t\t\t<\/div><\/figure><figure class='gallery-item'>\n\t\t\t<div class='gallery-icon portrait'>\n\t\t\t\t<a href='https:\/\/dfg-lfa.org\/wp-content\/uploads\/56_DSC02939.jpg'><img loading=\"lazy\" decoding=\"async\" width=\"200\" height=\"300\" src=\"https:\/\/dfg-lfa.org\/wp-content\/uploads\/56_DSC02939-200x300.jpg\" class=\"attachment-medium size-medium\" alt=\"Ein Kunstvermittlungsangebot von Sch\u00fclerinnen und Sch\u00fclern des DFG f\u00fcr saarl\u00e4ndische Jugendliche zum ArtWalk Saarbr\u00fccken\" srcset=\"https:\/\/dfg-lfa.org\/wp-content\/uploads\/56_DSC02939-200x300.jpg 200w, https:\/\/dfg-lfa.org\/wp-content\/uploads\/56_DSC02939-100x150.jpg 100w, https:\/\/dfg-lfa.org\/wp-content\/uploads\/56_DSC02939-394x590.jpg 394w, https:\/\/dfg-lfa.org\/wp-content\/uploads\/56_DSC02939.jpg 667w\" sizes=\"auto, (max-width: 200px) 100vw, 200px\" \/><\/a>\n\t\t\t<\/div><\/figure><figure class='gallery-item'>\n\t\t\t<div class='gallery-icon portrait'>\n\t\t\t\t<a href='https:\/\/dfg-lfa.org\/wp-content\/uploads\/13_DSC02416-Kopie.jpg'><img loading=\"lazy\" decoding=\"async\" width=\"200\" height=\"300\" src=\"https:\/\/dfg-lfa.org\/wp-content\/uploads\/13_DSC02416-Kopie-200x300.jpg\" class=\"attachment-medium size-medium\" alt=\"Ein Kunstvermittlungsangebot von Sch\u00fclerinnen und Sch\u00fclern des DFG f\u00fcr saarl\u00e4ndische Jugendliche zum ArtWalk Saarbr\u00fccken\" srcset=\"https:\/\/dfg-lfa.org\/wp-content\/uploads\/13_DSC02416-Kopie-200x300.jpg 200w, https:\/\/dfg-lfa.org\/wp-content\/uploads\/13_DSC02416-Kopie-100x150.jpg 100w, https:\/\/dfg-lfa.org\/wp-content\/uploads\/13_DSC02416-Kopie-394x590.jpg 394w, https:\/\/dfg-lfa.org\/wp-content\/uploads\/13_DSC02416-Kopie.jpg 667w\" sizes=\"auto, (max-width: 200px) 100vw, 200px\" \/><\/a>\n\t\t\t<\/div><\/figure><figure class='gallery-item'>\n\t\t\t<div class='gallery-icon portrait'>\n\t\t\t\t<a href='https:\/\/dfg-lfa.org\/wp-content\/uploads\/8_DSC02381.jpg'><img loading=\"lazy\" decoding=\"async\" width=\"200\" height=\"300\" src=\"https:\/\/dfg-lfa.org\/wp-content\/uploads\/8_DSC02381-200x300.jpg\" class=\"attachment-medium size-medium\" alt=\"Ein Kunstvermittlungsangebot von Sch\u00fclerinnen und Sch\u00fclern des DFG f\u00fcr saarl\u00e4ndische Jugendliche zum ArtWalk Saarbr\u00fccken\" srcset=\"https:\/\/dfg-lfa.org\/wp-content\/uploads\/8_DSC02381-200x300.jpg 200w, https:\/\/dfg-lfa.org\/wp-content\/uploads\/8_DSC02381-100x150.jpg 100w, https:\/\/dfg-lfa.org\/wp-content\/uploads\/8_DSC02381-394x590.jpg 394w, https:\/\/dfg-lfa.org\/wp-content\/uploads\/8_DSC02381.jpg 667w\" sizes=\"auto, (max-width: 200px) 100vw, 200px\" \/><\/a>\n\t\t\t<\/div><\/figure>\n\t\t<\/div>\n\n<p>Pour clot\u00fbrer le programme les jeunes m\u00e9diateurs mettent en sc\u00e8ne la rencontre avec l\u2019artiste <strong>Reso,<\/strong> un des protagonistes du ArtWalk et en m\u00eame temps le commissaire artistique du projet.<\/p>\n<p><strong>F\u00e9vrier 2018<\/strong><\/p>\n<h5><strong>SaARTurbain \u2013 Introspection \u00e0 l\u2019ext\u00e9rieur<\/strong><\/h5>\n<p><strong>Jeune kal\u00e9idoscope franco-allemand de Sarrebruck<\/strong><\/p>\n<p>Pour pouvoir participer au <strong>concours d\u2019exposition Streetart de l\u2019AEFE<\/strong> plusieurs \u00e9l\u00e8ves ont d\u00e9cid\u00e9 de mettre en sc\u00e8ne leurs pochoirs, cr\u00e9es lors du workshop avec Reso, dans le cadre urbain de Sarrebruck. Les <strong>photographies des pochoirs mis en sc\u00e8ne en interaction avec l\u2019espace public<\/strong> cr\u00e9ent la base de trois <strong>mosa\u00efques num\u00e9riques<\/strong> (en coop\u00e9ration avec l\u2019artiste Rosita Hofmann) qui refl\u00e8tent \u00e0 la fois l\u2019ambiance d\u2019une ville et l\u2019humeur d\u2019une g\u00e9n\u00e9ration qui y vit. Tandis que les photographies refl\u00e8tent le regard sp\u00e9cifique des jeunes sur leur entourage, les pochoirs \u2013 \u00e9tant souvent des signatures &#8211; repr\u00e9sentent leur individualit\u00e9, leur introspection personnel et leur univers mental et \u00e9motionnel. Oscillant entre joie de vie et la m\u00e9lancholie, entre chagrin d\u2019amour paralysant et \u00e9nergie cr\u00e9atrice, toutes les facettes d\u2018\u00e9motions se retrouvent dans la grisaille ou bien dans les couleurs vives des coulisses urbaines choisies par les adolescents.<br \/>\nAvec impatience nous attendons des nouvelles concernant le concours\u2026.<\/p>\n<p><strong>A venir en mars 2018:<\/strong><\/p>\n<p><strong>Expo surprise au LFA<\/strong> &#8211; inspir\u00e9e par les sculptures du streetartiste Marc Jenkins<\/p>\n<p>texte: Nadine Brettar \/ photos: Rosita Hofmann<\/p>\n<div class=\"shariff shariff-align-left shariff-widget-align-left shariff-buttonstretch\" style=\"display:none\"><ul class=\"shariff-buttons theme-white orientation-horizontal buttonsize-medium\"><li class=\"shariff-button facebook shariff-nocustomcolor\" style=\"background-color:#4273c8\"><a href=\"https:\/\/www.facebook.com\/sharer\/sharer.php?u=https%3A%2F%2Fdfg-lfa.org%2Ffr%2F2018%2F03%2Fre-cover-your-city-_schoolwalks-une-mediation-realisee-par-des-eleves-du-lfa-pour-des-jeunes-sarrois-pour-l-artwalk-sarrebruck%2F\" title=\"Envoyer par Facebook\" aria-label=\"Envoyer par Facebook\" role=\"button\" rel=\"nofollow\" class=\"shariff-link\" style=\"; background-color:#3b5998; color:#3b5998\" target=\"_blank\"><span class=\"shariff-icon\" style=\"fill:#3b5998\"><svg width=\"32px\" height=\"20px\" xmlns=\"http:\/\/www.w3.org\/2000\/svg\" viewBox=\"0 0 18 32\"><path fill=\"#3b5998\" d=\"M17.1 0.2v4.7h-2.8q-1.5 0-2.1 0.6t-0.5 1.9v3.4h5.2l-0.7 5.3h-4.5v13.6h-5.5v-13.6h-4.5v-5.3h4.5v-3.9q0-3.3 1.9-5.2t5-1.8q2.6 0 4.1 0.2z\"\/><\/svg><\/span><span class=\"shariff-text\" style=\"color:#3b5998\">partager<\/span>&nbsp;<\/a><\/li><li class=\"shariff-button whatsapp shariff-nocustomcolor\" style=\"background-color:#5cbe4a\"><a href=\"https:\/\/api.whatsapp.com\/send?text=https%3A%2F%2Fdfg-lfa.org%2Ffr%2F2018%2F03%2Fre-cover-your-city-_schoolwalks-une-mediation-realisee-par-des-eleves-du-lfa-pour-des-jeunes-sarrois-pour-l-artwalk-sarrebruck%2F%20Re-Cover%20Your%20City%20%7C%20_schoolwalks%3A%20Une%20m%C3%A9diation%20r%C3%A9alis%C3%A9e%20par%20des%20%C3%A9l%C3%A8ves%20du%20LFA%20pour%20des%20jeunes%20Sarrois%20pour%20l%E2%80%98%20ArtWalk%20Sarrebruck\" title=\"Envoyer par Whatsapp\" aria-label=\"Envoyer par Whatsapp\" role=\"button\" rel=\"noopener nofollow\" class=\"shariff-link\" style=\"; background-color:#34af23; color:#34af23\" target=\"_blank\"><span class=\"shariff-icon\" style=\"fill:#34af23\"><svg width=\"32px\" height=\"20px\" xmlns=\"http:\/\/www.w3.org\/2000\/svg\" viewBox=\"0 0 32 32\"><path fill=\"#34af23\" d=\"M17.6 17.4q0.2 0 1.7 0.8t1.6 0.9q0 0.1 0 0.3 0 0.6-0.3 1.4-0.3 0.7-1.3 1.2t-1.8 0.5q-1 0-3.4-1.1-1.7-0.8-3-2.1t-2.6-3.3q-1.3-1.9-1.3-3.5v-0.1q0.1-1.6 1.3-2.8 0.4-0.4 0.9-0.4 0.1 0 0.3 0t0.3 0q0.3 0 0.5 0.1t0.3 0.5q0.1 0.4 0.6 1.6t0.4 1.3q0 0.4-0.6 1t-0.6 0.8q0 0.1 0.1 0.3 0.6 1.3 1.8 2.4 1 0.9 2.7 1.8 0.2 0.1 0.4 0.1 0.3 0 1-0.9t0.9-0.9zM14 26.9q2.3 0 4.3-0.9t3.6-2.4 2.4-3.6 0.9-4.3-0.9-4.3-2.4-3.6-3.6-2.4-4.3-0.9-4.3 0.9-3.6 2.4-2.4 3.6-0.9 4.3q0 3.6 2.1 6.6l-1.4 4.2 4.3-1.4q2.8 1.9 6.2 1.9zM14 2.2q2.7 0 5.2 1.1t4.3 2.9 2.9 4.3 1.1 5.2-1.1 5.2-2.9 4.3-4.3 2.9-5.2 1.1q-3.5 0-6.5-1.7l-7.4 2.4 2.4-7.2q-1.9-3.2-1.9-6.9 0-2.7 1.1-5.2t2.9-4.3 4.3-2.9 5.2-1.1z\"\/><\/svg><\/span><span class=\"shariff-text\" style=\"color:#34af23\">partager<\/span>&nbsp;<\/a><\/li><li class=\"shariff-button threema shariff-nocustomcolor shariff-mobile\" style=\"background-color:#4fbc24\"><a href=\"threema:\/\/compose?text=Re-Cover%20Your%20City%20%7C%20_schoolwalks%3A%20Une%20m%C3%A9diation%20r%C3%A9alis%C3%A9e%20par%20des%20%C3%A9l%C3%A8ves%20du%20LFA%20pour%20des%20jeunes%20Sarrois%20pour%20l%E2%80%98%20ArtWalk%20Sarrebruck%20https%3A%2F%2Fdfg-lfa.org%2Ffr%2F2018%2F03%2Fre-cover-your-city-_schoolwalks-une-mediation-realisee-par-des-eleves-du-lfa-pour-des-jeunes-sarrois-pour-l-artwalk-sarrebruck%2F\" title=\"Envoyer par Threema\" aria-label=\"Envoyer par Threema\" role=\"button\" rel=\"noopener nofollow\" class=\"shariff-link\" style=\"; background-color:#1f1f1f; color:#1f1f1f\" target=\"_blank\"><span class=\"shariff-icon\" style=\"fill:#1f1f1f\"><svg width=\"32px\" height=\"20px\" xmlns=\"http:\/\/www.w3.org\/2000\/svg\" viewBox=\"0 0 32 32\"><path fill=\"#1f1f1f\" d=\"M30.8 10.9c-0.3-1.4-0.9-2.6-1.8-3.8-2-2.6-5.5-4.5-9.4-5.2-1.3-0.2-1.9-0.3-3.5-0.3s-2.2 0-3.5 0.3c-4 0.7-7.4 2.6-9.4 5.2-0.9 1.2-1.5 2.4-1.8 3.8-0.1 0.5-0.2 1.2-0.2 1.6 0 0.4 0.1 1.1 0.2 1.6 0.4 1.9 1.3 3.4 2.9 5 0.8 0.8 0.8 0.8 0.7 1.3 0 0.6-0.5 1.6-1.7 3.6-0.3 0.5-0.5 0.9-0.5 0.9 0 0.1 0.1 0.1 0.5 0 0.8-0.2 2.3-0.6 5.6-1.6 1.1-0.3 1.3-0.4 2.3-0.4 0.8 0 1.1 0 2.3 0.2 1.5 0.2 3.5 0.2 4.9 0 5.1-0.6 9.3-2.9 11.4-6.3 0.5-0.9 0.9-1.8 1.1-2.8 0.1-0.5 0.2-1.1 0.2-1.6 0-0.7-0.1-1.1-0.2-1.6-0.3-1.4 0.1 0.5 0 0zM20.6 17.3c0 0.4-0.4 0.8-0.8 0.8h-7.7c-0.4 0-0.8-0.4-0.8-0.8v-4.6c0-0.4 0.4-0.8 0.8-0.8h0.2l0-1.6c0-0.9 0-1.8 0.1-2 0.1-0.6 0.6-1.2 1.1-1.7s1.1-0.7 1.9-0.8c1.8-0.3 3.7 0.7 4.2 2.2 0.1 0.3 0.1 0.7 0.1 2.1v0 1.7h0.1c0.4 0 0.8 0.4 0.8 0.8v4.6zM15.6 7.3c-0.5 0.1-0.8 0.3-1.2 0.6s-0.6 0.8-0.7 1.3c0 0.2 0 0.8 0 1.5l0 1.2h4.6v-1.3c0-1 0-1.4-0.1-1.6-0.3-1.1-1.5-1.9-2.6-1.7zM25.8 28.2c0 1.2-1 2.2-2.1 2.2s-2.1-1-2.1-2.1c0-1.2 1-2.1 2.2-2.1s2.2 1 2.2 2.2zM18.1 28.2c0 1.2-1 2.2-2.1 2.2s-2.1-1-2.1-2.1c0-1.2 1-2.1 2.2-2.1s2.2 1 2.2 2.2zM10.4 28.2c0 1.2-1 2.2-2.1 2.2s-2.1-1-2.1-2.1c0-1.2 1-2.1 2.2-2.1s2.2 1 2.2 2.2z\"\/><\/svg><\/span><span class=\"shariff-text\" style=\"color:#1f1f1f\">partager<\/span>&nbsp;<\/a><\/li><li class=\"shariff-button mastodon shariff-nocustomcolor\" style=\"background-color:#563ACC\"><a href=\"https:\/\/s2f.kytta.dev\/?text=Re-Cover%20Your%20City%20%7C%20_schoolwalks%3A%20Une%20m%C3%A9diation%20r%C3%A9alis%C3%A9e%20par%20des%20%C3%A9l%C3%A8ves%20du%20LFA%20pour%20des%20jeunes%20Sarrois%20pour%20l%E2%80%98%20ArtWalk%20Sarrebruck https%3A%2F%2Fdfg-lfa.org%2Ffr%2F2018%2F03%2Fre-cover-your-city-_schoolwalks-une-mediation-realisee-par-des-eleves-du-lfa-pour-des-jeunes-sarrois-pour-l-artwalk-sarrebruck%2F\" title=\"Envoyer par Mastodon\" aria-label=\"Envoyer par Mastodon\" role=\"button\" rel=\"noopener nofollow\" class=\"shariff-link\" style=\"; background-color:#6364FF; color:#6364FF\" target=\"_blank\"><span class=\"shariff-icon\" style=\"fill:#6364FF\"><svg width=\"75\" height=\"79\" viewBox=\"0 0 75 79\" fill=\"none\" xmlns=\"http:\/\/www.w3.org\/2000\/svg\"><path d=\"M37.813-.025C32.462-.058 27.114.13 21.79.598c-8.544.621-17.214 5.58-20.203 13.931C-1.12 23.318.408 32.622.465 41.65c.375 7.316.943 14.78 3.392 21.73 4.365 9.465 14.781 14.537 24.782 15.385 7.64.698 15.761-.213 22.517-4.026a54.1 54.1 0 0 0 .01-6.232c-6.855 1.316-14.101 2.609-21.049 1.074-3.883-.88-6.876-4.237-7.25-8.215-1.53-3.988 3.78-.43 5.584-.883 9.048 1.224 18.282.776 27.303-.462 7.044-.837 14.26-4.788 16.65-11.833 2.263-6.135 1.215-12.79 1.698-19.177.06-3.84.09-7.692-.262-11.52C72.596 7.844 63.223.981 53.834.684a219.453 219.453 0 0 0-16.022-.71zm11.294 12.882c5.5-.067 10.801 4.143 11.67 9.653.338 1.48.471 3 .471 4.515v21.088h-8.357c-.07-7.588.153-15.182-.131-22.765-.587-4.368-7.04-5.747-9.672-2.397-2.422 3.04-1.47 7.155-1.67 10.735v6.392h-8.307c-.146-4.996.359-10.045-.404-15.002-1.108-4.218-7.809-5.565-10.094-1.666-1.685 3.046-.712 6.634-.976 9.936v14.767h-8.354c.109-8.165-.238-16.344.215-24.5.674-5.346 5.095-10.389 10.676-10.627 4.902-.739 10.103 2.038 12.053 6.631.375 1.435 1.76 1.932 1.994.084 1.844-3.704 5.501-6.739 9.785-6.771.367-.044.735-.068 1.101-.073z\"\/><defs><linearGradient id=\"paint0_linear_549_34\" x1=\"37.0692\" y1=\"0\" x2=\"37.0692\" y2=\"79\" gradientUnits=\"userSpaceOnUse\"><stop stop-color=\"#6364FF\"\/><stop offset=\"1\" stop-color=\"#563ACC\"\/><\/linearGradient><\/defs><\/svg><\/span><span class=\"shariff-text\" style=\"color:#6364FF\">partager<\/span>&nbsp;<\/a><\/li><li class=\"shariff-button mailto shariff-nocustomcolor\" style=\"background-color:#a8a8a8\"><a href=\"mailto:?body=https%3A%2F%2Fdfg-lfa.org%2Ffr%2F2018%2F03%2Fre-cover-your-city-_schoolwalks-une-mediation-realisee-par-des-eleves-du-lfa-pour-des-jeunes-sarrois-pour-l-artwalk-sarrebruck%2F&subject=Re-Cover%20Your%20City%20%7C%20_schoolwalks%3A%20Une%20m%C3%A9diation%20r%C3%A9alis%C3%A9e%20par%20des%20%C3%A9l%C3%A8ves%20du%20LFA%20pour%20des%20jeunes%20Sarrois%20pour%20l%E2%80%98%20ArtWalk%20Sarrebruck\" title=\"Envoyer par courriel\" aria-label=\"Envoyer par courriel\" role=\"button\" rel=\"noopener nofollow\" class=\"shariff-link\" style=\"; background-color:#999; color:#999\"><span class=\"shariff-icon\" style=\"fill:#999\"><svg width=\"32px\" height=\"20px\" xmlns=\"http:\/\/www.w3.org\/2000\/svg\" viewBox=\"0 0 32 32\"><path fill=\"#999\" d=\"M32 12.7v14.2q0 1.2-0.8 2t-2 0.9h-26.3q-1.2 0-2-0.9t-0.8-2v-14.2q0.8 0.9 1.8 1.6 6.5 4.4 8.9 6.1 1 0.8 1.6 1.2t1.7 0.9 2 0.4h0.1q0.9 0 2-0.4t1.7-0.9 1.6-1.2q3-2.2 8.9-6.1 1-0.7 1.8-1.6zM32 7.4q0 1.4-0.9 2.7t-2.2 2.2q-6.7 4.7-8.4 5.8-0.2 0.1-0.7 0.5t-1 0.7-0.9 0.6-1.1 0.5-0.9 0.2h-0.1q-0.4 0-0.9-0.2t-1.1-0.5-0.9-0.6-1-0.7-0.7-0.5q-1.6-1.1-4.7-3.2t-3.6-2.6q-1.1-0.7-2.1-2t-1-2.5q0-1.4 0.7-2.3t2.1-0.9h26.3q1.2 0 2 0.8t0.9 2z\"\/><\/svg><\/span><span class=\"shariff-text\" style=\"color:#999\">courriel<\/span>&nbsp;<\/a><\/li><li class=\"shariff-button info shariff-nocustomcolor\" style=\"background-color:#a8a8a8\"><a href=\"http:\/\/ct.de\/-2467514\" title=\"Datenschutz-Infos\" aria-label=\"Datenschutz-Infos\" role=\"button\" rel=\"noopener \" class=\"shariff-link\" style=\"; background-color:#999; color:#999\" target=\"_blank\"><span class=\"shariff-icon\" style=\"fill:#999\"><svg width=\"32px\" height=\"20px\" xmlns=\"http:\/\/www.w3.org\/2000\/svg\" viewBox=\"0 0 11 32\"><path fill=\"#999\" d=\"M11.4 24v2.3q0 0.5-0.3 0.8t-0.8 0.4h-9.1q-0.5 0-0.8-0.4t-0.4-0.8v-2.3q0-0.5 0.4-0.8t0.8-0.4h1.1v-6.8h-1.1q-0.5 0-0.8-0.4t-0.4-0.8v-2.3q0-0.5 0.4-0.8t0.8-0.4h6.8q0.5 0 0.8 0.4t0.4 0.8v10.3h1.1q0.5 0 0.8 0.4t0.3 0.8zM9.2 3.4v3.4q0 0.5-0.4 0.8t-0.8 0.4h-4.6q-0.4 0-0.8-0.4t-0.4-0.8v-3.4q0-0.4 0.4-0.8t0.8-0.4h4.6q0.5 0 0.8 0.4t0.4 0.8z\"\/><\/svg><\/span><\/a><\/li><\/ul><\/div>","protected":false},"excerpt":{"rendered":"<p>_schoolwalk _exposition _entretien d\u2019artiste Septembre \u2013 d\u00e9cembre 2017 Depuis septembre 2017, 20 \u00e9l\u00e8ves du niveau de Secondes, s\u2019occupent, lors du cours d\u2019option en Arts Plastiques, du street art et de l\u2019art urbain. Accompagn\u00e9s par Nadine Brettar, professeur d\u2019arts plastiques et m\u00e9diatrice, par une \u00e9quipe d\u2019\u00e9tudiants et de m\u00e9diateurs de l\u2018\u00c9cole &hellip;<\/p>\n","protected":false},"author":2,"featured_media":41517,"comment_status":"closed","ping_status":"closed","sticky":false,"template":"","format":"standard","meta":{"inline_featured_image":false,"footnotes":""},"categories":[3,33],"tags":[667],"class_list":["post-41473","post","type-post","status-publish","format-standard","has-post-thumbnail","hentry","category-schule-aktuell","category-bildende-kunst","tag-artwalk-saarbruecken"],"yoast_head":"<!-- This site is optimized with the Yoast SEO plugin v27.4 - https:\/\/yoast.com\/product\/yoast-seo-wordpress\/ -->\n<title>Re-Cover Your City | _schoolwalks: Une m\u00e9diation r\u00e9alis\u00e9e par des \u00e9l\u00e8ves du LFA pour des jeunes Sarrois pour l\u2018 ArtWalk Sarrebruck - Lyc\u00e9e Franco-Allemand de Sarrebruck<\/title>\n<meta name=\"robots\" content=\"index, follow, max-snippet:-1, max-image-preview:large, max-video-preview:-1\" \/>\n<link rel=\"canonical\" href=\"https:\/\/dfg-lfa.org\/fr\/2018\/03\/re-cover-your-city-_schoolwalks-une-mediation-realisee-par-des-eleves-du-lfa-pour-des-jeunes-sarrois-pour-l-artwalk-sarrebruck\/\" \/>\n<meta property=\"og:locale\" content=\"fr_FR\" \/>\n<meta property=\"og:type\" content=\"article\" \/>\n<meta property=\"og:title\" content=\"Re-Cover Your City | _schoolwalks: Une m\u00e9diation r\u00e9alis\u00e9e par des \u00e9l\u00e8ves du LFA pour des jeunes Sarrois pour l\u2018 ArtWalk Sarrebruck - Lyc\u00e9e Franco-Allemand de Sarrebruck\" \/>\n<meta property=\"og:description\" content=\"_schoolwalk _exposition _entretien d\u2019artiste Septembre \u2013 d\u00e9cembre 2017 Depuis septembre 2017, 20 \u00e9l\u00e8ves du niveau de Secondes, s\u2019occupent, lors du cours d\u2019option en Arts Plastiques, du street art et de l\u2019art urbain. Accompagn\u00e9s par Nadine Brettar, professeur d\u2019arts plastiques et m\u00e9diatrice, par une \u00e9quipe d\u2019\u00e9tudiants et de m\u00e9diateurs de l\u2018\u00c9cole &hellip;\" \/>\n<meta property=\"og:url\" content=\"https:\/\/dfg-lfa.org\/fr\/2018\/03\/re-cover-your-city-_schoolwalks-une-mediation-realisee-par-des-eleves-du-lfa-pour-des-jeunes-sarrois-pour-l-artwalk-sarrebruck\/\" \/>\n<meta property=\"og:site_name\" content=\"Lyc\u00e9e Franco-Allemand de Sarrebruck\" \/>\n<meta property=\"article:publisher\" content=\"https:\/\/www.facebook.com\/dfglfa\/\" \/>\n<meta property=\"article:published_time\" content=\"2018-03-01T21:20:35+00:00\" \/>\n<meta property=\"article:modified_time\" content=\"2020-10-21T09:43:33+00:00\" \/>\n<meta property=\"og:image\" content=\"https:\/\/dfg-lfa.org\/wp-content\/uploads\/13_DSC04238.jpg\" \/>\n\t<meta property=\"og:image:width\" content=\"1000\" \/>\n\t<meta property=\"og:image:height\" content=\"667\" \/>\n\t<meta property=\"og:image:type\" content=\"image\/jpeg\" \/>\n<meta name=\"author\" content=\"Administrator\" \/>\n<meta name=\"twitter:card\" content=\"summary_large_image\" \/>\n<meta name=\"twitter:creator\" content=\"@DFGLFA\" \/>\n<meta name=\"twitter:site\" content=\"@DFGLFA\" \/>\n<meta name=\"twitter:label1\" content=\"\u00c9crit par\" \/>\n\t<meta name=\"twitter:data1\" content=\"Administrator\" \/>\n\t<meta name=\"twitter:label2\" content=\"Dur\u00e9e de lecture estim\u00e9e\" \/>\n\t<meta name=\"twitter:data2\" content=\"6 minutes\" \/>\n<script type=\"application\/ld+json\" class=\"yoast-schema-graph\">{\"@context\":\"https:\\\/\\\/schema.org\",\"@graph\":[{\"@type\":\"Article\",\"@id\":\"https:\\\/\\\/dfg-lfa.org\\\/2018\\\/03\\\/re-cover-your-city-_schoolwalks-une-mediation-realisee-par-des-eleves-du-lfa-pour-des-jeunes-sarrois-pour-l-artwalk-sarrebruck\\\/#article\",\"isPartOf\":{\"@id\":\"https:\\\/\\\/dfg-lfa.org\\\/2018\\\/03\\\/re-cover-your-city-_schoolwalks-une-mediation-realisee-par-des-eleves-du-lfa-pour-des-jeunes-sarrois-pour-l-artwalk-sarrebruck\\\/\"},\"author\":{\"name\":\"Administrator\",\"@id\":\"https:\\\/\\\/dfg-lfa.org\\\/#\\\/schema\\\/person\\\/a8fe67fb1ec6d85c85d21daf2d68fa69\"},\"headline\":\"Re-Cover Your City | _schoolwalks: Une m\u00e9diation r\u00e9alis\u00e9e par des \u00e9l\u00e8ves du LFA pour des jeunes Sarrois pour l\u2018 ArtWalk Sarrebruck\",\"datePublished\":\"2018-03-01T21:20:35+00:00\",\"dateModified\":\"2020-10-21T09:43:33+00:00\",\"mainEntityOfPage\":{\"@id\":\"https:\\\/\\\/dfg-lfa.org\\\/2018\\\/03\\\/re-cover-your-city-_schoolwalks-une-mediation-realisee-par-des-eleves-du-lfa-pour-des-jeunes-sarrois-pour-l-artwalk-sarrebruck\\\/\"},\"wordCount\":1262,\"publisher\":{\"@id\":\"https:\\\/\\\/dfg-lfa.org\\\/#organization\"},\"image\":{\"@id\":\"https:\\\/\\\/dfg-lfa.org\\\/2018\\\/03\\\/re-cover-your-city-_schoolwalks-une-mediation-realisee-par-des-eleves-du-lfa-pour-des-jeunes-sarrois-pour-l-artwalk-sarrebruck\\\/#primaryimage\"},\"thumbnailUrl\":\"https:\\\/\\\/dfg-lfa.org\\\/wp-content\\\/uploads\\\/13_DSC04238.jpg\",\"keywords\":[\"Artwalk Saarbr\u00fccken\"],\"articleSection\":[\"Actualit\u00e9s\",\"Arts plastiques\"],\"inLanguage\":\"fr-FR\"},{\"@type\":\"WebPage\",\"@id\":\"https:\\\/\\\/dfg-lfa.org\\\/fr\\\/2018\\\/03\\\/re-cover-your-city-_schoolwalks-une-mediation-realisee-par-des-eleves-du-lfa-pour-des-jeunes-sarrois-pour-l-artwalk-sarrebruck\\\/\",\"url\":\"https:\\\/\\\/dfg-lfa.org\\\/fr\\\/2018\\\/03\\\/re-cover-your-city-_schoolwalks-une-mediation-realisee-par-des-eleves-du-lfa-pour-des-jeunes-sarrois-pour-l-artwalk-sarrebruck\\\/\",\"name\":\"Re-Cover Your City | _schoolwalks: Une m\u00e9diation r\u00e9alis\u00e9e par des \u00e9l\u00e8ves du LFA pour des jeunes Sarrois pour l\u2018 ArtWalk Sarrebruck - Lyc\u00e9e Franco-Allemand de Sarrebruck\",\"isPartOf\":{\"@id\":\"https:\\\/\\\/dfg-lfa.org\\\/fr\\\/#website\"},\"primaryImageOfPage\":{\"@id\":\"https:\\\/\\\/dfg-lfa.org\\\/fr\\\/2018\\\/03\\\/re-cover-your-city-_schoolwalks-une-mediation-realisee-par-des-eleves-du-lfa-pour-des-jeunes-sarrois-pour-l-artwalk-sarrebruck\\\/#primaryimage\"},\"image\":{\"@id\":\"https:\\\/\\\/dfg-lfa.org\\\/2018\\\/03\\\/re-cover-your-city-_schoolwalks-une-mediation-realisee-par-des-eleves-du-lfa-pour-des-jeunes-sarrois-pour-l-artwalk-sarrebruck\\\/#primaryimage\"},\"thumbnailUrl\":\"https:\\\/\\\/dfg-lfa.org\\\/wp-content\\\/uploads\\\/13_DSC04238.jpg\",\"datePublished\":\"2018-03-01T21:20:35+00:00\",\"dateModified\":\"2020-10-21T09:43:33+00:00\",\"breadcrumb\":{\"@id\":\"https:\\\/\\\/dfg-lfa.org\\\/fr\\\/2018\\\/03\\\/re-cover-your-city-_schoolwalks-une-mediation-realisee-par-des-eleves-du-lfa-pour-des-jeunes-sarrois-pour-l-artwalk-sarrebruck\\\/#breadcrumb\"},\"inLanguage\":\"fr-FR\",\"potentialAction\":[{\"@type\":\"ReadAction\",\"target\":[[\"https:\\\/\\\/dfg-lfa.org\\\/fr\\\/2018\\\/03\\\/re-cover-your-city-_schoolwalks-une-mediation-realisee-par-des-eleves-du-lfa-pour-des-jeunes-sarrois-pour-l-artwalk-sarrebruck\\\/\"]]}]},{\"@type\":\"ImageObject\",\"inLanguage\":\"fr-FR\",\"@id\":\"https:\\\/\\\/dfg-lfa.org\\\/fr\\\/2018\\\/03\\\/re-cover-your-city-_schoolwalks-une-mediation-realisee-par-des-eleves-du-lfa-pour-des-jeunes-sarrois-pour-l-artwalk-sarrebruck\\\/#primaryimage\",\"url\":\"https:\\\/\\\/dfg-lfa.org\\\/wp-content\\\/uploads\\\/13_DSC04238.jpg\",\"contentUrl\":\"https:\\\/\\\/dfg-lfa.org\\\/wp-content\\\/uploads\\\/13_DSC04238.jpg\",\"width\":1000,\"height\":667,\"caption\":\"Ein Kunstvermittlungsangebot von Sch\u00fclerinnen und Sch\u00fclern des DFG f\u00fcr saarl\u00e4ndische Jugendliche zum ArtWalk Saarbr\u00fccken\"},{\"@type\":\"BreadcrumbList\",\"@id\":\"https:\\\/\\\/dfg-lfa.org\\\/fr\\\/2018\\\/03\\\/re-cover-your-city-_schoolwalks-une-mediation-realisee-par-des-eleves-du-lfa-pour-des-jeunes-sarrois-pour-l-artwalk-sarrebruck\\\/#breadcrumb\",\"itemListElement\":[{\"@type\":\"ListItem\",\"position\":1,\"name\":\"Startseite\",\"item\":\"https:\\\/\\\/dfg-lfa.org\\\/fr\\\/\"},{\"@type\":\"ListItem\",\"position\":2,\"name\":\"Re-Cover Your City | schoolwalks: Ein Kunstvermittlungsangebot von Sch\u00fclerinnen und Sch\u00fclern des DFG f\u00fcr saarl\u00e4ndische Jugendliche zum ArtWalk Saarbr\u00fccken\"}]},{\"@type\":\"WebSite\",\"@id\":\"https:\\\/\\\/dfg-lfa.org\\\/fr\\\/#website\",\"url\":\"https:\\\/\\\/dfg-lfa.org\\\/fr\\\/\",\"name\":\"Lyc\u00e9e Franco-Allemand de Sarrebruck\",\"description\":\"Einander begegnen \u2013 Avancer ensemble \u2013 We make Europe happen\",\"publisher\":{\"@id\":\"https:\\\/\\\/dfg-lfa.org\\\/fr\\\/#organization\"},\"potentialAction\":[{\"@type\":\"SearchAction\",\"target\":{\"@type\":\"EntryPoint\",\"urlTemplate\":\"https:\\\/\\\/dfg-lfa.org\\\/fr\\\/?s={search_term_string}\"},\"query-input\":{\"@type\":\"PropertyValueSpecification\",\"valueRequired\":true,\"valueName\":\"search_term_string\"}}],\"inLanguage\":\"fr-FR\"},{\"@type\":\"Organization\",\"@id\":\"https:\\\/\\\/dfg-lfa.org\\\/fr\\\/#organization\",\"name\":\"Deutsch-Franz\u00f6sisches Gymnasium Saarbr\u00fccken\",\"url\":\"https:\\\/\\\/dfg-lfa.org\\\/fr\\\/\",\"logo\":{\"@type\":\"ImageObject\",\"inLanguage\":\"fr-FR\",\"@id\":\"https:\\\/\\\/dfg-lfa.org\\\/fr\\\/#\\\/schema\\\/logo\\\/image\\\/\",\"url\":\"https:\\\/\\\/dfg-lfa.org\\\/wp-content\\\/uploads\\\/DFG-logo.png\",\"contentUrl\":\"https:\\\/\\\/dfg-lfa.org\\\/wp-content\\\/uploads\\\/DFG-logo.png\",\"width\":200,\"height\":77,\"caption\":\"Deutsch-Franz\u00f6sisches Gymnasium Saarbr\u00fccken\"},\"image\":{\"@id\":\"https:\\\/\\\/dfg-lfa.org\\\/fr\\\/#\\\/schema\\\/logo\\\/image\\\/\"},\"sameAs\":[\"https:\\\/\\\/www.facebook.com\\\/dfglfa\\\/\",\"https:\\\/\\\/x.com\\\/DFGLFA\",\"https:\\\/\\\/www.instagram.com\\\/dfg_lfa_saarbruecken\\\/\",\"https:\\\/\\\/www.youtube.com\\\/channel\\\/UCoxV4_gnJ3blV1U7iOjCV7w\\\/\",\"https:\\\/\\\/de.wikipedia.org\\\/wiki\\\/Deutsch-Franz\u00f6sisches_Gymnasium_in_Saarbr\u00fccken\"]},{\"@type\":\"Person\",\"@id\":\"https:\\\/\\\/dfg-lfa.org\\\/#\\\/schema\\\/person\\\/a8fe67fb1ec6d85c85d21daf2d68fa69\",\"name\":\"Administrator\"}]}<\/script>\n<!-- \/ Yoast SEO plugin. -->","yoast_head_json":{"title":"Re-Cover Your City | _schoolwalks: Une m\u00e9diation r\u00e9alis\u00e9e par des \u00e9l\u00e8ves du LFA pour des jeunes Sarrois pour l\u2018 ArtWalk Sarrebruck - Lyc\u00e9e Franco-Allemand de Sarrebruck","robots":{"index":"index","follow":"follow","max-snippet":"max-snippet:-1","max-image-preview":"max-image-preview:large","max-video-preview":"max-video-preview:-1"},"canonical":"https:\/\/dfg-lfa.org\/fr\/2018\/03\/re-cover-your-city-_schoolwalks-une-mediation-realisee-par-des-eleves-du-lfa-pour-des-jeunes-sarrois-pour-l-artwalk-sarrebruck\/","og_locale":"fr_FR","og_type":"article","og_title":"Re-Cover Your City | _schoolwalks: Une m\u00e9diation r\u00e9alis\u00e9e par des \u00e9l\u00e8ves du LFA pour des jeunes Sarrois pour l\u2018 ArtWalk Sarrebruck - Lyc\u00e9e Franco-Allemand de Sarrebruck","og_description":"_schoolwalk _exposition _entretien d\u2019artiste Septembre \u2013 d\u00e9cembre 2017 Depuis septembre 2017, 20 \u00e9l\u00e8ves du niveau de Secondes, s\u2019occupent, lors du cours d\u2019option en Arts Plastiques, du street art et de l\u2019art urbain. Accompagn\u00e9s par Nadine Brettar, professeur d\u2019arts plastiques et m\u00e9diatrice, par une \u00e9quipe d\u2019\u00e9tudiants et de m\u00e9diateurs de l\u2018\u00c9cole &hellip;","og_url":"https:\/\/dfg-lfa.org\/fr\/2018\/03\/re-cover-your-city-_schoolwalks-une-mediation-realisee-par-des-eleves-du-lfa-pour-des-jeunes-sarrois-pour-l-artwalk-sarrebruck\/","og_site_name":"Lyc\u00e9e Franco-Allemand de Sarrebruck","article_publisher":"https:\/\/www.facebook.com\/dfglfa\/","article_published_time":"2018-03-01T21:20:35+00:00","article_modified_time":"2020-10-21T09:43:33+00:00","og_image":[{"width":1000,"height":667,"url":"https:\/\/dfg-lfa.org\/wp-content\/uploads\/13_DSC04238.jpg","type":"image\/jpeg"}],"author":"Administrator","twitter_card":"summary_large_image","twitter_creator":"@DFGLFA","twitter_site":"@DFGLFA","twitter_misc":{"\u00c9crit par":"Administrator","Dur\u00e9e de lecture estim\u00e9e":"6 minutes"},"schema":{"@context":"https:\/\/schema.org","@graph":[{"@type":"Article","@id":"https:\/\/dfg-lfa.org\/2018\/03\/re-cover-your-city-_schoolwalks-une-mediation-realisee-par-des-eleves-du-lfa-pour-des-jeunes-sarrois-pour-l-artwalk-sarrebruck\/#article","isPartOf":{"@id":"https:\/\/dfg-lfa.org\/2018\/03\/re-cover-your-city-_schoolwalks-une-mediation-realisee-par-des-eleves-du-lfa-pour-des-jeunes-sarrois-pour-l-artwalk-sarrebruck\/"},"author":{"name":"Administrator","@id":"https:\/\/dfg-lfa.org\/#\/schema\/person\/a8fe67fb1ec6d85c85d21daf2d68fa69"},"headline":"Re-Cover Your City | _schoolwalks: Une m\u00e9diation r\u00e9alis\u00e9e par des \u00e9l\u00e8ves du LFA pour des jeunes Sarrois pour l\u2018 ArtWalk Sarrebruck","datePublished":"2018-03-01T21:20:35+00:00","dateModified":"2020-10-21T09:43:33+00:00","mainEntityOfPage":{"@id":"https:\/\/dfg-lfa.org\/2018\/03\/re-cover-your-city-_schoolwalks-une-mediation-realisee-par-des-eleves-du-lfa-pour-des-jeunes-sarrois-pour-l-artwalk-sarrebruck\/"},"wordCount":1262,"publisher":{"@id":"https:\/\/dfg-lfa.org\/#organization"},"image":{"@id":"https:\/\/dfg-lfa.org\/2018\/03\/re-cover-your-city-_schoolwalks-une-mediation-realisee-par-des-eleves-du-lfa-pour-des-jeunes-sarrois-pour-l-artwalk-sarrebruck\/#primaryimage"},"thumbnailUrl":"https:\/\/dfg-lfa.org\/wp-content\/uploads\/13_DSC04238.jpg","keywords":["Artwalk Saarbr\u00fccken"],"articleSection":["Actualit\u00e9s","Arts plastiques"],"inLanguage":"fr-FR"},{"@type":"WebPage","@id":"https:\/\/dfg-lfa.org\/fr\/2018\/03\/re-cover-your-city-_schoolwalks-une-mediation-realisee-par-des-eleves-du-lfa-pour-des-jeunes-sarrois-pour-l-artwalk-sarrebruck\/","url":"https:\/\/dfg-lfa.org\/fr\/2018\/03\/re-cover-your-city-_schoolwalks-une-mediation-realisee-par-des-eleves-du-lfa-pour-des-jeunes-sarrois-pour-l-artwalk-sarrebruck\/","name":"Re-Cover Your City | _schoolwalks: Une m\u00e9diation r\u00e9alis\u00e9e par des \u00e9l\u00e8ves du LFA pour des jeunes Sarrois pour l\u2018 ArtWalk Sarrebruck - Lyc\u00e9e Franco-Allemand de Sarrebruck","isPartOf":{"@id":"https:\/\/dfg-lfa.org\/fr\/#website"},"primaryImageOfPage":{"@id":"https:\/\/dfg-lfa.org\/fr\/2018\/03\/re-cover-your-city-_schoolwalks-une-mediation-realisee-par-des-eleves-du-lfa-pour-des-jeunes-sarrois-pour-l-artwalk-sarrebruck\/#primaryimage"},"image":{"@id":"https:\/\/dfg-lfa.org\/2018\/03\/re-cover-your-city-_schoolwalks-une-mediation-realisee-par-des-eleves-du-lfa-pour-des-jeunes-sarrois-pour-l-artwalk-sarrebruck\/#primaryimage"},"thumbnailUrl":"https:\/\/dfg-lfa.org\/wp-content\/uploads\/13_DSC04238.jpg","datePublished":"2018-03-01T21:20:35+00:00","dateModified":"2020-10-21T09:43:33+00:00","breadcrumb":{"@id":"https:\/\/dfg-lfa.org\/fr\/2018\/03\/re-cover-your-city-_schoolwalks-une-mediation-realisee-par-des-eleves-du-lfa-pour-des-jeunes-sarrois-pour-l-artwalk-sarrebruck\/#breadcrumb"},"inLanguage":"fr-FR","potentialAction":[{"@type":"ReadAction","target":[["https:\/\/dfg-lfa.org\/fr\/2018\/03\/re-cover-your-city-_schoolwalks-une-mediation-realisee-par-des-eleves-du-lfa-pour-des-jeunes-sarrois-pour-l-artwalk-sarrebruck\/"]]}]},{"@type":"ImageObject","inLanguage":"fr-FR","@id":"https:\/\/dfg-lfa.org\/fr\/2018\/03\/re-cover-your-city-_schoolwalks-une-mediation-realisee-par-des-eleves-du-lfa-pour-des-jeunes-sarrois-pour-l-artwalk-sarrebruck\/#primaryimage","url":"https:\/\/dfg-lfa.org\/wp-content\/uploads\/13_DSC04238.jpg","contentUrl":"https:\/\/dfg-lfa.org\/wp-content\/uploads\/13_DSC04238.jpg","width":1000,"height":667,"caption":"Ein Kunstvermittlungsangebot von Sch\u00fclerinnen und Sch\u00fclern des DFG f\u00fcr saarl\u00e4ndische Jugendliche zum ArtWalk Saarbr\u00fccken"},{"@type":"BreadcrumbList","@id":"https:\/\/dfg-lfa.org\/fr\/2018\/03\/re-cover-your-city-_schoolwalks-une-mediation-realisee-par-des-eleves-du-lfa-pour-des-jeunes-sarrois-pour-l-artwalk-sarrebruck\/#breadcrumb","itemListElement":[{"@type":"ListItem","position":1,"name":"Startseite","item":"https:\/\/dfg-lfa.org\/fr\/"},{"@type":"ListItem","position":2,"name":"Re-Cover Your City | schoolwalks: Ein Kunstvermittlungsangebot von Sch\u00fclerinnen und Sch\u00fclern des DFG f\u00fcr saarl\u00e4ndische Jugendliche zum ArtWalk Saarbr\u00fccken"}]},{"@type":"WebSite","@id":"https:\/\/dfg-lfa.org\/fr\/#website","url":"https:\/\/dfg-lfa.org\/fr\/","name":"Lyc\u00e9e Franco-Allemand de Sarrebruck","description":"Einander begegnen \u2013 Avancer ensemble \u2013 We make Europe happen","publisher":{"@id":"https:\/\/dfg-lfa.org\/fr\/#organization"},"potentialAction":[{"@type":"SearchAction","target":{"@type":"EntryPoint","urlTemplate":"https:\/\/dfg-lfa.org\/fr\/?s={search_term_string}"},"query-input":{"@type":"PropertyValueSpecification","valueRequired":true,"valueName":"search_term_string"}}],"inLanguage":"fr-FR"},{"@type":"Organization","@id":"https:\/\/dfg-lfa.org\/fr\/#organization","name":"Deutsch-Franz\u00f6sisches Gymnasium Saarbr\u00fccken","url":"https:\/\/dfg-lfa.org\/fr\/","logo":{"@type":"ImageObject","inLanguage":"fr-FR","@id":"https:\/\/dfg-lfa.org\/fr\/#\/schema\/logo\/image\/","url":"https:\/\/dfg-lfa.org\/wp-content\/uploads\/DFG-logo.png","contentUrl":"https:\/\/dfg-lfa.org\/wp-content\/uploads\/DFG-logo.png","width":200,"height":77,"caption":"Deutsch-Franz\u00f6sisches Gymnasium Saarbr\u00fccken"},"image":{"@id":"https:\/\/dfg-lfa.org\/fr\/#\/schema\/logo\/image\/"},"sameAs":["https:\/\/www.facebook.com\/dfglfa\/","https:\/\/x.com\/DFGLFA","https:\/\/www.instagram.com\/dfg_lfa_saarbruecken\/","https:\/\/www.youtube.com\/channel\/UCoxV4_gnJ3blV1U7iOjCV7w\/","https:\/\/de.wikipedia.org\/wiki\/Deutsch-Franz\u00f6sisches_Gymnasium_in_Saarbr\u00fccken"]},{"@type":"Person","@id":"https:\/\/dfg-lfa.org\/#\/schema\/person\/a8fe67fb1ec6d85c85d21daf2d68fa69","name":"Administrator"}]}},"_links":{"self":[{"href":"https:\/\/dfg-lfa.org\/fr\/wp-json\/wp\/v2\/posts\/41473","targetHints":{"allow":["GET"]}}],"collection":[{"href":"https:\/\/dfg-lfa.org\/fr\/wp-json\/wp\/v2\/posts"}],"about":[{"href":"https:\/\/dfg-lfa.org\/fr\/wp-json\/wp\/v2\/types\/post"}],"author":[{"embeddable":true,"href":"https:\/\/dfg-lfa.org\/fr\/wp-json\/wp\/v2\/users\/2"}],"replies":[{"embeddable":true,"href":"https:\/\/dfg-lfa.org\/fr\/wp-json\/wp\/v2\/comments?post=41473"}],"version-history":[{"count":0,"href":"https:\/\/dfg-lfa.org\/fr\/wp-json\/wp\/v2\/posts\/41473\/revisions"}],"wp:featuredmedia":[{"embeddable":true,"href":"https:\/\/dfg-lfa.org\/fr\/wp-json\/wp\/v2\/media\/41517"}],"wp:attachment":[{"href":"https:\/\/dfg-lfa.org\/fr\/wp-json\/wp\/v2\/media?parent=41473"}],"wp:term":[{"taxonomy":"category","embeddable":true,"href":"https:\/\/dfg-lfa.org\/fr\/wp-json\/wp\/v2\/categories?post=41473"},{"taxonomy":"post_tag","embeddable":true,"href":"https:\/\/dfg-lfa.org\/fr\/wp-json\/wp\/v2\/tags?post=41473"}],"curies":[{"name":"wp","href":"https:\/\/api.w.org\/{rel}","templated":true}]}}