{"id":42847,"date":"2018-04-30T17:09:53","date_gmt":"2018-04-30T15:09:53","guid":{"rendered":"https:\/\/dfg-lfa.org\/?p=42847"},"modified":"2020-10-21T11:37:01","modified_gmt":"2020-10-21T09:37:01","slug":"out-of-the-comfort-zone-temporaere-ausstellung-im-schulgebaeude","status":"publish","type":"post","link":"https:\/\/dfg-lfa.org\/fr\/2018\/04\/out-of-the-comfort-zone-temporaere-ausstellung-im-schulgebaeude\/","title":{"rendered":"Out of the comfort zone \u2013 exposition temporaire dans le lyc\u00e9e"},"content":{"rendered":"<p><a href=\"https:\/\/dfg-lfa.org\/wp-content\/uploads\/IMG-20180305-WA0001.jpg\"><img loading=\"lazy\" decoding=\"async\" class=\"alignright size-medium wp-image-42851\" src=\"https:\/\/dfg-lfa.org\/wp-content\/uploads\/IMG-20180305-WA0001-169x300.jpg\" alt=\"&quot;Let out the consumption&quot; von Thimoth\u00e9e Grehl und Max Leist\" width=\"169\" height=\"300\" srcset=\"https:\/\/dfg-lfa.org\/wp-content\/uploads\/IMG-20180305-WA0001-169x300.jpg 169w, https:\/\/dfg-lfa.org\/wp-content\/uploads\/IMG-20180305-WA0001-84x150.jpg 84w, https:\/\/dfg-lfa.org\/wp-content\/uploads\/IMG-20180305-WA0001-332x590.jpg 332w, https:\/\/dfg-lfa.org\/wp-content\/uploads\/IMG-20180305-WA0001.jpg 581w\" sizes=\"auto, (max-width: 169px) 100vw, 169px\" \/><\/a><strong>Inspir\u00e9s par les silhouettes en ruban adh\u00e9sif de l&rsquo;artiste urbain am\u00e9ricain Mark Jenkins<\/strong>, <strong>des \u00e9l\u00e8ves de Seconde ont r\u00e9alis\u00e9 leurs propres sculptures et les ont install\u00e9es depuis le 9 avril 2018 \u00e0 divers endroits tr\u00e8s fr\u00e9quent\u00e9s du lyc\u00e9e. <\/strong><\/p>\n<p>Conform\u00e9ment au concept de Jenkins, ces silhouettes -qui ont l&rsquo;air parfois tr\u00e8s vraies et tr\u00e8s effrayantes- doivent d&rsquo;une part s&rsquo;int\u00e9grer \u00e0 notre univers quotidien et d&rsquo;autre part provoquer.<\/p>\n<p>Pour parvenir \u00e0 respecter ces deux objectifs, les jeunes doivent non seulement bien choisir leur sujet et sa posture mais aussi bien savoir placer leur oeuvre \u00e0 des endroits strat\u00e9giques du lyc\u00e9e.<\/p>\n<p>Pour exprimer des th\u00e9matiques qui les angoissent, les \u00e9l\u00e8ves se sont enroul\u00e9s les uns les autres avec du ruban adh\u00e9sif transparent, se sont mis dans la peau de ceux qu&rsquo;ils voulaient repr\u00e9senter et ont cr\u00e9\u00e9 des clones d&rsquo;eux-m\u00eames en scotch. Ce travail d&rsquo;enveloppement dans du scotch a suscit\u00e9 de l&rsquo;int\u00e9r\u00eat m\u00eame chez des jeunes qui ne participaient pas \u00e0 l&rsquo;option d&rsquo;arts plastiques et qui sont venus servir de mod\u00e8le ou aider.<\/p>\n<figure id=\"attachment_42991-2\" aria-describedby=\"caption-attachment-42991-2\" style=\"width: 393px\" class=\"wp-caption aligncenter\"><a href=\"https:\/\/dfg-lfa.org\/wp-content\/uploads\/IMG_0481.jpg\"><img loading=\"lazy\" decoding=\"async\" class=\"wp-image-42991 size-large\" src=\"https:\/\/dfg-lfa.org\/wp-content\/uploads\/IMG_0481-393x590.jpg\" alt=\"Marie Dagoussat et Laura Reinert s'emparent du clich\u00e9 r\u00e9pandu dans les m\u00e9dias de la jeune am\u00e9ricaine qui fr\u00e9quente une Highschool. La poup\u00e9e styl\u00e9e est assise dans une position provocante sur une rampe d'escalier, en train de flirter et de faire des selfies. L'obsession de la beaut\u00e9 se mue en grimace grotesque.\" width=\"393\" height=\"590\" srcset=\"https:\/\/dfg-lfa.org\/wp-content\/uploads\/IMG_0481-393x590.jpg 393w, https:\/\/dfg-lfa.org\/wp-content\/uploads\/IMG_0481-100x150.jpg 100w, https:\/\/dfg-lfa.org\/wp-content\/uploads\/IMG_0481-200x300.jpg 200w, https:\/\/dfg-lfa.org\/wp-content\/uploads\/IMG_0481-768x1152.jpg 768w, https:\/\/dfg-lfa.org\/wp-content\/uploads\/IMG_0481.jpg 800w\" sizes=\"auto, (max-width: 393px) 100vw, 393px\" \/><\/a><figcaption id=\"caption-attachment-42991-2\" class=\"wp-caption-text\">Marie Dagoussat et Laura Reinert s&#8217;emparent du clich\u00e9 r\u00e9pandu dans les m\u00e9dias de la jeune am\u00e9ricaine qui fr\u00e9quente une Highschool. La poup\u00e9e styl\u00e9e est assise dans une position provocante sur une rampe d&rsquo;escalier, en train de flirter et de faire des selfies. L&rsquo;obsession de la beaut\u00e9 se mue en grimace grotesque.<\/figcaption><\/figure>\n<p>Un buste plac\u00e9 sur le sol par <strong>Sophie Ruffing et Felix Sch\u00e4tzle<\/strong> dispara\u00eet dans les montagnes de papier g\u00e9n\u00e9r\u00e9es par le travail scolaire quotidien.<\/p>\n<figure id=\"attachment_42998-2\" aria-describedby=\"caption-attachment-42998-2\" style=\"width: 393px\" class=\"wp-caption aligncenter\"><a href=\"https:\/\/dfg-lfa.org\/wp-content\/uploads\/IMG_0468.jpg\"><img loading=\"lazy\" decoding=\"async\" class=\"wp-image-42998 size-large\" src=\"https:\/\/dfg-lfa.org\/wp-content\/uploads\/IMG_0468-393x590.jpg\" alt=\"Intitul\u00e9e SCHWERE_los_igkeit et r\u00e9alis\u00e9e par Atalya Regh et M\u00e9lina Speck , une silhouette d'\u00e9l\u00e8ve surcharg\u00e9 de travail monte avec peine les escaliers . Ses lourds sacs le tirent constamment vers le bas. Les ballons multicolores gonfl\u00e9s \u00e0 l'h\u00e9lium symbolisent l'espoir et l'optimisme mais ils doivent \u00eatre r\u00e9guli\u00e8rement regonfl\u00e9s ou chang\u00e9s parce qu'ils sont crev\u00e9s par d'autres \u00e9l\u00e8ves. On ne doit pas se laisser d\u00e9courager ni d\u00e9primer; il faut continuellement faire preuve d'optimisme et de dynamisme... et donc changer sans cesse les ballons :-)\" width=\"393\" height=\"590\" srcset=\"https:\/\/dfg-lfa.org\/wp-content\/uploads\/IMG_0468-393x590.jpg 393w, https:\/\/dfg-lfa.org\/wp-content\/uploads\/IMG_0468-100x150.jpg 100w, https:\/\/dfg-lfa.org\/wp-content\/uploads\/IMG_0468-200x300.jpg 200w, https:\/\/dfg-lfa.org\/wp-content\/uploads\/IMG_0468-768x1152.jpg 768w, https:\/\/dfg-lfa.org\/wp-content\/uploads\/IMG_0468.jpg 800w\" sizes=\"auto, (max-width: 393px) 100vw, 393px\" \/><\/a><figcaption id=\"caption-attachment-42998-2\" class=\"wp-caption-text\">Intitul\u00e9e SCHWERE_los_igkeit et r\u00e9alis\u00e9e par Atalya Regh et M\u00e9lina Speck , une silhouette d&rsquo;\u00e9l\u00e8ve surcharg\u00e9 de travail monte avec peine les escaliers . Ses lourds sacs le tirent constamment vers le bas. Les ballons multicolores gonfl\u00e9s \u00e0 l&rsquo;h\u00e9lium symbolisent l&rsquo;espoir et l&rsquo;optimisme mais ils doivent \u00eatre r\u00e9guli\u00e8rement regonfl\u00e9s ou chang\u00e9s parce qu&rsquo;ils sont crev\u00e9s par d&rsquo;autres \u00e9l\u00e8ves. On ne doit pas se laisser d\u00e9courager ni d\u00e9primer; il faut continuellement faire preuve d&rsquo;optimisme et de dynamisme&#8230; et donc changer sans cesse les ballons \ud83d\ude42<\/figcaption><\/figure>\n<p>&nbsp;<\/p>\n<figure id=\"attachment_42992-2\" aria-describedby=\"caption-attachment-42992-2\" style=\"width: 393px\" class=\"wp-caption aligncenter\"><a href=\"https:\/\/dfg-lfa.org\/wp-content\/uploads\/IMG_0475.jpg\"><img loading=\"lazy\" decoding=\"async\" class=\"wp-image-42992 size-large\" src=\"https:\/\/dfg-lfa.org\/wp-content\/uploads\/IMG_0475-393x590.jpg\" alt=\"Le buste en plastique \u00ab Let out the consumption \u00bb de Thimoth\u00e9e Grehl et Max Leist attire tous les regards d\u00e8s l'entr\u00e9e dans le hall du lyc\u00e9e. Plac\u00e9 tout pr\u00e8s de la caf\u00e9t\u00e9ria, il nous rappelle notre comportement de consommateur et le d\u00e9nonce.\" width=\"393\" height=\"590\" srcset=\"https:\/\/dfg-lfa.org\/wp-content\/uploads\/IMG_0475-393x590.jpg 393w, https:\/\/dfg-lfa.org\/wp-content\/uploads\/IMG_0475-100x150.jpg 100w, https:\/\/dfg-lfa.org\/wp-content\/uploads\/IMG_0475-200x300.jpg 200w, https:\/\/dfg-lfa.org\/wp-content\/uploads\/IMG_0475-768x1152.jpg 768w, https:\/\/dfg-lfa.org\/wp-content\/uploads\/IMG_0475.jpg 800w\" sizes=\"auto, (max-width: 393px) 100vw, 393px\" \/><\/a><figcaption id=\"caption-attachment-42992-2\" class=\"wp-caption-text\">Le buste en plastique \u00ab Let out the consumption \u00bb de Thimoth\u00e9e Grehl et Max Leist attire tous les regards d\u00e8s l&rsquo;entr\u00e9e dans le hall du lyc\u00e9e. Plac\u00e9 tout pr\u00e8s de la caf\u00e9t\u00e9ria, il nous rappelle notre comportement de consommateur et le d\u00e9nonce.<\/figcaption><\/figure>\n<p><strong>Mots des jeunes artistes :<\/strong><\/p>\n<blockquote><p>Les objets qui sortent du torse repr\u00e9sentent la consommation.<br \/>\nIls sont faits de diff\u00e9rents mat\u00e9riaux et avec des techniques diff\u00e9rentes.<br \/>\nIl y a aussi, en partie, de vrais objets (p.ex. l\u2019emballage de MC Donald\u2019s)<br \/>\nLa personne n\u2019a pas de visage, elle est neutre. Par la consommation de masse<br \/>\n\u201cnous perdons nos visages\u201d, il n\u2019y a plus de personnalit\u00e9\/<br \/>\nde carat\u00e8re dans ces produits et ceux qui les consomment<br \/>\ndeviennent \u201cuniformes\u201d. Ceux qui consomment le plus<br \/>\ndes r\u00e9seaux sociaux ou du fastfood sont souvent les jeunes.<br \/>\nC\u2019est pour \u00e7a que notre lieu de pr\u00e9sentation pr\u00e9f\u00e9r\u00e9 pour la sculpture<br \/>\nse trouve dans la salle polyvalente, l\u2019endroit o\u00f9 il y a souvent<br \/>\nbeaucoup d\u2019\u00e9l\u00e8ves, o\u00f9 la consommation se passe. La sculpture concerne les \u00e9l\u00e8ves.<\/p><\/blockquote>\n<figure id=\"attachment_42993-2\" aria-describedby=\"caption-attachment-42993-2\" style=\"width: 393px\" class=\"wp-caption aligncenter\"><a href=\"https:\/\/dfg-lfa.org\/wp-content\/uploads\/IMG_0476.jpg\"><img loading=\"lazy\" decoding=\"async\" class=\"wp-image-42993 size-large\" src=\"https:\/\/dfg-lfa.org\/wp-content\/uploads\/IMG_0476-393x590.jpg\" alt=\"Non c'est non, c'est ce qu'on devrait tous comprendre et c'est le message que veulent nous faire passer Lena Klotti et Fabienne Gross. Elles pr\u00e9sentent, dans leur mise en sc\u00e8ne de deux personnages, la probl\u00e9matique du harc\u00e8lement sexuel.\" width=\"393\" height=\"590\" srcset=\"https:\/\/dfg-lfa.org\/wp-content\/uploads\/IMG_0476-393x590.jpg 393w, https:\/\/dfg-lfa.org\/wp-content\/uploads\/IMG_0476-100x150.jpg 100w, https:\/\/dfg-lfa.org\/wp-content\/uploads\/IMG_0476-200x300.jpg 200w, https:\/\/dfg-lfa.org\/wp-content\/uploads\/IMG_0476-768x1152.jpg 768w, https:\/\/dfg-lfa.org\/wp-content\/uploads\/IMG_0476.jpg 800w\" sizes=\"auto, (max-width: 393px) 100vw, 393px\" \/><\/a><figcaption id=\"caption-attachment-42993-2\" class=\"wp-caption-text\">Non c&rsquo;est non, c&rsquo;est ce qu&rsquo;on devrait tous comprendre et c&rsquo;est le message que veulent nous faire passer Lena Klotti et Fabienne Gross. Elles pr\u00e9sentent, dans leur mise en sc\u00e8ne de deux personnages, la probl\u00e9matique du harc\u00e8lement sexuel.<\/figcaption><\/figure>\n<figure id=\"attachment_42994-2\" aria-describedby=\"caption-attachment-42994-2\" style=\"width: 393px\" class=\"wp-caption aligncenter\"><a href=\"https:\/\/dfg-lfa.org\/wp-content\/uploads\/IMG_0484.jpg\"><img loading=\"lazy\" decoding=\"async\" class=\"wp-image-42994 size-large\" src=\"https:\/\/dfg-lfa.org\/wp-content\/uploads\/IMG_0484-393x590.jpg\" alt=\"Le Bambi Urbain de Bj\u00f6rn Backes, Nadia Crisetig et Ines Zaghbouni se cache dans les plantes du couloir des professeurs et nous donne \u00e0 voir la part d'animalit\u00e9 qui subsiste en nous qui vivons dans une soci\u00e9t\u00e9 tr\u00e8s moderne. Une l\u00e9g\u00e8re nostalgie de la nature, de la sauvagerie et des origines se manifeste ainsi de fa\u00e7on discr\u00e8te chez les jeunes d'aujourd'hui.\" width=\"393\" height=\"590\" srcset=\"https:\/\/dfg-lfa.org\/wp-content\/uploads\/IMG_0484-393x590.jpg 393w, https:\/\/dfg-lfa.org\/wp-content\/uploads\/IMG_0484-100x150.jpg 100w, https:\/\/dfg-lfa.org\/wp-content\/uploads\/IMG_0484-200x300.jpg 200w, https:\/\/dfg-lfa.org\/wp-content\/uploads\/IMG_0484-768x1152.jpg 768w, https:\/\/dfg-lfa.org\/wp-content\/uploads\/IMG_0484.jpg 800w\" sizes=\"auto, (max-width: 393px) 100vw, 393px\" \/><\/a><figcaption id=\"caption-attachment-42994-2\" class=\"wp-caption-text\">Le Bambi Urbain de Bj\u00f6rn Backes, Nadia Crisetig et Ines Zaghbouni se cache dans les plantes du couloir des professeurs et nous donne \u00e0 voir la part d&rsquo;animalit\u00e9 qui subsiste en nous qui vivons dans une soci\u00e9t\u00e9 tr\u00e8s moderne. Une l\u00e9g\u00e8re nostalgie de la nature, de la sauvagerie et des origines se manifeste ainsi de fa\u00e7on discr\u00e8te chez les jeunes d&rsquo;aujourd&rsquo;hui.<\/figcaption><\/figure>\n<figure id=\"attachment_42995-2\" aria-describedby=\"caption-attachment-42995-2\" style=\"width: 590px\" class=\"wp-caption aligncenter\"><a href=\"https:\/\/dfg-lfa.org\/wp-content\/uploads\/IMG_0460.jpg\"><img loading=\"lazy\" decoding=\"async\" class=\"wp-image-42995 size-large\" src=\"https:\/\/dfg-lfa.org\/wp-content\/uploads\/IMG_0460-590x393.jpg\" alt=\"Le geste de la silhouette Teen Rebellion cr\u00e9\u00e9e par Anna De Agazio avec l'aide de Cleo Loutzoglou est beaucoup plus provocateur. Quand il s'agit de se rebeller contre les adultes ou les professeurs , il est plus simple de se laisser aller...\" width=\"590\" height=\"393\" srcset=\"https:\/\/dfg-lfa.org\/wp-content\/uploads\/IMG_0460-590x393.jpg 590w, https:\/\/dfg-lfa.org\/wp-content\/uploads\/IMG_0460-150x100.jpg 150w, https:\/\/dfg-lfa.org\/wp-content\/uploads\/IMG_0460-300x200.jpg 300w, https:\/\/dfg-lfa.org\/wp-content\/uploads\/IMG_0460-768x512.jpg 768w, https:\/\/dfg-lfa.org\/wp-content\/uploads\/IMG_0460.jpg 1200w\" sizes=\"auto, (max-width: 590px) 100vw, 590px\" \/><\/a><figcaption id=\"caption-attachment-42995-2\" class=\"wp-caption-text\">Le geste de la silhouette Teen Rebellion cr\u00e9\u00e9e par Anna De Agazio avec l&rsquo;aide de Cleo Loutzoglou est beaucoup plus provocateur. Quand il s&rsquo;agit de se rebeller contre les adultes ou les professeurs , il est plus simple de se laisser aller&#8230;<\/figcaption><\/figure>\n<figure id=\"attachment_43000-2\" aria-describedby=\"caption-attachment-43000-2\" style=\"width: 393px\" class=\"wp-caption aligncenter\"><a href=\"https:\/\/dfg-lfa.org\/wp-content\/uploads\/IMG_0465.jpg\"><img loading=\"lazy\" decoding=\"async\" class=\"wp-image-43000 size-large\" src=\"https:\/\/dfg-lfa.org\/wp-content\/uploads\/IMG_0465-393x590.jpg\" alt=\"Dans Meet me at the Heizung , les \u00e9l\u00e8ves du lyc\u00e9e reconnaitront facilement Florence Nitschmann. Pas seulement parce qu'elle a clon\u00e9 le corps de sa soeur mais aussi parce qu'elle a plac\u00e9 la silhouette \u00e0 son endroit pr\u00e9f\u00e9r\u00e9 du lyc\u00e9e: sur le radiateur chaud.\" width=\"393\" height=\"590\" srcset=\"https:\/\/dfg-lfa.org\/wp-content\/uploads\/IMG_0465-393x590.jpg 393w, https:\/\/dfg-lfa.org\/wp-content\/uploads\/IMG_0465-100x150.jpg 100w, https:\/\/dfg-lfa.org\/wp-content\/uploads\/IMG_0465-200x300.jpg 200w, https:\/\/dfg-lfa.org\/wp-content\/uploads\/IMG_0465-768x1152.jpg 768w, https:\/\/dfg-lfa.org\/wp-content\/uploads\/IMG_0465.jpg 800w\" sizes=\"auto, (max-width: 393px) 100vw, 393px\" \/><\/a><figcaption id=\"caption-attachment-43000-2\" class=\"wp-caption-text\">Dans Meet me at the Heizung , les \u00e9l\u00e8ves du lyc\u00e9e reconnaitront facilement Florence Nitschmann. Pas seulement parce qu&rsquo;elle a clon\u00e9 le corps de sa soeur mais aussi parce qu&rsquo;elle a plac\u00e9 la silhouette \u00e0 son endroit pr\u00e9f\u00e9r\u00e9 du lyc\u00e9e: sur le radiateur chaud.<\/figcaption><\/figure>\n<figure id=\"attachment_42996-2\" aria-describedby=\"caption-attachment-42996-2\" style=\"width: 590px\" class=\"wp-caption aligncenter\"><a href=\"https:\/\/dfg-lfa.org\/wp-content\/uploads\/IMG_0459.jpg\"><img loading=\"lazy\" decoding=\"async\" class=\"wp-image-42996 size-large\" src=\"https:\/\/dfg-lfa.org\/wp-content\/uploads\/IMG_0459-590x393.jpg\" alt=\"La statue Knowledge de L\u00e9ane Muller, Clivia Ripoll et Daniel Fassbender n'a plus de t\u00eate et la tient dans ses mains .\" width=\"590\" height=\"393\" srcset=\"https:\/\/dfg-lfa.org\/wp-content\/uploads\/IMG_0459-590x393.jpg 590w, https:\/\/dfg-lfa.org\/wp-content\/uploads\/IMG_0459-150x100.jpg 150w, https:\/\/dfg-lfa.org\/wp-content\/uploads\/IMG_0459-300x200.jpg 300w, https:\/\/dfg-lfa.org\/wp-content\/uploads\/IMG_0459-768x512.jpg 768w, https:\/\/dfg-lfa.org\/wp-content\/uploads\/IMG_0459.jpg 1200w\" sizes=\"auto, (max-width: 590px) 100vw, 590px\" \/><\/a><figcaption id=\"caption-attachment-42996-2\" class=\"wp-caption-text\">La statue Knowledge de L\u00e9ane Muller, Clivia Ripoll et Daniel Fassbender n&rsquo;a plus de t\u00eate et la tient dans ses mains .<\/figcaption><\/figure>\n<p><strong>Mots des jeunes artistes:<\/strong><\/p>\n<blockquote><p>La signification de notre travail est la mise en valeur de \u201cl\u2019intelligence\u201d\u2026.<br \/>\n\u2026la t\u00eate signifie les pens\u00e9es de la personne. C\u2019est ainsi qu\u2019elle met en valeur son mental. Il passe avant son physique, le contraire de la superficialit\u00e9.<\/p><\/blockquote>\n<p><\/p>\n<div class=\"shariff shariff-align-left shariff-widget-align-left shariff-buttonstretch\" style=\"display:none\"><ul class=\"shariff-buttons theme-white orientation-horizontal buttonsize-medium\"><li class=\"shariff-button facebook shariff-nocustomcolor\" style=\"background-color:#4273c8\"><a href=\"https:\/\/www.facebook.com\/sharer\/sharer.php?u=https%3A%2F%2Fdfg-lfa.org%2Ffr%2F2018%2F04%2Fout-of-the-comfort-zone-temporaere-ausstellung-im-schulgebaeude%2F\" title=\"Envoyer par Facebook\" aria-label=\"Envoyer par Facebook\" role=\"button\" rel=\"nofollow\" class=\"shariff-link\" style=\"; background-color:#3b5998; color:#3b5998\" target=\"_blank\"><span class=\"shariff-icon\" style=\"fill:#3b5998\"><svg width=\"32px\" height=\"20px\" xmlns=\"http:\/\/www.w3.org\/2000\/svg\" viewBox=\"0 0 18 32\"><path fill=\"#3b5998\" d=\"M17.1 0.2v4.7h-2.8q-1.5 0-2.1 0.6t-0.5 1.9v3.4h5.2l-0.7 5.3h-4.5v13.6h-5.5v-13.6h-4.5v-5.3h4.5v-3.9q0-3.3 1.9-5.2t5-1.8q2.6 0 4.1 0.2z\"\/><\/svg><\/span><span class=\"shariff-text\" style=\"color:#3b5998\">partager<\/span>&nbsp;<\/a><\/li><li class=\"shariff-button whatsapp shariff-nocustomcolor\" style=\"background-color:#5cbe4a\"><a href=\"https:\/\/api.whatsapp.com\/send?text=https%3A%2F%2Fdfg-lfa.org%2Ffr%2F2018%2F04%2Fout-of-the-comfort-zone-temporaere-ausstellung-im-schulgebaeude%2F%20Out%20of%20the%20comfort%20zone%20%E2%80%93%20exposition%20temporaire%20dans%20le%20lyc%C3%A9e\" title=\"Envoyer par Whatsapp\" aria-label=\"Envoyer par Whatsapp\" role=\"button\" rel=\"noopener nofollow\" class=\"shariff-link\" style=\"; background-color:#34af23; color:#34af23\" target=\"_blank\"><span class=\"shariff-icon\" style=\"fill:#34af23\"><svg width=\"32px\" height=\"20px\" xmlns=\"http:\/\/www.w3.org\/2000\/svg\" viewBox=\"0 0 32 32\"><path fill=\"#34af23\" d=\"M17.6 17.4q0.2 0 1.7 0.8t1.6 0.9q0 0.1 0 0.3 0 0.6-0.3 1.4-0.3 0.7-1.3 1.2t-1.8 0.5q-1 0-3.4-1.1-1.7-0.8-3-2.1t-2.6-3.3q-1.3-1.9-1.3-3.5v-0.1q0.1-1.6 1.3-2.8 0.4-0.4 0.9-0.4 0.1 0 0.3 0t0.3 0q0.3 0 0.5 0.1t0.3 0.5q0.1 0.4 0.6 1.6t0.4 1.3q0 0.4-0.6 1t-0.6 0.8q0 0.1 0.1 0.3 0.6 1.3 1.8 2.4 1 0.9 2.7 1.8 0.2 0.1 0.4 0.1 0.3 0 1-0.9t0.9-0.9zM14 26.9q2.3 0 4.3-0.9t3.6-2.4 2.4-3.6 0.9-4.3-0.9-4.3-2.4-3.6-3.6-2.4-4.3-0.9-4.3 0.9-3.6 2.4-2.4 3.6-0.9 4.3q0 3.6 2.1 6.6l-1.4 4.2 4.3-1.4q2.8 1.9 6.2 1.9zM14 2.2q2.7 0 5.2 1.1t4.3 2.9 2.9 4.3 1.1 5.2-1.1 5.2-2.9 4.3-4.3 2.9-5.2 1.1q-3.5 0-6.5-1.7l-7.4 2.4 2.4-7.2q-1.9-3.2-1.9-6.9 0-2.7 1.1-5.2t2.9-4.3 4.3-2.9 5.2-1.1z\"\/><\/svg><\/span><span class=\"shariff-text\" style=\"color:#34af23\">partager<\/span>&nbsp;<\/a><\/li><li class=\"shariff-button threema shariff-nocustomcolor shariff-mobile\" style=\"background-color:#4fbc24\"><a href=\"threema:\/\/compose?text=Out%20of%20the%20comfort%20zone%20%E2%80%93%20exposition%20temporaire%20dans%20le%20lyc%C3%A9e%20https%3A%2F%2Fdfg-lfa.org%2Ffr%2F2018%2F04%2Fout-of-the-comfort-zone-temporaere-ausstellung-im-schulgebaeude%2F\" title=\"Envoyer par Threema\" aria-label=\"Envoyer par Threema\" role=\"button\" rel=\"noopener nofollow\" class=\"shariff-link\" style=\"; background-color:#1f1f1f; color:#1f1f1f\" target=\"_blank\"><span class=\"shariff-icon\" style=\"fill:#1f1f1f\"><svg width=\"32px\" height=\"20px\" xmlns=\"http:\/\/www.w3.org\/2000\/svg\" viewBox=\"0 0 32 32\"><path fill=\"#1f1f1f\" d=\"M30.8 10.9c-0.3-1.4-0.9-2.6-1.8-3.8-2-2.6-5.5-4.5-9.4-5.2-1.3-0.2-1.9-0.3-3.5-0.3s-2.2 0-3.5 0.3c-4 0.7-7.4 2.6-9.4 5.2-0.9 1.2-1.5 2.4-1.8 3.8-0.1 0.5-0.2 1.2-0.2 1.6 0 0.4 0.1 1.1 0.2 1.6 0.4 1.9 1.3 3.4 2.9 5 0.8 0.8 0.8 0.8 0.7 1.3 0 0.6-0.5 1.6-1.7 3.6-0.3 0.5-0.5 0.9-0.5 0.9 0 0.1 0.1 0.1 0.5 0 0.8-0.2 2.3-0.6 5.6-1.6 1.1-0.3 1.3-0.4 2.3-0.4 0.8 0 1.1 0 2.3 0.2 1.5 0.2 3.5 0.2 4.9 0 5.1-0.6 9.3-2.9 11.4-6.3 0.5-0.9 0.9-1.8 1.1-2.8 0.1-0.5 0.2-1.1 0.2-1.6 0-0.7-0.1-1.1-0.2-1.6-0.3-1.4 0.1 0.5 0 0zM20.6 17.3c0 0.4-0.4 0.8-0.8 0.8h-7.7c-0.4 0-0.8-0.4-0.8-0.8v-4.6c0-0.4 0.4-0.8 0.8-0.8h0.2l0-1.6c0-0.9 0-1.8 0.1-2 0.1-0.6 0.6-1.2 1.1-1.7s1.1-0.7 1.9-0.8c1.8-0.3 3.7 0.7 4.2 2.2 0.1 0.3 0.1 0.7 0.1 2.1v0 1.7h0.1c0.4 0 0.8 0.4 0.8 0.8v4.6zM15.6 7.3c-0.5 0.1-0.8 0.3-1.2 0.6s-0.6 0.8-0.7 1.3c0 0.2 0 0.8 0 1.5l0 1.2h4.6v-1.3c0-1 0-1.4-0.1-1.6-0.3-1.1-1.5-1.9-2.6-1.7zM25.8 28.2c0 1.2-1 2.2-2.1 2.2s-2.1-1-2.1-2.1c0-1.2 1-2.1 2.2-2.1s2.2 1 2.2 2.2zM18.1 28.2c0 1.2-1 2.2-2.1 2.2s-2.1-1-2.1-2.1c0-1.2 1-2.1 2.2-2.1s2.2 1 2.2 2.2zM10.4 28.2c0 1.2-1 2.2-2.1 2.2s-2.1-1-2.1-2.1c0-1.2 1-2.1 2.2-2.1s2.2 1 2.2 2.2z\"\/><\/svg><\/span><span class=\"shariff-text\" style=\"color:#1f1f1f\">partager<\/span>&nbsp;<\/a><\/li><li class=\"shariff-button mastodon shariff-nocustomcolor\" style=\"background-color:#563ACC\"><a href=\"https:\/\/s2f.kytta.dev\/?text=Out%20of%20the%20comfort%20zone%20%E2%80%93%20exposition%20temporaire%20dans%20le%20lyc%C3%A9e https%3A%2F%2Fdfg-lfa.org%2Ffr%2F2018%2F04%2Fout-of-the-comfort-zone-temporaere-ausstellung-im-schulgebaeude%2F\" title=\"Envoyer par Mastodon\" aria-label=\"Envoyer par Mastodon\" role=\"button\" rel=\"noopener nofollow\" class=\"shariff-link\" style=\"; background-color:#6364FF; color:#6364FF\" target=\"_blank\"><span class=\"shariff-icon\" style=\"fill:#6364FF\"><svg width=\"75\" height=\"79\" viewBox=\"0 0 75 79\" fill=\"none\" xmlns=\"http:\/\/www.w3.org\/2000\/svg\"><path d=\"M37.813-.025C32.462-.058 27.114.13 21.79.598c-8.544.621-17.214 5.58-20.203 13.931C-1.12 23.318.408 32.622.465 41.65c.375 7.316.943 14.78 3.392 21.73 4.365 9.465 14.781 14.537 24.782 15.385 7.64.698 15.761-.213 22.517-4.026a54.1 54.1 0 0 0 .01-6.232c-6.855 1.316-14.101 2.609-21.049 1.074-3.883-.88-6.876-4.237-7.25-8.215-1.53-3.988 3.78-.43 5.584-.883 9.048 1.224 18.282.776 27.303-.462 7.044-.837 14.26-4.788 16.65-11.833 2.263-6.135 1.215-12.79 1.698-19.177.06-3.84.09-7.692-.262-11.52C72.596 7.844 63.223.981 53.834.684a219.453 219.453 0 0 0-16.022-.71zm11.294 12.882c5.5-.067 10.801 4.143 11.67 9.653.338 1.48.471 3 .471 4.515v21.088h-8.357c-.07-7.588.153-15.182-.131-22.765-.587-4.368-7.04-5.747-9.672-2.397-2.422 3.04-1.47 7.155-1.67 10.735v6.392h-8.307c-.146-4.996.359-10.045-.404-15.002-1.108-4.218-7.809-5.565-10.094-1.666-1.685 3.046-.712 6.634-.976 9.936v14.767h-8.354c.109-8.165-.238-16.344.215-24.5.674-5.346 5.095-10.389 10.676-10.627 4.902-.739 10.103 2.038 12.053 6.631.375 1.435 1.76 1.932 1.994.084 1.844-3.704 5.501-6.739 9.785-6.771.367-.044.735-.068 1.101-.073z\"\/><defs><linearGradient id=\"paint0_linear_549_34\" x1=\"37.0692\" y1=\"0\" x2=\"37.0692\" y2=\"79\" gradientUnits=\"userSpaceOnUse\"><stop stop-color=\"#6364FF\"\/><stop offset=\"1\" stop-color=\"#563ACC\"\/><\/linearGradient><\/defs><\/svg><\/span><span class=\"shariff-text\" style=\"color:#6364FF\">partager<\/span>&nbsp;<\/a><\/li><li class=\"shariff-button mailto shariff-nocustomcolor\" style=\"background-color:#a8a8a8\"><a href=\"mailto:?body=https%3A%2F%2Fdfg-lfa.org%2Ffr%2F2018%2F04%2Fout-of-the-comfort-zone-temporaere-ausstellung-im-schulgebaeude%2F&subject=Out%20of%20the%20comfort%20zone%20%E2%80%93%20exposition%20temporaire%20dans%20le%20lyc%C3%A9e\" title=\"Envoyer par courriel\" aria-label=\"Envoyer par courriel\" role=\"button\" rel=\"noopener nofollow\" class=\"shariff-link\" style=\"; background-color:#999; color:#999\"><span class=\"shariff-icon\" style=\"fill:#999\"><svg width=\"32px\" height=\"20px\" xmlns=\"http:\/\/www.w3.org\/2000\/svg\" viewBox=\"0 0 32 32\"><path fill=\"#999\" d=\"M32 12.7v14.2q0 1.2-0.8 2t-2 0.9h-26.3q-1.2 0-2-0.9t-0.8-2v-14.2q0.8 0.9 1.8 1.6 6.5 4.4 8.9 6.1 1 0.8 1.6 1.2t1.7 0.9 2 0.4h0.1q0.9 0 2-0.4t1.7-0.9 1.6-1.2q3-2.2 8.9-6.1 1-0.7 1.8-1.6zM32 7.4q0 1.4-0.9 2.7t-2.2 2.2q-6.7 4.7-8.4 5.8-0.2 0.1-0.7 0.5t-1 0.7-0.9 0.6-1.1 0.5-0.9 0.2h-0.1q-0.4 0-0.9-0.2t-1.1-0.5-0.9-0.6-1-0.7-0.7-0.5q-1.6-1.1-4.7-3.2t-3.6-2.6q-1.1-0.7-2.1-2t-1-2.5q0-1.4 0.7-2.3t2.1-0.9h26.3q1.2 0 2 0.8t0.9 2z\"\/><\/svg><\/span><span class=\"shariff-text\" style=\"color:#999\">courriel<\/span>&nbsp;<\/a><\/li><li class=\"shariff-button info shariff-nocustomcolor\" style=\"background-color:#a8a8a8\"><a href=\"http:\/\/ct.de\/-2467514\" title=\"Datenschutz-Infos\" aria-label=\"Datenschutz-Infos\" role=\"button\" rel=\"noopener \" class=\"shariff-link\" style=\"; background-color:#999; color:#999\" target=\"_blank\"><span class=\"shariff-icon\" style=\"fill:#999\"><svg width=\"32px\" height=\"20px\" xmlns=\"http:\/\/www.w3.org\/2000\/svg\" viewBox=\"0 0 11 32\"><path fill=\"#999\" d=\"M11.4 24v2.3q0 0.5-0.3 0.8t-0.8 0.4h-9.1q-0.5 0-0.8-0.4t-0.4-0.8v-2.3q0-0.5 0.4-0.8t0.8-0.4h1.1v-6.8h-1.1q-0.5 0-0.8-0.4t-0.4-0.8v-2.3q0-0.5 0.4-0.8t0.8-0.4h6.8q0.5 0 0.8 0.4t0.4 0.8v10.3h1.1q0.5 0 0.8 0.4t0.3 0.8zM9.2 3.4v3.4q0 0.5-0.4 0.8t-0.8 0.4h-4.6q-0.4 0-0.8-0.4t-0.4-0.8v-3.4q0-0.4 0.4-0.8t0.8-0.4h4.6q0.5 0 0.8 0.4t0.4 0.8z\"\/><\/svg><\/span><\/a><\/li><\/ul><\/div>","protected":false},"excerpt":{"rendered":"<p>Inspir\u00e9s par les silhouettes en ruban adh\u00e9sif de l&rsquo;artiste urbain am\u00e9ricain Mark Jenkins, des \u00e9l\u00e8ves de Seconde ont r\u00e9alis\u00e9 leurs propres sculptures et les ont install\u00e9es depuis le 9 avril &hellip;<\/p>\n","protected":false},"author":2,"featured_media":42996,"comment_status":"closed","ping_status":"closed","sticky":false,"template":"","format":"standard","meta":{"inline_featured_image":false,"footnotes":""},"categories":[3,33],"tags":[653],"class_list":["post-42847","post","type-post","status-publish","format-standard","has-post-thumbnail","hentry","category-schule-aktuell","category-bildende-kunst","tag-out-of-the-comfort-zone"],"yoast_head":"<!-- This site is optimized with the Yoast SEO plugin v28.4 - https:\/\/yoast.com\/product\/yoast-seo-wordpress\/ -->\n<title>Out of the comfort zone \u2013 exposition temporaire dans le lyc\u00e9e  - Lyc\u00e9e Franco-Allemand de Sarrebruck<\/title>\n<meta name=\"robots\" content=\"index, follow, max-snippet:-1, max-image-preview:large, max-video-preview:-1\" \/>\n<link rel=\"canonical\" href=\"https:\/\/dfg-lfa.org\/fr\/2018\/04\/out-of-the-comfort-zone-temporaere-ausstellung-im-schulgebaeude\/\" \/>\n<meta property=\"og:locale\" content=\"fr_FR\" \/>\n<meta property=\"og:type\" content=\"article\" \/>\n<meta property=\"og:title\" content=\"Out of the comfort zone \u2013 exposition temporaire dans le lyc\u00e9e  - Lyc\u00e9e Franco-Allemand de Sarrebruck\" \/>\n<meta property=\"og:description\" content=\"Inspir\u00e9s par les silhouettes en ruban adh\u00e9sif de l&rsquo;artiste urbain am\u00e9ricain Mark Jenkins, des \u00e9l\u00e8ves de Seconde ont r\u00e9alis\u00e9 leurs propres sculptures et les ont install\u00e9es depuis le 9 avril &hellip;\" \/>\n<meta property=\"og:url\" content=\"https:\/\/dfg-lfa.org\/fr\/2018\/04\/out-of-the-comfort-zone-temporaere-ausstellung-im-schulgebaeude\/\" \/>\n<meta property=\"og:site_name\" content=\"Lyc\u00e9e Franco-Allemand de Sarrebruck\" \/>\n<meta property=\"article:publisher\" content=\"https:\/\/www.facebook.com\/dfglfa\/\" \/>\n<meta property=\"article:published_time\" content=\"2018-04-30T15:09:53+00:00\" \/>\n<meta property=\"article:modified_time\" content=\"2020-10-21T09:37:01+00:00\" \/>\n<meta property=\"og:image\" content=\"https:\/\/dfg-lfa.org\/wp-content\/uploads\/IMG_0459.jpg\" \/>\n\t<meta property=\"og:image:width\" content=\"1200\" \/>\n\t<meta property=\"og:image:height\" content=\"800\" \/>\n\t<meta property=\"og:image:type\" content=\"image\/jpeg\" \/>\n<meta name=\"author\" content=\"Administrator\" \/>\n<meta name=\"twitter:card\" content=\"summary_large_image\" \/>\n<meta name=\"twitter:creator\" content=\"@DFGLFA\" \/>\n<meta name=\"twitter:site\" content=\"@DFGLFA\" \/>\n<meta name=\"twitter:label1\" content=\"\u00c9crit par\" \/>\n\t<meta name=\"twitter:data1\" content=\"Administrator\" \/>\n\t<meta name=\"twitter:label2\" content=\"Dur\u00e9e de lecture estim\u00e9e\" \/>\n\t<meta name=\"twitter:data2\" content=\"8 minutes\" \/>\n<script type=\"application\/ld+json\" class=\"yoast-schema-graph\">{\"@context\":\"https:\\\/\\\/schema.org\",\"@graph\":[{\"@type\":\"Article\",\"@id\":\"https:\\\/\\\/dfg-lfa.org\\\/fr\\\/2018\\\/04\\\/out-of-the-comfort-zone-temporaere-ausstellung-im-schulgebaeude\\\/#article\",\"isPartOf\":{\"@id\":\"https:\\\/\\\/dfg-lfa.org\\\/fr\\\/2018\\\/04\\\/out-of-the-comfort-zone-temporaere-ausstellung-im-schulgebaeude\\\/\"},\"author\":{\"name\":\"Administrator\",\"@id\":\"https:\\\/\\\/dfg-lfa.org\\\/#\\\/schema\\\/person\\\/a8fe67fb1ec6d85c85d21daf2d68fa69\"},\"headline\":\"Out of the comfort zone \u2013 exposition temporaire dans le lyc\u00e9e\",\"datePublished\":\"2018-04-30T15:09:53+00:00\",\"dateModified\":\"2020-10-21T09:37:01+00:00\",\"mainEntityOfPage\":{\"@id\":\"https:\\\/\\\/dfg-lfa.org\\\/fr\\\/2018\\\/04\\\/out-of-the-comfort-zone-temporaere-ausstellung-im-schulgebaeude\\\/\"},\"wordCount\":1716,\"publisher\":{\"@id\":\"https:\\\/\\\/dfg-lfa.org\\\/#organization\"},\"image\":{\"@id\":\"https:\\\/\\\/dfg-lfa.org\\\/fr\\\/2018\\\/04\\\/out-of-the-comfort-zone-temporaere-ausstellung-im-schulgebaeude\\\/#primaryimage\"},\"thumbnailUrl\":\"https:\\\/\\\/dfg-lfa.org\\\/wp-content\\\/uploads\\\/IMG_0459.jpg\",\"keywords\":[\"Out of the comfort zone\"],\"articleSection\":[\"Actualit\u00e9s\",\"Arts plastiques\"],\"inLanguage\":\"fr-FR\"},{\"@type\":\"WebPage\",\"@id\":\"https:\\\/\\\/dfg-lfa.org\\\/fr\\\/2018\\\/04\\\/out-of-the-comfort-zone-temporaere-ausstellung-im-schulgebaeude\\\/\",\"url\":\"https:\\\/\\\/dfg-lfa.org\\\/fr\\\/2018\\\/04\\\/out-of-the-comfort-zone-temporaere-ausstellung-im-schulgebaeude\\\/\",\"name\":\"Out of the comfort zone \u2013 exposition temporaire dans le lyc\u00e9e  - Lyc\u00e9e Franco-Allemand de Sarrebruck\",\"isPartOf\":{\"@id\":\"https:\\\/\\\/dfg-lfa.org\\\/fr\\\/#website\"},\"primaryImageOfPage\":{\"@id\":\"https:\\\/\\\/dfg-lfa.org\\\/fr\\\/2018\\\/04\\\/out-of-the-comfort-zone-temporaere-ausstellung-im-schulgebaeude\\\/#primaryimage\"},\"image\":{\"@id\":\"https:\\\/\\\/dfg-lfa.org\\\/fr\\\/2018\\\/04\\\/out-of-the-comfort-zone-temporaere-ausstellung-im-schulgebaeude\\\/#primaryimage\"},\"thumbnailUrl\":\"https:\\\/\\\/dfg-lfa.org\\\/wp-content\\\/uploads\\\/IMG_0459.jpg\",\"datePublished\":\"2018-04-30T15:09:53+00:00\",\"dateModified\":\"2020-10-21T09:37:01+00:00\",\"breadcrumb\":{\"@id\":\"https:\\\/\\\/dfg-lfa.org\\\/fr\\\/2018\\\/04\\\/out-of-the-comfort-zone-temporaere-ausstellung-im-schulgebaeude\\\/#breadcrumb\"},\"inLanguage\":\"fr-FR\",\"potentialAction\":[{\"@type\":\"ReadAction\",\"target\":[[\"https:\\\/\\\/dfg-lfa.org\\\/fr\\\/2018\\\/04\\\/out-of-the-comfort-zone-temporaere-ausstellung-im-schulgebaeude\\\/\"]]}]},{\"@type\":\"ImageObject\",\"inLanguage\":\"fr-FR\",\"@id\":\"https:\\\/\\\/dfg-lfa.org\\\/fr\\\/2018\\\/04\\\/out-of-the-comfort-zone-temporaere-ausstellung-im-schulgebaeude\\\/#primaryimage\",\"url\":\"https:\\\/\\\/dfg-lfa.org\\\/wp-content\\\/uploads\\\/IMG_0459.jpg\",\"contentUrl\":\"https:\\\/\\\/dfg-lfa.org\\\/wp-content\\\/uploads\\\/IMG_0459.jpg\",\"width\":1200,\"height\":800,\"caption\":\"La statue Knowledge de L\u00e9ane Muller, Clivia Ripoll et Daniel Fassbender n'a plus de t\u00eate et la tient dans ses mains .\"},{\"@type\":\"BreadcrumbList\",\"@id\":\"https:\\\/\\\/dfg-lfa.org\\\/fr\\\/2018\\\/04\\\/out-of-the-comfort-zone-temporaere-ausstellung-im-schulgebaeude\\\/#breadcrumb\",\"itemListElement\":[{\"@type\":\"ListItem\",\"position\":1,\"name\":\"Startseite\",\"item\":\"https:\\\/\\\/dfg-lfa.org\\\/fr\\\/\"},{\"@type\":\"ListItem\",\"position\":2,\"name\":\"Out of the comfort zone \u2013 exposition temporaire dans le lyc\u00e9e\"}]},{\"@type\":\"WebSite\",\"@id\":\"https:\\\/\\\/dfg-lfa.org\\\/fr\\\/#website\",\"url\":\"https:\\\/\\\/dfg-lfa.org\\\/fr\\\/\",\"name\":\"Lyc\u00e9e Franco-Allemand de Sarrebruck\",\"description\":\"Einander begegnen \u2013 Avancer ensemble \u2013 We make Europe happen\",\"publisher\":{\"@id\":\"https:\\\/\\\/dfg-lfa.org\\\/fr\\\/#organization\"},\"potentialAction\":[{\"@type\":\"SearchAction\",\"target\":{\"@type\":\"EntryPoint\",\"urlTemplate\":\"https:\\\/\\\/dfg-lfa.org\\\/fr\\\/?s={search_term_string}\"},\"query-input\":{\"@type\":\"PropertyValueSpecification\",\"valueRequired\":true,\"valueName\":\"search_term_string\"}}],\"inLanguage\":\"fr-FR\"},{\"@type\":\"Organization\",\"@id\":\"https:\\\/\\\/dfg-lfa.org\\\/fr\\\/#organization\",\"name\":\"Deutsch-Franz\u00f6sisches Gymnasium Saarbr\u00fccken\",\"url\":\"https:\\\/\\\/dfg-lfa.org\\\/fr\\\/\",\"logo\":{\"@type\":\"ImageObject\",\"inLanguage\":\"fr-FR\",\"@id\":\"https:\\\/\\\/dfg-lfa.org\\\/fr\\\/#\\\/schema\\\/logo\\\/image\\\/\",\"url\":\"https:\\\/\\\/dfg-lfa.org\\\/wp-content\\\/uploads\\\/DFG-logo.png\",\"contentUrl\":\"https:\\\/\\\/dfg-lfa.org\\\/wp-content\\\/uploads\\\/DFG-logo.png\",\"width\":200,\"height\":77,\"caption\":\"Deutsch-Franz\u00f6sisches Gymnasium Saarbr\u00fccken\"},\"image\":{\"@id\":\"https:\\\/\\\/dfg-lfa.org\\\/fr\\\/#\\\/schema\\\/logo\\\/image\\\/\"},\"sameAs\":[\"https:\\\/\\\/www.facebook.com\\\/dfglfa\\\/\",\"https:\\\/\\\/x.com\\\/DFGLFA\",\"https:\\\/\\\/www.instagram.com\\\/dfg_lfa_saarbruecken\\\/\",\"https:\\\/\\\/www.youtube.com\\\/channel\\\/UCoxV4_gnJ3blV1U7iOjCV7w\\\/\",\"https:\\\/\\\/de.wikipedia.org\\\/wiki\\\/Deutsch-Franz\u00f6sisches_Gymnasium_in_Saarbr\u00fccken\"]},{\"@type\":\"Person\",\"@id\":\"https:\\\/\\\/dfg-lfa.org\\\/#\\\/schema\\\/person\\\/a8fe67fb1ec6d85c85d21daf2d68fa69\",\"name\":\"Administrator\"}]}<\/script>\n<!-- \/ Yoast SEO plugin. -->","yoast_head_json":{"title":"Out of the comfort zone \u2013 exposition temporaire dans le lyc\u00e9e  - Lyc\u00e9e Franco-Allemand de Sarrebruck","robots":{"index":"index","follow":"follow","max-snippet":"max-snippet:-1","max-image-preview":"max-image-preview:large","max-video-preview":"max-video-preview:-1"},"canonical":"https:\/\/dfg-lfa.org\/fr\/2018\/04\/out-of-the-comfort-zone-temporaere-ausstellung-im-schulgebaeude\/","og_locale":"fr_FR","og_type":"article","og_title":"Out of the comfort zone \u2013 exposition temporaire dans le lyc\u00e9e  - Lyc\u00e9e Franco-Allemand de Sarrebruck","og_description":"Inspir\u00e9s par les silhouettes en ruban adh\u00e9sif de l&rsquo;artiste urbain am\u00e9ricain Mark Jenkins, des \u00e9l\u00e8ves de Seconde ont r\u00e9alis\u00e9 leurs propres sculptures et les ont install\u00e9es depuis le 9 avril &hellip;","og_url":"https:\/\/dfg-lfa.org\/fr\/2018\/04\/out-of-the-comfort-zone-temporaere-ausstellung-im-schulgebaeude\/","og_site_name":"Lyc\u00e9e Franco-Allemand de Sarrebruck","article_publisher":"https:\/\/www.facebook.com\/dfglfa\/","article_published_time":"2018-04-30T15:09:53+00:00","article_modified_time":"2020-10-21T09:37:01+00:00","og_image":[{"width":1200,"height":800,"url":"https:\/\/dfg-lfa.org\/wp-content\/uploads\/IMG_0459.jpg","type":"image\/jpeg"}],"author":"Administrator","twitter_card":"summary_large_image","twitter_creator":"@DFGLFA","twitter_site":"@DFGLFA","twitter_misc":{"\u00c9crit par":"Administrator","Dur\u00e9e de lecture estim\u00e9e":"8 minutes"},"schema":{"@context":"https:\/\/schema.org","@graph":[{"@type":"Article","@id":"https:\/\/dfg-lfa.org\/fr\/2018\/04\/out-of-the-comfort-zone-temporaere-ausstellung-im-schulgebaeude\/#article","isPartOf":{"@id":"https:\/\/dfg-lfa.org\/fr\/2018\/04\/out-of-the-comfort-zone-temporaere-ausstellung-im-schulgebaeude\/"},"author":{"name":"Administrator","@id":"https:\/\/dfg-lfa.org\/#\/schema\/person\/a8fe67fb1ec6d85c85d21daf2d68fa69"},"headline":"Out of the comfort zone \u2013 exposition temporaire dans le lyc\u00e9e","datePublished":"2018-04-30T15:09:53+00:00","dateModified":"2020-10-21T09:37:01+00:00","mainEntityOfPage":{"@id":"https:\/\/dfg-lfa.org\/fr\/2018\/04\/out-of-the-comfort-zone-temporaere-ausstellung-im-schulgebaeude\/"},"wordCount":1716,"publisher":{"@id":"https:\/\/dfg-lfa.org\/#organization"},"image":{"@id":"https:\/\/dfg-lfa.org\/fr\/2018\/04\/out-of-the-comfort-zone-temporaere-ausstellung-im-schulgebaeude\/#primaryimage"},"thumbnailUrl":"https:\/\/dfg-lfa.org\/wp-content\/uploads\/IMG_0459.jpg","keywords":["Out of the comfort zone"],"articleSection":["Actualit\u00e9s","Arts plastiques"],"inLanguage":"fr-FR"},{"@type":"WebPage","@id":"https:\/\/dfg-lfa.org\/fr\/2018\/04\/out-of-the-comfort-zone-temporaere-ausstellung-im-schulgebaeude\/","url":"https:\/\/dfg-lfa.org\/fr\/2018\/04\/out-of-the-comfort-zone-temporaere-ausstellung-im-schulgebaeude\/","name":"Out of the comfort zone \u2013 exposition temporaire dans le lyc\u00e9e  - Lyc\u00e9e Franco-Allemand de Sarrebruck","isPartOf":{"@id":"https:\/\/dfg-lfa.org\/fr\/#website"},"primaryImageOfPage":{"@id":"https:\/\/dfg-lfa.org\/fr\/2018\/04\/out-of-the-comfort-zone-temporaere-ausstellung-im-schulgebaeude\/#primaryimage"},"image":{"@id":"https:\/\/dfg-lfa.org\/fr\/2018\/04\/out-of-the-comfort-zone-temporaere-ausstellung-im-schulgebaeude\/#primaryimage"},"thumbnailUrl":"https:\/\/dfg-lfa.org\/wp-content\/uploads\/IMG_0459.jpg","datePublished":"2018-04-30T15:09:53+00:00","dateModified":"2020-10-21T09:37:01+00:00","breadcrumb":{"@id":"https:\/\/dfg-lfa.org\/fr\/2018\/04\/out-of-the-comfort-zone-temporaere-ausstellung-im-schulgebaeude\/#breadcrumb"},"inLanguage":"fr-FR","potentialAction":[{"@type":"ReadAction","target":[["https:\/\/dfg-lfa.org\/fr\/2018\/04\/out-of-the-comfort-zone-temporaere-ausstellung-im-schulgebaeude\/"]]}]},{"@type":"ImageObject","inLanguage":"fr-FR","@id":"https:\/\/dfg-lfa.org\/fr\/2018\/04\/out-of-the-comfort-zone-temporaere-ausstellung-im-schulgebaeude\/#primaryimage","url":"https:\/\/dfg-lfa.org\/wp-content\/uploads\/IMG_0459.jpg","contentUrl":"https:\/\/dfg-lfa.org\/wp-content\/uploads\/IMG_0459.jpg","width":1200,"height":800,"caption":"La statue Knowledge de L\u00e9ane Muller, Clivia Ripoll et Daniel Fassbender n'a plus de t\u00eate et la tient dans ses mains ."},{"@type":"BreadcrumbList","@id":"https:\/\/dfg-lfa.org\/fr\/2018\/04\/out-of-the-comfort-zone-temporaere-ausstellung-im-schulgebaeude\/#breadcrumb","itemListElement":[{"@type":"ListItem","position":1,"name":"Startseite","item":"https:\/\/dfg-lfa.org\/fr\/"},{"@type":"ListItem","position":2,"name":"Out of the comfort zone \u2013 exposition temporaire dans le lyc\u00e9e"}]},{"@type":"WebSite","@id":"https:\/\/dfg-lfa.org\/fr\/#website","url":"https:\/\/dfg-lfa.org\/fr\/","name":"Lyc\u00e9e Franco-Allemand de Sarrebruck","description":"Einander begegnen \u2013 Avancer ensemble \u2013 We make Europe happen","publisher":{"@id":"https:\/\/dfg-lfa.org\/fr\/#organization"},"potentialAction":[{"@type":"SearchAction","target":{"@type":"EntryPoint","urlTemplate":"https:\/\/dfg-lfa.org\/fr\/?s={search_term_string}"},"query-input":{"@type":"PropertyValueSpecification","valueRequired":true,"valueName":"search_term_string"}}],"inLanguage":"fr-FR"},{"@type":"Organization","@id":"https:\/\/dfg-lfa.org\/fr\/#organization","name":"Deutsch-Franz\u00f6sisches Gymnasium Saarbr\u00fccken","url":"https:\/\/dfg-lfa.org\/fr\/","logo":{"@type":"ImageObject","inLanguage":"fr-FR","@id":"https:\/\/dfg-lfa.org\/fr\/#\/schema\/logo\/image\/","url":"https:\/\/dfg-lfa.org\/wp-content\/uploads\/DFG-logo.png","contentUrl":"https:\/\/dfg-lfa.org\/wp-content\/uploads\/DFG-logo.png","width":200,"height":77,"caption":"Deutsch-Franz\u00f6sisches Gymnasium Saarbr\u00fccken"},"image":{"@id":"https:\/\/dfg-lfa.org\/fr\/#\/schema\/logo\/image\/"},"sameAs":["https:\/\/www.facebook.com\/dfglfa\/","https:\/\/x.com\/DFGLFA","https:\/\/www.instagram.com\/dfg_lfa_saarbruecken\/","https:\/\/www.youtube.com\/channel\/UCoxV4_gnJ3blV1U7iOjCV7w\/","https:\/\/de.wikipedia.org\/wiki\/Deutsch-Franz\u00f6sisches_Gymnasium_in_Saarbr\u00fccken"]},{"@type":"Person","@id":"https:\/\/dfg-lfa.org\/#\/schema\/person\/a8fe67fb1ec6d85c85d21daf2d68fa69","name":"Administrator"}]}},"_links":{"self":[{"href":"https:\/\/dfg-lfa.org\/fr\/wp-json\/wp\/v2\/posts\/42847","targetHints":{"allow":["GET"]}}],"collection":[{"href":"https:\/\/dfg-lfa.org\/fr\/wp-json\/wp\/v2\/posts"}],"about":[{"href":"https:\/\/dfg-lfa.org\/fr\/wp-json\/wp\/v2\/types\/post"}],"author":[{"embeddable":true,"href":"https:\/\/dfg-lfa.org\/fr\/wp-json\/wp\/v2\/users\/2"}],"replies":[{"embeddable":true,"href":"https:\/\/dfg-lfa.org\/fr\/wp-json\/wp\/v2\/comments?post=42847"}],"version-history":[{"count":0,"href":"https:\/\/dfg-lfa.org\/fr\/wp-json\/wp\/v2\/posts\/42847\/revisions"}],"wp:featuredmedia":[{"embeddable":true,"href":"https:\/\/dfg-lfa.org\/fr\/wp-json\/wp\/v2\/media\/42996"}],"wp:attachment":[{"href":"https:\/\/dfg-lfa.org\/fr\/wp-json\/wp\/v2\/media?parent=42847"}],"wp:term":[{"taxonomy":"category","embeddable":true,"href":"https:\/\/dfg-lfa.org\/fr\/wp-json\/wp\/v2\/categories?post=42847"},{"taxonomy":"post_tag","embeddable":true,"href":"https:\/\/dfg-lfa.org\/fr\/wp-json\/wp\/v2\/tags?post=42847"}],"curies":[{"name":"wp","href":"https:\/\/api.w.org\/{rel}","templated":true}]}}