{"id":45778,"date":"2018-12-10T00:33:11","date_gmt":"2018-12-09T23:33:11","guid":{"rendered":"https:\/\/dfg-lfa.org\/?p=45778"},"modified":"2025-05-02T22:26:34","modified_gmt":"2025-05-02T20:26:34","slug":"auf-nach-berlin-camaeleon-beim-fona-2018","status":"publish","type":"post","link":"https:\/\/dfg-lfa.org\/fr\/2018\/12\/auf-nach-berlin-camaeleon-beim-fona-2018\/","title":{"rendered":"A nous Berlin! Cam\u00e4l\u00e9on au FONA 2018"},"content":{"rendered":"<p><a href=\"https:\/\/www.camaeleon.org\/wp-content\/uploads\/2018\/12\/20181124_090500.jpg\"><img loading=\"lazy\" decoding=\"async\" class=\"alignleft wp-image-17408 size-medium\" src=\"https:\/\/www.camaeleon.org\/wp-content\/uploads\/2018\/12\/20181124_090500-300x225.jpg\" alt=\"FONA 2018\" width=\"300\" height=\"225\"\/><\/a><\/p>\n<p>Le samedi 24 novembre 2018, \u00e0 Berlin, a eu lieu le premier le Forum national des anciens \u00e9l\u00e8ves des lyc\u00e9es fran\u00e7ais en Allemagne auquel trois \u00e9l\u00e8ves de Cam\u00e4l\u00e9on (Kian Dier, Fabius Leibrock et moi-m\u00eame) avons \u00e9t\u00e9 invit\u00e9s afin de couvrir l&rsquo;\u00e9v\u00e8nement. Voici un r\u00e9sum\u00e9 de cette journ\u00e9e :<\/p>\n<p><strong>8h15 : Lyc\u00e9e Fran\u03c2ais de Berlin <\/strong><\/p>\n<p>Les invit\u00e9s commencent \u00e0 arriver. Nous sommes install\u00e9s sur une estrade o\u00f9 se trouve notre studio improvis\u00e9. Notre travail : interviewer les invit\u00e9s qu&rsquo;on nous pr\u00e9sente \u00e0 propos de leur participation au FONA. Parmi eux se trouve Anne-Marie Desc\u00f4tes, Ambassadrice de France en Allemagne.<\/p>\n<p>La t\u00e2che \u00e9tait l\u00e9g\u00e8rement compliqu\u00e9e, \u00e9tant donn\u00e9 que nous ne savions pas toujours tout de suite qui \u00e9tait la personne en face de nous, malgr\u00e9 nos pr\u00e9parations, mais c&rsquo;\u00e9tait aussi un bon entra\u00eenement.<\/p>\n<div id='gallery-2' class='gallery galleryid-45778 gallery-columns-3 gallery-size-medium'><figure class='gallery-item'>\n\t\t\t<div class='gallery-icon landscape'>\n\t\t\t\t<a href='https:\/\/dfg-lfa.org\/wp-content\/uploads\/20181124_082038.jpg'><img loading=\"lazy\" decoding=\"async\" width=\"300\" height=\"225\" src=\"https:\/\/dfg-lfa.org\/wp-content\/uploads\/20181124_082038-300x225.jpg\" class=\"attachment-medium size-medium\" alt=\"FONA 2018\" srcset=\"https:\/\/dfg-lfa.org\/wp-content\/uploads\/20181124_082038-300x225.jpg 300w, https:\/\/dfg-lfa.org\/wp-content\/uploads\/20181124_082038-150x113.jpg 150w, https:\/\/dfg-lfa.org\/wp-content\/uploads\/20181124_082038-768x576.jpg 768w, https:\/\/dfg-lfa.org\/wp-content\/uploads\/20181124_082038-590x443.jpg 590w, https:\/\/dfg-lfa.org\/wp-content\/uploads\/20181124_082038.jpg 1200w\" sizes=\"auto, (max-width: 300px) 100vw, 300px\" \/><\/a>\n\t\t\t<\/div><\/figure><figure class='gallery-item'>\n\t\t\t<div class='gallery-icon landscape'>\n\t\t\t\t<a href='https:\/\/dfg-lfa.org\/wp-content\/uploads\/20181124_082929.jpg'><img loading=\"lazy\" decoding=\"async\" width=\"300\" height=\"225\" src=\"https:\/\/dfg-lfa.org\/wp-content\/uploads\/20181124_082929-300x225.jpg\" class=\"attachment-medium size-medium\" alt=\"FONA 2018\" srcset=\"https:\/\/dfg-lfa.org\/wp-content\/uploads\/20181124_082929-300x225.jpg 300w, https:\/\/dfg-lfa.org\/wp-content\/uploads\/20181124_082929-150x113.jpg 150w, https:\/\/dfg-lfa.org\/wp-content\/uploads\/20181124_082929-768x576.jpg 768w, https:\/\/dfg-lfa.org\/wp-content\/uploads\/20181124_082929-590x443.jpg 590w, https:\/\/dfg-lfa.org\/wp-content\/uploads\/20181124_082929.jpg 1200w\" sizes=\"auto, (max-width: 300px) 100vw, 300px\" \/><\/a>\n\t\t\t<\/div><\/figure><figure class='gallery-item'>\n\t\t\t<div class='gallery-icon landscape'>\n\t\t\t\t<a href='https:\/\/dfg-lfa.org\/wp-content\/uploads\/20181124_085333.jpg'><img loading=\"lazy\" decoding=\"async\" width=\"300\" height=\"225\" src=\"https:\/\/dfg-lfa.org\/wp-content\/uploads\/20181124_085333-300x225.jpg\" class=\"attachment-medium size-medium\" alt=\"FONA 2018\" srcset=\"https:\/\/dfg-lfa.org\/wp-content\/uploads\/20181124_085333-300x225.jpg 300w, https:\/\/dfg-lfa.org\/wp-content\/uploads\/20181124_085333-150x113.jpg 150w, https:\/\/dfg-lfa.org\/wp-content\/uploads\/20181124_085333-768x576.jpg 768w, https:\/\/dfg-lfa.org\/wp-content\/uploads\/20181124_085333-590x443.jpg 590w, https:\/\/dfg-lfa.org\/wp-content\/uploads\/20181124_085333.jpg 1200w\" sizes=\"auto, (max-width: 300px) 100vw, 300px\" \/><\/a>\n\t\t\t<\/div><\/figure>\n\t\t<\/div>\n\n<p><strong>9h15 :<\/strong><\/p>\n<p><a href=\"https:\/\/www.camaeleon.org\/wp-content\/uploads\/2018\/12\/20181124_120330.jpg\"><img loading=\"lazy\" decoding=\"async\" class=\"alignright wp-image-17415 size-medium\" src=\"https:\/\/www.camaeleon.org\/wp-content\/uploads\/2018\/12\/20181124_120330-300x225.jpg\" alt=\"FONA 2018\" width=\"300\" height=\"225\"\/><\/a><\/p>\n<p>La c\u00e9r\u00e9monie d\u00b4ouverture officielle commence. Plusieurs personnes t\u00e9moignent ou font un discours comme Mme Gacel, la proviseure du lyc\u00e9e fran\u00e7ais de Berlin, M. Bouchard, le directeur de l&rsquo;AEFE ou encore Franziska Brantner, d\u00e9put\u00e9e au Bundestag. Nous sommes post\u00e9s un peu partout dans la salle et devons filmer les participants ainsi que la table ronde d\u00b4une heure, dont le th\u00e8me \u00e9tait \u00abLes anciens \u00e9l\u00e8ves, symbole de l&rsquo;interculturalit\u00e9?\u00bb.<\/p>\n<p><a href=\"https:\/\/www.camaeleon.org\/wp-content\/uploads\/2018\/12\/20181123.jpg\"><img loading=\"lazy\" decoding=\"async\" class=\"alignleft wp-image-17417 size-medium\" src=\"https:\/\/www.camaeleon.org\/wp-content\/uploads\/2018\/12\/20181123-300x225.jpg\" alt=\"FONA 2018\" width=\"300\" height=\"225\"\/><\/a><\/p>\n<p>Nous avons \u00e9galement eu droit \u00e0 un petit concert de piano, avec des chansons classiques fran\u00e7aises comme \u00abL&rsquo;hymne \u00e0 l&rsquo;amour\u00bb d&rsquo;\u00c9dith Piaf ou encore \u00abLa Boh\u00e8me\u00bb de Charles Aznavour, interpr\u00e9t\u00e9es par le pianiste Philippe Labutin, \u00e9galement directeur de l&rsquo;association des anciens \u00e9l\u00e8ves de Francfort.<\/p>\n<p>En tout, 3 heures de live, ce qui \u00e9tait tr\u00e8s int\u00e9ressant, mais \u00e9galement un sacr\u00e9 d\u00e9fi pour nous, sachant qu&rsquo;il fallait tenir debout pendant tout le temps !<\/p>\n<p><strong>13h15 : \u00c9cole Voltaire<\/strong><\/p>\n<p>L\u00b4ouverture officielle et le d\u00e9jeuner sont termin\u00e9s, place \u00e0 pr\u00e9sent aux activit\u00e9s en petits groupes. Il y avait plusieurs th\u00e8mes au programme, comme \u00abComment mobiliser les anciens de votre lyc\u00e9e?\u00bb ou \u00abCr\u00e9er\/d\u00e9velopper son association locale avec la plateforme alfm.fr\u00bb, et nous devions enregistrer ce qui se disait dans chaque atelier, avec un micro-perche. Nous pouvions aussi interviewer quelques personnes, ce qui \u00e9tait un peu le m\u00eame exercice d&rsquo;improvisation que lors des interviews que nous avions faites le matin m\u00eame, mais qui \u00e9tait toujours aussi excitant. Practice makes perfect!<\/p>\n<p><strong>17h00 : Ambassade de France<\/strong><\/p>\n<p><a href=\"https:\/\/www.camaeleon.org\/wp-content\/uploads\/2018\/12\/IMG-20181127-WA0005.jpg\"><img loading=\"lazy\" decoding=\"async\" class=\"alignleft wp-image-17414 size-medium\" src=\"https:\/\/www.camaeleon.org\/wp-content\/uploads\/2018\/12\/IMG-20181127-WA0005-300x225.jpg\" alt=\"Cam\u00e4l\u00e9on devant l'ambassade de France\" width=\"300\" height=\"225\"\/><\/a><\/p>\n<p>Apr\u00e8s ces activit\u00e9s, nous sommes tous all\u00e9s \u00e0 l&rsquo;Ambassade de France o\u00f9 avait lieu une r\u00e9ception pour finaliser ce premier FONA. Mme l&rsquo;Ambassadrice de France et M. le directeur de l&rsquo;AEFE ont prononc\u00e9 un dernier discours, les invit\u00e9s discutaient entre eux. Quant \u00e0 nous, nous \u00e9tions \u00e9puis\u00e9s mais heureux.<\/p>\n<p>J&rsquo;ai personnellement ador\u00e9 cette journ\u00e9e, nous avons pu apprendre \u00e9norm\u00e9ment de choses sur le journalisme et avons rencontr\u00e9 des gens tr\u00e8s sympathiques et int\u00e9ressants. Nous esp\u00e9rons que nous pourrons \u00e0 nouveau participer \u00e0 ce type d&rsquo;\u00e9v\u00e9nement.<\/p>\n<p>En attendant, vous pouvez, d\u00e8s \u00e0 pr\u00e9sent, retrouver la table ronde ainsi que le discours de Dominique Tchimbakala, pr\u00e9sidente de l&rsquo;association des anciens des lyc\u00e9es fran\u00e7ais du monde (Union-ALFM), sur le site de l&rsquo;AEFE !<\/p>\n<div class=\"lyte-wrapper\" style=\"width:853px;max-width:100%;margin:5px auto;\"><div class=\"lyMe hidef\" id=\"WYL_5d7FooG7S5s\"><div id=\"lyte_5d7FooG7S5s\" data-src=\"https:\/\/dfg-lfa.org\/wp-content\/plugins\/wp-youtube-lyte\/lyteCache.php?origThumbUrl=%2F%2Fi.ytimg.com%2Fvi%2F5d7FooG7S5s%2Fhqdefault.jpg\" class=\"pL\"><div class=\"tC\"><div class=\"tT\"><\/div><\/div><div class=\"play\"><\/div><div class=\"ctrl\"><div class=\"Lctrl\"><\/div><div class=\"Rctrl\"><\/div><\/div><\/div><noscript><a href=\"https:\/\/youtu.be\/5d7FooG7S5s\" rel=\"nofollow\"><img loading=\"lazy\" decoding=\"async\" src=\"https:\/\/dfg-lfa.org\/wp-content\/plugins\/wp-youtube-lyte\/lyteCache.php?origThumbUrl=https%3A%2F%2Fi.ytimg.com%2Fvi%2F5d7FooG7S5s%2F0.jpg\" alt=\"YouTube video thumbnail\" width=\"853\" height=\"460\" \/><br \/>Lire cette vid\u00e9o sur YouTube<\/a><\/noscript><\/div><\/div><div class=\"lL\" style=\"max-width:100%;width:853px;margin:5px auto;\"><br\/><span class=\"lyte_disclaimer\">En cliquant sur la vid\u00e9o, vous acceptez la communication avec le site de YouTube. Plus d'infos dans la <a href=\"https:\/\/dfg-lfa.org\/fr\/kontakt\/impressum-2\/datenschutzerklaerung\/\">d\u00e9claration de protection des donn\u00e9es<\/a>.<\/span><\/div><\/p>\n<div class=\"lyte-wrapper\" style=\"width:853px;max-width:100%;margin:5px auto;\"><div class=\"lyMe hidef\" id=\"WYL_w-L3o9zsTLg\"><div id=\"lyte_w-L3o9zsTLg\" data-src=\"https:\/\/dfg-lfa.org\/wp-content\/plugins\/wp-youtube-lyte\/lyteCache.php?origThumbUrl=%2F%2Fi.ytimg.com%2Fvi%2Fw-L3o9zsTLg%2Fhqdefault.jpg\" class=\"pL\"><div class=\"tC\"><div class=\"tT\"><\/div><\/div><div class=\"play\"><\/div><div class=\"ctrl\"><div class=\"Lctrl\"><\/div><div class=\"Rctrl\"><\/div><\/div><\/div><noscript><a href=\"https:\/\/youtu.be\/w-L3o9zsTLg\" rel=\"nofollow\"><img loading=\"lazy\" decoding=\"async\" src=\"https:\/\/dfg-lfa.org\/wp-content\/plugins\/wp-youtube-lyte\/lyteCache.php?origThumbUrl=https%3A%2F%2Fi.ytimg.com%2Fvi%2Fw-L3o9zsTLg%2F0.jpg\" alt=\"YouTube video thumbnail\" width=\"853\" height=\"460\" \/><br \/>Lire cette vid\u00e9o sur YouTube<\/a><\/noscript><\/div><\/div><div class=\"lL\" style=\"max-width:100%;width:853px;margin:5px auto;\"><br\/><span class=\"lyte_disclaimer\">En cliquant sur la vid\u00e9o, vous acceptez la communication avec le site de YouTube. Plus d'infos dans la <a href=\"https:\/\/dfg-lfa.org\/fr\/kontakt\/impressum-2\/datenschutzerklaerung\/\">d\u00e9claration de protection des donn\u00e9es<\/a>.<\/span><\/div><\/p>\n<div class=\"lyte-wrapper\" style=\"width:853px;max-width:100%;margin:5px auto;\"><div class=\"lyMe hidef\" id=\"WYL_ck75bbVd9Vk\"><div id=\"lyte_ck75bbVd9Vk\" data-src=\"https:\/\/dfg-lfa.org\/wp-content\/plugins\/wp-youtube-lyte\/lyteCache.php?origThumbUrl=%2F%2Fi.ytimg.com%2Fvi%2Fck75bbVd9Vk%2Fhqdefault.jpg\" class=\"pL\"><div class=\"tC\"><div class=\"tT\"><\/div><\/div><div class=\"play\"><\/div><div class=\"ctrl\"><div class=\"Lctrl\"><\/div><div class=\"Rctrl\"><\/div><\/div><\/div><noscript><a href=\"https:\/\/youtu.be\/ck75bbVd9Vk\" rel=\"nofollow\"><img loading=\"lazy\" decoding=\"async\" src=\"https:\/\/dfg-lfa.org\/wp-content\/plugins\/wp-youtube-lyte\/lyteCache.php?origThumbUrl=https%3A%2F%2Fi.ytimg.com%2Fvi%2Fck75bbVd9Vk%2F0.jpg\" alt=\"YouTube video thumbnail\" width=\"853\" height=\"460\" \/><br \/>Lire cette vid\u00e9o sur YouTube<\/a><\/noscript><\/div><\/div><div class=\"lL\" style=\"max-width:100%;width:853px;margin:5px auto;\"><br\/><span class=\"lyte_disclaimer\">En cliquant sur la vid\u00e9o, vous acceptez la communication avec le site de YouTube. Plus d'infos dans la <a href=\"https:\/\/dfg-lfa.org\/fr\/kontakt\/impressum-2\/datenschutzerklaerung\/\">d\u00e9claration de protection des donn\u00e9es<\/a>.<\/span><\/div><\/p>\n<div class=\"lyte-wrapper\" style=\"width:853px;max-width:100%;margin:5px auto;\"><div class=\"lyMe hidef\" id=\"WYL_FsT9sF7nw_I\"><div id=\"lyte_FsT9sF7nw_I\" data-src=\"https:\/\/dfg-lfa.org\/wp-content\/plugins\/wp-youtube-lyte\/lyteCache.php?origThumbUrl=%2F%2Fi.ytimg.com%2Fvi%2FFsT9sF7nw_I%2Fhqdefault.jpg\" class=\"pL\"><div class=\"tC\"><div class=\"tT\"><\/div><\/div><div class=\"play\"><\/div><div class=\"ctrl\"><div class=\"Lctrl\"><\/div><div class=\"Rctrl\"><\/div><\/div><\/div><noscript><a href=\"https:\/\/youtu.be\/FsT9sF7nw_I\" rel=\"nofollow\"><img loading=\"lazy\" decoding=\"async\" src=\"https:\/\/dfg-lfa.org\/wp-content\/plugins\/wp-youtube-lyte\/lyteCache.php?origThumbUrl=https%3A%2F%2Fi.ytimg.com%2Fvi%2FFsT9sF7nw_I%2F0.jpg\" alt=\"YouTube video thumbnail\" width=\"853\" height=\"460\" \/><br \/>Lire cette vid\u00e9o sur YouTube<\/a><\/noscript><\/div><\/div><div class=\"lL\" style=\"max-width:100%;width:853px;margin:5px auto;\"><br\/><span class=\"lyte_disclaimer\">En cliquant sur la vid\u00e9o, vous acceptez la communication avec le site de YouTube. Plus d'infos dans la <a href=\"https:\/\/dfg-lfa.org\/fr\/kontakt\/impressum-2\/datenschutzerklaerung\/\">d\u00e9claration de protection des donn\u00e9es<\/a>.<\/span><\/div><\/p>\n<div class=\"lyte-wrapper\" style=\"width:853px;max-width:100%;margin:5px auto;\"><div class=\"lyMe hidef\" id=\"WYL_WMSk6dh95oM\"><div id=\"lyte_WMSk6dh95oM\" data-src=\"https:\/\/dfg-lfa.org\/wp-content\/plugins\/wp-youtube-lyte\/lyteCache.php?origThumbUrl=%2F%2Fi.ytimg.com%2Fvi%2FWMSk6dh95oM%2Fhqdefault.jpg\" class=\"pL\"><div class=\"tC\"><div class=\"tT\"><\/div><\/div><div class=\"play\"><\/div><div class=\"ctrl\"><div class=\"Lctrl\"><\/div><div class=\"Rctrl\"><\/div><\/div><\/div><noscript><a href=\"https:\/\/youtu.be\/WMSk6dh95oM\" rel=\"nofollow\"><img loading=\"lazy\" decoding=\"async\" src=\"https:\/\/dfg-lfa.org\/wp-content\/plugins\/wp-youtube-lyte\/lyteCache.php?origThumbUrl=https%3A%2F%2Fi.ytimg.com%2Fvi%2FWMSk6dh95oM%2F0.jpg\" alt=\"YouTube video thumbnail\" width=\"853\" height=\"460\" \/><br \/>Lire cette vid\u00e9o sur YouTube<\/a><\/noscript><\/div><\/div><div class=\"lL\" style=\"max-width:100%;width:853px;margin:5px auto;\"><br\/><span class=\"lyte_disclaimer\">En cliquant sur la vid\u00e9o, vous acceptez la communication avec le site de YouTube. Plus d'infos dans la <a href=\"https:\/\/dfg-lfa.org\/fr\/kontakt\/impressum-2\/datenschutzerklaerung\/\">d\u00e9claration de protection des donn\u00e9es<\/a>.<\/span><\/div><\/p>\n<div class=\"lyte-wrapper\" style=\"width:853px;max-width:100%;margin:5px auto;\"><div class=\"lyMe hidef\" id=\"WYL_TgFaBHTgRR0\"><div id=\"lyte_TgFaBHTgRR0\" data-src=\"https:\/\/dfg-lfa.org\/wp-content\/plugins\/wp-youtube-lyte\/lyteCache.php?origThumbUrl=%2F%2Fi.ytimg.com%2Fvi%2FTgFaBHTgRR0%2Fhqdefault.jpg\" class=\"pL\"><div class=\"tC\"><div class=\"tT\"><\/div><\/div><div class=\"play\"><\/div><div class=\"ctrl\"><div class=\"Lctrl\"><\/div><div class=\"Rctrl\"><\/div><\/div><\/div><noscript><a href=\"https:\/\/youtu.be\/TgFaBHTgRR0\" rel=\"nofollow\"><img loading=\"lazy\" decoding=\"async\" src=\"https:\/\/dfg-lfa.org\/wp-content\/plugins\/wp-youtube-lyte\/lyteCache.php?origThumbUrl=https%3A%2F%2Fi.ytimg.com%2Fvi%2FTgFaBHTgRR0%2F0.jpg\" alt=\"YouTube video thumbnail\" width=\"853\" height=\"460\" \/><br \/>Lire cette vid\u00e9o sur YouTube<\/a><\/noscript><\/div><\/div><div class=\"lL\" style=\"max-width:100%;width:853px;margin:5px auto;\"><br\/><span class=\"lyte_disclaimer\">En cliquant sur la vid\u00e9o, vous acceptez la communication avec le site de YouTube. Plus d'infos dans la <a href=\"https:\/\/dfg-lfa.org\/fr\/kontakt\/impressum-2\/datenschutzerklaerung\/\">d\u00e9claration de protection des donn\u00e9es<\/a>.<\/span><\/div><\/p>\n<div class=\"lyte-wrapper\" style=\"width:853px;max-width:100%;margin:5px auto;\"><div class=\"lyMe hidef\" id=\"WYL_uBTPFjYNnpU\"><div id=\"lyte_uBTPFjYNnpU\" data-src=\"https:\/\/dfg-lfa.org\/wp-content\/plugins\/wp-youtube-lyte\/lyteCache.php?origThumbUrl=%2F%2Fi.ytimg.com%2Fvi%2FuBTPFjYNnpU%2Fhqdefault.jpg\" class=\"pL\"><div class=\"tC\"><div class=\"tT\"><\/div><\/div><div class=\"play\"><\/div><div class=\"ctrl\"><div class=\"Lctrl\"><\/div><div class=\"Rctrl\"><\/div><\/div><\/div><noscript><a href=\"https:\/\/youtu.be\/uBTPFjYNnpU\" rel=\"nofollow\"><img loading=\"lazy\" decoding=\"async\" src=\"https:\/\/dfg-lfa.org\/wp-content\/plugins\/wp-youtube-lyte\/lyteCache.php?origThumbUrl=https%3A%2F%2Fi.ytimg.com%2Fvi%2FuBTPFjYNnpU%2F0.jpg\" alt=\"YouTube video thumbnail\" width=\"853\" height=\"460\" \/><br \/>Lire cette vid\u00e9o sur YouTube<\/a><\/noscript><\/div><\/div><div class=\"lL\" style=\"max-width:100%;width:853px;margin:5px auto;\"><br\/><span class=\"lyte_disclaimer\">En cliquant sur la vid\u00e9o, vous acceptez la communication avec le site de YouTube. Plus d'infos dans la <a href=\"https:\/\/dfg-lfa.org\/fr\/kontakt\/impressum-2\/datenschutzerklaerung\/\">d\u00e9claration de protection des donn\u00e9es<\/a>.<\/span><\/div><\/p>\n<div class=\"lyte-wrapper\" style=\"width:853px;max-width:100%;margin:5px auto;\"><div class=\"lyMe hidef\" id=\"WYL_0HmttKqtYy4\"><div id=\"lyte_0HmttKqtYy4\" data-src=\"https:\/\/dfg-lfa.org\/wp-content\/plugins\/wp-youtube-lyte\/lyteCache.php?origThumbUrl=%2F%2Fi.ytimg.com%2Fvi%2F0HmttKqtYy4%2Fhqdefault.jpg\" class=\"pL\"><div class=\"tC\"><div class=\"tT\"><\/div><\/div><div class=\"play\"><\/div><div class=\"ctrl\"><div class=\"Lctrl\"><\/div><div class=\"Rctrl\"><\/div><\/div><\/div><noscript><a href=\"https:\/\/youtu.be\/0HmttKqtYy4\" rel=\"nofollow\"><img loading=\"lazy\" decoding=\"async\" src=\"https:\/\/dfg-lfa.org\/wp-content\/plugins\/wp-youtube-lyte\/lyteCache.php?origThumbUrl=https%3A%2F%2Fi.ytimg.com%2Fvi%2F0HmttKqtYy4%2F0.jpg\" alt=\"YouTube video thumbnail\" width=\"853\" height=\"460\" \/><br \/>Lire cette vid\u00e9o sur YouTube<\/a><\/noscript><\/div><\/div><div class=\"lL\" style=\"max-width:100%;width:853px;margin:5px auto;\"><br\/><span class=\"lyte_disclaimer\">En cliquant sur la vid\u00e9o, vous acceptez la communication avec le site de YouTube. Plus d'infos dans la <a href=\"https:\/\/dfg-lfa.org\/fr\/kontakt\/impressum-2\/datenschutzerklaerung\/\">d\u00e9claration de protection des donn\u00e9es<\/a>.<\/span><\/div><\/p>\n<p>Encore un grand merci \u00e0 <a href=\"https:\/\/dfg-lfa.org\/fr\/vereine-schulen\/alfa-3\/alfa\/\">Alfa, notre pr\u00e9cieuse Amicale du Lyc\u00e9e Franco-Allemand<\/a>, qui nous a permis de financer la venue d&rsquo;un second professeur accompagnateur. Et merci \u00e0 G\u00e9rard Colavecchio et toute l&rsquo;\u00e9quipe de communication de l&rsquo;AEFE qui nous ont sollicit\u00e9s et soutenus lors de cette aventure exceptionnelle.<\/p>\n<p><em>Marie Thirion, journaliste de <a href=\"http:\/\/www.camaeleon.org\">www.camaeleon.org<\/a><br \/>\n<\/em><\/p>\n<div class=\"shariff shariff-align-left shariff-widget-align-left shariff-buttonstretch\" style=\"display:none\"><ul class=\"shariff-buttons theme-white orientation-horizontal buttonsize-medium\"><li class=\"shariff-button facebook shariff-nocustomcolor\" style=\"background-color:#4273c8\"><a href=\"https:\/\/www.facebook.com\/sharer\/sharer.php?u=https%3A%2F%2Fdfg-lfa.org%2Ffr%2F2018%2F12%2Fauf-nach-berlin-camaeleon-beim-fona-2018%2F\" title=\"Envoyer par Facebook\" aria-label=\"Envoyer par Facebook\" role=\"button\" rel=\"nofollow\" class=\"shariff-link\" style=\"; background-color:#3b5998; color:#3b5998\" target=\"_blank\"><span class=\"shariff-icon\" style=\"fill:#3b5998\"><svg width=\"32px\" height=\"20px\" xmlns=\"http:\/\/www.w3.org\/2000\/svg\" viewBox=\"0 0 18 32\"><path fill=\"#3b5998\" d=\"M17.1 0.2v4.7h-2.8q-1.5 0-2.1 0.6t-0.5 1.9v3.4h5.2l-0.7 5.3h-4.5v13.6h-5.5v-13.6h-4.5v-5.3h4.5v-3.9q0-3.3 1.9-5.2t5-1.8q2.6 0 4.1 0.2z\"\/><\/svg><\/span><span class=\"shariff-text\" style=\"color:#3b5998\">partager<\/span>&nbsp;<\/a><\/li><li class=\"shariff-button whatsapp shariff-nocustomcolor\" style=\"background-color:#5cbe4a\"><a href=\"https:\/\/api.whatsapp.com\/send?text=https%3A%2F%2Fdfg-lfa.org%2Ffr%2F2018%2F12%2Fauf-nach-berlin-camaeleon-beim-fona-2018%2F%20A%20nous%20Berlin%21%20Cam%C3%A4l%C3%A9on%20au%20FONA%202018\" title=\"Envoyer par Whatsapp\" aria-label=\"Envoyer par Whatsapp\" role=\"button\" rel=\"noopener nofollow\" class=\"shariff-link\" style=\"; background-color:#34af23; color:#34af23\" target=\"_blank\"><span class=\"shariff-icon\" style=\"fill:#34af23\"><svg width=\"32px\" height=\"20px\" xmlns=\"http:\/\/www.w3.org\/2000\/svg\" viewBox=\"0 0 32 32\"><path fill=\"#34af23\" d=\"M17.6 17.4q0.2 0 1.7 0.8t1.6 0.9q0 0.1 0 0.3 0 0.6-0.3 1.4-0.3 0.7-1.3 1.2t-1.8 0.5q-1 0-3.4-1.1-1.7-0.8-3-2.1t-2.6-3.3q-1.3-1.9-1.3-3.5v-0.1q0.1-1.6 1.3-2.8 0.4-0.4 0.9-0.4 0.1 0 0.3 0t0.3 0q0.3 0 0.5 0.1t0.3 0.5q0.1 0.4 0.6 1.6t0.4 1.3q0 0.4-0.6 1t-0.6 0.8q0 0.1 0.1 0.3 0.6 1.3 1.8 2.4 1 0.9 2.7 1.8 0.2 0.1 0.4 0.1 0.3 0 1-0.9t0.9-0.9zM14 26.9q2.3 0 4.3-0.9t3.6-2.4 2.4-3.6 0.9-4.3-0.9-4.3-2.4-3.6-3.6-2.4-4.3-0.9-4.3 0.9-3.6 2.4-2.4 3.6-0.9 4.3q0 3.6 2.1 6.6l-1.4 4.2 4.3-1.4q2.8 1.9 6.2 1.9zM14 2.2q2.7 0 5.2 1.1t4.3 2.9 2.9 4.3 1.1 5.2-1.1 5.2-2.9 4.3-4.3 2.9-5.2 1.1q-3.5 0-6.5-1.7l-7.4 2.4 2.4-7.2q-1.9-3.2-1.9-6.9 0-2.7 1.1-5.2t2.9-4.3 4.3-2.9 5.2-1.1z\"\/><\/svg><\/span><span class=\"shariff-text\" style=\"color:#34af23\">partager<\/span>&nbsp;<\/a><\/li><li class=\"shariff-button threema shariff-nocustomcolor shariff-mobile\" style=\"background-color:#4fbc24\"><a href=\"threema:\/\/compose?text=A%20nous%20Berlin%21%20Cam%C3%A4l%C3%A9on%20au%20FONA%202018%20https%3A%2F%2Fdfg-lfa.org%2Ffr%2F2018%2F12%2Fauf-nach-berlin-camaeleon-beim-fona-2018%2F\" title=\"Envoyer par Threema\" aria-label=\"Envoyer par Threema\" role=\"button\" rel=\"noopener nofollow\" class=\"shariff-link\" style=\"; background-color:#1f1f1f; color:#1f1f1f\" target=\"_blank\"><span class=\"shariff-icon\" style=\"fill:#1f1f1f\"><svg width=\"32px\" height=\"20px\" xmlns=\"http:\/\/www.w3.org\/2000\/svg\" viewBox=\"0 0 32 32\"><path fill=\"#1f1f1f\" d=\"M30.8 10.9c-0.3-1.4-0.9-2.6-1.8-3.8-2-2.6-5.5-4.5-9.4-5.2-1.3-0.2-1.9-0.3-3.5-0.3s-2.2 0-3.5 0.3c-4 0.7-7.4 2.6-9.4 5.2-0.9 1.2-1.5 2.4-1.8 3.8-0.1 0.5-0.2 1.2-0.2 1.6 0 0.4 0.1 1.1 0.2 1.6 0.4 1.9 1.3 3.4 2.9 5 0.8 0.8 0.8 0.8 0.7 1.3 0 0.6-0.5 1.6-1.7 3.6-0.3 0.5-0.5 0.9-0.5 0.9 0 0.1 0.1 0.1 0.5 0 0.8-0.2 2.3-0.6 5.6-1.6 1.1-0.3 1.3-0.4 2.3-0.4 0.8 0 1.1 0 2.3 0.2 1.5 0.2 3.5 0.2 4.9 0 5.1-0.6 9.3-2.9 11.4-6.3 0.5-0.9 0.9-1.8 1.1-2.8 0.1-0.5 0.2-1.1 0.2-1.6 0-0.7-0.1-1.1-0.2-1.6-0.3-1.4 0.1 0.5 0 0zM20.6 17.3c0 0.4-0.4 0.8-0.8 0.8h-7.7c-0.4 0-0.8-0.4-0.8-0.8v-4.6c0-0.4 0.4-0.8 0.8-0.8h0.2l0-1.6c0-0.9 0-1.8 0.1-2 0.1-0.6 0.6-1.2 1.1-1.7s1.1-0.7 1.9-0.8c1.8-0.3 3.7 0.7 4.2 2.2 0.1 0.3 0.1 0.7 0.1 2.1v0 1.7h0.1c0.4 0 0.8 0.4 0.8 0.8v4.6zM15.6 7.3c-0.5 0.1-0.8 0.3-1.2 0.6s-0.6 0.8-0.7 1.3c0 0.2 0 0.8 0 1.5l0 1.2h4.6v-1.3c0-1 0-1.4-0.1-1.6-0.3-1.1-1.5-1.9-2.6-1.7zM25.8 28.2c0 1.2-1 2.2-2.1 2.2s-2.1-1-2.1-2.1c0-1.2 1-2.1 2.2-2.1s2.2 1 2.2 2.2zM18.1 28.2c0 1.2-1 2.2-2.1 2.2s-2.1-1-2.1-2.1c0-1.2 1-2.1 2.2-2.1s2.2 1 2.2 2.2zM10.4 28.2c0 1.2-1 2.2-2.1 2.2s-2.1-1-2.1-2.1c0-1.2 1-2.1 2.2-2.1s2.2 1 2.2 2.2z\"\/><\/svg><\/span><span class=\"shariff-text\" style=\"color:#1f1f1f\">partager<\/span>&nbsp;<\/a><\/li><li class=\"shariff-button mastodon shariff-nocustomcolor\" style=\"background-color:#563ACC\"><a href=\"https:\/\/s2f.kytta.dev\/?text=A%20nous%20Berlin%21%20Cam%C3%A4l%C3%A9on%20au%20FONA%202018 https%3A%2F%2Fdfg-lfa.org%2Ffr%2F2018%2F12%2Fauf-nach-berlin-camaeleon-beim-fona-2018%2F\" title=\"Envoyer par Mastodon\" aria-label=\"Envoyer par Mastodon\" role=\"button\" rel=\"noopener nofollow\" class=\"shariff-link\" style=\"; background-color:#6364FF; color:#6364FF\" target=\"_blank\"><span class=\"shariff-icon\" style=\"fill:#6364FF\"><svg width=\"75\" height=\"79\" viewBox=\"0 0 75 79\" fill=\"none\" xmlns=\"http:\/\/www.w3.org\/2000\/svg\"><path d=\"M37.813-.025C32.462-.058 27.114.13 21.79.598c-8.544.621-17.214 5.58-20.203 13.931C-1.12 23.318.408 32.622.465 41.65c.375 7.316.943 14.78 3.392 21.73 4.365 9.465 14.781 14.537 24.782 15.385 7.64.698 15.761-.213 22.517-4.026a54.1 54.1 0 0 0 .01-6.232c-6.855 1.316-14.101 2.609-21.049 1.074-3.883-.88-6.876-4.237-7.25-8.215-1.53-3.988 3.78-.43 5.584-.883 9.048 1.224 18.282.776 27.303-.462 7.044-.837 14.26-4.788 16.65-11.833 2.263-6.135 1.215-12.79 1.698-19.177.06-3.84.09-7.692-.262-11.52C72.596 7.844 63.223.981 53.834.684a219.453 219.453 0 0 0-16.022-.71zm11.294 12.882c5.5-.067 10.801 4.143 11.67 9.653.338 1.48.471 3 .471 4.515v21.088h-8.357c-.07-7.588.153-15.182-.131-22.765-.587-4.368-7.04-5.747-9.672-2.397-2.422 3.04-1.47 7.155-1.67 10.735v6.392h-8.307c-.146-4.996.359-10.045-.404-15.002-1.108-4.218-7.809-5.565-10.094-1.666-1.685 3.046-.712 6.634-.976 9.936v14.767h-8.354c.109-8.165-.238-16.344.215-24.5.674-5.346 5.095-10.389 10.676-10.627 4.902-.739 10.103 2.038 12.053 6.631.375 1.435 1.76 1.932 1.994.084 1.844-3.704 5.501-6.739 9.785-6.771.367-.044.735-.068 1.101-.073z\"\/><defs><linearGradient id=\"paint0_linear_549_34\" x1=\"37.0692\" y1=\"0\" x2=\"37.0692\" y2=\"79\" gradientUnits=\"userSpaceOnUse\"><stop stop-color=\"#6364FF\"\/><stop offset=\"1\" stop-color=\"#563ACC\"\/><\/linearGradient><\/defs><\/svg><\/span><span class=\"shariff-text\" style=\"color:#6364FF\">partager<\/span>&nbsp;<\/a><\/li><li class=\"shariff-button mailto shariff-nocustomcolor\" style=\"background-color:#a8a8a8\"><a href=\"mailto:?body=https%3A%2F%2Fdfg-lfa.org%2Ffr%2F2018%2F12%2Fauf-nach-berlin-camaeleon-beim-fona-2018%2F&subject=A%20nous%20Berlin%21%20Cam%C3%A4l%C3%A9on%20au%20FONA%202018\" title=\"Envoyer par courriel\" aria-label=\"Envoyer par courriel\" role=\"button\" rel=\"noopener nofollow\" class=\"shariff-link\" style=\"; background-color:#999; color:#999\"><span class=\"shariff-icon\" style=\"fill:#999\"><svg width=\"32px\" height=\"20px\" xmlns=\"http:\/\/www.w3.org\/2000\/svg\" viewBox=\"0 0 32 32\"><path fill=\"#999\" d=\"M32 12.7v14.2q0 1.2-0.8 2t-2 0.9h-26.3q-1.2 0-2-0.9t-0.8-2v-14.2q0.8 0.9 1.8 1.6 6.5 4.4 8.9 6.1 1 0.8 1.6 1.2t1.7 0.9 2 0.4h0.1q0.9 0 2-0.4t1.7-0.9 1.6-1.2q3-2.2 8.9-6.1 1-0.7 1.8-1.6zM32 7.4q0 1.4-0.9 2.7t-2.2 2.2q-6.7 4.7-8.4 5.8-0.2 0.1-0.7 0.5t-1 0.7-0.9 0.6-1.1 0.5-0.9 0.2h-0.1q-0.4 0-0.9-0.2t-1.1-0.5-0.9-0.6-1-0.7-0.7-0.5q-1.6-1.1-4.7-3.2t-3.6-2.6q-1.1-0.7-2.1-2t-1-2.5q0-1.4 0.7-2.3t2.1-0.9h26.3q1.2 0 2 0.8t0.9 2z\"\/><\/svg><\/span><span class=\"shariff-text\" style=\"color:#999\">courriel<\/span>&nbsp;<\/a><\/li><li class=\"shariff-button info shariff-nocustomcolor\" style=\"background-color:#a8a8a8\"><a href=\"http:\/\/ct.de\/-2467514\" title=\"Datenschutz-Infos\" aria-label=\"Datenschutz-Infos\" role=\"button\" rel=\"noopener \" class=\"shariff-link\" style=\"; background-color:#999; color:#999\" target=\"_blank\"><span class=\"shariff-icon\" style=\"fill:#999\"><svg width=\"32px\" height=\"20px\" xmlns=\"http:\/\/www.w3.org\/2000\/svg\" viewBox=\"0 0 11 32\"><path fill=\"#999\" d=\"M11.4 24v2.3q0 0.5-0.3 0.8t-0.8 0.4h-9.1q-0.5 0-0.8-0.4t-0.4-0.8v-2.3q0-0.5 0.4-0.8t0.8-0.4h1.1v-6.8h-1.1q-0.5 0-0.8-0.4t-0.4-0.8v-2.3q0-0.5 0.4-0.8t0.8-0.4h6.8q0.5 0 0.8 0.4t0.4 0.8v10.3h1.1q0.5 0 0.8 0.4t0.3 0.8zM9.2 3.4v3.4q0 0.5-0.4 0.8t-0.8 0.4h-4.6q-0.4 0-0.8-0.4t-0.4-0.8v-3.4q0-0.4 0.4-0.8t0.8-0.4h4.6q0.5 0 0.8 0.4t0.4 0.8z\"\/><\/svg><\/span><\/a><\/li><\/ul><\/div>","protected":false},"excerpt":{"rendered":"<p>Le samedi 24 novembre 2018, \u00e0 Berlin, a eu lieu le premier le Forum national des anciens \u00e9l\u00e8ves des lyc\u00e9es fran\u00e7ais en Allemagne auquel trois \u00e9l\u00e8ves de Cam\u00e4l\u00e9on (Kian Dier, Fabius Leibrock et moi-m\u00eame) avons \u00e9t\u00e9 invit\u00e9s afin de couvrir l&rsquo;\u00e9v\u00e8nement. Voici un r\u00e9sum\u00e9 de cette journ\u00e9e : 8h15 : &hellip;<\/p>\n","protected":false},"author":2,"featured_media":45779,"comment_status":"closed","ping_status":"closed","sticky":false,"template":"","format":"standard","meta":{"inline_featured_image":false,"footnotes":""},"categories":[57,197,196,68],"tags":[328,385],"class_list":["post-45778","post","type-post","status-publish","format-standard","has-post-thumbnail","hentry","category-camaeleon","category-international-school","category-internationale-schule","category-medienkompetenz","tag-berlin","tag-fona-2018"],"yoast_head":"<!-- This site is optimized with the Yoast SEO plugin v27.5 - https:\/\/yoast.com\/product\/yoast-seo-wordpress\/ -->\n<title>A nous Berlin! Cam\u00e4l\u00e9on au FONA 2018 - Lyc\u00e9e Franco-Allemand de Sarrebruck<\/title>\n<meta name=\"robots\" content=\"index, follow, max-snippet:-1, max-image-preview:large, max-video-preview:-1\" \/>\n<link rel=\"canonical\" href=\"https:\/\/dfg-lfa.org\/fr\/2018\/12\/auf-nach-berlin-camaeleon-beim-fona-2018\/\" \/>\n<meta property=\"og:locale\" content=\"fr_FR\" \/>\n<meta property=\"og:type\" content=\"article\" \/>\n<meta property=\"og:title\" content=\"A nous Berlin! Cam\u00e4l\u00e9on au FONA 2018 - Lyc\u00e9e Franco-Allemand de Sarrebruck\" \/>\n<meta property=\"og:description\" content=\"Le samedi 24 novembre 2018, \u00e0 Berlin, a eu lieu le premier le Forum national des anciens \u00e9l\u00e8ves des lyc\u00e9es fran\u00e7ais en Allemagne auquel trois \u00e9l\u00e8ves de Cam\u00e4l\u00e9on (Kian Dier, Fabius Leibrock et moi-m\u00eame) avons \u00e9t\u00e9 invit\u00e9s afin de couvrir l&rsquo;\u00e9v\u00e8nement. Voici un r\u00e9sum\u00e9 de cette journ\u00e9e : 8h15 : &hellip;\" \/>\n<meta property=\"og:url\" content=\"https:\/\/dfg-lfa.org\/fr\/2018\/12\/auf-nach-berlin-camaeleon-beim-fona-2018\/\" \/>\n<meta property=\"og:site_name\" content=\"Lyc\u00e9e Franco-Allemand de Sarrebruck\" \/>\n<meta property=\"article:publisher\" content=\"https:\/\/www.facebook.com\/dfglfa\/\" \/>\n<meta property=\"article:published_time\" content=\"2018-12-09T23:33:11+00:00\" \/>\n<meta property=\"article:modified_time\" content=\"2025-05-02T20:26:34+00:00\" \/>\n<meta property=\"og:image\" content=\"https:\/\/dfg-lfa.org\/wp-content\/uploads\/20181124_090453.jpg\" \/>\n\t<meta property=\"og:image:width\" content=\"4032\" \/>\n\t<meta property=\"og:image:height\" content=\"3024\" \/>\n\t<meta property=\"og:image:type\" content=\"image\/jpeg\" \/>\n<meta name=\"author\" content=\"Administrator\" \/>\n<meta name=\"twitter:card\" content=\"summary_large_image\" \/>\n<meta name=\"twitter:creator\" content=\"@DFGLFA\" \/>\n<meta name=\"twitter:site\" content=\"@DFGLFA\" \/>\n<meta name=\"twitter:label1\" content=\"\u00c9crit par\" \/>\n\t<meta name=\"twitter:data1\" content=\"Administrator\" \/>\n\t<meta name=\"twitter:label2\" content=\"Dur\u00e9e de lecture estim\u00e9e\" \/>\n\t<meta name=\"twitter:data2\" content=\"6 minutes\" \/>\n<script type=\"application\/ld+json\" class=\"yoast-schema-graph\">{\"@context\":\"https:\\\/\\\/schema.org\",\"@graph\":[{\"@type\":\"Article\",\"@id\":\"https:\\\/\\\/dfg-lfa.org\\\/2018\\\/12\\\/auf-nach-berlin-camaeleon-beim-fona-2018\\\/#article\",\"isPartOf\":{\"@id\":\"https:\\\/\\\/dfg-lfa.org\\\/2018\\\/12\\\/auf-nach-berlin-camaeleon-beim-fona-2018\\\/\"},\"author\":{\"name\":\"Administrator\",\"@id\":\"https:\\\/\\\/dfg-lfa.org\\\/#\\\/schema\\\/person\\\/a8fe67fb1ec6d85c85d21daf2d68fa69\"},\"headline\":\"A nous Berlin! Cam\u00e4l\u00e9on au FONA 2018\",\"datePublished\":\"2018-12-09T23:33:11+00:00\",\"dateModified\":\"2025-05-02T20:26:34+00:00\",\"mainEntityOfPage\":{\"@id\":\"https:\\\/\\\/dfg-lfa.org\\\/2018\\\/12\\\/auf-nach-berlin-camaeleon-beim-fona-2018\\\/\"},\"wordCount\":1279,\"publisher\":{\"@id\":\"https:\\\/\\\/dfg-lfa.org\\\/#organization\"},\"image\":{\"@id\":\"https:\\\/\\\/dfg-lfa.org\\\/2018\\\/12\\\/auf-nach-berlin-camaeleon-beim-fona-2018\\\/#primaryimage\"},\"thumbnailUrl\":\"https:\\\/\\\/dfg-lfa.org\\\/wp-content\\\/uploads\\\/20181124_090453.jpg\",\"keywords\":[\"Berlin\",\"FONA 2018\"],\"articleSection\":[\"Cam\u00e4l\u00e9on\",\"\",\"\",\"Comp\u00e9tence m\u00e9diatique\"],\"inLanguage\":\"fr-FR\"},{\"@type\":\"WebPage\",\"@id\":\"https:\\\/\\\/dfg-lfa.org\\\/fr\\\/2018\\\/12\\\/auf-nach-berlin-camaeleon-beim-fona-2018\\\/\",\"url\":\"https:\\\/\\\/dfg-lfa.org\\\/fr\\\/2018\\\/12\\\/auf-nach-berlin-camaeleon-beim-fona-2018\\\/\",\"name\":\"A nous Berlin! Cam\u00e4l\u00e9on au FONA 2018 - Lyc\u00e9e Franco-Allemand de Sarrebruck\",\"isPartOf\":{\"@id\":\"https:\\\/\\\/dfg-lfa.org\\\/fr\\\/#website\"},\"primaryImageOfPage\":{\"@id\":\"https:\\\/\\\/dfg-lfa.org\\\/fr\\\/2018\\\/12\\\/auf-nach-berlin-camaeleon-beim-fona-2018\\\/#primaryimage\"},\"image\":{\"@id\":\"https:\\\/\\\/dfg-lfa.org\\\/2018\\\/12\\\/auf-nach-berlin-camaeleon-beim-fona-2018\\\/#primaryimage\"},\"thumbnailUrl\":\"https:\\\/\\\/dfg-lfa.org\\\/wp-content\\\/uploads\\\/20181124_090453.jpg\",\"datePublished\":\"2018-12-09T23:33:11+00:00\",\"dateModified\":\"2025-05-02T20:26:34+00:00\",\"breadcrumb\":{\"@id\":\"https:\\\/\\\/dfg-lfa.org\\\/fr\\\/2018\\\/12\\\/auf-nach-berlin-camaeleon-beim-fona-2018\\\/#breadcrumb\"},\"inLanguage\":\"fr-FR\",\"potentialAction\":[{\"@type\":\"ReadAction\",\"target\":[[\"https:\\\/\\\/dfg-lfa.org\\\/fr\\\/2018\\\/12\\\/auf-nach-berlin-camaeleon-beim-fona-2018\\\/\"]]}]},{\"@type\":\"ImageObject\",\"inLanguage\":\"fr-FR\",\"@id\":\"https:\\\/\\\/dfg-lfa.org\\\/fr\\\/2018\\\/12\\\/auf-nach-berlin-camaeleon-beim-fona-2018\\\/#primaryimage\",\"url\":\"https:\\\/\\\/dfg-lfa.org\\\/wp-content\\\/uploads\\\/20181124_090453.jpg\",\"contentUrl\":\"https:\\\/\\\/dfg-lfa.org\\\/wp-content\\\/uploads\\\/20181124_090453.jpg\",\"width\":4032,\"height\":3024,\"caption\":\"FONA 2018\"},{\"@type\":\"BreadcrumbList\",\"@id\":\"https:\\\/\\\/dfg-lfa.org\\\/fr\\\/2018\\\/12\\\/auf-nach-berlin-camaeleon-beim-fona-2018\\\/#breadcrumb\",\"itemListElement\":[{\"@type\":\"ListItem\",\"position\":1,\"name\":\"Startseite\",\"item\":\"https:\\\/\\\/dfg-lfa.org\\\/fr\\\/\"},{\"@type\":\"ListItem\",\"position\":2,\"name\":\"Auf nach Berlin! Cam\u00e4l\u00e9on beim FONA 2018\"}]},{\"@type\":\"WebSite\",\"@id\":\"https:\\\/\\\/dfg-lfa.org\\\/fr\\\/#website\",\"url\":\"https:\\\/\\\/dfg-lfa.org\\\/fr\\\/\",\"name\":\"Lyc\u00e9e Franco-Allemand de Sarrebruck\",\"description\":\"Einander begegnen \u2013 Avancer ensemble \u2013 We make Europe happen\",\"publisher\":{\"@id\":\"https:\\\/\\\/dfg-lfa.org\\\/fr\\\/#organization\"},\"potentialAction\":[{\"@type\":\"SearchAction\",\"target\":{\"@type\":\"EntryPoint\",\"urlTemplate\":\"https:\\\/\\\/dfg-lfa.org\\\/fr\\\/?s={search_term_string}\"},\"query-input\":{\"@type\":\"PropertyValueSpecification\",\"valueRequired\":true,\"valueName\":\"search_term_string\"}}],\"inLanguage\":\"fr-FR\"},{\"@type\":\"Organization\",\"@id\":\"https:\\\/\\\/dfg-lfa.org\\\/fr\\\/#organization\",\"name\":\"Deutsch-Franz\u00f6sisches Gymnasium Saarbr\u00fccken\",\"url\":\"https:\\\/\\\/dfg-lfa.org\\\/fr\\\/\",\"logo\":{\"@type\":\"ImageObject\",\"inLanguage\":\"fr-FR\",\"@id\":\"https:\\\/\\\/dfg-lfa.org\\\/fr\\\/#\\\/schema\\\/logo\\\/image\\\/\",\"url\":\"https:\\\/\\\/dfg-lfa.org\\\/wp-content\\\/uploads\\\/DFG-logo.png\",\"contentUrl\":\"https:\\\/\\\/dfg-lfa.org\\\/wp-content\\\/uploads\\\/DFG-logo.png\",\"width\":200,\"height\":77,\"caption\":\"Deutsch-Franz\u00f6sisches Gymnasium Saarbr\u00fccken\"},\"image\":{\"@id\":\"https:\\\/\\\/dfg-lfa.org\\\/fr\\\/#\\\/schema\\\/logo\\\/image\\\/\"},\"sameAs\":[\"https:\\\/\\\/www.facebook.com\\\/dfglfa\\\/\",\"https:\\\/\\\/x.com\\\/DFGLFA\",\"https:\\\/\\\/www.instagram.com\\\/dfg_lfa_saarbruecken\\\/\",\"https:\\\/\\\/www.youtube.com\\\/channel\\\/UCoxV4_gnJ3blV1U7iOjCV7w\\\/\",\"https:\\\/\\\/de.wikipedia.org\\\/wiki\\\/Deutsch-Franz\u00f6sisches_Gymnasium_in_Saarbr\u00fccken\"]},{\"@type\":\"Person\",\"@id\":\"https:\\\/\\\/dfg-lfa.org\\\/#\\\/schema\\\/person\\\/a8fe67fb1ec6d85c85d21daf2d68fa69\",\"name\":\"Administrator\"}]}<\/script>\n<!-- \/ Yoast SEO plugin. -->","yoast_head_json":{"title":"A nous Berlin! Cam\u00e4l\u00e9on au FONA 2018 - Lyc\u00e9e Franco-Allemand de Sarrebruck","robots":{"index":"index","follow":"follow","max-snippet":"max-snippet:-1","max-image-preview":"max-image-preview:large","max-video-preview":"max-video-preview:-1"},"canonical":"https:\/\/dfg-lfa.org\/fr\/2018\/12\/auf-nach-berlin-camaeleon-beim-fona-2018\/","og_locale":"fr_FR","og_type":"article","og_title":"A nous Berlin! Cam\u00e4l\u00e9on au FONA 2018 - Lyc\u00e9e Franco-Allemand de Sarrebruck","og_description":"Le samedi 24 novembre 2018, \u00e0 Berlin, a eu lieu le premier le Forum national des anciens \u00e9l\u00e8ves des lyc\u00e9es fran\u00e7ais en Allemagne auquel trois \u00e9l\u00e8ves de Cam\u00e4l\u00e9on (Kian Dier, Fabius Leibrock et moi-m\u00eame) avons \u00e9t\u00e9 invit\u00e9s afin de couvrir l&rsquo;\u00e9v\u00e8nement. Voici un r\u00e9sum\u00e9 de cette journ\u00e9e : 8h15 : &hellip;","og_url":"https:\/\/dfg-lfa.org\/fr\/2018\/12\/auf-nach-berlin-camaeleon-beim-fona-2018\/","og_site_name":"Lyc\u00e9e Franco-Allemand de Sarrebruck","article_publisher":"https:\/\/www.facebook.com\/dfglfa\/","article_published_time":"2018-12-09T23:33:11+00:00","article_modified_time":"2025-05-02T20:26:34+00:00","og_image":[{"width":4032,"height":3024,"url":"https:\/\/dfg-lfa.org\/wp-content\/uploads\/20181124_090453.jpg","type":"image\/jpeg"}],"author":"Administrator","twitter_card":"summary_large_image","twitter_creator":"@DFGLFA","twitter_site":"@DFGLFA","twitter_misc":{"\u00c9crit par":"Administrator","Dur\u00e9e de lecture estim\u00e9e":"6 minutes"},"schema":{"@context":"https:\/\/schema.org","@graph":[{"@type":"Article","@id":"https:\/\/dfg-lfa.org\/2018\/12\/auf-nach-berlin-camaeleon-beim-fona-2018\/#article","isPartOf":{"@id":"https:\/\/dfg-lfa.org\/2018\/12\/auf-nach-berlin-camaeleon-beim-fona-2018\/"},"author":{"name":"Administrator","@id":"https:\/\/dfg-lfa.org\/#\/schema\/person\/a8fe67fb1ec6d85c85d21daf2d68fa69"},"headline":"A nous Berlin! Cam\u00e4l\u00e9on au FONA 2018","datePublished":"2018-12-09T23:33:11+00:00","dateModified":"2025-05-02T20:26:34+00:00","mainEntityOfPage":{"@id":"https:\/\/dfg-lfa.org\/2018\/12\/auf-nach-berlin-camaeleon-beim-fona-2018\/"},"wordCount":1279,"publisher":{"@id":"https:\/\/dfg-lfa.org\/#organization"},"image":{"@id":"https:\/\/dfg-lfa.org\/2018\/12\/auf-nach-berlin-camaeleon-beim-fona-2018\/#primaryimage"},"thumbnailUrl":"https:\/\/dfg-lfa.org\/wp-content\/uploads\/20181124_090453.jpg","keywords":["Berlin","FONA 2018"],"articleSection":["Cam\u00e4l\u00e9on","","","Comp\u00e9tence m\u00e9diatique"],"inLanguage":"fr-FR"},{"@type":"WebPage","@id":"https:\/\/dfg-lfa.org\/fr\/2018\/12\/auf-nach-berlin-camaeleon-beim-fona-2018\/","url":"https:\/\/dfg-lfa.org\/fr\/2018\/12\/auf-nach-berlin-camaeleon-beim-fona-2018\/","name":"A nous Berlin! Cam\u00e4l\u00e9on au FONA 2018 - Lyc\u00e9e Franco-Allemand de Sarrebruck","isPartOf":{"@id":"https:\/\/dfg-lfa.org\/fr\/#website"},"primaryImageOfPage":{"@id":"https:\/\/dfg-lfa.org\/fr\/2018\/12\/auf-nach-berlin-camaeleon-beim-fona-2018\/#primaryimage"},"image":{"@id":"https:\/\/dfg-lfa.org\/2018\/12\/auf-nach-berlin-camaeleon-beim-fona-2018\/#primaryimage"},"thumbnailUrl":"https:\/\/dfg-lfa.org\/wp-content\/uploads\/20181124_090453.jpg","datePublished":"2018-12-09T23:33:11+00:00","dateModified":"2025-05-02T20:26:34+00:00","breadcrumb":{"@id":"https:\/\/dfg-lfa.org\/fr\/2018\/12\/auf-nach-berlin-camaeleon-beim-fona-2018\/#breadcrumb"},"inLanguage":"fr-FR","potentialAction":[{"@type":"ReadAction","target":[["https:\/\/dfg-lfa.org\/fr\/2018\/12\/auf-nach-berlin-camaeleon-beim-fona-2018\/"]]}]},{"@type":"ImageObject","inLanguage":"fr-FR","@id":"https:\/\/dfg-lfa.org\/fr\/2018\/12\/auf-nach-berlin-camaeleon-beim-fona-2018\/#primaryimage","url":"https:\/\/dfg-lfa.org\/wp-content\/uploads\/20181124_090453.jpg","contentUrl":"https:\/\/dfg-lfa.org\/wp-content\/uploads\/20181124_090453.jpg","width":4032,"height":3024,"caption":"FONA 2018"},{"@type":"BreadcrumbList","@id":"https:\/\/dfg-lfa.org\/fr\/2018\/12\/auf-nach-berlin-camaeleon-beim-fona-2018\/#breadcrumb","itemListElement":[{"@type":"ListItem","position":1,"name":"Startseite","item":"https:\/\/dfg-lfa.org\/fr\/"},{"@type":"ListItem","position":2,"name":"Auf nach Berlin! Cam\u00e4l\u00e9on beim FONA 2018"}]},{"@type":"WebSite","@id":"https:\/\/dfg-lfa.org\/fr\/#website","url":"https:\/\/dfg-lfa.org\/fr\/","name":"Lyc\u00e9e Franco-Allemand de Sarrebruck","description":"Einander begegnen \u2013 Avancer ensemble \u2013 We make Europe happen","publisher":{"@id":"https:\/\/dfg-lfa.org\/fr\/#organization"},"potentialAction":[{"@type":"SearchAction","target":{"@type":"EntryPoint","urlTemplate":"https:\/\/dfg-lfa.org\/fr\/?s={search_term_string}"},"query-input":{"@type":"PropertyValueSpecification","valueRequired":true,"valueName":"search_term_string"}}],"inLanguage":"fr-FR"},{"@type":"Organization","@id":"https:\/\/dfg-lfa.org\/fr\/#organization","name":"Deutsch-Franz\u00f6sisches Gymnasium Saarbr\u00fccken","url":"https:\/\/dfg-lfa.org\/fr\/","logo":{"@type":"ImageObject","inLanguage":"fr-FR","@id":"https:\/\/dfg-lfa.org\/fr\/#\/schema\/logo\/image\/","url":"https:\/\/dfg-lfa.org\/wp-content\/uploads\/DFG-logo.png","contentUrl":"https:\/\/dfg-lfa.org\/wp-content\/uploads\/DFG-logo.png","width":200,"height":77,"caption":"Deutsch-Franz\u00f6sisches Gymnasium Saarbr\u00fccken"},"image":{"@id":"https:\/\/dfg-lfa.org\/fr\/#\/schema\/logo\/image\/"},"sameAs":["https:\/\/www.facebook.com\/dfglfa\/","https:\/\/x.com\/DFGLFA","https:\/\/www.instagram.com\/dfg_lfa_saarbruecken\/","https:\/\/www.youtube.com\/channel\/UCoxV4_gnJ3blV1U7iOjCV7w\/","https:\/\/de.wikipedia.org\/wiki\/Deutsch-Franz\u00f6sisches_Gymnasium_in_Saarbr\u00fccken"]},{"@type":"Person","@id":"https:\/\/dfg-lfa.org\/#\/schema\/person\/a8fe67fb1ec6d85c85d21daf2d68fa69","name":"Administrator"}]}},"_links":{"self":[{"href":"https:\/\/dfg-lfa.org\/fr\/wp-json\/wp\/v2\/posts\/45778","targetHints":{"allow":["GET"]}}],"collection":[{"href":"https:\/\/dfg-lfa.org\/fr\/wp-json\/wp\/v2\/posts"}],"about":[{"href":"https:\/\/dfg-lfa.org\/fr\/wp-json\/wp\/v2\/types\/post"}],"author":[{"embeddable":true,"href":"https:\/\/dfg-lfa.org\/fr\/wp-json\/wp\/v2\/users\/2"}],"replies":[{"embeddable":true,"href":"https:\/\/dfg-lfa.org\/fr\/wp-json\/wp\/v2\/comments?post=45778"}],"version-history":[{"count":1,"href":"https:\/\/dfg-lfa.org\/fr\/wp-json\/wp\/v2\/posts\/45778\/revisions"}],"predecessor-version":[{"id":67515,"href":"https:\/\/dfg-lfa.org\/fr\/wp-json\/wp\/v2\/posts\/45778\/revisions\/67515"}],"wp:featuredmedia":[{"embeddable":true,"href":"https:\/\/dfg-lfa.org\/fr\/wp-json\/wp\/v2\/media\/45779"}],"wp:attachment":[{"href":"https:\/\/dfg-lfa.org\/fr\/wp-json\/wp\/v2\/media?parent=45778"}],"wp:term":[{"taxonomy":"category","embeddable":true,"href":"https:\/\/dfg-lfa.org\/fr\/wp-json\/wp\/v2\/categories?post=45778"},{"taxonomy":"post_tag","embeddable":true,"href":"https:\/\/dfg-lfa.org\/fr\/wp-json\/wp\/v2\/tags?post=45778"}],"curies":[{"name":"wp","href":"https:\/\/api.w.org\/{rel}","templated":true}]}}