{"id":48363,"date":"2019-11-05T21:08:36","date_gmt":"2019-11-05T20:08:36","guid":{"rendered":"https:\/\/dfg-lfa.org\/?p=48363"},"modified":"2019-11-17T18:08:30","modified_gmt":"2019-11-17T17:08:30","slug":"die-tennismaedchen-des-dfg-beim-97-bundesfinale-jugend-trainiert-fuer-olympia-in-berlin-2019","status":"publish","type":"post","link":"https:\/\/dfg-lfa.org\/fr\/2019\/11\/die-tennismaedchen-des-dfg-beim-97-bundesfinale-jugend-trainiert-fuer-olympia-in-berlin-2019\/","title":{"rendered":"Les joueuses de tennis du LFA \u00e0 la 97\u00e8me finale nationale \u201eJugend trainiert f\u00fcr Olympia\u201c \u00e0 Berlin"},"content":{"rendered":"<p><img loading=\"lazy\" decoding=\"async\" class=\"alignleft size-medium wp-image-48371\" src=\"https:\/\/dfg-lfa.org\/wp-content\/uploads\/IMG_2368-225x300.jpg\" alt=\"Die Tennism\u00e4dchen des DFG beim 97. Bundesfinale \u201eJugend trainiert f\u00fcr Olympia\u201c in Berlin 2019\" width=\"225\" height=\"300\" srcset=\"https:\/\/dfg-lfa.org\/wp-content\/uploads\/IMG_2368-225x300.jpg 225w, https:\/\/dfg-lfa.org\/wp-content\/uploads\/IMG_2368-113x150.jpg 113w, https:\/\/dfg-lfa.org\/wp-content\/uploads\/IMG_2368-768x1024.jpg 768w, https:\/\/dfg-lfa.org\/wp-content\/uploads\/IMG_2368-443x590.jpg 443w, https:\/\/dfg-lfa.org\/wp-content\/uploads\/IMG_2368.jpg 1000w\" sizes=\"auto, (max-width: 225px) 100vw, 225px\" \/>Apr\u00e8s les grands succ\u00e8s des \u00e9quipes de tennis du LFA dans les ann\u00e9es 1996-2001 (avec plusieurs podiums lors des finales nationales), c&rsquo;est le lyc\u00e9e am Rotenb\u00fchl qui a domin\u00e9 ces derni\u00e8res ann\u00e9es dans cette discipline sportive : c&rsquo;est de ce lyc\u00e9e qu&rsquo;\u00e9taient issus les champions de tennis vainqueurs au niveau du Land de la Sarre et parfois m\u00eame au niveau national. Nous nous sommes donc tout particuli\u00e8rement r\u00e9jouis ,au LFA, de la constitution , au cours de ces deux derni\u00e8res ann\u00e9es, d&rsquo;une \u00e9quipe de tennis capable de rivaliser avec le lyc\u00e9e am Rotenb\u00fchl et m\u00eame de remporter souverainement les championnats r\u00e9gionaux durant l&rsquo;\u00e9t\u00e9 2019.<\/p>\n<p>Les 6 filles du LFA&nbsp; (WK 3 , ann\u00e9es de naissance 2004-2007) ont montr\u00e9 leur sup\u00e9riorit\u00e9 sur les 3 \u00e9quipes adverses au niveau r\u00e9gional et ont ainsi pu se qualifier haut la main pour la finale nationale \u00e0 Berlin. La jeune \u00e9quipe &#8211; constitu\u00e9e des \u00e9l\u00e8ves Margaux Tulet-Jost, Cosima Bill, Fabienne Lahn, Sophie Sch\u00e4fer, Lisa Duchemin et Julia Sch\u00e4fer- avait d\u00e9j\u00e0 domin\u00e9 ,ces deux derni\u00e8res ann\u00e9es, dans la cat\u00e9gorie des plus jeunes (WK4),&nbsp; le championnat qui ne se d\u00e9roulait qu&rsquo;au niveau r\u00e9gional.&nbsp; C&rsquo;est la raison pour laquelle nous r\u00eavions de la finale \u00e0 Berlin, tout en sachant que nos&nbsp; joueuses, n\u00e9es en 2006\/2007, auraient \u00e0 affronter des adversaires en g\u00e9n\u00e9ral deux ans plus \u00e2g\u00e9es qu&rsquo;elles !<\/p>\n<p><img loading=\"lazy\" decoding=\"async\" class=\"alignright size-medium wp-image-48372\" src=\"https:\/\/dfg-lfa.org\/wp-content\/uploads\/IMG_2327-300x214.jpg\" alt=\"Die Tennism\u00e4dchen des DFG beim 97. Bundesfinale \u201eJugend trainiert f\u00fcr Olympia\u201c in Berlin 2019\" width=\"300\" height=\"214\" srcset=\"https:\/\/dfg-lfa.org\/wp-content\/uploads\/IMG_2327-300x214.jpg 300w, https:\/\/dfg-lfa.org\/wp-content\/uploads\/IMG_2327-150x107.jpg 150w, https:\/\/dfg-lfa.org\/wp-content\/uploads\/IMG_2327-768x547.jpg 768w, https:\/\/dfg-lfa.org\/wp-content\/uploads\/IMG_2327-590x420.jpg 590w, https:\/\/dfg-lfa.org\/wp-content\/uploads\/IMG_2327.jpg 1000w\" sizes=\"auto, (max-width: 300px) 100vw, 300px\" \/>Le premier moment fort de l&rsquo;aventure berlinoise nous attendait d\u00e9j\u00e0 lors du d\u00e9part, \u00e0 la gare de Sarrebruck:&nbsp; &nbsp; &nbsp; la Saarl\u00e4ndische Rundfunk avait pr\u00e9vu d&rsquo;interviewer les joueuses dans le cadre d&rsquo;un long reportage diffus\u00e9 \u00e0 l&rsquo;occasion des 50 ans de \u201eJugend trainiert f\u00fcr Olympia\u201c.<\/p>\n<p>A Berlin, c&rsquo;\u00e9taient 4 longs jours d&rsquo;un championnat a priori difficile qui attendaient les filles . Contrairement \u00e0 d&rsquo;autres disciplines sportives, le tennis ne laisse gu\u00e8re de temps aux joueurs pour fl\u00e2ner en ville et d\u00e9couvrir la capitale. Les filles ont donc pass\u00e9 la semaine entre le complexe de tennis (qui \u00e9tait quand m\u00eame le club renomm\u00e9 Blau Weiss), les transports en commun et l&rsquo;h\u00f4tel.<\/p>\n<p><img loading=\"lazy\" decoding=\"async\" class=\"alignleft size-medium wp-image-48373\" src=\"https:\/\/dfg-lfa.org\/wp-content\/uploads\/IMG_2342-225x300.jpg\" alt=\"\" width=\"225\" height=\"300\" srcset=\"https:\/\/dfg-lfa.org\/wp-content\/uploads\/IMG_2342-225x300.jpg 225w, https:\/\/dfg-lfa.org\/wp-content\/uploads\/IMG_2342-113x150.jpg 113w, https:\/\/dfg-lfa.org\/wp-content\/uploads\/IMG_2342-768x1024.jpg 768w, https:\/\/dfg-lfa.org\/wp-content\/uploads\/IMG_2342-443x590.jpg 443w, https:\/\/dfg-lfa.org\/wp-content\/uploads\/IMG_2342.jpg 1000w\" sizes=\"auto, (max-width: 225px) 100vw, 225px\" \/>Le tirage au sort pour les huiti\u00e8mes de finale \u00e9tait plut\u00f4t d\u00e9favorable \u00e0 nos joueuses puisqu&rsquo;elles devaient affronter la Bavi\u00e8re (le lyc\u00e9e Bernhard Strigel de Memmingen). Tous les jeux en simple ont commenc\u00e9 de fa\u00e7on \u00e9quilibr\u00e9e et captivante.&nbsp;Sophie est parvenue \u00e0 placer son \u00e9quipe en t\u00eate, Fabienne et Cosima ont fait de m\u00eame; seule Margaux a d\u00fb s&rsquo;incliner devant son adversaire bavaroise. Les doubles devaient donc trancher. Apr\u00e8s une l\u00e9g\u00e8re d\u00e9faite en double de Margaux et Lisa, Fabienne et Cosima sont parvenues \u00e0 s&rsquo;imposer dans le deuxi\u00e8me double sur un score final de 9:7 \u2013 l&rsquo;\u00e9quipe du LFA \u00e9tait donc qualifi\u00e9e pour les quarts de finale ! Une victoire contre la Bavi\u00e8re est une performance incroyable pour les \u00e9quipes sarroises : nous nous retrouvions parmi les 8 meilleures \u00e9quipes d&rsquo;Allemagne!<\/p>\n<p>Le deuxi\u00e8me jour ont eu lieu, dans le stade olympique de Berlin, les festivit\u00e9s \u00e0 l&rsquo;occasion du 50\u00e8me anniversaire de \u201eJugend trainiert\u201c ! Vu que nos joueurs de tennis et nos triathl\u00e8tes \u00e9taient arriv\u00e9s t\u00f4t, ils ont eu le droit de porter le drapeau de la Sarre et de prendre la t\u00eate du cort\u00e8ge des 300 athl\u00e8tes sarrois lors de l&rsquo;entr\u00e9e dans le stade!&nbsp;La nouvelle ministre sarroise de l&rsquo;\u00e9ducation, Christine Streichert-Clivot, s&rsquo;est m\u00eame jointe \u00e0 nous.<\/p>\n<div id='gallery-4' class='gallery galleryid-48363 gallery-columns-3 gallery-size-medium'><figure class='gallery-item'>\n\t\t\t<div class='gallery-icon landscape'>\n\t\t\t\t<a href='https:\/\/dfg-lfa.org\/wp-content\/uploads\/VVWV6434.jpg'><img loading=\"lazy\" decoding=\"async\" width=\"300\" height=\"190\" src=\"https:\/\/dfg-lfa.org\/wp-content\/uploads\/VVWV6434-300x190.jpg\" class=\"attachment-medium size-medium\" alt=\"\" srcset=\"https:\/\/dfg-lfa.org\/wp-content\/uploads\/VVWV6434-300x190.jpg 300w, https:\/\/dfg-lfa.org\/wp-content\/uploads\/VVWV6434-150x95.jpg 150w, https:\/\/dfg-lfa.org\/wp-content\/uploads\/VVWV6434-590x374.jpg 590w, https:\/\/dfg-lfa.org\/wp-content\/uploads\/VVWV6434.jpg 700w\" sizes=\"auto, (max-width: 300px) 100vw, 300px\" \/><\/a>\n\t\t\t<\/div><\/figure><figure class='gallery-item'>\n\t\t\t<div class='gallery-icon landscape'>\n\t\t\t\t<a href='https:\/\/dfg-lfa.org\/wp-content\/uploads\/VVCS5906.jpg'><img loading=\"lazy\" decoding=\"async\" width=\"300\" height=\"190\" src=\"https:\/\/dfg-lfa.org\/wp-content\/uploads\/VVCS5906-300x190.jpg\" class=\"attachment-medium size-medium\" alt=\"\" srcset=\"https:\/\/dfg-lfa.org\/wp-content\/uploads\/VVCS5906-300x190.jpg 300w, https:\/\/dfg-lfa.org\/wp-content\/uploads\/VVCS5906-150x95.jpg 150w, https:\/\/dfg-lfa.org\/wp-content\/uploads\/VVCS5906-590x374.jpg 590w, https:\/\/dfg-lfa.org\/wp-content\/uploads\/VVCS5906.jpg 700w\" sizes=\"auto, (max-width: 300px) 100vw, 300px\" \/><\/a>\n\t\t\t<\/div><\/figure><figure class='gallery-item'>\n\t\t\t<div class='gallery-icon landscape'>\n\t\t\t\t<a href='https:\/\/dfg-lfa.org\/wp-content\/uploads\/PXMC3594.jpg'><img loading=\"lazy\" decoding=\"async\" width=\"300\" height=\"190\" src=\"https:\/\/dfg-lfa.org\/wp-content\/uploads\/PXMC3594-300x190.jpg\" class=\"attachment-medium size-medium\" alt=\"\" srcset=\"https:\/\/dfg-lfa.org\/wp-content\/uploads\/PXMC3594-300x190.jpg 300w, https:\/\/dfg-lfa.org\/wp-content\/uploads\/PXMC3594-150x95.jpg 150w, https:\/\/dfg-lfa.org\/wp-content\/uploads\/PXMC3594-590x374.jpg 590w, https:\/\/dfg-lfa.org\/wp-content\/uploads\/PXMC3594.jpg 700w\" sizes=\"auto, (max-width: 300px) 100vw, 300px\" \/><\/a>\n\t\t\t<\/div><\/figure><figure class='gallery-item'>\n\t\t\t<div class='gallery-icon landscape'>\n\t\t\t\t<a href='https:\/\/dfg-lfa.org\/wp-content\/uploads\/NZDG1248.jpg'><img loading=\"lazy\" decoding=\"async\" width=\"300\" height=\"190\" src=\"https:\/\/dfg-lfa.org\/wp-content\/uploads\/NZDG1248-300x190.jpg\" class=\"attachment-medium size-medium\" alt=\"\" srcset=\"https:\/\/dfg-lfa.org\/wp-content\/uploads\/NZDG1248-300x190.jpg 300w, https:\/\/dfg-lfa.org\/wp-content\/uploads\/NZDG1248-150x95.jpg 150w, https:\/\/dfg-lfa.org\/wp-content\/uploads\/NZDG1248-590x374.jpg 590w, https:\/\/dfg-lfa.org\/wp-content\/uploads\/NZDG1248.jpg 700w\" sizes=\"auto, (max-width: 300px) 100vw, 300px\" \/><\/a>\n\t\t\t<\/div><\/figure><figure class='gallery-item'>\n\t\t\t<div class='gallery-icon landscape'>\n\t\t\t\t<a href='https:\/\/dfg-lfa.org\/wp-content\/uploads\/MXLE6802.jpg'><img loading=\"lazy\" decoding=\"async\" width=\"300\" height=\"190\" src=\"https:\/\/dfg-lfa.org\/wp-content\/uploads\/MXLE6802-300x190.jpg\" class=\"attachment-medium size-medium\" alt=\"\" srcset=\"https:\/\/dfg-lfa.org\/wp-content\/uploads\/MXLE6802-300x190.jpg 300w, https:\/\/dfg-lfa.org\/wp-content\/uploads\/MXLE6802-150x95.jpg 150w, https:\/\/dfg-lfa.org\/wp-content\/uploads\/MXLE6802-590x374.jpg 590w, https:\/\/dfg-lfa.org\/wp-content\/uploads\/MXLE6802.jpg 700w\" sizes=\"auto, (max-width: 300px) 100vw, 300px\" \/><\/a>\n\t\t\t<\/div><\/figure><figure class='gallery-item'>\n\t\t\t<div class='gallery-icon landscape'>\n\t\t\t\t<a href='https:\/\/dfg-lfa.org\/wp-content\/uploads\/LUYU3360.jpg'><img loading=\"lazy\" decoding=\"async\" width=\"300\" height=\"190\" src=\"https:\/\/dfg-lfa.org\/wp-content\/uploads\/LUYU3360-300x190.jpg\" class=\"attachment-medium size-medium\" alt=\"\" srcset=\"https:\/\/dfg-lfa.org\/wp-content\/uploads\/LUYU3360-300x190.jpg 300w, https:\/\/dfg-lfa.org\/wp-content\/uploads\/LUYU3360-150x95.jpg 150w, https:\/\/dfg-lfa.org\/wp-content\/uploads\/LUYU3360-590x374.jpg 590w, https:\/\/dfg-lfa.org\/wp-content\/uploads\/LUYU3360.jpg 700w\" sizes=\"auto, (max-width: 300px) 100vw, 300px\" \/><\/a>\n\t\t\t<\/div><\/figure><figure class='gallery-item'>\n\t\t\t<div class='gallery-icon landscape'>\n\t\t\t\t<a href='https:\/\/dfg-lfa.org\/wp-content\/uploads\/IMG_2442.jpg'><img loading=\"lazy\" decoding=\"async\" width=\"300\" height=\"190\" src=\"https:\/\/dfg-lfa.org\/wp-content\/uploads\/IMG_2442-300x190.jpg\" class=\"attachment-medium size-medium\" alt=\"\" srcset=\"https:\/\/dfg-lfa.org\/wp-content\/uploads\/IMG_2442-300x190.jpg 300w, https:\/\/dfg-lfa.org\/wp-content\/uploads\/IMG_2442-150x95.jpg 150w, https:\/\/dfg-lfa.org\/wp-content\/uploads\/IMG_2442-590x374.jpg 590w, https:\/\/dfg-lfa.org\/wp-content\/uploads\/IMG_2442.jpg 700w\" sizes=\"auto, (max-width: 300px) 100vw, 300px\" \/><\/a>\n\t\t\t<\/div><\/figure><figure class='gallery-item'>\n\t\t\t<div class='gallery-icon landscape'>\n\t\t\t\t<a href='https:\/\/dfg-lfa.org\/wp-content\/uploads\/IMG_2407.jpg'><img loading=\"lazy\" decoding=\"async\" width=\"300\" height=\"190\" src=\"https:\/\/dfg-lfa.org\/wp-content\/uploads\/IMG_2407-300x190.jpg\" class=\"attachment-medium size-medium\" alt=\"\" srcset=\"https:\/\/dfg-lfa.org\/wp-content\/uploads\/IMG_2407-300x190.jpg 300w, https:\/\/dfg-lfa.org\/wp-content\/uploads\/IMG_2407-150x95.jpg 150w, https:\/\/dfg-lfa.org\/wp-content\/uploads\/IMG_2407-590x374.jpg 590w, https:\/\/dfg-lfa.org\/wp-content\/uploads\/IMG_2407.jpg 700w\" sizes=\"auto, (max-width: 300px) 100vw, 300px\" \/><\/a>\n\t\t\t<\/div><\/figure><figure class='gallery-item'>\n\t\t\t<div class='gallery-icon landscape'>\n\t\t\t\t<a href='https:\/\/dfg-lfa.org\/wp-content\/uploads\/IMG_2380.jpg'><img loading=\"lazy\" decoding=\"async\" width=\"300\" height=\"190\" src=\"https:\/\/dfg-lfa.org\/wp-content\/uploads\/IMG_2380-300x190.jpg\" class=\"attachment-medium size-medium\" alt=\"\" srcset=\"https:\/\/dfg-lfa.org\/wp-content\/uploads\/IMG_2380-300x190.jpg 300w, https:\/\/dfg-lfa.org\/wp-content\/uploads\/IMG_2380-150x95.jpg 150w, https:\/\/dfg-lfa.org\/wp-content\/uploads\/IMG_2380-590x374.jpg 590w, https:\/\/dfg-lfa.org\/wp-content\/uploads\/IMG_2380.jpg 700w\" sizes=\"auto, (max-width: 300px) 100vw, 300px\" \/><\/a>\n\t\t\t<\/div><\/figure><figure class='gallery-item'>\n\t\t\t<div class='gallery-icon landscape'>\n\t\t\t\t<a href='https:\/\/dfg-lfa.org\/wp-content\/uploads\/EYDD7526.jpg'><img loading=\"lazy\" decoding=\"async\" width=\"300\" height=\"190\" src=\"https:\/\/dfg-lfa.org\/wp-content\/uploads\/EYDD7526-300x190.jpg\" class=\"attachment-medium size-medium\" alt=\"\" srcset=\"https:\/\/dfg-lfa.org\/wp-content\/uploads\/EYDD7526-300x190.jpg 300w, https:\/\/dfg-lfa.org\/wp-content\/uploads\/EYDD7526-150x95.jpg 150w, https:\/\/dfg-lfa.org\/wp-content\/uploads\/EYDD7526-590x374.jpg 590w, https:\/\/dfg-lfa.org\/wp-content\/uploads\/EYDD7526.jpg 700w\" sizes=\"auto, (max-width: 300px) 100vw, 300px\" \/><\/a>\n\t\t\t<\/div><\/figure><figure class='gallery-item'>\n\t\t\t<div class='gallery-icon landscape'>\n\t\t\t\t<a href='https:\/\/dfg-lfa.org\/wp-content\/uploads\/EVHK5836.jpg'><img loading=\"lazy\" decoding=\"async\" width=\"300\" height=\"190\" src=\"https:\/\/dfg-lfa.org\/wp-content\/uploads\/EVHK5836-300x190.jpg\" class=\"attachment-medium size-medium\" alt=\"\" srcset=\"https:\/\/dfg-lfa.org\/wp-content\/uploads\/EVHK5836-300x190.jpg 300w, https:\/\/dfg-lfa.org\/wp-content\/uploads\/EVHK5836-150x95.jpg 150w, https:\/\/dfg-lfa.org\/wp-content\/uploads\/EVHK5836-590x374.jpg 590w, https:\/\/dfg-lfa.org\/wp-content\/uploads\/EVHK5836.jpg 700w\" sizes=\"auto, (max-width: 300px) 100vw, 300px\" \/><\/a>\n\t\t\t<\/div><\/figure><figure class='gallery-item'>\n\t\t\t<div class='gallery-icon landscape'>\n\t\t\t\t<a href='https:\/\/dfg-lfa.org\/wp-content\/uploads\/72241799_3012290522177877_1381280732437020672_o.jpg'><img loading=\"lazy\" decoding=\"async\" width=\"300\" height=\"190\" src=\"https:\/\/dfg-lfa.org\/wp-content\/uploads\/72241799_3012290522177877_1381280732437020672_o-300x190.jpg\" class=\"attachment-medium size-medium\" alt=\"\" srcset=\"https:\/\/dfg-lfa.org\/wp-content\/uploads\/72241799_3012290522177877_1381280732437020672_o-300x190.jpg 300w, https:\/\/dfg-lfa.org\/wp-content\/uploads\/72241799_3012290522177877_1381280732437020672_o-150x95.jpg 150w, https:\/\/dfg-lfa.org\/wp-content\/uploads\/72241799_3012290522177877_1381280732437020672_o-590x374.jpg 590w, https:\/\/dfg-lfa.org\/wp-content\/uploads\/72241799_3012290522177877_1381280732437020672_o.jpg 700w\" sizes=\"auto, (max-width: 300px) 100vw, 300px\" \/><\/a>\n\t\t\t<\/div><\/figure>\n\t\t<\/div>\n\n<p>Diff\u00e9rents moments forts se sont succ\u00e9d\u00e9s: apr\u00e8s l&rsquo;imposant d\u00e9fil\u00e9 des \u00e9quipes ( 5 000 participants en tout!), la flamme olympique a \u00e9t\u00e9 amen\u00e9e dans le stade par des porte-flambeaux pour y \u00eatre&nbsp; allum\u00e9e. Le pr\u00e9sident de la R\u00e9publique f\u00e9d\u00e9rale, Frank-Walter Steinmeier, a adress\u00e9 des mots forts aux jeunes qui \u00e9taient pr\u00e9sents puis divers spectacles ont suivi. Bref, un \u00e9v\u00e9nement impressionnant, comme il n&rsquo;y en avait jamais eu auparavant et comme il n&rsquo;y en aura probablement jamais plus!!! Alors que les autres sportifs pouvaient savourer une journ\u00e9e libre \u00e0 Berlin apr\u00e8s les festivit\u00e9s, les joueurs de tennis ont malheureusement d\u00fb regagner rapidement leur h\u00f4tel pour \u00eatre en forme pour leur prochain match. Pas simple lorsque soudain le train est arr\u00eat\u00e9 \u00e0 cause d&rsquo;une intervention des pompiers et qu&rsquo;on doit trouver un trajet alternatif en bus!<\/p>\n<p>En quart de finale, l&rsquo;\u00e9quipe du LFA a d\u00fb encaisser une lourde d\u00e9faite face aux talentueuses joueuses du&nbsp; Baden-W\u00fcrttemberg (lyc\u00e9e Otto Hahn de Ludwigsburg) . D\u00e9j\u00e0 \u00e0 cet instant-l\u00e0, on pouvait deviner que nos meilleures joueuses devraient affronter en simples des filles nettement plus \u00e2g\u00e9es qu&rsquo;elles, qui pratiquaient le tennis en quasi semi-professionelles, et contre lesquelles elles ne pouvaient pas encore rivaliser.<\/p>\n<p>Le troisi\u00e8me jour, il fallait affronter l&rsquo;\u00e9quipe de Hessen et \u00e0 nouveau se lever t\u00f4t, prendre le petit-d\u00e9jeuner , marcher jusqu&rsquo;au m\u00e9tro, puis , apr\u00e8s l&rsquo;avoir pris, se d\u00e9p\u00eacher pour prendre le bus am Kurf\u00fcrstendamm (pour avoir encore du temps pour s&rsquo;\u00e9chauffer) , y trouver une place avec tout le paquetage , en redescendre pour prendre un deuxi\u00e8me bus et enfin marcher encore 10 mns jusqu&rsquo;aux courts. Et le soir, rebelote pour rentrer jusqu&rsquo;\u00e0 l&rsquo;h\u00f4tel, o\u00f9 nous attendait le d\u00eener ! Bravo \u00e0 toute l&rsquo;\u00e9quipe: pas un seul rat\u00e9 \u00e0 d\u00e9plorer de toute la semaine !!!<\/p>\n<div id='gallery-5' class='gallery galleryid-48363 gallery-columns-3 gallery-size-medium'><figure class='gallery-item'>\n\t\t\t<div class='gallery-icon landscape'>\n\t\t\t\t<a href='https:\/\/dfg-lfa.org\/wp-content\/uploads\/Jugendtrainiert_Herbstfinale2019_Berlin_Sophie-Sch\u00e4fer.jpg'><img loading=\"lazy\" decoding=\"async\" width=\"300\" height=\"214\" src=\"https:\/\/dfg-lfa.org\/wp-content\/uploads\/Jugendtrainiert_Herbstfinale2019_Berlin_Sophie-Sch\u00e4fer-300x214.jpg\" class=\"attachment-medium size-medium\" alt=\"\" srcset=\"https:\/\/dfg-lfa.org\/wp-content\/uploads\/Jugendtrainiert_Herbstfinale2019_Berlin_Sophie-Sch\u00e4fer-300x214.jpg 300w, https:\/\/dfg-lfa.org\/wp-content\/uploads\/Jugendtrainiert_Herbstfinale2019_Berlin_Sophie-Sch\u00e4fer-150x107.jpg 150w, https:\/\/dfg-lfa.org\/wp-content\/uploads\/Jugendtrainiert_Herbstfinale2019_Berlin_Sophie-Sch\u00e4fer-768x547.jpg 768w, https:\/\/dfg-lfa.org\/wp-content\/uploads\/Jugendtrainiert_Herbstfinale2019_Berlin_Sophie-Sch\u00e4fer-590x420.jpg 590w, https:\/\/dfg-lfa.org\/wp-content\/uploads\/Jugendtrainiert_Herbstfinale2019_Berlin_Sophie-Sch\u00e4fer.jpg 1000w\" sizes=\"auto, (max-width: 300px) 100vw, 300px\" \/><\/a>\n\t\t\t<\/div><\/figure><figure class='gallery-item'>\n\t\t\t<div class='gallery-icon landscape'>\n\t\t\t\t<a href='https:\/\/dfg-lfa.org\/wp-content\/uploads\/Text-02.jpg'><img loading=\"lazy\" decoding=\"async\" width=\"300\" height=\"214\" src=\"https:\/\/dfg-lfa.org\/wp-content\/uploads\/Text-02-300x214.jpg\" class=\"attachment-medium size-medium\" alt=\"\" srcset=\"https:\/\/dfg-lfa.org\/wp-content\/uploads\/Text-02-300x214.jpg 300w, https:\/\/dfg-lfa.org\/wp-content\/uploads\/Text-02-150x107.jpg 150w, https:\/\/dfg-lfa.org\/wp-content\/uploads\/Text-02-768x547.jpg 768w, https:\/\/dfg-lfa.org\/wp-content\/uploads\/Text-02-590x420.jpg 590w, https:\/\/dfg-lfa.org\/wp-content\/uploads\/Text-02.jpg 1000w\" sizes=\"auto, (max-width: 300px) 100vw, 300px\" \/><\/a>\n\t\t\t<\/div><\/figure><figure class='gallery-item'>\n\t\t\t<div class='gallery-icon landscape'>\n\t\t\t\t<a href='https:\/\/dfg-lfa.org\/wp-content\/uploads\/Text-03.jpg'><img loading=\"lazy\" decoding=\"async\" width=\"300\" height=\"214\" src=\"https:\/\/dfg-lfa.org\/wp-content\/uploads\/Text-03-300x214.jpg\" class=\"attachment-medium size-medium\" alt=\"\" srcset=\"https:\/\/dfg-lfa.org\/wp-content\/uploads\/Text-03-300x214.jpg 300w, https:\/\/dfg-lfa.org\/wp-content\/uploads\/Text-03-150x107.jpg 150w, https:\/\/dfg-lfa.org\/wp-content\/uploads\/Text-03-768x547.jpg 768w, https:\/\/dfg-lfa.org\/wp-content\/uploads\/Text-03-590x420.jpg 590w, https:\/\/dfg-lfa.org\/wp-content\/uploads\/Text-03.jpg 1000w\" sizes=\"auto, (max-width: 300px) 100vw, 300px\" \/><\/a>\n\t\t\t<\/div><\/figure>\n\t\t<\/div>\n\n<p>La Hesse (L&rsquo;\u00e9cole Rabanus Maurus de Fulda) s&rsquo;est av\u00e9r\u00e9e \u00eatre, comme nous l&rsquo;attendions, un adversaire difficile. A nouveau, les deux joueuses de t\u00eate se sont r\u00e9v\u00e9l\u00e9 \u00eatre trop fortes, mais Fabienne et Sophie ont pu , gr\u00e2ce \u00e0 leurs victoires, garder un espoir. Et vu que les deux \u00e9quipes ont pu gagner chacune un double , le jeu s&rsquo;est termin\u00e9 sur un score ind\u00e9termin\u00e9 de 3:3 \u2013 nous avions toutefois un set de moins que les joueuses de la Hesse et devions \u00e0 pr\u00e9sent jouer le dernier jour pour la 7\u00e8me ou 8\u00e8me place. Dommage, mais les filles n&rsquo;ont pas pu faire mieux!<\/p>\n<p>Le dernier match contre le Schleswig-Holstein (Lyc\u00e9e Sophie Scholl d&rsquo;Itzehoe) a \u00e9t\u00e9 la copie conforme de celui de la veille. Cette fois-ci, c&rsquo;est Margaux qui a eu \u00e0 affronter la num\u00e9ro 8 au classement national ( ann\u00e9e 2004), mais l&rsquo;adversaire de Cosima \u00e9tait \u00e0 peu pr\u00e8s aussi forte. Une nouvelle fois nous avons gagn\u00e9 deux simples gr\u00e2ce \u00e0 Fabienne et Sophie ainsi que deux doubles.<br \/>\nA nouveau un score de 3:3 \u2013 et ce coup-ci, nous nous sommes inclin\u00e9s avec juste deux jeux de moins que l&rsquo;adversaire!<\/p>\n<p>Mais pas le temps de broyer du noir! La remise des coupes et m\u00e9dailles allait avoir lieu et l\u00e0 encore \u00e7a a \u00e9t\u00e9 un \u00e9v\u00e9nement tr\u00e8s impressionnant. Lorsqu&rsquo;on a vu combien de L\u00e4nder \u00e9taient derri\u00e8re nous, un sentiment de fiert\u00e9 s&rsquo;est empar\u00e9 de nous! Apr\u00e8s tout, la m\u00eame \u00e9quipe peut encore se repr\u00e9senter les deux prochaines ann\u00e9es gr\u00e2ce au jeune \u00e2ge de nos joueuses! C&rsquo;est l&rsquo;\u00e9quipe de Hamburg qui a fini premi\u00e8re, avant celle du Baden-W\u00fcrttemberg et de Niedersachsen \u2013 l&rsquo;\u00e9quipe du LFA s&rsquo;est quant \u00e0 elle class\u00e9e huiti\u00e8me!<\/p>\n<p>Le niveau de jeu dans cette finale nationale a consid\u00e9rablement augment\u00e9 au cours des derni\u00e8res ann\u00e9es: certaines \u00e9quipes avaient ,des positions 1\u00e0 5 ou 6, de si bons joueurs que l&rsquo;on se serait cru dans un club prestigieux. L&rsquo;\u00e9quipe de Hamburger avait m\u00eame 3 joueurs parmi le Top 30 des jeunes joueurs de tennis class\u00e9s au niveau national!<\/p>\n<p>Une petite anecdote en passant: certains spectateurs \u00e0 Berlin \u00e9taient surpris de constater que \u00ab\u00a0les Fran\u00e7ais de Sarre parlaient si bien l&rsquo;allemand\u00a0\u00bb! Tout cela parce que beaucoup de concertations tactiques dans les doubles se d\u00e9roulaient dans la langue de Yannik Noah!<\/p>\n<p>Berlin reste certes pour les \u00e9quipes de tennis du \u00ab\u00a0stress \u00e0 l&rsquo;\u00e9tat pur\u00a0\u00bb \u2013 4 matchs pour les \u00e9quipes en 4 jours , sans compter la c\u00e9r\u00e9monie d&rsquo;ouverture dans le stade olympique ,la c\u00e9r\u00e9monie de cl\u00f4ture dans la&nbsp; Max-Schmeling Halle et les deux longs jours de voyage.<\/p>\n<p>Apr\u00e8s la remise des prix, nous sommes revenus \u00e0 toute vitesse \u00e0 l&rsquo;h\u00f4tel avant de nous rendre \u00e0 la&nbsp; Max-Schmeling-Halle, o\u00f9 les 5.000 participants \u00e0 la finale nationale attendaient la remise des prix de toutes les disciplines sportives , le tout \u00e9tant entrecoup\u00e9 de spectacles incroyables. Une discoth\u00e8que g\u00e9ante a permis ensuite aux participants de danser. Malheureusement, nous avons d\u00fb renoncer \u00e0 la r\u00e9ception organis\u00e9e par le secr\u00e9taire d&rsquo;Etat de la Sarre (avec le c\u00e9l\u00e8bre buffet de \u201eLyoner\u201c) car \u00e0 ce moment-l\u00e0, nous nous trouvions encore sur les courts de tennis.<\/p>\n<div id='gallery-6' class='gallery galleryid-48363 gallery-columns-3 gallery-size-medium'><figure class='gallery-item'>\n\t\t\t<div class='gallery-icon landscape'>\n\t\t\t\t<a href='https:\/\/dfg-lfa.org\/wp-content\/uploads\/69517401_2946146828792247_309595291533705216_o.jpg'><img loading=\"lazy\" decoding=\"async\" width=\"300\" height=\"190\" src=\"https:\/\/dfg-lfa.org\/wp-content\/uploads\/69517401_2946146828792247_309595291533705216_o-300x190.jpg\" class=\"attachment-medium size-medium\" alt=\"\" srcset=\"https:\/\/dfg-lfa.org\/wp-content\/uploads\/69517401_2946146828792247_309595291533705216_o-300x190.jpg 300w, https:\/\/dfg-lfa.org\/wp-content\/uploads\/69517401_2946146828792247_309595291533705216_o-150x95.jpg 150w, https:\/\/dfg-lfa.org\/wp-content\/uploads\/69517401_2946146828792247_309595291533705216_o-590x374.jpg 590w, https:\/\/dfg-lfa.org\/wp-content\/uploads\/69517401_2946146828792247_309595291533705216_o.jpg 700w\" sizes=\"auto, (max-width: 300px) 100vw, 300px\" \/><\/a>\n\t\t\t<\/div><\/figure><figure class='gallery-item'>\n\t\t\t<div class='gallery-icon landscape'>\n\t\t\t\t<a href='https:\/\/dfg-lfa.org\/wp-content\/uploads\/csm_190925_Abschluss_sam62_2d6da83247.jpg'><img loading=\"lazy\" decoding=\"async\" width=\"300\" height=\"190\" src=\"https:\/\/dfg-lfa.org\/wp-content\/uploads\/csm_190925_Abschluss_sam62_2d6da83247-300x190.jpg\" class=\"attachment-medium size-medium\" alt=\"\" srcset=\"https:\/\/dfg-lfa.org\/wp-content\/uploads\/csm_190925_Abschluss_sam62_2d6da83247-300x190.jpg 300w, https:\/\/dfg-lfa.org\/wp-content\/uploads\/csm_190925_Abschluss_sam62_2d6da83247-150x95.jpg 150w, https:\/\/dfg-lfa.org\/wp-content\/uploads\/csm_190925_Abschluss_sam62_2d6da83247-590x374.jpg 590w, https:\/\/dfg-lfa.org\/wp-content\/uploads\/csm_190925_Abschluss_sam62_2d6da83247.jpg 700w\" sizes=\"auto, (max-width: 300px) 100vw, 300px\" \/><\/a>\n\t\t\t<\/div><\/figure><figure class='gallery-item'>\n\t\t\t<div class='gallery-icon landscape'>\n\t\t\t\t<a href='https:\/\/dfg-lfa.org\/wp-content\/uploads\/csm_190925_Abschluss_sam78_d6acc2624b.jpg'><img loading=\"lazy\" decoding=\"async\" width=\"300\" height=\"190\" src=\"https:\/\/dfg-lfa.org\/wp-content\/uploads\/csm_190925_Abschluss_sam78_d6acc2624b-300x190.jpg\" class=\"attachment-medium size-medium\" alt=\"\" srcset=\"https:\/\/dfg-lfa.org\/wp-content\/uploads\/csm_190925_Abschluss_sam78_d6acc2624b-300x190.jpg 300w, https:\/\/dfg-lfa.org\/wp-content\/uploads\/csm_190925_Abschluss_sam78_d6acc2624b-150x95.jpg 150w, https:\/\/dfg-lfa.org\/wp-content\/uploads\/csm_190925_Abschluss_sam78_d6acc2624b-590x374.jpg 590w, https:\/\/dfg-lfa.org\/wp-content\/uploads\/csm_190925_Abschluss_sam78_d6acc2624b.jpg 700w\" sizes=\"auto, (max-width: 300px) 100vw, 300px\" \/><\/a>\n\t\t\t<\/div><\/figure><figure class='gallery-item'>\n\t\t\t<div class='gallery-icon landscape'>\n\t\t\t\t<a href='https:\/\/dfg-lfa.org\/wp-content\/uploads\/IMG_2593.jpg'><img loading=\"lazy\" decoding=\"async\" width=\"300\" height=\"190\" src=\"https:\/\/dfg-lfa.org\/wp-content\/uploads\/IMG_2593-300x190.jpg\" class=\"attachment-medium size-medium\" alt=\"\" srcset=\"https:\/\/dfg-lfa.org\/wp-content\/uploads\/IMG_2593-300x190.jpg 300w, https:\/\/dfg-lfa.org\/wp-content\/uploads\/IMG_2593-150x95.jpg 150w, https:\/\/dfg-lfa.org\/wp-content\/uploads\/IMG_2593-590x374.jpg 590w, https:\/\/dfg-lfa.org\/wp-content\/uploads\/IMG_2593.jpg 700w\" sizes=\"auto, (max-width: 300px) 100vw, 300px\" \/><\/a>\n\t\t\t<\/div><\/figure><figure class='gallery-item'>\n\t\t\t<div class='gallery-icon landscape'>\n\t\t\t\t<a href='https:\/\/dfg-lfa.org\/wp-content\/uploads\/Jugendtrainiert_Herbstfinale_2019_Schluss186.jpg'><img loading=\"lazy\" decoding=\"async\" width=\"300\" height=\"190\" src=\"https:\/\/dfg-lfa.org\/wp-content\/uploads\/Jugendtrainiert_Herbstfinale_2019_Schluss186-300x190.jpg\" class=\"attachment-medium size-medium\" alt=\"\" srcset=\"https:\/\/dfg-lfa.org\/wp-content\/uploads\/Jugendtrainiert_Herbstfinale_2019_Schluss186-300x190.jpg 300w, https:\/\/dfg-lfa.org\/wp-content\/uploads\/Jugendtrainiert_Herbstfinale_2019_Schluss186-150x95.jpg 150w, https:\/\/dfg-lfa.org\/wp-content\/uploads\/Jugendtrainiert_Herbstfinale_2019_Schluss186-590x374.jpg 590w, https:\/\/dfg-lfa.org\/wp-content\/uploads\/Jugendtrainiert_Herbstfinale_2019_Schluss186.jpg 700w\" sizes=\"auto, (max-width: 300px) 100vw, 300px\" \/><\/a>\n\t\t\t<\/div><\/figure><figure class='gallery-item'>\n\t\t\t<div class='gallery-icon landscape'>\n\t\t\t\t<a href='https:\/\/dfg-lfa.org\/wp-content\/uploads\/Jugendtrainiert_Herbstfinale_2019_Schluss316.jpg'><img loading=\"lazy\" decoding=\"async\" width=\"300\" height=\"190\" src=\"https:\/\/dfg-lfa.org\/wp-content\/uploads\/Jugendtrainiert_Herbstfinale_2019_Schluss316-300x190.jpg\" class=\"attachment-medium size-medium\" alt=\"\" srcset=\"https:\/\/dfg-lfa.org\/wp-content\/uploads\/Jugendtrainiert_Herbstfinale_2019_Schluss316-300x190.jpg 300w, https:\/\/dfg-lfa.org\/wp-content\/uploads\/Jugendtrainiert_Herbstfinale_2019_Schluss316-150x95.jpg 150w, https:\/\/dfg-lfa.org\/wp-content\/uploads\/Jugendtrainiert_Herbstfinale_2019_Schluss316-590x374.jpg 590w, https:\/\/dfg-lfa.org\/wp-content\/uploads\/Jugendtrainiert_Herbstfinale_2019_Schluss316.jpg 700w\" sizes=\"auto, (max-width: 300px) 100vw, 300px\" \/><\/a>\n\t\t\t<\/div><\/figure>\n\t\t<\/div>\n\n<p>Enfin, jeudi matin, nous avons repris le ICE en direction de Sarrebruck, o\u00f9 nous sommes arriv\u00e9s en d\u00e9but de soir\u00e9e. C&rsquo;\u00e9tait la fin de nos 6 beaux jours \u00e0 Berlin&#8230; Mais une chose est s\u00fbre: nous voulons revivre cette aventure l&rsquo;an prochain!<\/p>\n<p>Equipe du LFA WK 3 ( Ann\u00e9es de naissance 2004-2007) :<\/p>\n<p>Margaux Tulet-Jost, Cosima Bill, Fabienne Lahn, Sophie Sch\u00e4fer (toutes de 2006); Lisa Duchemin (2005), Julia Sch\u00e4fer (2007); Entra\u00eeneur: Marcus Boese.<\/p>\n<p>Tableau final \/Tennis\/ Filles \/Finale nationale 2019 :<\/p>\n<p>1 HH Stadtteilschule Alter Teichweg Hamburg<br \/>\n2 BW Otto-Hahn-Gymnasium Ludwigsburg<br \/>\n3 NI Carl-Friedrich-Gau\u00df-Schule Hemmingen<br \/>\n4 RP Staatl. Heinrich-Heine-Gymnasium Kaiserslautern<br \/>\n5 BY Friedrich-Dessauer-Gymnasium Aschaffenburg<br \/>\n6 HE Rabanus-Maurus-Schule Fulda<br \/>\n7 SH Sophie-Scholl-Gymnasium Itzehoe<br \/>\n8 SL Deutsch-Franz\u00f6sisches Gymnasium Saarbr\u00fccken<br \/>\nPl BL Schule<br \/>\n9 NW Bisch\u00f6fl. St.Josef Gymnasium Bocholt<br \/>\n10 BY Bernhard-Strigel-Gymnasium Memmingen<br \/>\n11 HB \u00d6kumenisches Gymnasium zu Bremen<br \/>\n12 TH Heinrich-Mann-Gymnasium Erfurt<br \/>\n13 BE Arndt-Gymnasium Berlin<br \/>\n14 MV Schulzentrum K\u00fchlungsborn<br \/>\n15 ST Intern. Gymnasium Pierre Trudeau Barleben<br \/>\n16 SN K\u00e4the-Kollwitz-Gymnasium Zwickau<\/p>\n<div class=\"shariff shariff-align-left shariff-widget-align-left shariff-buttonstretch\" style=\"display:none\"><ul class=\"shariff-buttons theme-white orientation-horizontal buttonsize-medium\"><li class=\"shariff-button facebook shariff-nocustomcolor\" style=\"background-color:#4273c8\"><a href=\"https:\/\/www.facebook.com\/sharer\/sharer.php?u=https%3A%2F%2Fdfg-lfa.org%2Ffr%2F2019%2F11%2Fdie-tennismaedchen-des-dfg-beim-97-bundesfinale-jugend-trainiert-fuer-olympia-in-berlin-2019%2F\" title=\"Envoyer par Facebook\" aria-label=\"Envoyer par Facebook\" role=\"button\" rel=\"nofollow\" class=\"shariff-link\" style=\"; background-color:#3b5998; color:#3b5998\" target=\"_blank\"><span class=\"shariff-icon\" style=\"fill:#3b5998\"><svg width=\"32px\" height=\"20px\" xmlns=\"http:\/\/www.w3.org\/2000\/svg\" viewBox=\"0 0 18 32\"><path fill=\"#3b5998\" d=\"M17.1 0.2v4.7h-2.8q-1.5 0-2.1 0.6t-0.5 1.9v3.4h5.2l-0.7 5.3h-4.5v13.6h-5.5v-13.6h-4.5v-5.3h4.5v-3.9q0-3.3 1.9-5.2t5-1.8q2.6 0 4.1 0.2z\"\/><\/svg><\/span><span class=\"shariff-text\" style=\"color:#3b5998\">partager<\/span>&nbsp;<\/a><\/li><li class=\"shariff-button whatsapp shariff-nocustomcolor\" style=\"background-color:#5cbe4a\"><a href=\"https:\/\/api.whatsapp.com\/send?text=https%3A%2F%2Fdfg-lfa.org%2Ffr%2F2019%2F11%2Fdie-tennismaedchen-des-dfg-beim-97-bundesfinale-jugend-trainiert-fuer-olympia-in-berlin-2019%2F%20Les%20joueuses%20de%20tennis%20du%20LFA%20%C3%A0%20la%2097%C3%A8me%20finale%20nationale%20%E2%80%9EJugend%20trainiert%20f%C3%BCr%20Olympia%E2%80%9C%20%C3%A0%20Berlin\" title=\"Envoyer par Whatsapp\" aria-label=\"Envoyer par Whatsapp\" role=\"button\" rel=\"noopener nofollow\" class=\"shariff-link\" style=\"; background-color:#34af23; color:#34af23\" target=\"_blank\"><span class=\"shariff-icon\" style=\"fill:#34af23\"><svg width=\"32px\" height=\"20px\" xmlns=\"http:\/\/www.w3.org\/2000\/svg\" viewBox=\"0 0 32 32\"><path fill=\"#34af23\" d=\"M17.6 17.4q0.2 0 1.7 0.8t1.6 0.9q0 0.1 0 0.3 0 0.6-0.3 1.4-0.3 0.7-1.3 1.2t-1.8 0.5q-1 0-3.4-1.1-1.7-0.8-3-2.1t-2.6-3.3q-1.3-1.9-1.3-3.5v-0.1q0.1-1.6 1.3-2.8 0.4-0.4 0.9-0.4 0.1 0 0.3 0t0.3 0q0.3 0 0.5 0.1t0.3 0.5q0.1 0.4 0.6 1.6t0.4 1.3q0 0.4-0.6 1t-0.6 0.8q0 0.1 0.1 0.3 0.6 1.3 1.8 2.4 1 0.9 2.7 1.8 0.2 0.1 0.4 0.1 0.3 0 1-0.9t0.9-0.9zM14 26.9q2.3 0 4.3-0.9t3.6-2.4 2.4-3.6 0.9-4.3-0.9-4.3-2.4-3.6-3.6-2.4-4.3-0.9-4.3 0.9-3.6 2.4-2.4 3.6-0.9 4.3q0 3.6 2.1 6.6l-1.4 4.2 4.3-1.4q2.8 1.9 6.2 1.9zM14 2.2q2.7 0 5.2 1.1t4.3 2.9 2.9 4.3 1.1 5.2-1.1 5.2-2.9 4.3-4.3 2.9-5.2 1.1q-3.5 0-6.5-1.7l-7.4 2.4 2.4-7.2q-1.9-3.2-1.9-6.9 0-2.7 1.1-5.2t2.9-4.3 4.3-2.9 5.2-1.1z\"\/><\/svg><\/span><span class=\"shariff-text\" style=\"color:#34af23\">partager<\/span>&nbsp;<\/a><\/li><li class=\"shariff-button threema shariff-nocustomcolor shariff-mobile\" style=\"background-color:#4fbc24\"><a href=\"threema:\/\/compose?text=Les%20joueuses%20de%20tennis%20du%20LFA%20%C3%A0%20la%2097%C3%A8me%20finale%20nationale%20%E2%80%9EJugend%20trainiert%20f%C3%BCr%20Olympia%E2%80%9C%20%C3%A0%20Berlin%20https%3A%2F%2Fdfg-lfa.org%2Ffr%2F2019%2F11%2Fdie-tennismaedchen-des-dfg-beim-97-bundesfinale-jugend-trainiert-fuer-olympia-in-berlin-2019%2F\" title=\"Envoyer par Threema\" aria-label=\"Envoyer par Threema\" role=\"button\" rel=\"noopener nofollow\" class=\"shariff-link\" style=\"; background-color:#1f1f1f; color:#1f1f1f\" target=\"_blank\"><span class=\"shariff-icon\" style=\"fill:#1f1f1f\"><svg width=\"32px\" height=\"20px\" xmlns=\"http:\/\/www.w3.org\/2000\/svg\" viewBox=\"0 0 32 32\"><path fill=\"#1f1f1f\" d=\"M30.8 10.9c-0.3-1.4-0.9-2.6-1.8-3.8-2-2.6-5.5-4.5-9.4-5.2-1.3-0.2-1.9-0.3-3.5-0.3s-2.2 0-3.5 0.3c-4 0.7-7.4 2.6-9.4 5.2-0.9 1.2-1.5 2.4-1.8 3.8-0.1 0.5-0.2 1.2-0.2 1.6 0 0.4 0.1 1.1 0.2 1.6 0.4 1.9 1.3 3.4 2.9 5 0.8 0.8 0.8 0.8 0.7 1.3 0 0.6-0.5 1.6-1.7 3.6-0.3 0.5-0.5 0.9-0.5 0.9 0 0.1 0.1 0.1 0.5 0 0.8-0.2 2.3-0.6 5.6-1.6 1.1-0.3 1.3-0.4 2.3-0.4 0.8 0 1.1 0 2.3 0.2 1.5 0.2 3.5 0.2 4.9 0 5.1-0.6 9.3-2.9 11.4-6.3 0.5-0.9 0.9-1.8 1.1-2.8 0.1-0.5 0.2-1.1 0.2-1.6 0-0.7-0.1-1.1-0.2-1.6-0.3-1.4 0.1 0.5 0 0zM20.6 17.3c0 0.4-0.4 0.8-0.8 0.8h-7.7c-0.4 0-0.8-0.4-0.8-0.8v-4.6c0-0.4 0.4-0.8 0.8-0.8h0.2l0-1.6c0-0.9 0-1.8 0.1-2 0.1-0.6 0.6-1.2 1.1-1.7s1.1-0.7 1.9-0.8c1.8-0.3 3.7 0.7 4.2 2.2 0.1 0.3 0.1 0.7 0.1 2.1v0 1.7h0.1c0.4 0 0.8 0.4 0.8 0.8v4.6zM15.6 7.3c-0.5 0.1-0.8 0.3-1.2 0.6s-0.6 0.8-0.7 1.3c0 0.2 0 0.8 0 1.5l0 1.2h4.6v-1.3c0-1 0-1.4-0.1-1.6-0.3-1.1-1.5-1.9-2.6-1.7zM25.8 28.2c0 1.2-1 2.2-2.1 2.2s-2.1-1-2.1-2.1c0-1.2 1-2.1 2.2-2.1s2.2 1 2.2 2.2zM18.1 28.2c0 1.2-1 2.2-2.1 2.2s-2.1-1-2.1-2.1c0-1.2 1-2.1 2.2-2.1s2.2 1 2.2 2.2zM10.4 28.2c0 1.2-1 2.2-2.1 2.2s-2.1-1-2.1-2.1c0-1.2 1-2.1 2.2-2.1s2.2 1 2.2 2.2z\"\/><\/svg><\/span><span class=\"shariff-text\" style=\"color:#1f1f1f\">partager<\/span>&nbsp;<\/a><\/li><li class=\"shariff-button mastodon shariff-nocustomcolor\" style=\"background-color:#563ACC\"><a href=\"https:\/\/s2f.kytta.dev\/?text=Les%20joueuses%20de%20tennis%20du%20LFA%20%C3%A0%20la%2097%C3%A8me%20finale%20nationale%20%E2%80%9EJugend%20trainiert%20f%C3%BCr%20Olympia%E2%80%9C%20%C3%A0%20Berlin https%3A%2F%2Fdfg-lfa.org%2Ffr%2F2019%2F11%2Fdie-tennismaedchen-des-dfg-beim-97-bundesfinale-jugend-trainiert-fuer-olympia-in-berlin-2019%2F\" title=\"Envoyer par Mastodon\" aria-label=\"Envoyer par Mastodon\" role=\"button\" rel=\"noopener nofollow\" class=\"shariff-link\" style=\"; background-color:#6364FF; color:#6364FF\" target=\"_blank\"><span class=\"shariff-icon\" style=\"fill:#6364FF\"><svg width=\"75\" height=\"79\" viewBox=\"0 0 75 79\" fill=\"none\" xmlns=\"http:\/\/www.w3.org\/2000\/svg\"><path d=\"M37.813-.025C32.462-.058 27.114.13 21.79.598c-8.544.621-17.214 5.58-20.203 13.931C-1.12 23.318.408 32.622.465 41.65c.375 7.316.943 14.78 3.392 21.73 4.365 9.465 14.781 14.537 24.782 15.385 7.64.698 15.761-.213 22.517-4.026a54.1 54.1 0 0 0 .01-6.232c-6.855 1.316-14.101 2.609-21.049 1.074-3.883-.88-6.876-4.237-7.25-8.215-1.53-3.988 3.78-.43 5.584-.883 9.048 1.224 18.282.776 27.303-.462 7.044-.837 14.26-4.788 16.65-11.833 2.263-6.135 1.215-12.79 1.698-19.177.06-3.84.09-7.692-.262-11.52C72.596 7.844 63.223.981 53.834.684a219.453 219.453 0 0 0-16.022-.71zm11.294 12.882c5.5-.067 10.801 4.143 11.67 9.653.338 1.48.471 3 .471 4.515v21.088h-8.357c-.07-7.588.153-15.182-.131-22.765-.587-4.368-7.04-5.747-9.672-2.397-2.422 3.04-1.47 7.155-1.67 10.735v6.392h-8.307c-.146-4.996.359-10.045-.404-15.002-1.108-4.218-7.809-5.565-10.094-1.666-1.685 3.046-.712 6.634-.976 9.936v14.767h-8.354c.109-8.165-.238-16.344.215-24.5.674-5.346 5.095-10.389 10.676-10.627 4.902-.739 10.103 2.038 12.053 6.631.375 1.435 1.76 1.932 1.994.084 1.844-3.704 5.501-6.739 9.785-6.771.367-.044.735-.068 1.101-.073z\"\/><defs><linearGradient id=\"paint0_linear_549_34\" x1=\"37.0692\" y1=\"0\" x2=\"37.0692\" y2=\"79\" gradientUnits=\"userSpaceOnUse\"><stop stop-color=\"#6364FF\"\/><stop offset=\"1\" stop-color=\"#563ACC\"\/><\/linearGradient><\/defs><\/svg><\/span><span class=\"shariff-text\" style=\"color:#6364FF\">partager<\/span>&nbsp;<\/a><\/li><li class=\"shariff-button mailto shariff-nocustomcolor\" style=\"background-color:#a8a8a8\"><a href=\"mailto:?body=https%3A%2F%2Fdfg-lfa.org%2Ffr%2F2019%2F11%2Fdie-tennismaedchen-des-dfg-beim-97-bundesfinale-jugend-trainiert-fuer-olympia-in-berlin-2019%2F&subject=Les%20joueuses%20de%20tennis%20du%20LFA%20%C3%A0%20la%2097%C3%A8me%20finale%20nationale%20%E2%80%9EJugend%20trainiert%20f%C3%BCr%20Olympia%E2%80%9C%20%C3%A0%20Berlin\" title=\"Envoyer par courriel\" aria-label=\"Envoyer par courriel\" role=\"button\" rel=\"noopener nofollow\" class=\"shariff-link\" style=\"; background-color:#999; color:#999\"><span class=\"shariff-icon\" style=\"fill:#999\"><svg width=\"32px\" height=\"20px\" xmlns=\"http:\/\/www.w3.org\/2000\/svg\" viewBox=\"0 0 32 32\"><path fill=\"#999\" d=\"M32 12.7v14.2q0 1.2-0.8 2t-2 0.9h-26.3q-1.2 0-2-0.9t-0.8-2v-14.2q0.8 0.9 1.8 1.6 6.5 4.4 8.9 6.1 1 0.8 1.6 1.2t1.7 0.9 2 0.4h0.1q0.9 0 2-0.4t1.7-0.9 1.6-1.2q3-2.2 8.9-6.1 1-0.7 1.8-1.6zM32 7.4q0 1.4-0.9 2.7t-2.2 2.2q-6.7 4.7-8.4 5.8-0.2 0.1-0.7 0.5t-1 0.7-0.9 0.6-1.1 0.5-0.9 0.2h-0.1q-0.4 0-0.9-0.2t-1.1-0.5-0.9-0.6-1-0.7-0.7-0.5q-1.6-1.1-4.7-3.2t-3.6-2.6q-1.1-0.7-2.1-2t-1-2.5q0-1.4 0.7-2.3t2.1-0.9h26.3q1.2 0 2 0.8t0.9 2z\"\/><\/svg><\/span><span class=\"shariff-text\" style=\"color:#999\">courriel<\/span>&nbsp;<\/a><\/li><li class=\"shariff-button info shariff-nocustomcolor\" style=\"background-color:#a8a8a8\"><a href=\"http:\/\/ct.de\/-2467514\" title=\"Datenschutz-Infos\" aria-label=\"Datenschutz-Infos\" role=\"button\" rel=\"noopener \" class=\"shariff-link\" style=\"; background-color:#999; color:#999\" target=\"_blank\"><span class=\"shariff-icon\" style=\"fill:#999\"><svg width=\"32px\" height=\"20px\" xmlns=\"http:\/\/www.w3.org\/2000\/svg\" viewBox=\"0 0 11 32\"><path fill=\"#999\" d=\"M11.4 24v2.3q0 0.5-0.3 0.8t-0.8 0.4h-9.1q-0.5 0-0.8-0.4t-0.4-0.8v-2.3q0-0.5 0.4-0.8t0.8-0.4h1.1v-6.8h-1.1q-0.5 0-0.8-0.4t-0.4-0.8v-2.3q0-0.5 0.4-0.8t0.8-0.4h6.8q0.5 0 0.8 0.4t0.4 0.8v10.3h1.1q0.5 0 0.8 0.4t0.3 0.8zM9.2 3.4v3.4q0 0.5-0.4 0.8t-0.8 0.4h-4.6q-0.4 0-0.8-0.4t-0.4-0.8v-3.4q0-0.4 0.4-0.8t0.8-0.4h4.6q0.5 0 0.8 0.4t0.4 0.8z\"\/><\/svg><\/span><\/a><\/li><\/ul><\/div>","protected":false},"excerpt":{"rendered":"<p>Apr\u00e8s les grands succ\u00e8s des \u00e9quipes de tennis du LFA dans les ann\u00e9es 1996-2001 (avec plusieurs podiums lors des finales nationales), c&rsquo;est le lyc\u00e9e am Rotenb\u00fchl qui a domin\u00e9 ces derni\u00e8res ann\u00e9es dans cette discipline sportive : c&rsquo;est de ce lyc\u00e9e qu&rsquo;\u00e9taient issus les champions de tennis vainqueurs au niveau &hellip;<\/p>\n","protected":false},"author":2,"featured_media":48371,"comment_status":"closed","ping_status":"closed","sticky":false,"template":"","format":"standard","meta":{"inline_featured_image":false,"footnotes":""},"categories":[3,53],"tags":[272],"class_list":["post-48363","post","type-post","status-publish","format-standard","has-post-thumbnail","hentry","category-schule-aktuell","category-sport","tag-jugend-trainiert-fuer-olympia"],"yoast_head":"<!-- This site is optimized with the Yoast SEO plugin v27.5 - https:\/\/yoast.com\/product\/yoast-seo-wordpress\/ -->\n<title>Les joueuses de tennis du LFA \u00e0 la 97\u00e8me finale nationale \u201eJugend trainiert f\u00fcr Olympia\u201c \u00e0 Berlin  - Lyc\u00e9e Franco-Allemand de Sarrebruck<\/title>\n<meta name=\"robots\" content=\"index, follow, max-snippet:-1, max-image-preview:large, max-video-preview:-1\" \/>\n<link rel=\"canonical\" href=\"https:\/\/dfg-lfa.org\/fr\/2019\/11\/die-tennismaedchen-des-dfg-beim-97-bundesfinale-jugend-trainiert-fuer-olympia-in-berlin-2019\/\" \/>\n<meta property=\"og:locale\" content=\"fr_FR\" \/>\n<meta property=\"og:type\" content=\"article\" \/>\n<meta property=\"og:title\" content=\"Les joueuses de tennis du LFA \u00e0 la 97\u00e8me finale nationale \u201eJugend trainiert f\u00fcr Olympia\u201c \u00e0 Berlin  - Lyc\u00e9e Franco-Allemand de Sarrebruck\" \/>\n<meta property=\"og:description\" content=\"Apr\u00e8s les grands succ\u00e8s des \u00e9quipes de tennis du LFA dans les ann\u00e9es 1996-2001 (avec plusieurs podiums lors des finales nationales), c&rsquo;est le lyc\u00e9e am Rotenb\u00fchl qui a domin\u00e9 ces derni\u00e8res ann\u00e9es dans cette discipline sportive : c&rsquo;est de ce lyc\u00e9e qu&rsquo;\u00e9taient issus les champions de tennis vainqueurs au niveau &hellip;\" \/>\n<meta property=\"og:url\" content=\"https:\/\/dfg-lfa.org\/fr\/2019\/11\/die-tennismaedchen-des-dfg-beim-97-bundesfinale-jugend-trainiert-fuer-olympia-in-berlin-2019\/\" \/>\n<meta property=\"og:site_name\" content=\"Lyc\u00e9e Franco-Allemand de Sarrebruck\" \/>\n<meta property=\"article:publisher\" content=\"https:\/\/www.facebook.com\/dfglfa\/\" \/>\n<meta property=\"article:published_time\" content=\"2019-11-05T20:08:36+00:00\" \/>\n<meta property=\"article:modified_time\" content=\"2019-11-17T17:08:30+00:00\" \/>\n<meta property=\"og:image\" content=\"https:\/\/dfg-lfa.org\/wp-content\/uploads\/IMG_2368.jpg\" \/>\n\t<meta property=\"og:image:width\" content=\"1000\" \/>\n\t<meta property=\"og:image:height\" content=\"1333\" \/>\n\t<meta property=\"og:image:type\" content=\"image\/jpeg\" \/>\n<meta name=\"author\" content=\"Administrator\" \/>\n<meta name=\"twitter:card\" content=\"summary_large_image\" \/>\n<meta name=\"twitter:creator\" content=\"@DFGLFA\" \/>\n<meta name=\"twitter:site\" content=\"@DFGLFA\" \/>\n<meta name=\"twitter:label1\" content=\"\u00c9crit par\" \/>\n\t<meta name=\"twitter:data1\" content=\"Administrator\" \/>\n\t<meta name=\"twitter:label2\" content=\"Dur\u00e9e de lecture estim\u00e9e\" \/>\n\t<meta name=\"twitter:data2\" content=\"14 minutes\" \/>\n<script type=\"application\/ld+json\" class=\"yoast-schema-graph\">{\"@context\":\"https:\\\/\\\/schema.org\",\"@graph\":[{\"@type\":\"Article\",\"@id\":\"https:\\\/\\\/dfg-lfa.org\\\/2019\\\/11\\\/die-tennismaedchen-des-dfg-beim-97-bundesfinale-jugend-trainiert-fuer-olympia-in-berlin-2019\\\/#article\",\"isPartOf\":{\"@id\":\"https:\\\/\\\/dfg-lfa.org\\\/2019\\\/11\\\/die-tennismaedchen-des-dfg-beim-97-bundesfinale-jugend-trainiert-fuer-olympia-in-berlin-2019\\\/\"},\"author\":{\"name\":\"Administrator\",\"@id\":\"https:\\\/\\\/dfg-lfa.org\\\/#\\\/schema\\\/person\\\/a8fe67fb1ec6d85c85d21daf2d68fa69\"},\"headline\":\"Les joueuses de tennis du LFA \u00e0 la 97\u00e8me finale nationale \u201eJugend trainiert f\u00fcr Olympia\u201c \u00e0 Berlin\",\"datePublished\":\"2019-11-05T20:08:36+00:00\",\"dateModified\":\"2019-11-17T17:08:30+00:00\",\"mainEntityOfPage\":{\"@id\":\"https:\\\/\\\/dfg-lfa.org\\\/2019\\\/11\\\/die-tennismaedchen-des-dfg-beim-97-bundesfinale-jugend-trainiert-fuer-olympia-in-berlin-2019\\\/\"},\"wordCount\":2936,\"publisher\":{\"@id\":\"https:\\\/\\\/dfg-lfa.org\\\/#organization\"},\"image\":{\"@id\":\"https:\\\/\\\/dfg-lfa.org\\\/2019\\\/11\\\/die-tennismaedchen-des-dfg-beim-97-bundesfinale-jugend-trainiert-fuer-olympia-in-berlin-2019\\\/#primaryimage\"},\"thumbnailUrl\":\"https:\\\/\\\/dfg-lfa.org\\\/wp-content\\\/uploads\\\/IMG_2368.jpg\",\"keywords\":[\"Jugend trainiert f\u00fcr Olympia\"],\"articleSection\":[\"Actualit\u00e9s\",\"Sport\"],\"inLanguage\":\"fr-FR\"},{\"@type\":\"WebPage\",\"@id\":\"https:\\\/\\\/dfg-lfa.org\\\/fr\\\/2019\\\/11\\\/die-tennismaedchen-des-dfg-beim-97-bundesfinale-jugend-trainiert-fuer-olympia-in-berlin-2019\\\/\",\"url\":\"https:\\\/\\\/dfg-lfa.org\\\/fr\\\/2019\\\/11\\\/die-tennismaedchen-des-dfg-beim-97-bundesfinale-jugend-trainiert-fuer-olympia-in-berlin-2019\\\/\",\"name\":\"Les joueuses de tennis du LFA \u00e0 la 97\u00e8me finale nationale \u201eJugend trainiert f\u00fcr Olympia\u201c \u00e0 Berlin  - Lyc\u00e9e Franco-Allemand de Sarrebruck\",\"isPartOf\":{\"@id\":\"https:\\\/\\\/dfg-lfa.org\\\/fr\\\/#website\"},\"primaryImageOfPage\":{\"@id\":\"https:\\\/\\\/dfg-lfa.org\\\/fr\\\/2019\\\/11\\\/die-tennismaedchen-des-dfg-beim-97-bundesfinale-jugend-trainiert-fuer-olympia-in-berlin-2019\\\/#primaryimage\"},\"image\":{\"@id\":\"https:\\\/\\\/dfg-lfa.org\\\/2019\\\/11\\\/die-tennismaedchen-des-dfg-beim-97-bundesfinale-jugend-trainiert-fuer-olympia-in-berlin-2019\\\/#primaryimage\"},\"thumbnailUrl\":\"https:\\\/\\\/dfg-lfa.org\\\/wp-content\\\/uploads\\\/IMG_2368.jpg\",\"datePublished\":\"2019-11-05T20:08:36+00:00\",\"dateModified\":\"2019-11-17T17:08:30+00:00\",\"breadcrumb\":{\"@id\":\"https:\\\/\\\/dfg-lfa.org\\\/fr\\\/2019\\\/11\\\/die-tennismaedchen-des-dfg-beim-97-bundesfinale-jugend-trainiert-fuer-olympia-in-berlin-2019\\\/#breadcrumb\"},\"inLanguage\":\"fr-FR\",\"potentialAction\":[{\"@type\":\"ReadAction\",\"target\":[[\"https:\\\/\\\/dfg-lfa.org\\\/fr\\\/2019\\\/11\\\/die-tennismaedchen-des-dfg-beim-97-bundesfinale-jugend-trainiert-fuer-olympia-in-berlin-2019\\\/\"]]}]},{\"@type\":\"ImageObject\",\"inLanguage\":\"fr-FR\",\"@id\":\"https:\\\/\\\/dfg-lfa.org\\\/fr\\\/2019\\\/11\\\/die-tennismaedchen-des-dfg-beim-97-bundesfinale-jugend-trainiert-fuer-olympia-in-berlin-2019\\\/#primaryimage\",\"url\":\"https:\\\/\\\/dfg-lfa.org\\\/wp-content\\\/uploads\\\/IMG_2368.jpg\",\"contentUrl\":\"https:\\\/\\\/dfg-lfa.org\\\/wp-content\\\/uploads\\\/IMG_2368.jpg\",\"width\":1000,\"height\":1333,\"caption\":\"Die Tennism\u00e4dchen des DFG beim 97. Bundesfinale \u201eJugend trainiert f\u00fcr Olympia\u201c in Berlin 2019\"},{\"@type\":\"BreadcrumbList\",\"@id\":\"https:\\\/\\\/dfg-lfa.org\\\/fr\\\/2019\\\/11\\\/die-tennismaedchen-des-dfg-beim-97-bundesfinale-jugend-trainiert-fuer-olympia-in-berlin-2019\\\/#breadcrumb\",\"itemListElement\":[{\"@type\":\"ListItem\",\"position\":1,\"name\":\"Startseite\",\"item\":\"https:\\\/\\\/dfg-lfa.org\\\/fr\\\/\"},{\"@type\":\"ListItem\",\"position\":2,\"name\":\"Die Tennism\u00e4dchen des DFG beim 97. Bundesfinale \u201eJugend trainiert f\u00fcr Olympia\u201c in Berlin 2019\"}]},{\"@type\":\"WebSite\",\"@id\":\"https:\\\/\\\/dfg-lfa.org\\\/fr\\\/#website\",\"url\":\"https:\\\/\\\/dfg-lfa.org\\\/fr\\\/\",\"name\":\"Lyc\u00e9e Franco-Allemand de Sarrebruck\",\"description\":\"Einander begegnen \u2013 Avancer ensemble \u2013 We make Europe happen\",\"publisher\":{\"@id\":\"https:\\\/\\\/dfg-lfa.org\\\/fr\\\/#organization\"},\"potentialAction\":[{\"@type\":\"SearchAction\",\"target\":{\"@type\":\"EntryPoint\",\"urlTemplate\":\"https:\\\/\\\/dfg-lfa.org\\\/fr\\\/?s={search_term_string}\"},\"query-input\":{\"@type\":\"PropertyValueSpecification\",\"valueRequired\":true,\"valueName\":\"search_term_string\"}}],\"inLanguage\":\"fr-FR\"},{\"@type\":\"Organization\",\"@id\":\"https:\\\/\\\/dfg-lfa.org\\\/fr\\\/#organization\",\"name\":\"Deutsch-Franz\u00f6sisches Gymnasium Saarbr\u00fccken\",\"url\":\"https:\\\/\\\/dfg-lfa.org\\\/fr\\\/\",\"logo\":{\"@type\":\"ImageObject\",\"inLanguage\":\"fr-FR\",\"@id\":\"https:\\\/\\\/dfg-lfa.org\\\/fr\\\/#\\\/schema\\\/logo\\\/image\\\/\",\"url\":\"https:\\\/\\\/dfg-lfa.org\\\/wp-content\\\/uploads\\\/DFG-logo.png\",\"contentUrl\":\"https:\\\/\\\/dfg-lfa.org\\\/wp-content\\\/uploads\\\/DFG-logo.png\",\"width\":200,\"height\":77,\"caption\":\"Deutsch-Franz\u00f6sisches Gymnasium Saarbr\u00fccken\"},\"image\":{\"@id\":\"https:\\\/\\\/dfg-lfa.org\\\/fr\\\/#\\\/schema\\\/logo\\\/image\\\/\"},\"sameAs\":[\"https:\\\/\\\/www.facebook.com\\\/dfglfa\\\/\",\"https:\\\/\\\/x.com\\\/DFGLFA\",\"https:\\\/\\\/www.instagram.com\\\/dfg_lfa_saarbruecken\\\/\",\"https:\\\/\\\/www.youtube.com\\\/channel\\\/UCoxV4_gnJ3blV1U7iOjCV7w\\\/\",\"https:\\\/\\\/de.wikipedia.org\\\/wiki\\\/Deutsch-Franz\u00f6sisches_Gymnasium_in_Saarbr\u00fccken\"]},{\"@type\":\"Person\",\"@id\":\"https:\\\/\\\/dfg-lfa.org\\\/#\\\/schema\\\/person\\\/a8fe67fb1ec6d85c85d21daf2d68fa69\",\"name\":\"Administrator\"}]}<\/script>\n<!-- \/ Yoast SEO plugin. -->","yoast_head_json":{"title":"Les joueuses de tennis du LFA \u00e0 la 97\u00e8me finale nationale \u201eJugend trainiert f\u00fcr Olympia\u201c \u00e0 Berlin  - Lyc\u00e9e Franco-Allemand de Sarrebruck","robots":{"index":"index","follow":"follow","max-snippet":"max-snippet:-1","max-image-preview":"max-image-preview:large","max-video-preview":"max-video-preview:-1"},"canonical":"https:\/\/dfg-lfa.org\/fr\/2019\/11\/die-tennismaedchen-des-dfg-beim-97-bundesfinale-jugend-trainiert-fuer-olympia-in-berlin-2019\/","og_locale":"fr_FR","og_type":"article","og_title":"Les joueuses de tennis du LFA \u00e0 la 97\u00e8me finale nationale \u201eJugend trainiert f\u00fcr Olympia\u201c \u00e0 Berlin  - Lyc\u00e9e Franco-Allemand de Sarrebruck","og_description":"Apr\u00e8s les grands succ\u00e8s des \u00e9quipes de tennis du LFA dans les ann\u00e9es 1996-2001 (avec plusieurs podiums lors des finales nationales), c&rsquo;est le lyc\u00e9e am Rotenb\u00fchl qui a domin\u00e9 ces derni\u00e8res ann\u00e9es dans cette discipline sportive : c&rsquo;est de ce lyc\u00e9e qu&rsquo;\u00e9taient issus les champions de tennis vainqueurs au niveau &hellip;","og_url":"https:\/\/dfg-lfa.org\/fr\/2019\/11\/die-tennismaedchen-des-dfg-beim-97-bundesfinale-jugend-trainiert-fuer-olympia-in-berlin-2019\/","og_site_name":"Lyc\u00e9e Franco-Allemand de Sarrebruck","article_publisher":"https:\/\/www.facebook.com\/dfglfa\/","article_published_time":"2019-11-05T20:08:36+00:00","article_modified_time":"2019-11-17T17:08:30+00:00","og_image":[{"width":1000,"height":1333,"url":"https:\/\/dfg-lfa.org\/wp-content\/uploads\/IMG_2368.jpg","type":"image\/jpeg"}],"author":"Administrator","twitter_card":"summary_large_image","twitter_creator":"@DFGLFA","twitter_site":"@DFGLFA","twitter_misc":{"\u00c9crit par":"Administrator","Dur\u00e9e de lecture estim\u00e9e":"14 minutes"},"schema":{"@context":"https:\/\/schema.org","@graph":[{"@type":"Article","@id":"https:\/\/dfg-lfa.org\/2019\/11\/die-tennismaedchen-des-dfg-beim-97-bundesfinale-jugend-trainiert-fuer-olympia-in-berlin-2019\/#article","isPartOf":{"@id":"https:\/\/dfg-lfa.org\/2019\/11\/die-tennismaedchen-des-dfg-beim-97-bundesfinale-jugend-trainiert-fuer-olympia-in-berlin-2019\/"},"author":{"name":"Administrator","@id":"https:\/\/dfg-lfa.org\/#\/schema\/person\/a8fe67fb1ec6d85c85d21daf2d68fa69"},"headline":"Les joueuses de tennis du LFA \u00e0 la 97\u00e8me finale nationale \u201eJugend trainiert f\u00fcr Olympia\u201c \u00e0 Berlin","datePublished":"2019-11-05T20:08:36+00:00","dateModified":"2019-11-17T17:08:30+00:00","mainEntityOfPage":{"@id":"https:\/\/dfg-lfa.org\/2019\/11\/die-tennismaedchen-des-dfg-beim-97-bundesfinale-jugend-trainiert-fuer-olympia-in-berlin-2019\/"},"wordCount":2936,"publisher":{"@id":"https:\/\/dfg-lfa.org\/#organization"},"image":{"@id":"https:\/\/dfg-lfa.org\/2019\/11\/die-tennismaedchen-des-dfg-beim-97-bundesfinale-jugend-trainiert-fuer-olympia-in-berlin-2019\/#primaryimage"},"thumbnailUrl":"https:\/\/dfg-lfa.org\/wp-content\/uploads\/IMG_2368.jpg","keywords":["Jugend trainiert f\u00fcr Olympia"],"articleSection":["Actualit\u00e9s","Sport"],"inLanguage":"fr-FR"},{"@type":"WebPage","@id":"https:\/\/dfg-lfa.org\/fr\/2019\/11\/die-tennismaedchen-des-dfg-beim-97-bundesfinale-jugend-trainiert-fuer-olympia-in-berlin-2019\/","url":"https:\/\/dfg-lfa.org\/fr\/2019\/11\/die-tennismaedchen-des-dfg-beim-97-bundesfinale-jugend-trainiert-fuer-olympia-in-berlin-2019\/","name":"Les joueuses de tennis du LFA \u00e0 la 97\u00e8me finale nationale \u201eJugend trainiert f\u00fcr Olympia\u201c \u00e0 Berlin  - Lyc\u00e9e Franco-Allemand de Sarrebruck","isPartOf":{"@id":"https:\/\/dfg-lfa.org\/fr\/#website"},"primaryImageOfPage":{"@id":"https:\/\/dfg-lfa.org\/fr\/2019\/11\/die-tennismaedchen-des-dfg-beim-97-bundesfinale-jugend-trainiert-fuer-olympia-in-berlin-2019\/#primaryimage"},"image":{"@id":"https:\/\/dfg-lfa.org\/2019\/11\/die-tennismaedchen-des-dfg-beim-97-bundesfinale-jugend-trainiert-fuer-olympia-in-berlin-2019\/#primaryimage"},"thumbnailUrl":"https:\/\/dfg-lfa.org\/wp-content\/uploads\/IMG_2368.jpg","datePublished":"2019-11-05T20:08:36+00:00","dateModified":"2019-11-17T17:08:30+00:00","breadcrumb":{"@id":"https:\/\/dfg-lfa.org\/fr\/2019\/11\/die-tennismaedchen-des-dfg-beim-97-bundesfinale-jugend-trainiert-fuer-olympia-in-berlin-2019\/#breadcrumb"},"inLanguage":"fr-FR","potentialAction":[{"@type":"ReadAction","target":[["https:\/\/dfg-lfa.org\/fr\/2019\/11\/die-tennismaedchen-des-dfg-beim-97-bundesfinale-jugend-trainiert-fuer-olympia-in-berlin-2019\/"]]}]},{"@type":"ImageObject","inLanguage":"fr-FR","@id":"https:\/\/dfg-lfa.org\/fr\/2019\/11\/die-tennismaedchen-des-dfg-beim-97-bundesfinale-jugend-trainiert-fuer-olympia-in-berlin-2019\/#primaryimage","url":"https:\/\/dfg-lfa.org\/wp-content\/uploads\/IMG_2368.jpg","contentUrl":"https:\/\/dfg-lfa.org\/wp-content\/uploads\/IMG_2368.jpg","width":1000,"height":1333,"caption":"Die Tennism\u00e4dchen des DFG beim 97. Bundesfinale \u201eJugend trainiert f\u00fcr Olympia\u201c in Berlin 2019"},{"@type":"BreadcrumbList","@id":"https:\/\/dfg-lfa.org\/fr\/2019\/11\/die-tennismaedchen-des-dfg-beim-97-bundesfinale-jugend-trainiert-fuer-olympia-in-berlin-2019\/#breadcrumb","itemListElement":[{"@type":"ListItem","position":1,"name":"Startseite","item":"https:\/\/dfg-lfa.org\/fr\/"},{"@type":"ListItem","position":2,"name":"Die Tennism\u00e4dchen des DFG beim 97. Bundesfinale \u201eJugend trainiert f\u00fcr Olympia\u201c in Berlin 2019"}]},{"@type":"WebSite","@id":"https:\/\/dfg-lfa.org\/fr\/#website","url":"https:\/\/dfg-lfa.org\/fr\/","name":"Lyc\u00e9e Franco-Allemand de Sarrebruck","description":"Einander begegnen \u2013 Avancer ensemble \u2013 We make Europe happen","publisher":{"@id":"https:\/\/dfg-lfa.org\/fr\/#organization"},"potentialAction":[{"@type":"SearchAction","target":{"@type":"EntryPoint","urlTemplate":"https:\/\/dfg-lfa.org\/fr\/?s={search_term_string}"},"query-input":{"@type":"PropertyValueSpecification","valueRequired":true,"valueName":"search_term_string"}}],"inLanguage":"fr-FR"},{"@type":"Organization","@id":"https:\/\/dfg-lfa.org\/fr\/#organization","name":"Deutsch-Franz\u00f6sisches Gymnasium Saarbr\u00fccken","url":"https:\/\/dfg-lfa.org\/fr\/","logo":{"@type":"ImageObject","inLanguage":"fr-FR","@id":"https:\/\/dfg-lfa.org\/fr\/#\/schema\/logo\/image\/","url":"https:\/\/dfg-lfa.org\/wp-content\/uploads\/DFG-logo.png","contentUrl":"https:\/\/dfg-lfa.org\/wp-content\/uploads\/DFG-logo.png","width":200,"height":77,"caption":"Deutsch-Franz\u00f6sisches Gymnasium Saarbr\u00fccken"},"image":{"@id":"https:\/\/dfg-lfa.org\/fr\/#\/schema\/logo\/image\/"},"sameAs":["https:\/\/www.facebook.com\/dfglfa\/","https:\/\/x.com\/DFGLFA","https:\/\/www.instagram.com\/dfg_lfa_saarbruecken\/","https:\/\/www.youtube.com\/channel\/UCoxV4_gnJ3blV1U7iOjCV7w\/","https:\/\/de.wikipedia.org\/wiki\/Deutsch-Franz\u00f6sisches_Gymnasium_in_Saarbr\u00fccken"]},{"@type":"Person","@id":"https:\/\/dfg-lfa.org\/#\/schema\/person\/a8fe67fb1ec6d85c85d21daf2d68fa69","name":"Administrator"}]}},"_links":{"self":[{"href":"https:\/\/dfg-lfa.org\/fr\/wp-json\/wp\/v2\/posts\/48363","targetHints":{"allow":["GET"]}}],"collection":[{"href":"https:\/\/dfg-lfa.org\/fr\/wp-json\/wp\/v2\/posts"}],"about":[{"href":"https:\/\/dfg-lfa.org\/fr\/wp-json\/wp\/v2\/types\/post"}],"author":[{"embeddable":true,"href":"https:\/\/dfg-lfa.org\/fr\/wp-json\/wp\/v2\/users\/2"}],"replies":[{"embeddable":true,"href":"https:\/\/dfg-lfa.org\/fr\/wp-json\/wp\/v2\/comments?post=48363"}],"version-history":[{"count":0,"href":"https:\/\/dfg-lfa.org\/fr\/wp-json\/wp\/v2\/posts\/48363\/revisions"}],"wp:featuredmedia":[{"embeddable":true,"href":"https:\/\/dfg-lfa.org\/fr\/wp-json\/wp\/v2\/media\/48371"}],"wp:attachment":[{"href":"https:\/\/dfg-lfa.org\/fr\/wp-json\/wp\/v2\/media?parent=48363"}],"wp:term":[{"taxonomy":"category","embeddable":true,"href":"https:\/\/dfg-lfa.org\/fr\/wp-json\/wp\/v2\/categories?post=48363"},{"taxonomy":"post_tag","embeddable":true,"href":"https:\/\/dfg-lfa.org\/fr\/wp-json\/wp\/v2\/tags?post=48363"}],"curies":[{"name":"wp","href":"https:\/\/api.w.org\/{rel}","templated":true}]}}