{"id":4954,"date":"2010-02-09T21:09:28","date_gmt":"2010-02-09T20:09:28","guid":{"rendered":"http:\/\/dfg-lfa.org\/?p=4954"},"modified":"2020-10-21T20:14:11","modified_gmt":"2020-10-21T18:14:11","slug":"dfg-schuler-in-schulerjury-des-max-ophuls-festivals-2010","status":"publish","type":"post","link":"https:\/\/dfg-lfa.org\/fr\/2010\/02\/dfg-schuler-in-schulerjury-des-max-ophuls-festivals-2010\/","title":{"rendered":"El\u00e8ves du LFA membres du jury d&rsquo;\u00e9l\u00e8ves au festival Max Oph\u00fcls 2010"},"content":{"rendered":"<p><figure id=\"attachment_4956\" aria-describedby=\"caption-attachment-4956\" style=\"width: 210px\" class=\"wp-caption alignleft\"><a href=\"https:\/\/dfg-lfa.org\/wp-content\/uploads\/Dsc02359.jpg\"><img loading=\"lazy\" decoding=\"async\" class=\"size-medium wp-image-4956   \" title=\"DFG-Mitglieder der Sch\u00fclerjury\" src=\"https:\/\/dfg-lfa.org\/wp-content\/uploads\/Dsc02359-300x224.jpg\" alt=\"DFG-Mitglieder der Sch\u00fclerjury\" width=\"210\" height=\"157\" srcset=\"https:\/\/dfg-lfa.org\/wp-content\/uploads\/Dsc02359-300x224.jpg 300w, https:\/\/dfg-lfa.org\/wp-content\/uploads\/Dsc02359-150x112.jpg 150w, https:\/\/dfg-lfa.org\/wp-content\/uploads\/Dsc02359-590x442.jpg 590w, https:\/\/dfg-lfa.org\/wp-content\/uploads\/Dsc02359.jpg 691w\" sizes=\"auto, (max-width: 210px) 100vw, 210px\" \/><\/a><figcaption id=\"caption-attachment-4956\" class=\"wp-caption-text\">Pascal Brach (1er de dr.) &amp; Valentin Jahnel (2e de dr.) en compagnie de protagonistes du film &quot;Picco&quot;<\/figcaption><\/figure><br \/>\nComme tous les ans le festival du film Max-Oph\u00fcls a eu lieu au Cinestar \u00e0 Sarrebr\u00fcck en d\u00e9but d&rsquo;ann\u00e9e. Durant cette semaine, plusieurs dizaines de films (se diff\u00e9rant en genre et en th\u00e8me) sont pr\u00e9sent\u00e9s, ceux-ci sont en concurrence pour les diff\u00e9rents prix des jurys. L&rsquo;une de ces jurys est le jury des \u00e9l\u00e8ves, constitu\u00e9s de 6 \u00e9l\u00e8ves venant de Sarre et de France et dans lequel Valentin et moi (Pascal Brach) avons eu l&rsquo;honneur d&rsquo;en \u00eatre membre cette ann\u00e9e.<br \/>\nEn quatre jours il nous fallait regarder attentivement 15 longs m\u00e9trages, tous pr\u00e9c\u00e9d\u00e9s par un court m\u00e9trage, pour \u00e0 la fin choisir un vainqueur pour notre prix de valeur de 2500 \u20ac.<br \/>\nPour nous cela signifiait donc qu&rsquo;\u00e0 la place d&rsquo;une semaine d&rsquo;\u00e9cole nous avions le droit \u00e0 une semaine de cin\u00e9ma gratuite. Cependant on avait du travail!<!--more--><br \/>\nLe lundi soir\/jour d&rsquo;ouverture du festival, les organisateurs nous ont accueillis nous et les spectateurs et ont laiss\u00e9s place au premier film, qui n&rsquo;\u00e9tait pas en concours mais servait plut\u00f4t d&rsquo;introduction pour le festival qui en fait ne commen\u00e7a que mardi.<br \/>\n<img loading=\"lazy\" decoding=\"async\" class=\"aligncenter size-full wp-image-4965\" title=\"Filmfestival Max Ophuels\" src=\"https:\/\/dfg-lfa.org\/wp-content\/uploads\/Filmfestival-Max-Ophuels.jpg\" alt=\"Filmfestival Max Ophuels\" width=\"242\" height=\"73\" srcset=\"https:\/\/dfg-lfa.org\/wp-content\/uploads\/Filmfestival-Max-Ophuels.jpg 242w, https:\/\/dfg-lfa.org\/wp-content\/uploads\/Filmfestival-Max-Ophuels-150x45.jpg 150w\" sizes=\"auto, (max-width: 242px) 100vw, 242px\" \/><br \/>\nC&rsquo;est donc le jour d&rsquo;apr\u00e8s que le concours d\u00e9buta. Les journ\u00e9es au festival se d\u00e9roul\u00e8rent tous de mani\u00e8re suivante:<br \/>\nA dix heures, tous les jurys se retrouv\u00e8rent au Cinestar pour ne pas arriver en retard au premier film d\u00e9butant un quart d&rsquo;heure plus tard.<br \/>\nEntre les films nous nous rendions dans la salle des jurys o\u00f9 nous discutions plus en d\u00e9tails des films vus auparavant pour nous mettre d&rsquo;accord sur une critique. Tous les jours nous avions quatre films au programme; un le matin, un l&rsquo;apr\u00e8s-midi, un le soir et un la nuit. En tout cela nous faisait un total de huit heures par jour! La salle de cin\u00e9ma \u00e9tait devenu notre deuxi\u00e8me maison.<br \/>\nPendant nos pauses et apr\u00e8s le dernier film, mis \u00e0 part les discussions intenses en rapport aux films, nous nous rendions ensemble \u00e0 d&rsquo;autres \u00e9v\u00e8nements dans le cadre du festival \u00e9videmment. Comme par exemple tous les soirs \u00e0 la discoth\u00e8que \u00ab\u00a0Garage\u00a0\u00bb, o\u00f9 nous avions la possibilit\u00e9 de boire un verre ou deux bien sur, mais aussi de rencontrer et de discuter avec des acteurs et des metteur en sc\u00e8ne de films du festival. Apr\u00e8s ces fins de journ\u00e9es, il nous restait environ 6 heures avant le d\u00e9but du prochain film, celles-ci, tout le monde les a pass\u00e9s au lit, car la fatigue se faisait sentir! Ce type de journ\u00e9e c&rsquo;est r\u00e9p\u00e9t\u00e9 tout le long de la semaine.<br \/>\nMais la cerise sur le g\u00e2teau \u00e9tait la remise des prix, le samedi soir \u00e0 20 heures \u00e0 la salle des congr\u00e8s de Sarrebr\u00fcck.<figure id=\"attachment_4963\" aria-describedby=\"caption-attachment-4963\" style=\"width: 210px\" class=\"wp-caption alignright\"><a href=\"https:\/\/dfg-lfa.org\/wp-content\/uploads\/Dsc02373.jpg\"><img loading=\"lazy\" decoding=\"async\" class=\"size-medium wp-image-4963\" title=\"DFG-Mitglieder der Sch\u00fclerjury\" src=\"https:\/\/dfg-lfa.org\/wp-content\/uploads\/Dsc02373-300x224.jpg\" alt=\"Dsc02373\" width=\"210\" height=\"157\" srcset=\"https:\/\/dfg-lfa.org\/wp-content\/uploads\/Dsc02373-300x224.jpg 300w, https:\/\/dfg-lfa.org\/wp-content\/uploads\/Dsc02373-150x112.jpg 150w, https:\/\/dfg-lfa.org\/wp-content\/uploads\/Dsc02373-590x442.jpg 590w, https:\/\/dfg-lfa.org\/wp-content\/uploads\/Dsc02373.jpg 691w\" sizes=\"auto, (max-width: 210px) 100vw, 210px\" \/><\/a><figcaption id=\"caption-attachment-4963\" class=\"wp-caption-text\"> <\/figcaption><\/figure><br \/>\nChaque jury se rendaient alors sur sc\u00e8ne pour d\u00e9cerner leur prix. Notre vainqueur \u00e9tait le film \u00ab Bis aufs Blut-Br\u00fcder auf Bew\u00e4hrung \u00bb. L&rsquo;annoncer devant un publique grand de plusieurs centaines de personnes \u00e9tait pass\u00e9 en quelques secondes, mais notre d\u00e9cision refl\u00e8te de nombreuses heures de travail et de dispute pour enfin arriver \u00e0 d\u00e9partager ce film des autres!<br \/>\nComme tous les jurys sont mont\u00e9s sur sc\u00e8ne, la remise des prix a dur\u00e9 plus de deux heures. Une fois termin\u00e9e, l&rsquo;heure \u00e9tait \u00e0 la f\u00eate pour tous, aussi pour nous apr\u00e8s une semaine intense. Mais cette f\u00eate, pour nous \u00e9tait pr\u00e9vus \u00e0 l&rsquo;\u00e9tage V.I.P!<br \/>\nNous sommes tr\u00e8s fier d&rsquo;avoir pu participer \u00e0 cet \u00e9v\u00e8nement et nous tenons tous deux \u00e0 remercier notre professeur de fran\u00e7ais qui nous a mis la puce \u00e0 l&rsquo;oreille. Merci!<\/p>\n<p style=\"text-align: right;\"><em>Pascal Brach et Valentin Jahnel<\/em><\/p>\n<p><\/p>\n<div class=\"shariff shariff-align-left shariff-widget-align-left shariff-buttonstretch\" style=\"display:none\"><ul class=\"shariff-buttons theme-white orientation-horizontal buttonsize-medium\"><li class=\"shariff-button facebook shariff-nocustomcolor\" style=\"background-color:#4273c8\"><a href=\"https:\/\/www.facebook.com\/sharer\/sharer.php?u=https%3A%2F%2Fdfg-lfa.org%2Ffr%2F2010%2F02%2Fdfg-schuler-in-schulerjury-des-max-ophuls-festivals-2010%2F\" title=\"Envoyer par Facebook\" aria-label=\"Envoyer par Facebook\" role=\"button\" rel=\"nofollow\" class=\"shariff-link\" style=\"; background-color:#3b5998; color:#3b5998\" target=\"_blank\"><span class=\"shariff-icon\" style=\"fill:#3b5998\"><svg width=\"32px\" height=\"20px\" xmlns=\"http:\/\/www.w3.org\/2000\/svg\" viewBox=\"0 0 18 32\"><path fill=\"#3b5998\" d=\"M17.1 0.2v4.7h-2.8q-1.5 0-2.1 0.6t-0.5 1.9v3.4h5.2l-0.7 5.3h-4.5v13.6h-5.5v-13.6h-4.5v-5.3h4.5v-3.9q0-3.3 1.9-5.2t5-1.8q2.6 0 4.1 0.2z\"\/><\/svg><\/span><span class=\"shariff-text\" style=\"color:#3b5998\">partager<\/span>&nbsp;<\/a><\/li><li class=\"shariff-button whatsapp shariff-nocustomcolor\" style=\"background-color:#5cbe4a\"><a href=\"https:\/\/api.whatsapp.com\/send?text=https%3A%2F%2Fdfg-lfa.org%2Ffr%2F2010%2F02%2Fdfg-schuler-in-schulerjury-des-max-ophuls-festivals-2010%2F%20El%C3%A8ves%20du%20LFA%20membres%20du%20jury%20d%E2%80%99%C3%A9l%C3%A8ves%20au%20festival%20Max%20Oph%C3%BCls%202010\" title=\"Envoyer par Whatsapp\" aria-label=\"Envoyer par Whatsapp\" role=\"button\" rel=\"noopener nofollow\" class=\"shariff-link\" style=\"; background-color:#34af23; color:#34af23\" target=\"_blank\"><span class=\"shariff-icon\" style=\"fill:#34af23\"><svg width=\"32px\" height=\"20px\" xmlns=\"http:\/\/www.w3.org\/2000\/svg\" viewBox=\"0 0 32 32\"><path fill=\"#34af23\" d=\"M17.6 17.4q0.2 0 1.7 0.8t1.6 0.9q0 0.1 0 0.3 0 0.6-0.3 1.4-0.3 0.7-1.3 1.2t-1.8 0.5q-1 0-3.4-1.1-1.7-0.8-3-2.1t-2.6-3.3q-1.3-1.9-1.3-3.5v-0.1q0.1-1.6 1.3-2.8 0.4-0.4 0.9-0.4 0.1 0 0.3 0t0.3 0q0.3 0 0.5 0.1t0.3 0.5q0.1 0.4 0.6 1.6t0.4 1.3q0 0.4-0.6 1t-0.6 0.8q0 0.1 0.1 0.3 0.6 1.3 1.8 2.4 1 0.9 2.7 1.8 0.2 0.1 0.4 0.1 0.3 0 1-0.9t0.9-0.9zM14 26.9q2.3 0 4.3-0.9t3.6-2.4 2.4-3.6 0.9-4.3-0.9-4.3-2.4-3.6-3.6-2.4-4.3-0.9-4.3 0.9-3.6 2.4-2.4 3.6-0.9 4.3q0 3.6 2.1 6.6l-1.4 4.2 4.3-1.4q2.8 1.9 6.2 1.9zM14 2.2q2.7 0 5.2 1.1t4.3 2.9 2.9 4.3 1.1 5.2-1.1 5.2-2.9 4.3-4.3 2.9-5.2 1.1q-3.5 0-6.5-1.7l-7.4 2.4 2.4-7.2q-1.9-3.2-1.9-6.9 0-2.7 1.1-5.2t2.9-4.3 4.3-2.9 5.2-1.1z\"\/><\/svg><\/span><span class=\"shariff-text\" style=\"color:#34af23\">partager<\/span>&nbsp;<\/a><\/li><li class=\"shariff-button threema shariff-nocustomcolor shariff-mobile\" style=\"background-color:#4fbc24\"><a href=\"threema:\/\/compose?text=El%C3%A8ves%20du%20LFA%20membres%20du%20jury%20d%E2%80%99%C3%A9l%C3%A8ves%20au%20festival%20Max%20Oph%C3%BCls%202010%20https%3A%2F%2Fdfg-lfa.org%2Ffr%2F2010%2F02%2Fdfg-schuler-in-schulerjury-des-max-ophuls-festivals-2010%2F\" title=\"Envoyer par Threema\" aria-label=\"Envoyer par Threema\" role=\"button\" rel=\"noopener nofollow\" class=\"shariff-link\" style=\"; background-color:#1f1f1f; color:#1f1f1f\" target=\"_blank\"><span class=\"shariff-icon\" style=\"fill:#1f1f1f\"><svg width=\"32px\" height=\"20px\" xmlns=\"http:\/\/www.w3.org\/2000\/svg\" viewBox=\"0 0 32 32\"><path fill=\"#1f1f1f\" d=\"M30.8 10.9c-0.3-1.4-0.9-2.6-1.8-3.8-2-2.6-5.5-4.5-9.4-5.2-1.3-0.2-1.9-0.3-3.5-0.3s-2.2 0-3.5 0.3c-4 0.7-7.4 2.6-9.4 5.2-0.9 1.2-1.5 2.4-1.8 3.8-0.1 0.5-0.2 1.2-0.2 1.6 0 0.4 0.1 1.1 0.2 1.6 0.4 1.9 1.3 3.4 2.9 5 0.8 0.8 0.8 0.8 0.7 1.3 0 0.6-0.5 1.6-1.7 3.6-0.3 0.5-0.5 0.9-0.5 0.9 0 0.1 0.1 0.1 0.5 0 0.8-0.2 2.3-0.6 5.6-1.6 1.1-0.3 1.3-0.4 2.3-0.4 0.8 0 1.1 0 2.3 0.2 1.5 0.2 3.5 0.2 4.9 0 5.1-0.6 9.3-2.9 11.4-6.3 0.5-0.9 0.9-1.8 1.1-2.8 0.1-0.5 0.2-1.1 0.2-1.6 0-0.7-0.1-1.1-0.2-1.6-0.3-1.4 0.1 0.5 0 0zM20.6 17.3c0 0.4-0.4 0.8-0.8 0.8h-7.7c-0.4 0-0.8-0.4-0.8-0.8v-4.6c0-0.4 0.4-0.8 0.8-0.8h0.2l0-1.6c0-0.9 0-1.8 0.1-2 0.1-0.6 0.6-1.2 1.1-1.7s1.1-0.7 1.9-0.8c1.8-0.3 3.7 0.7 4.2 2.2 0.1 0.3 0.1 0.7 0.1 2.1v0 1.7h0.1c0.4 0 0.8 0.4 0.8 0.8v4.6zM15.6 7.3c-0.5 0.1-0.8 0.3-1.2 0.6s-0.6 0.8-0.7 1.3c0 0.2 0 0.8 0 1.5l0 1.2h4.6v-1.3c0-1 0-1.4-0.1-1.6-0.3-1.1-1.5-1.9-2.6-1.7zM25.8 28.2c0 1.2-1 2.2-2.1 2.2s-2.1-1-2.1-2.1c0-1.2 1-2.1 2.2-2.1s2.2 1 2.2 2.2zM18.1 28.2c0 1.2-1 2.2-2.1 2.2s-2.1-1-2.1-2.1c0-1.2 1-2.1 2.2-2.1s2.2 1 2.2 2.2zM10.4 28.2c0 1.2-1 2.2-2.1 2.2s-2.1-1-2.1-2.1c0-1.2 1-2.1 2.2-2.1s2.2 1 2.2 2.2z\"\/><\/svg><\/span><span class=\"shariff-text\" style=\"color:#1f1f1f\">partager<\/span>&nbsp;<\/a><\/li><li class=\"shariff-button mastodon shariff-nocustomcolor\" style=\"background-color:#563ACC\"><a href=\"https:\/\/s2f.kytta.dev\/?text=El%C3%A8ves%20du%20LFA%20membres%20du%20jury%20d%E2%80%99%C3%A9l%C3%A8ves%20au%20festival%20Max%20Oph%C3%BCls%202010 https%3A%2F%2Fdfg-lfa.org%2Ffr%2F2010%2F02%2Fdfg-schuler-in-schulerjury-des-max-ophuls-festivals-2010%2F\" title=\"Envoyer par Mastodon\" aria-label=\"Envoyer par Mastodon\" role=\"button\" rel=\"noopener nofollow\" class=\"shariff-link\" style=\"; background-color:#6364FF; color:#6364FF\" target=\"_blank\"><span class=\"shariff-icon\" style=\"fill:#6364FF\"><svg width=\"75\" height=\"79\" viewBox=\"0 0 75 79\" fill=\"none\" xmlns=\"http:\/\/www.w3.org\/2000\/svg\"><path d=\"M37.813-.025C32.462-.058 27.114.13 21.79.598c-8.544.621-17.214 5.58-20.203 13.931C-1.12 23.318.408 32.622.465 41.65c.375 7.316.943 14.78 3.392 21.73 4.365 9.465 14.781 14.537 24.782 15.385 7.64.698 15.761-.213 22.517-4.026a54.1 54.1 0 0 0 .01-6.232c-6.855 1.316-14.101 2.609-21.049 1.074-3.883-.88-6.876-4.237-7.25-8.215-1.53-3.988 3.78-.43 5.584-.883 9.048 1.224 18.282.776 27.303-.462 7.044-.837 14.26-4.788 16.65-11.833 2.263-6.135 1.215-12.79 1.698-19.177.06-3.84.09-7.692-.262-11.52C72.596 7.844 63.223.981 53.834.684a219.453 219.453 0 0 0-16.022-.71zm11.294 12.882c5.5-.067 10.801 4.143 11.67 9.653.338 1.48.471 3 .471 4.515v21.088h-8.357c-.07-7.588.153-15.182-.131-22.765-.587-4.368-7.04-5.747-9.672-2.397-2.422 3.04-1.47 7.155-1.67 10.735v6.392h-8.307c-.146-4.996.359-10.045-.404-15.002-1.108-4.218-7.809-5.565-10.094-1.666-1.685 3.046-.712 6.634-.976 9.936v14.767h-8.354c.109-8.165-.238-16.344.215-24.5.674-5.346 5.095-10.389 10.676-10.627 4.902-.739 10.103 2.038 12.053 6.631.375 1.435 1.76 1.932 1.994.084 1.844-3.704 5.501-6.739 9.785-6.771.367-.044.735-.068 1.101-.073z\"\/><defs><linearGradient id=\"paint0_linear_549_34\" x1=\"37.0692\" y1=\"0\" x2=\"37.0692\" y2=\"79\" gradientUnits=\"userSpaceOnUse\"><stop stop-color=\"#6364FF\"\/><stop offset=\"1\" stop-color=\"#563ACC\"\/><\/linearGradient><\/defs><\/svg><\/span><span class=\"shariff-text\" style=\"color:#6364FF\">partager<\/span>&nbsp;<\/a><\/li><li class=\"shariff-button mailto shariff-nocustomcolor\" style=\"background-color:#a8a8a8\"><a href=\"mailto:?body=https%3A%2F%2Fdfg-lfa.org%2Ffr%2F2010%2F02%2Fdfg-schuler-in-schulerjury-des-max-ophuls-festivals-2010%2F&subject=El%C3%A8ves%20du%20LFA%20membres%20du%20jury%20d%E2%80%99%C3%A9l%C3%A8ves%20au%20festival%20Max%20Oph%C3%BCls%202010\" title=\"Envoyer par courriel\" aria-label=\"Envoyer par courriel\" role=\"button\" rel=\"noopener nofollow\" class=\"shariff-link\" style=\"; background-color:#999; color:#999\"><span class=\"shariff-icon\" style=\"fill:#999\"><svg width=\"32px\" height=\"20px\" xmlns=\"http:\/\/www.w3.org\/2000\/svg\" viewBox=\"0 0 32 32\"><path fill=\"#999\" d=\"M32 12.7v14.2q0 1.2-0.8 2t-2 0.9h-26.3q-1.2 0-2-0.9t-0.8-2v-14.2q0.8 0.9 1.8 1.6 6.5 4.4 8.9 6.1 1 0.8 1.6 1.2t1.7 0.9 2 0.4h0.1q0.9 0 2-0.4t1.7-0.9 1.6-1.2q3-2.2 8.9-6.1 1-0.7 1.8-1.6zM32 7.4q0 1.4-0.9 2.7t-2.2 2.2q-6.7 4.7-8.4 5.8-0.2 0.1-0.7 0.5t-1 0.7-0.9 0.6-1.1 0.5-0.9 0.2h-0.1q-0.4 0-0.9-0.2t-1.1-0.5-0.9-0.6-1-0.7-0.7-0.5q-1.6-1.1-4.7-3.2t-3.6-2.6q-1.1-0.7-2.1-2t-1-2.5q0-1.4 0.7-2.3t2.1-0.9h26.3q1.2 0 2 0.8t0.9 2z\"\/><\/svg><\/span><span class=\"shariff-text\" style=\"color:#999\">courriel<\/span>&nbsp;<\/a><\/li><li class=\"shariff-button info shariff-nocustomcolor\" style=\"background-color:#a8a8a8\"><a href=\"http:\/\/ct.de\/-2467514\" title=\"Datenschutz-Infos\" aria-label=\"Datenschutz-Infos\" role=\"button\" rel=\"noopener \" class=\"shariff-link\" style=\"; background-color:#999; color:#999\" target=\"_blank\"><span class=\"shariff-icon\" style=\"fill:#999\"><svg width=\"32px\" height=\"20px\" xmlns=\"http:\/\/www.w3.org\/2000\/svg\" viewBox=\"0 0 11 32\"><path fill=\"#999\" d=\"M11.4 24v2.3q0 0.5-0.3 0.8t-0.8 0.4h-9.1q-0.5 0-0.8-0.4t-0.4-0.8v-2.3q0-0.5 0.4-0.8t0.8-0.4h1.1v-6.8h-1.1q-0.5 0-0.8-0.4t-0.4-0.8v-2.3q0-0.5 0.4-0.8t0.8-0.4h6.8q0.5 0 0.8 0.4t0.4 0.8v10.3h1.1q0.5 0 0.8 0.4t0.3 0.8zM9.2 3.4v3.4q0 0.5-0.4 0.8t-0.8 0.4h-4.6q-0.4 0-0.8-0.4t-0.4-0.8v-3.4q0-0.4 0.4-0.8t0.8-0.4h4.6q0.5 0 0.8 0.4t0.4 0.8z\"\/><\/svg><\/span><\/a><\/li><\/ul><\/div>","protected":false},"excerpt":{"rendered":"<p>Comme tous les ans le festival du film Max-Oph\u00fcls a eu lieu au Cinestar \u00e0 Sarrebr\u00fcck en d\u00e9but d&rsquo;ann\u00e9e. Durant cette semaine, plusieurs dizaines de films (se diff\u00e9rant en genre et en th\u00e8me) sont pr\u00e9sent\u00e9s, ceux-ci sont en concurrence pour les diff\u00e9rents prix des jurys. L&rsquo;une de ces jurys est &hellip;<\/p>\n","protected":false},"author":2,"featured_media":4956,"comment_status":"closed","ping_status":"closed","sticky":false,"template":"","format":"standard","meta":{"inline_featured_image":false,"footnotes":""},"categories":[3],"tags":[409],"class_list":["post-4954","post","type-post","status-publish","format-standard","has-post-thumbnail","hentry","category-schule-aktuell","tag-max-ophuels-festival"],"yoast_head":"<!-- This site is optimized with the Yoast SEO plugin v27.4 - https:\/\/yoast.com\/product\/yoast-seo-wordpress\/ -->\n<title>DFG-Mitglieder in Sch\u00fclerjury des Max Oph\u00fcls-Festivals 2010El\u00e8ves du LFA membres du jury d&#039;\u00e9l\u00e8ves au festival Max Oph\u00fcls 2010 - Lyc\u00e9e Franco-Allemand de Sarrebruck<\/title>\n<meta name=\"robots\" content=\"index, follow, max-snippet:-1, max-image-preview:large, max-video-preview:-1\" \/>\n<link rel=\"canonical\" href=\"https:\/\/dfg-lfa.org\/fr\/2010\/02\/dfg-schuler-in-schulerjury-des-max-ophuls-festivals-2010\/\" \/>\n<meta property=\"og:locale\" content=\"fr_FR\" \/>\n<meta property=\"og:type\" content=\"article\" \/>\n<meta property=\"og:title\" content=\"DFG-Mitglieder in Sch\u00fclerjury des Max Oph\u00fcls-Festivals 2010El\u00e8ves du LFA membres du jury d&#039;\u00e9l\u00e8ves au festival Max Oph\u00fcls 2010 - Lyc\u00e9e Franco-Allemand de Sarrebruck\" \/>\n<meta property=\"og:description\" content=\"Comme tous les ans le festival du film Max-Oph\u00fcls a eu lieu au Cinestar \u00e0 Sarrebr\u00fcck en d\u00e9but d&rsquo;ann\u00e9e. Durant cette semaine, plusieurs dizaines de films (se diff\u00e9rant en genre et en th\u00e8me) sont pr\u00e9sent\u00e9s, ceux-ci sont en concurrence pour les diff\u00e9rents prix des jurys. L&rsquo;une de ces jurys est &hellip;\" \/>\n<meta property=\"og:url\" content=\"https:\/\/dfg-lfa.org\/fr\/2010\/02\/dfg-schuler-in-schulerjury-des-max-ophuls-festivals-2010\/\" \/>\n<meta property=\"og:site_name\" content=\"Lyc\u00e9e Franco-Allemand de Sarrebruck\" \/>\n<meta property=\"article:publisher\" content=\"https:\/\/www.facebook.com\/dfglfa\/\" \/>\n<meta property=\"article:published_time\" content=\"2010-02-09T20:09:28+00:00\" \/>\n<meta property=\"article:modified_time\" content=\"2020-10-21T18:14:11+00:00\" \/>\n<meta property=\"og:image\" content=\"https:\/\/dfg-lfa.org\/wp-content\/uploads\/Dsc02359.jpg\" \/>\n\t<meta property=\"og:image:width\" content=\"691\" \/>\n\t<meta property=\"og:image:height\" content=\"518\" \/>\n\t<meta property=\"og:image:type\" content=\"image\/jpeg\" \/>\n<meta name=\"author\" content=\"Administrator\" \/>\n<meta name=\"twitter:card\" content=\"summary_large_image\" \/>\n<meta name=\"twitter:creator\" content=\"@DFGLFA\" \/>\n<meta name=\"twitter:site\" content=\"@DFGLFA\" \/>\n<meta name=\"twitter:label1\" content=\"\u00c9crit par\" \/>\n\t<meta name=\"twitter:data1\" content=\"Administrator\" \/>\n\t<meta name=\"twitter:label2\" content=\"Dur\u00e9e de lecture estim\u00e9e\" \/>\n\t<meta name=\"twitter:data2\" content=\"8 minutes\" \/>\n<script type=\"application\/ld+json\" class=\"yoast-schema-graph\">{\"@context\":\"https:\\\/\\\/schema.org\",\"@graph\":[{\"@type\":\"Article\",\"@id\":\"https:\\\/\\\/dfg-lfa.org\\\/fr\\\/2010\\\/02\\\/dfg-schuler-in-schulerjury-des-max-ophuls-festivals-2010\\\/#article\",\"isPartOf\":{\"@id\":\"https:\\\/\\\/dfg-lfa.org\\\/fr\\\/2010\\\/02\\\/dfg-schuler-in-schulerjury-des-max-ophuls-festivals-2010\\\/\"},\"author\":{\"name\":\"Administrator\",\"@id\":\"https:\\\/\\\/dfg-lfa.org\\\/#\\\/schema\\\/person\\\/a8fe67fb1ec6d85c85d21daf2d68fa69\"},\"headline\":\"El\u00e8ves du LFA membres du jury d&rsquo;\u00e9l\u00e8ves au festival Max Oph\u00fcls 2010\",\"datePublished\":\"2010-02-09T20:09:28+00:00\",\"dateModified\":\"2020-10-21T18:14:11+00:00\",\"mainEntityOfPage\":{\"@id\":\"https:\\\/\\\/dfg-lfa.org\\\/fr\\\/2010\\\/02\\\/dfg-schuler-in-schulerjury-des-max-ophuls-festivals-2010\\\/\"},\"wordCount\":1733,\"publisher\":{\"@id\":\"https:\\\/\\\/dfg-lfa.org\\\/#organization\"},\"image\":{\"@id\":\"https:\\\/\\\/dfg-lfa.org\\\/fr\\\/2010\\\/02\\\/dfg-schuler-in-schulerjury-des-max-ophuls-festivals-2010\\\/#primaryimage\"},\"thumbnailUrl\":\"https:\\\/\\\/dfg-lfa.org\\\/wp-content\\\/uploads\\\/Dsc02359.jpg\",\"keywords\":[\"Max-Oph\u00fcls-Festival\"],\"articleSection\":[\"Actualit\u00e9s\"],\"inLanguage\":\"fr-FR\"},{\"@type\":\"WebPage\",\"@id\":\"https:\\\/\\\/dfg-lfa.org\\\/fr\\\/2010\\\/02\\\/dfg-schuler-in-schulerjury-des-max-ophuls-festivals-2010\\\/\",\"url\":\"https:\\\/\\\/dfg-lfa.org\\\/fr\\\/2010\\\/02\\\/dfg-schuler-in-schulerjury-des-max-ophuls-festivals-2010\\\/\",\"name\":\"DFG-Mitglieder in Sch\u00fclerjury des Max Oph\u00fcls-Festivals 2010El\u00e8ves du LFA membres du jury d'\u00e9l\u00e8ves au festival Max Oph\u00fcls 2010 - Lyc\u00e9e Franco-Allemand de Sarrebruck\",\"isPartOf\":{\"@id\":\"https:\\\/\\\/dfg-lfa.org\\\/fr\\\/#website\"},\"primaryImageOfPage\":{\"@id\":\"https:\\\/\\\/dfg-lfa.org\\\/fr\\\/2010\\\/02\\\/dfg-schuler-in-schulerjury-des-max-ophuls-festivals-2010\\\/#primaryimage\"},\"image\":{\"@id\":\"https:\\\/\\\/dfg-lfa.org\\\/fr\\\/2010\\\/02\\\/dfg-schuler-in-schulerjury-des-max-ophuls-festivals-2010\\\/#primaryimage\"},\"thumbnailUrl\":\"https:\\\/\\\/dfg-lfa.org\\\/wp-content\\\/uploads\\\/Dsc02359.jpg\",\"datePublished\":\"2010-02-09T20:09:28+00:00\",\"dateModified\":\"2020-10-21T18:14:11+00:00\",\"breadcrumb\":{\"@id\":\"https:\\\/\\\/dfg-lfa.org\\\/fr\\\/2010\\\/02\\\/dfg-schuler-in-schulerjury-des-max-ophuls-festivals-2010\\\/#breadcrumb\"},\"inLanguage\":\"fr-FR\",\"potentialAction\":[{\"@type\":\"ReadAction\",\"target\":[[\"https:\\\/\\\/dfg-lfa.org\\\/fr\\\/2010\\\/02\\\/dfg-schuler-in-schulerjury-des-max-ophuls-festivals-2010\\\/\"]]}]},{\"@type\":\"ImageObject\",\"inLanguage\":\"fr-FR\",\"@id\":\"https:\\\/\\\/dfg-lfa.org\\\/fr\\\/2010\\\/02\\\/dfg-schuler-in-schulerjury-des-max-ophuls-festivals-2010\\\/#primaryimage\",\"url\":\"https:\\\/\\\/dfg-lfa.org\\\/wp-content\\\/uploads\\\/Dsc02359.jpg\",\"contentUrl\":\"https:\\\/\\\/dfg-lfa.org\\\/wp-content\\\/uploads\\\/Dsc02359.jpg\",\"width\":\"691\",\"height\":\"518\"},{\"@type\":\"BreadcrumbList\",\"@id\":\"https:\\\/\\\/dfg-lfa.org\\\/fr\\\/2010\\\/02\\\/dfg-schuler-in-schulerjury-des-max-ophuls-festivals-2010\\\/#breadcrumb\",\"itemListElement\":[{\"@type\":\"ListItem\",\"position\":1,\"name\":\"Startseite\",\"item\":\"https:\\\/\\\/dfg-lfa.org\\\/fr\\\/\"},{\"@type\":\"ListItem\",\"position\":2,\"name\":\"El\u00e8ves du LFA membres du jury d&rsquo;\u00e9l\u00e8ves au festival Max Oph\u00fcls 2010\"}]},{\"@type\":\"WebSite\",\"@id\":\"https:\\\/\\\/dfg-lfa.org\\\/fr\\\/#website\",\"url\":\"https:\\\/\\\/dfg-lfa.org\\\/fr\\\/\",\"name\":\"Lyc\u00e9e Franco-Allemand de Sarrebruck\",\"description\":\"Einander begegnen \u2013 Avancer ensemble \u2013 We make Europe happen\",\"publisher\":{\"@id\":\"https:\\\/\\\/dfg-lfa.org\\\/fr\\\/#organization\"},\"potentialAction\":[{\"@type\":\"SearchAction\",\"target\":{\"@type\":\"EntryPoint\",\"urlTemplate\":\"https:\\\/\\\/dfg-lfa.org\\\/fr\\\/?s={search_term_string}\"},\"query-input\":{\"@type\":\"PropertyValueSpecification\",\"valueRequired\":true,\"valueName\":\"search_term_string\"}}],\"inLanguage\":\"fr-FR\"},{\"@type\":\"Organization\",\"@id\":\"https:\\\/\\\/dfg-lfa.org\\\/fr\\\/#organization\",\"name\":\"Deutsch-Franz\u00f6sisches Gymnasium Saarbr\u00fccken\",\"url\":\"https:\\\/\\\/dfg-lfa.org\\\/fr\\\/\",\"logo\":{\"@type\":\"ImageObject\",\"inLanguage\":\"fr-FR\",\"@id\":\"https:\\\/\\\/dfg-lfa.org\\\/fr\\\/#\\\/schema\\\/logo\\\/image\\\/\",\"url\":\"https:\\\/\\\/dfg-lfa.org\\\/wp-content\\\/uploads\\\/DFG-logo.png\",\"contentUrl\":\"https:\\\/\\\/dfg-lfa.org\\\/wp-content\\\/uploads\\\/DFG-logo.png\",\"width\":200,\"height\":77,\"caption\":\"Deutsch-Franz\u00f6sisches Gymnasium Saarbr\u00fccken\"},\"image\":{\"@id\":\"https:\\\/\\\/dfg-lfa.org\\\/fr\\\/#\\\/schema\\\/logo\\\/image\\\/\"},\"sameAs\":[\"https:\\\/\\\/www.facebook.com\\\/dfglfa\\\/\",\"https:\\\/\\\/x.com\\\/DFGLFA\",\"https:\\\/\\\/www.instagram.com\\\/dfg_lfa_saarbruecken\\\/\",\"https:\\\/\\\/www.youtube.com\\\/channel\\\/UCoxV4_gnJ3blV1U7iOjCV7w\\\/\",\"https:\\\/\\\/de.wikipedia.org\\\/wiki\\\/Deutsch-Franz\u00f6sisches_Gymnasium_in_Saarbr\u00fccken\"]},{\"@type\":\"Person\",\"@id\":\"https:\\\/\\\/dfg-lfa.org\\\/#\\\/schema\\\/person\\\/a8fe67fb1ec6d85c85d21daf2d68fa69\",\"name\":\"Administrator\"}]}<\/script>\n<!-- \/ Yoast SEO plugin. -->","yoast_head_json":{"title":"DFG-Mitglieder in Sch\u00fclerjury des Max Oph\u00fcls-Festivals 2010El\u00e8ves du LFA membres du jury d'\u00e9l\u00e8ves au festival Max Oph\u00fcls 2010 - Lyc\u00e9e Franco-Allemand de Sarrebruck","robots":{"index":"index","follow":"follow","max-snippet":"max-snippet:-1","max-image-preview":"max-image-preview:large","max-video-preview":"max-video-preview:-1"},"canonical":"https:\/\/dfg-lfa.org\/fr\/2010\/02\/dfg-schuler-in-schulerjury-des-max-ophuls-festivals-2010\/","og_locale":"fr_FR","og_type":"article","og_title":"DFG-Mitglieder in Sch\u00fclerjury des Max Oph\u00fcls-Festivals 2010El\u00e8ves du LFA membres du jury d'\u00e9l\u00e8ves au festival Max Oph\u00fcls 2010 - Lyc\u00e9e Franco-Allemand de Sarrebruck","og_description":"Comme tous les ans le festival du film Max-Oph\u00fcls a eu lieu au Cinestar \u00e0 Sarrebr\u00fcck en d\u00e9but d&rsquo;ann\u00e9e. Durant cette semaine, plusieurs dizaines de films (se diff\u00e9rant en genre et en th\u00e8me) sont pr\u00e9sent\u00e9s, ceux-ci sont en concurrence pour les diff\u00e9rents prix des jurys. L&rsquo;une de ces jurys est &hellip;","og_url":"https:\/\/dfg-lfa.org\/fr\/2010\/02\/dfg-schuler-in-schulerjury-des-max-ophuls-festivals-2010\/","og_site_name":"Lyc\u00e9e Franco-Allemand de Sarrebruck","article_publisher":"https:\/\/www.facebook.com\/dfglfa\/","article_published_time":"2010-02-09T20:09:28+00:00","article_modified_time":"2020-10-21T18:14:11+00:00","og_image":[{"width":691,"height":518,"url":"https:\/\/dfg-lfa.org\/wp-content\/uploads\/Dsc02359.jpg","type":"image\/jpeg"}],"author":"Administrator","twitter_card":"summary_large_image","twitter_creator":"@DFGLFA","twitter_site":"@DFGLFA","twitter_misc":{"\u00c9crit par":"Administrator","Dur\u00e9e de lecture estim\u00e9e":"8 minutes"},"schema":{"@context":"https:\/\/schema.org","@graph":[{"@type":"Article","@id":"https:\/\/dfg-lfa.org\/fr\/2010\/02\/dfg-schuler-in-schulerjury-des-max-ophuls-festivals-2010\/#article","isPartOf":{"@id":"https:\/\/dfg-lfa.org\/fr\/2010\/02\/dfg-schuler-in-schulerjury-des-max-ophuls-festivals-2010\/"},"author":{"name":"Administrator","@id":"https:\/\/dfg-lfa.org\/#\/schema\/person\/a8fe67fb1ec6d85c85d21daf2d68fa69"},"headline":"El\u00e8ves du LFA membres du jury d&rsquo;\u00e9l\u00e8ves au festival Max Oph\u00fcls 2010","datePublished":"2010-02-09T20:09:28+00:00","dateModified":"2020-10-21T18:14:11+00:00","mainEntityOfPage":{"@id":"https:\/\/dfg-lfa.org\/fr\/2010\/02\/dfg-schuler-in-schulerjury-des-max-ophuls-festivals-2010\/"},"wordCount":1733,"publisher":{"@id":"https:\/\/dfg-lfa.org\/#organization"},"image":{"@id":"https:\/\/dfg-lfa.org\/fr\/2010\/02\/dfg-schuler-in-schulerjury-des-max-ophuls-festivals-2010\/#primaryimage"},"thumbnailUrl":"https:\/\/dfg-lfa.org\/wp-content\/uploads\/Dsc02359.jpg","keywords":["Max-Oph\u00fcls-Festival"],"articleSection":["Actualit\u00e9s"],"inLanguage":"fr-FR"},{"@type":"WebPage","@id":"https:\/\/dfg-lfa.org\/fr\/2010\/02\/dfg-schuler-in-schulerjury-des-max-ophuls-festivals-2010\/","url":"https:\/\/dfg-lfa.org\/fr\/2010\/02\/dfg-schuler-in-schulerjury-des-max-ophuls-festivals-2010\/","name":"DFG-Mitglieder in Sch\u00fclerjury des Max Oph\u00fcls-Festivals 2010El\u00e8ves du LFA membres du jury d'\u00e9l\u00e8ves au festival Max Oph\u00fcls 2010 - Lyc\u00e9e Franco-Allemand de Sarrebruck","isPartOf":{"@id":"https:\/\/dfg-lfa.org\/fr\/#website"},"primaryImageOfPage":{"@id":"https:\/\/dfg-lfa.org\/fr\/2010\/02\/dfg-schuler-in-schulerjury-des-max-ophuls-festivals-2010\/#primaryimage"},"image":{"@id":"https:\/\/dfg-lfa.org\/fr\/2010\/02\/dfg-schuler-in-schulerjury-des-max-ophuls-festivals-2010\/#primaryimage"},"thumbnailUrl":"https:\/\/dfg-lfa.org\/wp-content\/uploads\/Dsc02359.jpg","datePublished":"2010-02-09T20:09:28+00:00","dateModified":"2020-10-21T18:14:11+00:00","breadcrumb":{"@id":"https:\/\/dfg-lfa.org\/fr\/2010\/02\/dfg-schuler-in-schulerjury-des-max-ophuls-festivals-2010\/#breadcrumb"},"inLanguage":"fr-FR","potentialAction":[{"@type":"ReadAction","target":[["https:\/\/dfg-lfa.org\/fr\/2010\/02\/dfg-schuler-in-schulerjury-des-max-ophuls-festivals-2010\/"]]}]},{"@type":"ImageObject","inLanguage":"fr-FR","@id":"https:\/\/dfg-lfa.org\/fr\/2010\/02\/dfg-schuler-in-schulerjury-des-max-ophuls-festivals-2010\/#primaryimage","url":"https:\/\/dfg-lfa.org\/wp-content\/uploads\/Dsc02359.jpg","contentUrl":"https:\/\/dfg-lfa.org\/wp-content\/uploads\/Dsc02359.jpg","width":"691","height":"518"},{"@type":"BreadcrumbList","@id":"https:\/\/dfg-lfa.org\/fr\/2010\/02\/dfg-schuler-in-schulerjury-des-max-ophuls-festivals-2010\/#breadcrumb","itemListElement":[{"@type":"ListItem","position":1,"name":"Startseite","item":"https:\/\/dfg-lfa.org\/fr\/"},{"@type":"ListItem","position":2,"name":"El\u00e8ves du LFA membres du jury d&rsquo;\u00e9l\u00e8ves au festival Max Oph\u00fcls 2010"}]},{"@type":"WebSite","@id":"https:\/\/dfg-lfa.org\/fr\/#website","url":"https:\/\/dfg-lfa.org\/fr\/","name":"Lyc\u00e9e Franco-Allemand de Sarrebruck","description":"Einander begegnen \u2013 Avancer ensemble \u2013 We make Europe happen","publisher":{"@id":"https:\/\/dfg-lfa.org\/fr\/#organization"},"potentialAction":[{"@type":"SearchAction","target":{"@type":"EntryPoint","urlTemplate":"https:\/\/dfg-lfa.org\/fr\/?s={search_term_string}"},"query-input":{"@type":"PropertyValueSpecification","valueRequired":true,"valueName":"search_term_string"}}],"inLanguage":"fr-FR"},{"@type":"Organization","@id":"https:\/\/dfg-lfa.org\/fr\/#organization","name":"Deutsch-Franz\u00f6sisches Gymnasium Saarbr\u00fccken","url":"https:\/\/dfg-lfa.org\/fr\/","logo":{"@type":"ImageObject","inLanguage":"fr-FR","@id":"https:\/\/dfg-lfa.org\/fr\/#\/schema\/logo\/image\/","url":"https:\/\/dfg-lfa.org\/wp-content\/uploads\/DFG-logo.png","contentUrl":"https:\/\/dfg-lfa.org\/wp-content\/uploads\/DFG-logo.png","width":200,"height":77,"caption":"Deutsch-Franz\u00f6sisches Gymnasium Saarbr\u00fccken"},"image":{"@id":"https:\/\/dfg-lfa.org\/fr\/#\/schema\/logo\/image\/"},"sameAs":["https:\/\/www.facebook.com\/dfglfa\/","https:\/\/x.com\/DFGLFA","https:\/\/www.instagram.com\/dfg_lfa_saarbruecken\/","https:\/\/www.youtube.com\/channel\/UCoxV4_gnJ3blV1U7iOjCV7w\/","https:\/\/de.wikipedia.org\/wiki\/Deutsch-Franz\u00f6sisches_Gymnasium_in_Saarbr\u00fccken"]},{"@type":"Person","@id":"https:\/\/dfg-lfa.org\/#\/schema\/person\/a8fe67fb1ec6d85c85d21daf2d68fa69","name":"Administrator"}]}},"_links":{"self":[{"href":"https:\/\/dfg-lfa.org\/fr\/wp-json\/wp\/v2\/posts\/4954","targetHints":{"allow":["GET"]}}],"collection":[{"href":"https:\/\/dfg-lfa.org\/fr\/wp-json\/wp\/v2\/posts"}],"about":[{"href":"https:\/\/dfg-lfa.org\/fr\/wp-json\/wp\/v2\/types\/post"}],"author":[{"embeddable":true,"href":"https:\/\/dfg-lfa.org\/fr\/wp-json\/wp\/v2\/users\/2"}],"replies":[{"embeddable":true,"href":"https:\/\/dfg-lfa.org\/fr\/wp-json\/wp\/v2\/comments?post=4954"}],"version-history":[{"count":0,"href":"https:\/\/dfg-lfa.org\/fr\/wp-json\/wp\/v2\/posts\/4954\/revisions"}],"wp:featuredmedia":[{"embeddable":true,"href":"https:\/\/dfg-lfa.org\/fr\/wp-json\/wp\/v2\/media\/4956"}],"wp:attachment":[{"href":"https:\/\/dfg-lfa.org\/fr\/wp-json\/wp\/v2\/media?parent=4954"}],"wp:term":[{"taxonomy":"category","embeddable":true,"href":"https:\/\/dfg-lfa.org\/fr\/wp-json\/wp\/v2\/categories?post=4954"},{"taxonomy":"post_tag","embeddable":true,"href":"https:\/\/dfg-lfa.org\/fr\/wp-json\/wp\/v2\/tags?post=4954"}],"curies":[{"name":"wp","href":"https:\/\/api.w.org\/{rel}","templated":true}]}}