{"id":50699,"date":"2020-10-27T19:32:59","date_gmt":"2020-10-27T18:32:59","guid":{"rendered":"https:\/\/dfg-lfa.org\/?p=50699"},"modified":"2020-10-27T21:36:16","modified_gmt":"2020-10-27T20:36:16","slug":"vorstellung-des-neuen-schulleiters-stefan-hauter","status":"publish","type":"post","link":"https:\/\/dfg-lfa.org\/fr\/2020\/10\/vorstellung-des-neuen-schulleiters-stefan-hauter\/","title":{"rendered":"Pr\u00e9sentation du nouveau proviseur allemand Stefan Hauter"},"content":{"rendered":"<p><a href=\"https:\/\/dfg-lfa.org\/wp-content\/uploads\/Hauter-neuer-SL.jpg\"><img loading=\"lazy\" decoding=\"async\" class=\"size-medium wp-image-50717 alignright\" src=\"https:\/\/dfg-lfa.org\/wp-content\/uploads\/Hauter-neuer-SL-300x200.jpg\" alt=\"Stefan Hauter - Neuer Schulleiter am DFG Saarbr\u00fccken\" width=\"300\" height=\"200\" srcset=\"https:\/\/dfg-lfa.org\/wp-content\/uploads\/Hauter-neuer-SL-300x200.jpg 300w, https:\/\/dfg-lfa.org\/wp-content\/uploads\/Hauter-neuer-SL-150x100.jpg 150w, https:\/\/dfg-lfa.org\/wp-content\/uploads\/Hauter-neuer-SL-768x512.jpg 768w, https:\/\/dfg-lfa.org\/wp-content\/uploads\/Hauter-neuer-SL.jpg 1920w\" sizes=\"auto, (max-width: 300px) 100vw, 300px\" \/><\/a>Ch\u00e8re communaut\u00e9 scolaire, chers enseignants, \u00e9l\u00e8ves et parents,<\/p>\n<p>Je saisis l\u2019opportunit\u00e9 que m\u2019offrent ces vacances d&rsquo;automne pour me pr\u00e9senter \u00e0 vous, en tant que nouveau proviseur du lyc\u00e9e franco-allemand de Sarrebruck.<\/p>\n<p>Le 2 septembre, lors de la pr\u00e9rentr\u00e9e, le secr\u00e9taire d&rsquo;\u00c9tat et le directeur du service en charge des lyc\u00e9es m&rsquo;ont pr\u00e9sent\u00e9 \u00e0 l\u2019ensemble du corps enseignant et m&rsquo;ont officiellement investi de ma nouvelle fonction. Depuis, six semaines de cours tr\u00e8s mouvement\u00e9es se sont \u00e9coul\u00e9es : premier aper\u00e7u du quotidien du LFA, innombrables discussions avec des coll\u00e8gues, heures d\u2019enseignement \u00e0 titre personnel, et bien s\u00fbr multiplicit\u00e9 de t\u00e2ches administratives, tout cela avec malheureusement en toile de fond la gestion de crise constante en ces temps de pand\u00e9mie. De nombreux \u00e9l\u00e8ves se sont\u00a0 demand\u00e9 qui avait succ\u00e9d\u00e9 \u00e0 M. B\u00e4chle , et beaucoup auraient s\u00fbrement aim\u00e9 que je me pr\u00e9sente personnellement dans les classes. Je regrette au moins autant que mes \u00e9l\u00e8ves de ne pas encore \u00eatre parvenu \u00e0 le faire, c&rsquo;est pourquoi j&rsquo;ai r\u00e9dig\u00e9 cette br\u00e8ve pr\u00e9sentation, en attendant de pouvoir, tr\u00e8s prochainement je l&rsquo;esp\u00e8re, parler directement aux classes \u00e0 telle ou telle occasion.<\/p>\n<p>Je suis originaire du Land voisin de Rh\u00e9nanie-Palatinat, non loin de la fronti\u00e8re fran\u00e7aise. L\u00e0, pendant mon enfance et ma jeunesse, j&rsquo;ai pu constater comment la fronti\u00e8re franco-allemande, qui serpentait en pleine nature entre le Palatinat et l&rsquo;Alsace-Lorraine,\u00a0 devenait au fil des ans, gr\u00e2ce au processus d&rsquo;unification europ\u00e9enne, de plus en plus discr\u00e8te pour enfin presque dispara\u00eetre. La France m\u2019a toujours beaucoup attir\u00e9\u00a0: sa langue et sa culture, la beaut\u00e9 du pays, ainsi que la d\u00e9couverte de points communs et de diff\u00e9rences entre deux pays voisins qui, malgr\u00e9 leurs histoires souvent tr\u00e8s diff\u00e9rentes, sont tous deux h\u00e9ritiers de la culture europ\u00e9enne des Lumi\u00e8res.<\/p>\n<p>Apr\u00e8s le bac, mes \u00e9tudes de biologie m\u2019ont conduit \u00e0 s\u00e9journer pendant de nombreuses ann\u00e9es \u00e0 G\u00f6ttingen, \u00e0 l&rsquo;extr\u00e9mit\u00e9 nord de la r\u00e9gion de moyenne montagne allemande, et pendant un certain temps aux \u00c9tats-Unis et dans le sud de la France, o\u00f9 j&rsquo;ai pu combiner mes \u00e9tudes de biologie avec une ann\u00e9e de recherche sur des sujets \u00e9cologiques. De retour \u00e0 G\u00f6ttingen, je me suis lanc\u00e9 dans l\u2019\u00e9tude des langues et litt\u00e9ratures romanes afin de devenir enseignant. J\u2019ai fait mon stage pratique au Studienseminar de Mayence, o\u00f9 je suis demeur\u00e9 un certain temps en tant que professeur rempla\u00e7ant. L&rsquo;\u00e9tape\u00a0 suivante a \u00e9t\u00e9 un poste au Warndt-Gymnasium de V\u00f6lklingen-Geislautern, o\u00f9 j&rsquo;ai travaill\u00e9 comme professeur de fran\u00e7ais et de biologie pendant de nombreuses ann\u00e9es. Ce d\u00e9m\u00e9nagement en Sarre m\u2019a permis de combiner m\u00e9tier et famille\u00a0: c\u2019\u00e9tait la meilleure solution pour ma famille franco-allemande, qui vit essentiellement \u00e0 Sarreguemines. Apr\u00e8s huit autres ann\u00e9es pass\u00e9es au sein de l\u2019autorit\u00e9 de contr\u00f4le des \u00e9tablissements scolaires, pendant lesquelles j&rsquo;ai travaill\u00e9 sur des dossiers li\u00e9s aux lyc\u00e9es franco-allemands et au baccalaur\u00e9at franco-allemand, me voici maintenant dans la Halbergstra\u00dfe, \u00e0 ma grande joie\u00a0!<\/p>\n<p>Au lyc\u00e9e franco-allemand, je souhaite avant tout poursuivre l&rsquo;excellent travail de mon pr\u00e9d\u00e9cesseur. L&rsquo;int\u00e9gration des sections fran\u00e7aise et allemande, qui a \u00e9t\u00e9 mise en \u0153uvre sous sa direction et en coop\u00e9ration \u00e9troite avec les proviseurs fran\u00e7ais, doit \u00eatre poursuivie, constamment revivifi\u00e9e, et mise en pratique dans le travail quotidien avec des \u00e9l\u00e8ves qui vivent dans des environnements linguistiques tr\u00e8s diff\u00e9rents.<\/p>\n<p>Bien s\u00fbr, de nombreux d\u00e9fis nous attendent, qui n\u00e9cessitent de nouvelles r\u00e9ponses : le r\u00f4le de la langue internationale qu&rsquo;est l&rsquo;anglais, le num\u00e9rique, le soutien p\u00e9dagogique des jeunes, qui doivent parvenir \u00e0 se rep\u00e9rer dans un monde complexe et domin\u00e9 par les m\u00e9dias, et enfin bien s\u00fbr, les d\u00e9fis \u00e9cologiques mondiaux, qui peuvent et doivent \u00eatre relev\u00e9s \u00e0 l&rsquo;\u00e9cole, tant dans l&rsquo;enseignement quotidien que dans d&rsquo;autres contextes scolaires. Je pense aussi au meurtre tout r\u00e9cent d\u2019un professeur fran\u00e7ais dans une banlieue parisienne. Cette histoire dramatique montre \u00e0 quel point le\u00a0 r\u00f4le de l\u2019\u00e9cole est important pour le maintien d&rsquo;une soci\u00e9t\u00e9 ouverte, fond\u00e9e sur la rationalit\u00e9 et la sagesse.<\/p>\n<p>Je voudrais \u00e9galement encore remercier tous les membres de la communaut\u00e9 scolaire pour leur accueil chaleureux. D\u00e8s le premier jour, je me suis senti chez moi. Dans ce lyc\u00e9e, on parle ouvertement et on analyse avec pr\u00e9cision, on pr\u00e9sente des id\u00e9es tourn\u00e9es vers l&rsquo;avenir et on est pr\u00eat \u00e0 investir beaucoup d&rsquo;\u00e9nergie et de c\u0153ur. Je sens que des ann\u00e9es passionnantes m&rsquo;attendent et j&rsquo;ai h\u00e2te de vivre cette p\u00e9riode\u00a0!<\/p>\n<p><em>Stefan Hauter<\/em><\/p>\n<div class=\"shariff shariff-align-left shariff-widget-align-left shariff-buttonstretch\" style=\"display:none\"><ul class=\"shariff-buttons theme-white orientation-horizontal buttonsize-medium\"><li class=\"shariff-button facebook shariff-nocustomcolor\" style=\"background-color:#4273c8\"><a href=\"https:\/\/www.facebook.com\/sharer\/sharer.php?u=https%3A%2F%2Fdfg-lfa.org%2Ffr%2F2020%2F10%2Fvorstellung-des-neuen-schulleiters-stefan-hauter%2F\" title=\"Envoyer par Facebook\" aria-label=\"Envoyer par Facebook\" role=\"button\" rel=\"nofollow\" class=\"shariff-link\" style=\"; background-color:#3b5998; color:#3b5998\" target=\"_blank\"><span class=\"shariff-icon\" style=\"fill:#3b5998\"><svg width=\"32px\" height=\"20px\" xmlns=\"http:\/\/www.w3.org\/2000\/svg\" viewBox=\"0 0 18 32\"><path fill=\"#3b5998\" d=\"M17.1 0.2v4.7h-2.8q-1.5 0-2.1 0.6t-0.5 1.9v3.4h5.2l-0.7 5.3h-4.5v13.6h-5.5v-13.6h-4.5v-5.3h4.5v-3.9q0-3.3 1.9-5.2t5-1.8q2.6 0 4.1 0.2z\"\/><\/svg><\/span><span class=\"shariff-text\" style=\"color:#3b5998\">partager<\/span>&nbsp;<\/a><\/li><li class=\"shariff-button whatsapp shariff-nocustomcolor\" style=\"background-color:#5cbe4a\"><a href=\"https:\/\/api.whatsapp.com\/send?text=https%3A%2F%2Fdfg-lfa.org%2Ffr%2F2020%2F10%2Fvorstellung-des-neuen-schulleiters-stefan-hauter%2F%20Pr%C3%A9sentation%20du%20nouveau%20proviseur%20allemand%20Stefan%20Hauter\" title=\"Envoyer par Whatsapp\" aria-label=\"Envoyer par Whatsapp\" role=\"button\" rel=\"noopener nofollow\" class=\"shariff-link\" style=\"; background-color:#34af23; color:#34af23\" target=\"_blank\"><span class=\"shariff-icon\" style=\"fill:#34af23\"><svg width=\"32px\" height=\"20px\" xmlns=\"http:\/\/www.w3.org\/2000\/svg\" viewBox=\"0 0 32 32\"><path fill=\"#34af23\" d=\"M17.6 17.4q0.2 0 1.7 0.8t1.6 0.9q0 0.1 0 0.3 0 0.6-0.3 1.4-0.3 0.7-1.3 1.2t-1.8 0.5q-1 0-3.4-1.1-1.7-0.8-3-2.1t-2.6-3.3q-1.3-1.9-1.3-3.5v-0.1q0.1-1.6 1.3-2.8 0.4-0.4 0.9-0.4 0.1 0 0.3 0t0.3 0q0.3 0 0.5 0.1t0.3 0.5q0.1 0.4 0.6 1.6t0.4 1.3q0 0.4-0.6 1t-0.6 0.8q0 0.1 0.1 0.3 0.6 1.3 1.8 2.4 1 0.9 2.7 1.8 0.2 0.1 0.4 0.1 0.3 0 1-0.9t0.9-0.9zM14 26.9q2.3 0 4.3-0.9t3.6-2.4 2.4-3.6 0.9-4.3-0.9-4.3-2.4-3.6-3.6-2.4-4.3-0.9-4.3 0.9-3.6 2.4-2.4 3.6-0.9 4.3q0 3.6 2.1 6.6l-1.4 4.2 4.3-1.4q2.8 1.9 6.2 1.9zM14 2.2q2.7 0 5.2 1.1t4.3 2.9 2.9 4.3 1.1 5.2-1.1 5.2-2.9 4.3-4.3 2.9-5.2 1.1q-3.5 0-6.5-1.7l-7.4 2.4 2.4-7.2q-1.9-3.2-1.9-6.9 0-2.7 1.1-5.2t2.9-4.3 4.3-2.9 5.2-1.1z\"\/><\/svg><\/span><span class=\"shariff-text\" style=\"color:#34af23\">partager<\/span>&nbsp;<\/a><\/li><li class=\"shariff-button threema shariff-nocustomcolor shariff-mobile\" style=\"background-color:#4fbc24\"><a href=\"threema:\/\/compose?text=Pr%C3%A9sentation%20du%20nouveau%20proviseur%20allemand%20Stefan%20Hauter%20https%3A%2F%2Fdfg-lfa.org%2Ffr%2F2020%2F10%2Fvorstellung-des-neuen-schulleiters-stefan-hauter%2F\" title=\"Envoyer par Threema\" aria-label=\"Envoyer par Threema\" role=\"button\" rel=\"noopener nofollow\" class=\"shariff-link\" style=\"; background-color:#1f1f1f; color:#1f1f1f\" target=\"_blank\"><span class=\"shariff-icon\" style=\"fill:#1f1f1f\"><svg width=\"32px\" height=\"20px\" xmlns=\"http:\/\/www.w3.org\/2000\/svg\" viewBox=\"0 0 32 32\"><path fill=\"#1f1f1f\" d=\"M30.8 10.9c-0.3-1.4-0.9-2.6-1.8-3.8-2-2.6-5.5-4.5-9.4-5.2-1.3-0.2-1.9-0.3-3.5-0.3s-2.2 0-3.5 0.3c-4 0.7-7.4 2.6-9.4 5.2-0.9 1.2-1.5 2.4-1.8 3.8-0.1 0.5-0.2 1.2-0.2 1.6 0 0.4 0.1 1.1 0.2 1.6 0.4 1.9 1.3 3.4 2.9 5 0.8 0.8 0.8 0.8 0.7 1.3 0 0.6-0.5 1.6-1.7 3.6-0.3 0.5-0.5 0.9-0.5 0.9 0 0.1 0.1 0.1 0.5 0 0.8-0.2 2.3-0.6 5.6-1.6 1.1-0.3 1.3-0.4 2.3-0.4 0.8 0 1.1 0 2.3 0.2 1.5 0.2 3.5 0.2 4.9 0 5.1-0.6 9.3-2.9 11.4-6.3 0.5-0.9 0.9-1.8 1.1-2.8 0.1-0.5 0.2-1.1 0.2-1.6 0-0.7-0.1-1.1-0.2-1.6-0.3-1.4 0.1 0.5 0 0zM20.6 17.3c0 0.4-0.4 0.8-0.8 0.8h-7.7c-0.4 0-0.8-0.4-0.8-0.8v-4.6c0-0.4 0.4-0.8 0.8-0.8h0.2l0-1.6c0-0.9 0-1.8 0.1-2 0.1-0.6 0.6-1.2 1.1-1.7s1.1-0.7 1.9-0.8c1.8-0.3 3.7 0.7 4.2 2.2 0.1 0.3 0.1 0.7 0.1 2.1v0 1.7h0.1c0.4 0 0.8 0.4 0.8 0.8v4.6zM15.6 7.3c-0.5 0.1-0.8 0.3-1.2 0.6s-0.6 0.8-0.7 1.3c0 0.2 0 0.8 0 1.5l0 1.2h4.6v-1.3c0-1 0-1.4-0.1-1.6-0.3-1.1-1.5-1.9-2.6-1.7zM25.8 28.2c0 1.2-1 2.2-2.1 2.2s-2.1-1-2.1-2.1c0-1.2 1-2.1 2.2-2.1s2.2 1 2.2 2.2zM18.1 28.2c0 1.2-1 2.2-2.1 2.2s-2.1-1-2.1-2.1c0-1.2 1-2.1 2.2-2.1s2.2 1 2.2 2.2zM10.4 28.2c0 1.2-1 2.2-2.1 2.2s-2.1-1-2.1-2.1c0-1.2 1-2.1 2.2-2.1s2.2 1 2.2 2.2z\"\/><\/svg><\/span><span class=\"shariff-text\" style=\"color:#1f1f1f\">partager<\/span>&nbsp;<\/a><\/li><li class=\"shariff-button mastodon shariff-nocustomcolor\" style=\"background-color:#563ACC\"><a href=\"https:\/\/s2f.kytta.dev\/?text=Pr%C3%A9sentation%20du%20nouveau%20proviseur%20allemand%20Stefan%20Hauter https%3A%2F%2Fdfg-lfa.org%2Ffr%2F2020%2F10%2Fvorstellung-des-neuen-schulleiters-stefan-hauter%2F\" title=\"Envoyer par Mastodon\" aria-label=\"Envoyer par Mastodon\" role=\"button\" rel=\"noopener nofollow\" class=\"shariff-link\" style=\"; background-color:#6364FF; color:#6364FF\" target=\"_blank\"><span class=\"shariff-icon\" style=\"fill:#6364FF\"><svg width=\"75\" height=\"79\" viewBox=\"0 0 75 79\" fill=\"none\" xmlns=\"http:\/\/www.w3.org\/2000\/svg\"><path d=\"M37.813-.025C32.462-.058 27.114.13 21.79.598c-8.544.621-17.214 5.58-20.203 13.931C-1.12 23.318.408 32.622.465 41.65c.375 7.316.943 14.78 3.392 21.73 4.365 9.465 14.781 14.537 24.782 15.385 7.64.698 15.761-.213 22.517-4.026a54.1 54.1 0 0 0 .01-6.232c-6.855 1.316-14.101 2.609-21.049 1.074-3.883-.88-6.876-4.237-7.25-8.215-1.53-3.988 3.78-.43 5.584-.883 9.048 1.224 18.282.776 27.303-.462 7.044-.837 14.26-4.788 16.65-11.833 2.263-6.135 1.215-12.79 1.698-19.177.06-3.84.09-7.692-.262-11.52C72.596 7.844 63.223.981 53.834.684a219.453 219.453 0 0 0-16.022-.71zm11.294 12.882c5.5-.067 10.801 4.143 11.67 9.653.338 1.48.471 3 .471 4.515v21.088h-8.357c-.07-7.588.153-15.182-.131-22.765-.587-4.368-7.04-5.747-9.672-2.397-2.422 3.04-1.47 7.155-1.67 10.735v6.392h-8.307c-.146-4.996.359-10.045-.404-15.002-1.108-4.218-7.809-5.565-10.094-1.666-1.685 3.046-.712 6.634-.976 9.936v14.767h-8.354c.109-8.165-.238-16.344.215-24.5.674-5.346 5.095-10.389 10.676-10.627 4.902-.739 10.103 2.038 12.053 6.631.375 1.435 1.76 1.932 1.994.084 1.844-3.704 5.501-6.739 9.785-6.771.367-.044.735-.068 1.101-.073z\"\/><defs><linearGradient id=\"paint0_linear_549_34\" x1=\"37.0692\" y1=\"0\" x2=\"37.0692\" y2=\"79\" gradientUnits=\"userSpaceOnUse\"><stop stop-color=\"#6364FF\"\/><stop offset=\"1\" stop-color=\"#563ACC\"\/><\/linearGradient><\/defs><\/svg><\/span><span class=\"shariff-text\" style=\"color:#6364FF\">partager<\/span>&nbsp;<\/a><\/li><li class=\"shariff-button mailto shariff-nocustomcolor\" style=\"background-color:#a8a8a8\"><a href=\"mailto:?body=https%3A%2F%2Fdfg-lfa.org%2Ffr%2F2020%2F10%2Fvorstellung-des-neuen-schulleiters-stefan-hauter%2F&subject=Pr%C3%A9sentation%20du%20nouveau%20proviseur%20allemand%20Stefan%20Hauter\" title=\"Envoyer par courriel\" aria-label=\"Envoyer par courriel\" role=\"button\" rel=\"noopener nofollow\" class=\"shariff-link\" style=\"; background-color:#999; color:#999\"><span class=\"shariff-icon\" style=\"fill:#999\"><svg width=\"32px\" height=\"20px\" xmlns=\"http:\/\/www.w3.org\/2000\/svg\" viewBox=\"0 0 32 32\"><path fill=\"#999\" d=\"M32 12.7v14.2q0 1.2-0.8 2t-2 0.9h-26.3q-1.2 0-2-0.9t-0.8-2v-14.2q0.8 0.9 1.8 1.6 6.5 4.4 8.9 6.1 1 0.8 1.6 1.2t1.7 0.9 2 0.4h0.1q0.9 0 2-0.4t1.7-0.9 1.6-1.2q3-2.2 8.9-6.1 1-0.7 1.8-1.6zM32 7.4q0 1.4-0.9 2.7t-2.2 2.2q-6.7 4.7-8.4 5.8-0.2 0.1-0.7 0.5t-1 0.7-0.9 0.6-1.1 0.5-0.9 0.2h-0.1q-0.4 0-0.9-0.2t-1.1-0.5-0.9-0.6-1-0.7-0.7-0.5q-1.6-1.1-4.7-3.2t-3.6-2.6q-1.1-0.7-2.1-2t-1-2.5q0-1.4 0.7-2.3t2.1-0.9h26.3q1.2 0 2 0.8t0.9 2z\"\/><\/svg><\/span><span class=\"shariff-text\" style=\"color:#999\">courriel<\/span>&nbsp;<\/a><\/li><li class=\"shariff-button info shariff-nocustomcolor\" style=\"background-color:#a8a8a8\"><a href=\"http:\/\/ct.de\/-2467514\" title=\"Datenschutz-Infos\" aria-label=\"Datenschutz-Infos\" role=\"button\" rel=\"noopener \" class=\"shariff-link\" style=\"; background-color:#999; color:#999\" target=\"_blank\"><span class=\"shariff-icon\" style=\"fill:#999\"><svg width=\"32px\" height=\"20px\" xmlns=\"http:\/\/www.w3.org\/2000\/svg\" viewBox=\"0 0 11 32\"><path fill=\"#999\" d=\"M11.4 24v2.3q0 0.5-0.3 0.8t-0.8 0.4h-9.1q-0.5 0-0.8-0.4t-0.4-0.8v-2.3q0-0.5 0.4-0.8t0.8-0.4h1.1v-6.8h-1.1q-0.5 0-0.8-0.4t-0.4-0.8v-2.3q0-0.5 0.4-0.8t0.8-0.4h6.8q0.5 0 0.8 0.4t0.4 0.8v10.3h1.1q0.5 0 0.8 0.4t0.3 0.8zM9.2 3.4v3.4q0 0.5-0.4 0.8t-0.8 0.4h-4.6q-0.4 0-0.8-0.4t-0.4-0.8v-3.4q0-0.4 0.4-0.8t0.8-0.4h4.6q0.5 0 0.8 0.4t0.4 0.8z\"\/><\/svg><\/span><\/a><\/li><\/ul><\/div>","protected":false},"excerpt":{"rendered":"<p>Ch\u00e8re communaut\u00e9 scolaire, chers enseignants, \u00e9l\u00e8ves et parents, Je saisis l\u2019opportunit\u00e9 que m\u2019offrent ces vacances d&rsquo;automne pour me pr\u00e9senter \u00e0 vous, en tant que nouveau proviseur du lyc\u00e9e franco-allemand de Sarrebruck. Le 2 septembre, lors de la pr\u00e9rentr\u00e9e, le secr\u00e9taire d&rsquo;\u00c9tat et le directeur du service en charge des lyc\u00e9es &hellip;<\/p>\n","protected":false},"author":2,"featured_media":50717,"comment_status":"closed","ping_status":"closed","sticky":false,"template":"","format":"standard","meta":{"inline_featured_image":false,"footnotes":""},"categories":[3],"tags":[1051,1050,623,624],"class_list":["post-50699","post","type-post","status-publish","format-standard","has-post-thumbnail","hentry","category-schule-aktuell","tag-direction","tag-proviseur","tag-schulleitung","tag-stefan-hauter"],"yoast_head":"<!-- This site is optimized with the Yoast SEO plugin v27.4 - https:\/\/yoast.com\/product\/yoast-seo-wordpress\/ -->\n<title>Pr\u00e9sentation du nouveau proviseur allemand Stefan Hauter - Lyc\u00e9e Franco-Allemand de Sarrebruck<\/title>\n<meta name=\"robots\" content=\"index, follow, max-snippet:-1, max-image-preview:large, max-video-preview:-1\" \/>\n<link rel=\"canonical\" href=\"https:\/\/dfg-lfa.org\/fr\/2020\/10\/vorstellung-des-neuen-schulleiters-stefan-hauter\/\" \/>\n<meta property=\"og:locale\" content=\"fr_FR\" \/>\n<meta property=\"og:type\" content=\"article\" \/>\n<meta property=\"og:title\" content=\"Pr\u00e9sentation du nouveau proviseur allemand Stefan Hauter - Lyc\u00e9e Franco-Allemand de Sarrebruck\" \/>\n<meta property=\"og:description\" content=\"Ch\u00e8re communaut\u00e9 scolaire, chers enseignants, \u00e9l\u00e8ves et parents, Je saisis l\u2019opportunit\u00e9 que m\u2019offrent ces vacances d&rsquo;automne pour me pr\u00e9senter \u00e0 vous, en tant que nouveau proviseur du lyc\u00e9e franco-allemand de Sarrebruck. Le 2 septembre, lors de la pr\u00e9rentr\u00e9e, le secr\u00e9taire d&rsquo;\u00c9tat et le directeur du service en charge des lyc\u00e9es &hellip;\" \/>\n<meta property=\"og:url\" content=\"https:\/\/dfg-lfa.org\/fr\/2020\/10\/vorstellung-des-neuen-schulleiters-stefan-hauter\/\" \/>\n<meta property=\"og:site_name\" content=\"Lyc\u00e9e Franco-Allemand de Sarrebruck\" \/>\n<meta property=\"article:publisher\" content=\"https:\/\/www.facebook.com\/dfglfa\/\" \/>\n<meta property=\"article:published_time\" content=\"2020-10-27T18:32:59+00:00\" \/>\n<meta property=\"article:modified_time\" content=\"2020-10-27T20:36:16+00:00\" \/>\n<meta property=\"og:image\" content=\"https:\/\/dfg-lfa.org\/wp-content\/uploads\/Hauter-neuer-SL.jpg\" \/>\n\t<meta property=\"og:image:width\" content=\"1920\" \/>\n\t<meta property=\"og:image:height\" content=\"1280\" \/>\n\t<meta property=\"og:image:type\" content=\"image\/jpeg\" \/>\n<meta name=\"author\" content=\"Administrator\" \/>\n<meta name=\"twitter:card\" content=\"summary_large_image\" \/>\n<meta name=\"twitter:creator\" content=\"@DFGLFA\" \/>\n<meta name=\"twitter:site\" content=\"@DFGLFA\" \/>\n<meta name=\"twitter:label1\" content=\"\u00c9crit par\" \/>\n\t<meta name=\"twitter:data1\" content=\"Administrator\" \/>\n\t<meta name=\"twitter:label2\" content=\"Dur\u00e9e de lecture estim\u00e9e\" \/>\n\t<meta name=\"twitter:data2\" content=\"8 minutes\" \/>\n<script type=\"application\/ld+json\" class=\"yoast-schema-graph\">{\"@context\":\"https:\\\/\\\/schema.org\",\"@graph\":[{\"@type\":\"Article\",\"@id\":\"https:\\\/\\\/dfg-lfa.org\\\/2020\\\/10\\\/vorstellung-des-neuen-schulleiters-stefan-hauter\\\/#article\",\"isPartOf\":{\"@id\":\"https:\\\/\\\/dfg-lfa.org\\\/2020\\\/10\\\/vorstellung-des-neuen-schulleiters-stefan-hauter\\\/\"},\"author\":{\"name\":\"Administrator\",\"@id\":\"https:\\\/\\\/dfg-lfa.org\\\/#\\\/schema\\\/person\\\/a8fe67fb1ec6d85c85d21daf2d68fa69\"},\"headline\":\"Pr\u00e9sentation du nouveau proviseur allemand Stefan Hauter\",\"datePublished\":\"2020-10-27T18:32:59+00:00\",\"dateModified\":\"2020-10-27T20:36:16+00:00\",\"mainEntityOfPage\":{\"@id\":\"https:\\\/\\\/dfg-lfa.org\\\/2020\\\/10\\\/vorstellung-des-neuen-schulleiters-stefan-hauter\\\/\"},\"wordCount\":1558,\"publisher\":{\"@id\":\"https:\\\/\\\/dfg-lfa.org\\\/#organization\"},\"image\":{\"@id\":\"https:\\\/\\\/dfg-lfa.org\\\/2020\\\/10\\\/vorstellung-des-neuen-schulleiters-stefan-hauter\\\/#primaryimage\"},\"thumbnailUrl\":\"https:\\\/\\\/dfg-lfa.org\\\/wp-content\\\/uploads\\\/Hauter-neuer-SL.jpg\",\"keywords\":[\"direction\",\"proviseur\",\"Schulleitung\",\"Stefan Hauter\"],\"articleSection\":[\"Actualit\u00e9s\"],\"inLanguage\":\"fr-FR\"},{\"@type\":\"WebPage\",\"@id\":\"https:\\\/\\\/dfg-lfa.org\\\/fr\\\/2020\\\/10\\\/vorstellung-des-neuen-schulleiters-stefan-hauter\\\/\",\"url\":\"https:\\\/\\\/dfg-lfa.org\\\/fr\\\/2020\\\/10\\\/vorstellung-des-neuen-schulleiters-stefan-hauter\\\/\",\"name\":\"Pr\u00e9sentation du nouveau proviseur allemand Stefan Hauter - Lyc\u00e9e Franco-Allemand de Sarrebruck\",\"isPartOf\":{\"@id\":\"https:\\\/\\\/dfg-lfa.org\\\/fr\\\/#website\"},\"primaryImageOfPage\":{\"@id\":\"https:\\\/\\\/dfg-lfa.org\\\/fr\\\/2020\\\/10\\\/vorstellung-des-neuen-schulleiters-stefan-hauter\\\/#primaryimage\"},\"image\":{\"@id\":\"https:\\\/\\\/dfg-lfa.org\\\/2020\\\/10\\\/vorstellung-des-neuen-schulleiters-stefan-hauter\\\/#primaryimage\"},\"thumbnailUrl\":\"https:\\\/\\\/dfg-lfa.org\\\/wp-content\\\/uploads\\\/Hauter-neuer-SL.jpg\",\"datePublished\":\"2020-10-27T18:32:59+00:00\",\"dateModified\":\"2020-10-27T20:36:16+00:00\",\"breadcrumb\":{\"@id\":\"https:\\\/\\\/dfg-lfa.org\\\/fr\\\/2020\\\/10\\\/vorstellung-des-neuen-schulleiters-stefan-hauter\\\/#breadcrumb\"},\"inLanguage\":\"fr-FR\",\"potentialAction\":[{\"@type\":\"ReadAction\",\"target\":[[\"https:\\\/\\\/dfg-lfa.org\\\/fr\\\/2020\\\/10\\\/vorstellung-des-neuen-schulleiters-stefan-hauter\\\/\"]]}]},{\"@type\":\"ImageObject\",\"inLanguage\":\"fr-FR\",\"@id\":\"https:\\\/\\\/dfg-lfa.org\\\/fr\\\/2020\\\/10\\\/vorstellung-des-neuen-schulleiters-stefan-hauter\\\/#primaryimage\",\"url\":\"https:\\\/\\\/dfg-lfa.org\\\/wp-content\\\/uploads\\\/Hauter-neuer-SL.jpg\",\"contentUrl\":\"https:\\\/\\\/dfg-lfa.org\\\/wp-content\\\/uploads\\\/Hauter-neuer-SL.jpg\",\"width\":1920,\"height\":1280,\"caption\":\"Stefan Hauter - Neuer Schulleiter am DFG Saarbr\u00fccken\"},{\"@type\":\"BreadcrumbList\",\"@id\":\"https:\\\/\\\/dfg-lfa.org\\\/fr\\\/2020\\\/10\\\/vorstellung-des-neuen-schulleiters-stefan-hauter\\\/#breadcrumb\",\"itemListElement\":[{\"@type\":\"ListItem\",\"position\":1,\"name\":\"Startseite\",\"item\":\"https:\\\/\\\/dfg-lfa.org\\\/fr\\\/\"},{\"@type\":\"ListItem\",\"position\":2,\"name\":\"Vorstellung des neuen Schulleiters Stefan Hauter\"}]},{\"@type\":\"WebSite\",\"@id\":\"https:\\\/\\\/dfg-lfa.org\\\/fr\\\/#website\",\"url\":\"https:\\\/\\\/dfg-lfa.org\\\/fr\\\/\",\"name\":\"Lyc\u00e9e Franco-Allemand de Sarrebruck\",\"description\":\"Einander begegnen \u2013 Avancer ensemble \u2013 We make Europe happen\",\"publisher\":{\"@id\":\"https:\\\/\\\/dfg-lfa.org\\\/fr\\\/#organization\"},\"potentialAction\":[{\"@type\":\"SearchAction\",\"target\":{\"@type\":\"EntryPoint\",\"urlTemplate\":\"https:\\\/\\\/dfg-lfa.org\\\/fr\\\/?s={search_term_string}\"},\"query-input\":{\"@type\":\"PropertyValueSpecification\",\"valueRequired\":true,\"valueName\":\"search_term_string\"}}],\"inLanguage\":\"fr-FR\"},{\"@type\":\"Organization\",\"@id\":\"https:\\\/\\\/dfg-lfa.org\\\/fr\\\/#organization\",\"name\":\"Deutsch-Franz\u00f6sisches Gymnasium Saarbr\u00fccken\",\"url\":\"https:\\\/\\\/dfg-lfa.org\\\/fr\\\/\",\"logo\":{\"@type\":\"ImageObject\",\"inLanguage\":\"fr-FR\",\"@id\":\"https:\\\/\\\/dfg-lfa.org\\\/fr\\\/#\\\/schema\\\/logo\\\/image\\\/\",\"url\":\"https:\\\/\\\/dfg-lfa.org\\\/wp-content\\\/uploads\\\/DFG-logo.png\",\"contentUrl\":\"https:\\\/\\\/dfg-lfa.org\\\/wp-content\\\/uploads\\\/DFG-logo.png\",\"width\":200,\"height\":77,\"caption\":\"Deutsch-Franz\u00f6sisches Gymnasium Saarbr\u00fccken\"},\"image\":{\"@id\":\"https:\\\/\\\/dfg-lfa.org\\\/fr\\\/#\\\/schema\\\/logo\\\/image\\\/\"},\"sameAs\":[\"https:\\\/\\\/www.facebook.com\\\/dfglfa\\\/\",\"https:\\\/\\\/x.com\\\/DFGLFA\",\"https:\\\/\\\/www.instagram.com\\\/dfg_lfa_saarbruecken\\\/\",\"https:\\\/\\\/www.youtube.com\\\/channel\\\/UCoxV4_gnJ3blV1U7iOjCV7w\\\/\",\"https:\\\/\\\/de.wikipedia.org\\\/wiki\\\/Deutsch-Franz\u00f6sisches_Gymnasium_in_Saarbr\u00fccken\"]},{\"@type\":\"Person\",\"@id\":\"https:\\\/\\\/dfg-lfa.org\\\/#\\\/schema\\\/person\\\/a8fe67fb1ec6d85c85d21daf2d68fa69\",\"name\":\"Administrator\"}]}<\/script>\n<!-- \/ Yoast SEO plugin. -->","yoast_head_json":{"title":"Pr\u00e9sentation du nouveau proviseur allemand Stefan Hauter - Lyc\u00e9e Franco-Allemand de Sarrebruck","robots":{"index":"index","follow":"follow","max-snippet":"max-snippet:-1","max-image-preview":"max-image-preview:large","max-video-preview":"max-video-preview:-1"},"canonical":"https:\/\/dfg-lfa.org\/fr\/2020\/10\/vorstellung-des-neuen-schulleiters-stefan-hauter\/","og_locale":"fr_FR","og_type":"article","og_title":"Pr\u00e9sentation du nouveau proviseur allemand Stefan Hauter - Lyc\u00e9e Franco-Allemand de Sarrebruck","og_description":"Ch\u00e8re communaut\u00e9 scolaire, chers enseignants, \u00e9l\u00e8ves et parents, Je saisis l\u2019opportunit\u00e9 que m\u2019offrent ces vacances d&rsquo;automne pour me pr\u00e9senter \u00e0 vous, en tant que nouveau proviseur du lyc\u00e9e franco-allemand de Sarrebruck. Le 2 septembre, lors de la pr\u00e9rentr\u00e9e, le secr\u00e9taire d&rsquo;\u00c9tat et le directeur du service en charge des lyc\u00e9es &hellip;","og_url":"https:\/\/dfg-lfa.org\/fr\/2020\/10\/vorstellung-des-neuen-schulleiters-stefan-hauter\/","og_site_name":"Lyc\u00e9e Franco-Allemand de Sarrebruck","article_publisher":"https:\/\/www.facebook.com\/dfglfa\/","article_published_time":"2020-10-27T18:32:59+00:00","article_modified_time":"2020-10-27T20:36:16+00:00","og_image":[{"width":1920,"height":1280,"url":"https:\/\/dfg-lfa.org\/wp-content\/uploads\/Hauter-neuer-SL.jpg","type":"image\/jpeg"}],"author":"Administrator","twitter_card":"summary_large_image","twitter_creator":"@DFGLFA","twitter_site":"@DFGLFA","twitter_misc":{"\u00c9crit par":"Administrator","Dur\u00e9e de lecture estim\u00e9e":"8 minutes"},"schema":{"@context":"https:\/\/schema.org","@graph":[{"@type":"Article","@id":"https:\/\/dfg-lfa.org\/2020\/10\/vorstellung-des-neuen-schulleiters-stefan-hauter\/#article","isPartOf":{"@id":"https:\/\/dfg-lfa.org\/2020\/10\/vorstellung-des-neuen-schulleiters-stefan-hauter\/"},"author":{"name":"Administrator","@id":"https:\/\/dfg-lfa.org\/#\/schema\/person\/a8fe67fb1ec6d85c85d21daf2d68fa69"},"headline":"Pr\u00e9sentation du nouveau proviseur allemand Stefan Hauter","datePublished":"2020-10-27T18:32:59+00:00","dateModified":"2020-10-27T20:36:16+00:00","mainEntityOfPage":{"@id":"https:\/\/dfg-lfa.org\/2020\/10\/vorstellung-des-neuen-schulleiters-stefan-hauter\/"},"wordCount":1558,"publisher":{"@id":"https:\/\/dfg-lfa.org\/#organization"},"image":{"@id":"https:\/\/dfg-lfa.org\/2020\/10\/vorstellung-des-neuen-schulleiters-stefan-hauter\/#primaryimage"},"thumbnailUrl":"https:\/\/dfg-lfa.org\/wp-content\/uploads\/Hauter-neuer-SL.jpg","keywords":["direction","proviseur","Schulleitung","Stefan Hauter"],"articleSection":["Actualit\u00e9s"],"inLanguage":"fr-FR"},{"@type":"WebPage","@id":"https:\/\/dfg-lfa.org\/fr\/2020\/10\/vorstellung-des-neuen-schulleiters-stefan-hauter\/","url":"https:\/\/dfg-lfa.org\/fr\/2020\/10\/vorstellung-des-neuen-schulleiters-stefan-hauter\/","name":"Pr\u00e9sentation du nouveau proviseur allemand Stefan Hauter - Lyc\u00e9e Franco-Allemand de Sarrebruck","isPartOf":{"@id":"https:\/\/dfg-lfa.org\/fr\/#website"},"primaryImageOfPage":{"@id":"https:\/\/dfg-lfa.org\/fr\/2020\/10\/vorstellung-des-neuen-schulleiters-stefan-hauter\/#primaryimage"},"image":{"@id":"https:\/\/dfg-lfa.org\/2020\/10\/vorstellung-des-neuen-schulleiters-stefan-hauter\/#primaryimage"},"thumbnailUrl":"https:\/\/dfg-lfa.org\/wp-content\/uploads\/Hauter-neuer-SL.jpg","datePublished":"2020-10-27T18:32:59+00:00","dateModified":"2020-10-27T20:36:16+00:00","breadcrumb":{"@id":"https:\/\/dfg-lfa.org\/fr\/2020\/10\/vorstellung-des-neuen-schulleiters-stefan-hauter\/#breadcrumb"},"inLanguage":"fr-FR","potentialAction":[{"@type":"ReadAction","target":[["https:\/\/dfg-lfa.org\/fr\/2020\/10\/vorstellung-des-neuen-schulleiters-stefan-hauter\/"]]}]},{"@type":"ImageObject","inLanguage":"fr-FR","@id":"https:\/\/dfg-lfa.org\/fr\/2020\/10\/vorstellung-des-neuen-schulleiters-stefan-hauter\/#primaryimage","url":"https:\/\/dfg-lfa.org\/wp-content\/uploads\/Hauter-neuer-SL.jpg","contentUrl":"https:\/\/dfg-lfa.org\/wp-content\/uploads\/Hauter-neuer-SL.jpg","width":1920,"height":1280,"caption":"Stefan Hauter - Neuer Schulleiter am DFG Saarbr\u00fccken"},{"@type":"BreadcrumbList","@id":"https:\/\/dfg-lfa.org\/fr\/2020\/10\/vorstellung-des-neuen-schulleiters-stefan-hauter\/#breadcrumb","itemListElement":[{"@type":"ListItem","position":1,"name":"Startseite","item":"https:\/\/dfg-lfa.org\/fr\/"},{"@type":"ListItem","position":2,"name":"Vorstellung des neuen Schulleiters Stefan Hauter"}]},{"@type":"WebSite","@id":"https:\/\/dfg-lfa.org\/fr\/#website","url":"https:\/\/dfg-lfa.org\/fr\/","name":"Lyc\u00e9e Franco-Allemand de Sarrebruck","description":"Einander begegnen \u2013 Avancer ensemble \u2013 We make Europe happen","publisher":{"@id":"https:\/\/dfg-lfa.org\/fr\/#organization"},"potentialAction":[{"@type":"SearchAction","target":{"@type":"EntryPoint","urlTemplate":"https:\/\/dfg-lfa.org\/fr\/?s={search_term_string}"},"query-input":{"@type":"PropertyValueSpecification","valueRequired":true,"valueName":"search_term_string"}}],"inLanguage":"fr-FR"},{"@type":"Organization","@id":"https:\/\/dfg-lfa.org\/fr\/#organization","name":"Deutsch-Franz\u00f6sisches Gymnasium Saarbr\u00fccken","url":"https:\/\/dfg-lfa.org\/fr\/","logo":{"@type":"ImageObject","inLanguage":"fr-FR","@id":"https:\/\/dfg-lfa.org\/fr\/#\/schema\/logo\/image\/","url":"https:\/\/dfg-lfa.org\/wp-content\/uploads\/DFG-logo.png","contentUrl":"https:\/\/dfg-lfa.org\/wp-content\/uploads\/DFG-logo.png","width":200,"height":77,"caption":"Deutsch-Franz\u00f6sisches Gymnasium Saarbr\u00fccken"},"image":{"@id":"https:\/\/dfg-lfa.org\/fr\/#\/schema\/logo\/image\/"},"sameAs":["https:\/\/www.facebook.com\/dfglfa\/","https:\/\/x.com\/DFGLFA","https:\/\/www.instagram.com\/dfg_lfa_saarbruecken\/","https:\/\/www.youtube.com\/channel\/UCoxV4_gnJ3blV1U7iOjCV7w\/","https:\/\/de.wikipedia.org\/wiki\/Deutsch-Franz\u00f6sisches_Gymnasium_in_Saarbr\u00fccken"]},{"@type":"Person","@id":"https:\/\/dfg-lfa.org\/#\/schema\/person\/a8fe67fb1ec6d85c85d21daf2d68fa69","name":"Administrator"}]}},"_links":{"self":[{"href":"https:\/\/dfg-lfa.org\/fr\/wp-json\/wp\/v2\/posts\/50699","targetHints":{"allow":["GET"]}}],"collection":[{"href":"https:\/\/dfg-lfa.org\/fr\/wp-json\/wp\/v2\/posts"}],"about":[{"href":"https:\/\/dfg-lfa.org\/fr\/wp-json\/wp\/v2\/types\/post"}],"author":[{"embeddable":true,"href":"https:\/\/dfg-lfa.org\/fr\/wp-json\/wp\/v2\/users\/2"}],"replies":[{"embeddable":true,"href":"https:\/\/dfg-lfa.org\/fr\/wp-json\/wp\/v2\/comments?post=50699"}],"version-history":[{"count":0,"href":"https:\/\/dfg-lfa.org\/fr\/wp-json\/wp\/v2\/posts\/50699\/revisions"}],"wp:featuredmedia":[{"embeddable":true,"href":"https:\/\/dfg-lfa.org\/fr\/wp-json\/wp\/v2\/media\/50717"}],"wp:attachment":[{"href":"https:\/\/dfg-lfa.org\/fr\/wp-json\/wp\/v2\/media?parent=50699"}],"wp:term":[{"taxonomy":"category","embeddable":true,"href":"https:\/\/dfg-lfa.org\/fr\/wp-json\/wp\/v2\/categories?post=50699"},{"taxonomy":"post_tag","embeddable":true,"href":"https:\/\/dfg-lfa.org\/fr\/wp-json\/wp\/v2\/tags?post=50699"}],"curies":[{"name":"wp","href":"https:\/\/api.w.org\/{rel}","templated":true}]}}