{"id":56398,"date":"2022-05-17T21:03:37","date_gmt":"2022-05-17T19:03:37","guid":{"rendered":"https:\/\/dfg-lfa.org\/?p=56398"},"modified":"2022-05-21T11:31:37","modified_gmt":"2022-05-21T09:31:37","slug":"dfg-schuelerinnen-als-debattierende-im-europaparlament","status":"publish","type":"post","link":"https:\/\/dfg-lfa.org\/fr\/2022\/05\/dfg-schuelerinnen-als-debattierende-im-europaparlament\/","title":{"rendered":"Des \u00e9l\u00e8ves du LFA d\u00e9battent au Parlement europ\u00e9en"},"content":{"rendered":"<p>No\u00e9mie Chouffeur (2S2), Evan Bergsma (2S2), Alexander Bak (2L1), Carla Sander (1Es), Eva Papadopoulos (1ES), Gloria Gleis (1ES) et Paul Leinenbach-Le D\u00e9odic (1ES) accompagn\u00e9s de leurs professeures V\u00e9ronique Giret et Corinne Becker ont eu la chance de repr\u00e9senter le LFA de Sarrebruck au Parlement europ\u00e9en des lyc\u00e9ens (PEL) dans les locaux du parlement \u00e0 Strasbourg du 11 au 13 Mai 2022.<\/p>\n<p>Le PEL est organis\u00e9 par Let\u2019s promote Europe (LPE), association cr\u00e9e par d\u2019anciens \u00e9l\u00e8ves de notre lyc\u00e9e (promotion 2019) en coop\u00e9ration avec le Parlement europ\u00e9en \u00e0 Strasbourg.<\/p>\n<div id='gallery-3' class='gallery galleryid-56398 gallery-columns-3 gallery-size-large'><figure class='gallery-item'>\n\t\t\t<div class='gallery-icon landscape'>\n\t\t\t\t<a href='https:\/\/dfg-lfa.org\/wp-content\/uploads\/2b3e0af8-cfc3-4df0-9d50-c666a3a927ae.jpg'><img loading=\"lazy\" decoding=\"async\" width=\"1024\" height=\"768\" src=\"https:\/\/dfg-lfa.org\/wp-content\/uploads\/2b3e0af8-cfc3-4df0-9d50-c666a3a927ae.jpg\" class=\"attachment-large size-large\" alt=\"Des \u00e9l\u00e8ves du LFA d\u00e9battent au Parlement europ\u00e9en\" srcset=\"https:\/\/dfg-lfa.org\/wp-content\/uploads\/2b3e0af8-cfc3-4df0-9d50-c666a3a927ae.jpg 1024w, https:\/\/dfg-lfa.org\/wp-content\/uploads\/2b3e0af8-cfc3-4df0-9d50-c666a3a927ae-300x225.jpg 300w, https:\/\/dfg-lfa.org\/wp-content\/uploads\/2b3e0af8-cfc3-4df0-9d50-c666a3a927ae-150x113.jpg 150w, https:\/\/dfg-lfa.org\/wp-content\/uploads\/2b3e0af8-cfc3-4df0-9d50-c666a3a927ae-768x576.jpg 768w, https:\/\/dfg-lfa.org\/wp-content\/uploads\/2b3e0af8-cfc3-4df0-9d50-c666a3a927ae-267x200.jpg 267w\" sizes=\"auto, (max-width: 1024px) 100vw, 1024px\" \/><\/a>\n\t\t\t<\/div><\/figure><figure class='gallery-item'>\n\t\t\t<div class='gallery-icon landscape'>\n\t\t\t\t<a href='https:\/\/dfg-lfa.org\/wp-content\/uploads\/3c2dac43-35ab-4373-b13c-669203901ad9.jpg'><img loading=\"lazy\" decoding=\"async\" width=\"1024\" height=\"768\" src=\"https:\/\/dfg-lfa.org\/wp-content\/uploads\/3c2dac43-35ab-4373-b13c-669203901ad9.jpg\" class=\"attachment-large size-large\" alt=\"Des \u00e9l\u00e8ves du LFA d\u00e9battent au Parlement europ\u00e9en\" srcset=\"https:\/\/dfg-lfa.org\/wp-content\/uploads\/3c2dac43-35ab-4373-b13c-669203901ad9.jpg 1024w, https:\/\/dfg-lfa.org\/wp-content\/uploads\/3c2dac43-35ab-4373-b13c-669203901ad9-300x225.jpg 300w, https:\/\/dfg-lfa.org\/wp-content\/uploads\/3c2dac43-35ab-4373-b13c-669203901ad9-150x113.jpg 150w, https:\/\/dfg-lfa.org\/wp-content\/uploads\/3c2dac43-35ab-4373-b13c-669203901ad9-768x576.jpg 768w, https:\/\/dfg-lfa.org\/wp-content\/uploads\/3c2dac43-35ab-4373-b13c-669203901ad9-267x200.jpg 267w\" sizes=\"auto, (max-width: 1024px) 100vw, 1024px\" \/><\/a>\n\t\t\t<\/div><\/figure><figure class='gallery-item'>\n\t\t\t<div class='gallery-icon landscape'>\n\t\t\t\t<a href='https:\/\/dfg-lfa.org\/wp-content\/uploads\/3d3a9299-55fa-4db2-b13d-41f25b07241b.jpg'><img loading=\"lazy\" decoding=\"async\" width=\"1024\" height=\"768\" src=\"https:\/\/dfg-lfa.org\/wp-content\/uploads\/3d3a9299-55fa-4db2-b13d-41f25b07241b.jpg\" class=\"attachment-large size-large\" alt=\"Des \u00e9l\u00e8ves du LFA d\u00e9battent au Parlement europ\u00e9en\" srcset=\"https:\/\/dfg-lfa.org\/wp-content\/uploads\/3d3a9299-55fa-4db2-b13d-41f25b07241b.jpg 1024w, https:\/\/dfg-lfa.org\/wp-content\/uploads\/3d3a9299-55fa-4db2-b13d-41f25b07241b-300x225.jpg 300w, https:\/\/dfg-lfa.org\/wp-content\/uploads\/3d3a9299-55fa-4db2-b13d-41f25b07241b-150x113.jpg 150w, https:\/\/dfg-lfa.org\/wp-content\/uploads\/3d3a9299-55fa-4db2-b13d-41f25b07241b-768x576.jpg 768w, https:\/\/dfg-lfa.org\/wp-content\/uploads\/3d3a9299-55fa-4db2-b13d-41f25b07241b-267x200.jpg 267w\" sizes=\"auto, (max-width: 1024px) 100vw, 1024px\" \/><\/a>\n\t\t\t<\/div><\/figure><figure class='gallery-item'>\n\t\t\t<div class='gallery-icon landscape'>\n\t\t\t\t<a href='https:\/\/dfg-lfa.org\/wp-content\/uploads\/5f1f3182-1c3b-44f3-940a-2f06863a78a1.jpg'><img loading=\"lazy\" decoding=\"async\" width=\"1024\" height=\"768\" src=\"https:\/\/dfg-lfa.org\/wp-content\/uploads\/5f1f3182-1c3b-44f3-940a-2f06863a78a1.jpg\" class=\"attachment-large size-large\" alt=\"Des \u00e9l\u00e8ves du LFA d\u00e9battent au Parlement europ\u00e9en\" srcset=\"https:\/\/dfg-lfa.org\/wp-content\/uploads\/5f1f3182-1c3b-44f3-940a-2f06863a78a1.jpg 1024w, https:\/\/dfg-lfa.org\/wp-content\/uploads\/5f1f3182-1c3b-44f3-940a-2f06863a78a1-300x225.jpg 300w, https:\/\/dfg-lfa.org\/wp-content\/uploads\/5f1f3182-1c3b-44f3-940a-2f06863a78a1-150x113.jpg 150w, https:\/\/dfg-lfa.org\/wp-content\/uploads\/5f1f3182-1c3b-44f3-940a-2f06863a78a1-768x576.jpg 768w, https:\/\/dfg-lfa.org\/wp-content\/uploads\/5f1f3182-1c3b-44f3-940a-2f06863a78a1-267x200.jpg 267w\" sizes=\"auto, (max-width: 1024px) 100vw, 1024px\" \/><\/a>\n\t\t\t<\/div><\/figure><figure class='gallery-item'>\n\t\t\t<div class='gallery-icon landscape'>\n\t\t\t\t<a href='https:\/\/dfg-lfa.org\/wp-content\/uploads\/6b358990-24b4-4104-b9d5-6d65faa2a8cf.jpg'><img loading=\"lazy\" decoding=\"async\" width=\"1024\" height=\"768\" src=\"https:\/\/dfg-lfa.org\/wp-content\/uploads\/6b358990-24b4-4104-b9d5-6d65faa2a8cf.jpg\" class=\"attachment-large size-large\" alt=\"Des \u00e9l\u00e8ves du LFA d\u00e9battent au Parlement europ\u00e9en\" srcset=\"https:\/\/dfg-lfa.org\/wp-content\/uploads\/6b358990-24b4-4104-b9d5-6d65faa2a8cf.jpg 1024w, https:\/\/dfg-lfa.org\/wp-content\/uploads\/6b358990-24b4-4104-b9d5-6d65faa2a8cf-300x225.jpg 300w, https:\/\/dfg-lfa.org\/wp-content\/uploads\/6b358990-24b4-4104-b9d5-6d65faa2a8cf-150x113.jpg 150w, https:\/\/dfg-lfa.org\/wp-content\/uploads\/6b358990-24b4-4104-b9d5-6d65faa2a8cf-768x576.jpg 768w, https:\/\/dfg-lfa.org\/wp-content\/uploads\/6b358990-24b4-4104-b9d5-6d65faa2a8cf-267x200.jpg 267w\" sizes=\"auto, (max-width: 1024px) 100vw, 1024px\" \/><\/a>\n\t\t\t<\/div><\/figure><figure class='gallery-item'>\n\t\t\t<div class='gallery-icon landscape'>\n\t\t\t\t<a href='https:\/\/dfg-lfa.org\/wp-content\/uploads\/35f30b10-b7f8-4fe7-a2d8-d55b16ed070f.jpg'><img loading=\"lazy\" decoding=\"async\" width=\"1024\" height=\"768\" src=\"https:\/\/dfg-lfa.org\/wp-content\/uploads\/35f30b10-b7f8-4fe7-a2d8-d55b16ed070f.jpg\" class=\"attachment-large size-large\" alt=\"Des \u00e9l\u00e8ves du LFA d\u00e9battent au Parlement europ\u00e9en\" srcset=\"https:\/\/dfg-lfa.org\/wp-content\/uploads\/35f30b10-b7f8-4fe7-a2d8-d55b16ed070f.jpg 1024w, https:\/\/dfg-lfa.org\/wp-content\/uploads\/35f30b10-b7f8-4fe7-a2d8-d55b16ed070f-300x225.jpg 300w, https:\/\/dfg-lfa.org\/wp-content\/uploads\/35f30b10-b7f8-4fe7-a2d8-d55b16ed070f-150x113.jpg 150w, https:\/\/dfg-lfa.org\/wp-content\/uploads\/35f30b10-b7f8-4fe7-a2d8-d55b16ed070f-768x576.jpg 768w, https:\/\/dfg-lfa.org\/wp-content\/uploads\/35f30b10-b7f8-4fe7-a2d8-d55b16ed070f-267x200.jpg 267w\" sizes=\"auto, (max-width: 1024px) 100vw, 1024px\" \/><\/a>\n\t\t\t<\/div><\/figure><figure class='gallery-item'>\n\t\t\t<div class='gallery-icon landscape'>\n\t\t\t\t<a href='https:\/\/dfg-lfa.org\/wp-content\/uploads\/59f49c15-2f1a-4cba-b4c3-8987940d80dc.jpg'><img loading=\"lazy\" decoding=\"async\" width=\"1024\" height=\"768\" src=\"https:\/\/dfg-lfa.org\/wp-content\/uploads\/59f49c15-2f1a-4cba-b4c3-8987940d80dc.jpg\" class=\"attachment-large size-large\" alt=\"Des \u00e9l\u00e8ves du LFA d\u00e9battent au Parlement europ\u00e9en\" srcset=\"https:\/\/dfg-lfa.org\/wp-content\/uploads\/59f49c15-2f1a-4cba-b4c3-8987940d80dc.jpg 1024w, https:\/\/dfg-lfa.org\/wp-content\/uploads\/59f49c15-2f1a-4cba-b4c3-8987940d80dc-300x225.jpg 300w, https:\/\/dfg-lfa.org\/wp-content\/uploads\/59f49c15-2f1a-4cba-b4c3-8987940d80dc-150x113.jpg 150w, https:\/\/dfg-lfa.org\/wp-content\/uploads\/59f49c15-2f1a-4cba-b4c3-8987940d80dc-768x576.jpg 768w, https:\/\/dfg-lfa.org\/wp-content\/uploads\/59f49c15-2f1a-4cba-b4c3-8987940d80dc-267x200.jpg 267w\" sizes=\"auto, (max-width: 1024px) 100vw, 1024px\" \/><\/a>\n\t\t\t<\/div><\/figure><figure class='gallery-item'>\n\t\t\t<div class='gallery-icon landscape'>\n\t\t\t\t<a href='https:\/\/dfg-lfa.org\/wp-content\/uploads\/496770a7-5143-46c7-8c05-a79659ca9c37.jpg'><img loading=\"lazy\" decoding=\"async\" width=\"1024\" height=\"768\" src=\"https:\/\/dfg-lfa.org\/wp-content\/uploads\/496770a7-5143-46c7-8c05-a79659ca9c37.jpg\" class=\"attachment-large size-large\" alt=\"Des \u00e9l\u00e8ves du LFA d\u00e9battent au Parlement europ\u00e9en\" srcset=\"https:\/\/dfg-lfa.org\/wp-content\/uploads\/496770a7-5143-46c7-8c05-a79659ca9c37.jpg 1024w, https:\/\/dfg-lfa.org\/wp-content\/uploads\/496770a7-5143-46c7-8c05-a79659ca9c37-300x225.jpg 300w, https:\/\/dfg-lfa.org\/wp-content\/uploads\/496770a7-5143-46c7-8c05-a79659ca9c37-150x113.jpg 150w, https:\/\/dfg-lfa.org\/wp-content\/uploads\/496770a7-5143-46c7-8c05-a79659ca9c37-768x576.jpg 768w, https:\/\/dfg-lfa.org\/wp-content\/uploads\/496770a7-5143-46c7-8c05-a79659ca9c37-267x200.jpg 267w\" sizes=\"auto, (max-width: 1024px) 100vw, 1024px\" \/><\/a>\n\t\t\t<\/div><\/figure><figure class='gallery-item'>\n\t\t\t<div class='gallery-icon landscape'>\n\t\t\t\t<a href='https:\/\/dfg-lfa.org\/wp-content\/uploads\/3760416e-5bd5-4f6c-a2f1-09e0c7ede763.jpg'><img loading=\"lazy\" decoding=\"async\" width=\"1024\" height=\"768\" src=\"https:\/\/dfg-lfa.org\/wp-content\/uploads\/3760416e-5bd5-4f6c-a2f1-09e0c7ede763.jpg\" class=\"attachment-large size-large\" alt=\"Des \u00e9l\u00e8ves du LFA d\u00e9battent au Parlement europ\u00e9en\" srcset=\"https:\/\/dfg-lfa.org\/wp-content\/uploads\/3760416e-5bd5-4f6c-a2f1-09e0c7ede763.jpg 1024w, https:\/\/dfg-lfa.org\/wp-content\/uploads\/3760416e-5bd5-4f6c-a2f1-09e0c7ede763-300x225.jpg 300w, https:\/\/dfg-lfa.org\/wp-content\/uploads\/3760416e-5bd5-4f6c-a2f1-09e0c7ede763-150x113.jpg 150w, https:\/\/dfg-lfa.org\/wp-content\/uploads\/3760416e-5bd5-4f6c-a2f1-09e0c7ede763-768x576.jpg 768w, https:\/\/dfg-lfa.org\/wp-content\/uploads\/3760416e-5bd5-4f6c-a2f1-09e0c7ede763-267x200.jpg 267w\" sizes=\"auto, (max-width: 1024px) 100vw, 1024px\" \/><\/a>\n\t\t\t<\/div><\/figure><figure class='gallery-item'>\n\t\t\t<div class='gallery-icon landscape'>\n\t\t\t\t<a href='https:\/\/dfg-lfa.org\/wp-content\/uploads\/a20b1d60-7816-466b-964f-097a765b3c4c.jpg'><img loading=\"lazy\" decoding=\"async\" width=\"1024\" height=\"768\" src=\"https:\/\/dfg-lfa.org\/wp-content\/uploads\/a20b1d60-7816-466b-964f-097a765b3c4c.jpg\" class=\"attachment-large size-large\" alt=\"Des \u00e9l\u00e8ves du LFA d\u00e9battent au Parlement europ\u00e9en\" srcset=\"https:\/\/dfg-lfa.org\/wp-content\/uploads\/a20b1d60-7816-466b-964f-097a765b3c4c.jpg 1024w, https:\/\/dfg-lfa.org\/wp-content\/uploads\/a20b1d60-7816-466b-964f-097a765b3c4c-300x225.jpg 300w, https:\/\/dfg-lfa.org\/wp-content\/uploads\/a20b1d60-7816-466b-964f-097a765b3c4c-150x113.jpg 150w, https:\/\/dfg-lfa.org\/wp-content\/uploads\/a20b1d60-7816-466b-964f-097a765b3c4c-768x576.jpg 768w, https:\/\/dfg-lfa.org\/wp-content\/uploads\/a20b1d60-7816-466b-964f-097a765b3c4c-267x200.jpg 267w\" sizes=\"auto, (max-width: 1024px) 100vw, 1024px\" \/><\/a>\n\t\t\t<\/div><\/figure><figure class='gallery-item'>\n\t\t\t<div class='gallery-icon landscape'>\n\t\t\t\t<a href='https:\/\/dfg-lfa.org\/wp-content\/uploads\/cb160814-c5ce-4e59-8c56-05dac0ce6743.jpg'><img loading=\"lazy\" decoding=\"async\" width=\"1024\" height=\"768\" src=\"https:\/\/dfg-lfa.org\/wp-content\/uploads\/cb160814-c5ce-4e59-8c56-05dac0ce6743.jpg\" class=\"attachment-large size-large\" alt=\"Des \u00e9l\u00e8ves du LFA d\u00e9battent au Parlement europ\u00e9en\" srcset=\"https:\/\/dfg-lfa.org\/wp-content\/uploads\/cb160814-c5ce-4e59-8c56-05dac0ce6743.jpg 1024w, https:\/\/dfg-lfa.org\/wp-content\/uploads\/cb160814-c5ce-4e59-8c56-05dac0ce6743-300x225.jpg 300w, https:\/\/dfg-lfa.org\/wp-content\/uploads\/cb160814-c5ce-4e59-8c56-05dac0ce6743-150x113.jpg 150w, https:\/\/dfg-lfa.org\/wp-content\/uploads\/cb160814-c5ce-4e59-8c56-05dac0ce6743-768x576.jpg 768w, https:\/\/dfg-lfa.org\/wp-content\/uploads\/cb160814-c5ce-4e59-8c56-05dac0ce6743-267x200.jpg 267w\" sizes=\"auto, (max-width: 1024px) 100vw, 1024px\" \/><\/a>\n\t\t\t<\/div><\/figure><figure class='gallery-item'>\n\t\t\t<div class='gallery-icon landscape'>\n\t\t\t\t<a href='https:\/\/dfg-lfa.org\/wp-content\/uploads\/d7f5c935-18dd-40a8-8397-f28b96bf7500.jpg'><img loading=\"lazy\" decoding=\"async\" width=\"1024\" height=\"768\" src=\"https:\/\/dfg-lfa.org\/wp-content\/uploads\/d7f5c935-18dd-40a8-8397-f28b96bf7500.jpg\" class=\"attachment-large size-large\" alt=\"Des \u00e9l\u00e8ves du LFA d\u00e9battent au Parlement europ\u00e9en\" srcset=\"https:\/\/dfg-lfa.org\/wp-content\/uploads\/d7f5c935-18dd-40a8-8397-f28b96bf7500.jpg 1024w, https:\/\/dfg-lfa.org\/wp-content\/uploads\/d7f5c935-18dd-40a8-8397-f28b96bf7500-300x225.jpg 300w, https:\/\/dfg-lfa.org\/wp-content\/uploads\/d7f5c935-18dd-40a8-8397-f28b96bf7500-150x113.jpg 150w, https:\/\/dfg-lfa.org\/wp-content\/uploads\/d7f5c935-18dd-40a8-8397-f28b96bf7500-768x576.jpg 768w, https:\/\/dfg-lfa.org\/wp-content\/uploads\/d7f5c935-18dd-40a8-8397-f28b96bf7500-267x200.jpg 267w\" sizes=\"auto, (max-width: 1024px) 100vw, 1024px\" \/><\/a>\n\t\t\t<\/div><\/figure><figure class='gallery-item'>\n\t\t\t<div class='gallery-icon landscape'>\n\t\t\t\t<a href='https:\/\/dfg-lfa.org\/wp-content\/uploads\/d24069b2-961f-4a8e-957e-d828cdae0de9.jpg'><img loading=\"lazy\" decoding=\"async\" width=\"1024\" height=\"768\" src=\"https:\/\/dfg-lfa.org\/wp-content\/uploads\/d24069b2-961f-4a8e-957e-d828cdae0de9.jpg\" class=\"attachment-large size-large\" alt=\"Des \u00e9l\u00e8ves du LFA d\u00e9battent au Parlement europ\u00e9en\" srcset=\"https:\/\/dfg-lfa.org\/wp-content\/uploads\/d24069b2-961f-4a8e-957e-d828cdae0de9.jpg 1024w, https:\/\/dfg-lfa.org\/wp-content\/uploads\/d24069b2-961f-4a8e-957e-d828cdae0de9-300x225.jpg 300w, https:\/\/dfg-lfa.org\/wp-content\/uploads\/d24069b2-961f-4a8e-957e-d828cdae0de9-150x113.jpg 150w, https:\/\/dfg-lfa.org\/wp-content\/uploads\/d24069b2-961f-4a8e-957e-d828cdae0de9-768x576.jpg 768w, https:\/\/dfg-lfa.org\/wp-content\/uploads\/d24069b2-961f-4a8e-957e-d828cdae0de9-267x200.jpg 267w\" sizes=\"auto, (max-width: 1024px) 100vw, 1024px\" \/><\/a>\n\t\t\t<\/div><\/figure><figure class='gallery-item'>\n\t\t\t<div class='gallery-icon landscape'>\n\t\t\t\t<a href='https:\/\/dfg-lfa.org\/wp-content\/uploads\/d9454957-4a1c-46fa-ae3c-f09fe1944231.jpg'><img loading=\"lazy\" decoding=\"async\" width=\"1024\" height=\"768\" src=\"https:\/\/dfg-lfa.org\/wp-content\/uploads\/d9454957-4a1c-46fa-ae3c-f09fe1944231.jpg\" class=\"attachment-large size-large\" alt=\"Des \u00e9l\u00e8ves du LFA d\u00e9battent au Parlement europ\u00e9en\" srcset=\"https:\/\/dfg-lfa.org\/wp-content\/uploads\/d9454957-4a1c-46fa-ae3c-f09fe1944231.jpg 1024w, https:\/\/dfg-lfa.org\/wp-content\/uploads\/d9454957-4a1c-46fa-ae3c-f09fe1944231-300x225.jpg 300w, https:\/\/dfg-lfa.org\/wp-content\/uploads\/d9454957-4a1c-46fa-ae3c-f09fe1944231-150x113.jpg 150w, https:\/\/dfg-lfa.org\/wp-content\/uploads\/d9454957-4a1c-46fa-ae3c-f09fe1944231-768x576.jpg 768w, https:\/\/dfg-lfa.org\/wp-content\/uploads\/d9454957-4a1c-46fa-ae3c-f09fe1944231-267x200.jpg 267w\" sizes=\"auto, (max-width: 1024px) 100vw, 1024px\" \/><\/a>\n\t\t\t<\/div><\/figure><figure class='gallery-item'>\n\t\t\t<div class='gallery-icon landscape'>\n\t\t\t\t<a href='https:\/\/dfg-lfa.org\/wp-content\/uploads\/e844ce71-6e69-4b0e-9dad-d9c05a52aefb.jpg'><img loading=\"lazy\" decoding=\"async\" width=\"1024\" height=\"768\" src=\"https:\/\/dfg-lfa.org\/wp-content\/uploads\/e844ce71-6e69-4b0e-9dad-d9c05a52aefb.jpg\" class=\"attachment-large size-large\" alt=\"Des \u00e9l\u00e8ves du LFA d\u00e9battent au Parlement europ\u00e9en\" srcset=\"https:\/\/dfg-lfa.org\/wp-content\/uploads\/e844ce71-6e69-4b0e-9dad-d9c05a52aefb.jpg 1024w, https:\/\/dfg-lfa.org\/wp-content\/uploads\/e844ce71-6e69-4b0e-9dad-d9c05a52aefb-300x225.jpg 300w, https:\/\/dfg-lfa.org\/wp-content\/uploads\/e844ce71-6e69-4b0e-9dad-d9c05a52aefb-150x113.jpg 150w, https:\/\/dfg-lfa.org\/wp-content\/uploads\/e844ce71-6e69-4b0e-9dad-d9c05a52aefb-768x576.jpg 768w, https:\/\/dfg-lfa.org\/wp-content\/uploads\/e844ce71-6e69-4b0e-9dad-d9c05a52aefb-267x200.jpg 267w\" sizes=\"auto, (max-width: 1024px) 100vw, 1024px\" \/><\/a>\n\t\t\t<\/div><\/figure>\n\t\t<\/div>\n\n<p>Le PEL est un projet qui r\u00e9unit des lyc\u00e9ens de toute l\u2019Europe et les incite \u00e0 s\u2019interroger sur l\u2019avenir de l\u2019Union europ\u00e9enne, \u00e0 d\u00e9battre de th\u00e8mes de coop\u00e9ration internationale et \u00e0 proposer des solutions aux d\u00e9fis europ\u00e9ens. Cette exp\u00e9rience unique, riche en apprentissage et \u00e9changes humains permet aux jeunes d\u2019\u00eatre plong\u00e9 dans le fonctionnement la vie d\u00e9mocratique europ\u00e9enne et de s\u2019engager dans des d\u00e9bats en \u00e9changeant avec des jeunes de leur \u00e2ge issus d\u2019univers vari\u00e9s. Cette ann\u00e9e 370 \u00e9l\u00e8ves de 26 \u00e9coles internationales de 7 \u00c9tats membres de l\u2019UE accompagn\u00e9s de leurs professeurs, y ont particip\u00e9. L\u2019ensemble des travaux s\u2019est d\u00e9roul\u00e9 en allemand, anglais et fran\u00e7ais.<\/p>\n<p>Nous avons \u00e9t\u00e9 accueillis par des discours de plusieurs personnalit\u00e9s \u00e9minentes \u00e0 l\u2019instar de la pr\u00e9sidente du Parlement europ\u00e9en, madame Roberta Metsola, qui a touch\u00e9 le c\u0153ur de nos jeunes par ses paroles de bienvenue.<\/p>\n<p>Lors d\u2019une simulation du processus l\u00e9gislatif europ\u00e9en nos apprentis d\u00e9put\u00e9s ont d\u00e9battu et r\u00e9dig\u00e9 des amendements sur les th\u00e8mes suivants : \u00e9nergies renouvelables et politiques \u00e9nerg\u00e9tiques\u00a0&#8211; politique \u00e9trang\u00e8re- le renforcement la comp\u00e9titivit\u00e9 europ\u00e9enne &#8211; l\u2019Intelligence artificielle. Nos \u00ab\u00a0d\u00e9put\u00e9s\u00a0\u00bb \u00e9taient tr\u00e8s investis dans leur mission et nous avons eu la joie d\u2019assister \u00e0 des d\u00e9bats passionn\u00e9s et houleux par exemple sur la recherche dans le domaine de l\u2019intelligence artificielle au service de la s\u00e9curit\u00e9 militaire, sur le d\u00e9veloppement la voiture \u00e9lectrique ou encore sur la n\u00e9cessit\u00e9 d\u2019une d\u00e9fense commune et europ\u00e9enne ou la mise en place d\u2019un programme Erasmus \u00e0 l\u2019\u00e9chelle mondiale. \u00a0En deuxi\u00e8me partie de programme notre \u00e9cole repr\u00e9sentait la Belgique lors d\u2019une simulation du Conseil de l\u2019Union europ\u00e9enne sur le th\u00e8me du Digital Market Act. Enfin des activit\u00e9s culturelles ont fortement contribu\u00e9 \u00e0 une ambiance conviviale et amicale.<\/p>\n<div id='gallery-4' class='gallery galleryid-56398 gallery-columns-3 gallery-size-large'><figure class='gallery-item'>\n\t\t\t<div class='gallery-icon portrait'>\n\t\t\t\t<a href='https:\/\/dfg-lfa.org\/wp-content\/uploads\/0f850d9e-c281-4310-b18f-bbffc4f20a33.jpg'><img loading=\"lazy\" decoding=\"async\" width=\"768\" height=\"1024\" src=\"https:\/\/dfg-lfa.org\/wp-content\/uploads\/0f850d9e-c281-4310-b18f-bbffc4f20a33.jpg\" class=\"attachment-large size-large\" alt=\"Des \u00e9l\u00e8ves du LFA d\u00e9battent au Parlement europ\u00e9en\" srcset=\"https:\/\/dfg-lfa.org\/wp-content\/uploads\/0f850d9e-c281-4310-b18f-bbffc4f20a33.jpg 768w, https:\/\/dfg-lfa.org\/wp-content\/uploads\/0f850d9e-c281-4310-b18f-bbffc4f20a33-225x300.jpg 225w, https:\/\/dfg-lfa.org\/wp-content\/uploads\/0f850d9e-c281-4310-b18f-bbffc4f20a33-113x150.jpg 113w, https:\/\/dfg-lfa.org\/wp-content\/uploads\/0f850d9e-c281-4310-b18f-bbffc4f20a33-150x200.jpg 150w\" sizes=\"auto, (max-width: 768px) 100vw, 768px\" \/><\/a>\n\t\t\t<\/div><\/figure><figure class='gallery-item'>\n\t\t\t<div class='gallery-icon portrait'>\n\t\t\t\t<a href='https:\/\/dfg-lfa.org\/wp-content\/uploads\/3e821f39-11a1-442c-b57d-a7e096e6c4bc.jpg'><img loading=\"lazy\" decoding=\"async\" width=\"768\" height=\"1024\" src=\"https:\/\/dfg-lfa.org\/wp-content\/uploads\/3e821f39-11a1-442c-b57d-a7e096e6c4bc.jpg\" class=\"attachment-large size-large\" alt=\"Des \u00e9l\u00e8ves du LFA d\u00e9battent au Parlement europ\u00e9en\" srcset=\"https:\/\/dfg-lfa.org\/wp-content\/uploads\/3e821f39-11a1-442c-b57d-a7e096e6c4bc.jpg 768w, https:\/\/dfg-lfa.org\/wp-content\/uploads\/3e821f39-11a1-442c-b57d-a7e096e6c4bc-225x300.jpg 225w, https:\/\/dfg-lfa.org\/wp-content\/uploads\/3e821f39-11a1-442c-b57d-a7e096e6c4bc-113x150.jpg 113w, https:\/\/dfg-lfa.org\/wp-content\/uploads\/3e821f39-11a1-442c-b57d-a7e096e6c4bc-150x200.jpg 150w\" sizes=\"auto, (max-width: 768px) 100vw, 768px\" \/><\/a>\n\t\t\t<\/div><\/figure><figure class='gallery-item'>\n\t\t\t<div class='gallery-icon portrait'>\n\t\t\t\t<a href='https:\/\/dfg-lfa.org\/wp-content\/uploads\/5fd167d7-ce7a-4e84-b9e6-2f177d3c47ee.jpg'><img loading=\"lazy\" decoding=\"async\" width=\"768\" height=\"1024\" src=\"https:\/\/dfg-lfa.org\/wp-content\/uploads\/5fd167d7-ce7a-4e84-b9e6-2f177d3c47ee.jpg\" class=\"attachment-large size-large\" alt=\"Des \u00e9l\u00e8ves du LFA d\u00e9battent au Parlement europ\u00e9en\" srcset=\"https:\/\/dfg-lfa.org\/wp-content\/uploads\/5fd167d7-ce7a-4e84-b9e6-2f177d3c47ee.jpg 768w, https:\/\/dfg-lfa.org\/wp-content\/uploads\/5fd167d7-ce7a-4e84-b9e6-2f177d3c47ee-225x300.jpg 225w, https:\/\/dfg-lfa.org\/wp-content\/uploads\/5fd167d7-ce7a-4e84-b9e6-2f177d3c47ee-113x150.jpg 113w, https:\/\/dfg-lfa.org\/wp-content\/uploads\/5fd167d7-ce7a-4e84-b9e6-2f177d3c47ee-150x200.jpg 150w\" sizes=\"auto, (max-width: 768px) 100vw, 768px\" \/><\/a>\n\t\t\t<\/div><\/figure><figure class='gallery-item'>\n\t\t\t<div class='gallery-icon portrait'>\n\t\t\t\t<a href='https:\/\/dfg-lfa.org\/wp-content\/uploads\/8e5a5cad-2479-4f59-a004-58905222709c-web.jpg'><img loading=\"lazy\" decoding=\"async\" width=\"768\" height=\"1024\" src=\"https:\/\/dfg-lfa.org\/wp-content\/uploads\/8e5a5cad-2479-4f59-a004-58905222709c-web.jpg\" class=\"attachment-large size-large\" alt=\"Des \u00e9l\u00e8ves du LFA d\u00e9battent au Parlement europ\u00e9en\" srcset=\"https:\/\/dfg-lfa.org\/wp-content\/uploads\/8e5a5cad-2479-4f59-a004-58905222709c-web.jpg 768w, https:\/\/dfg-lfa.org\/wp-content\/uploads\/8e5a5cad-2479-4f59-a004-58905222709c-web-225x300.jpg 225w, https:\/\/dfg-lfa.org\/wp-content\/uploads\/8e5a5cad-2479-4f59-a004-58905222709c-web-113x150.jpg 113w, https:\/\/dfg-lfa.org\/wp-content\/uploads\/8e5a5cad-2479-4f59-a004-58905222709c-web-150x200.jpg 150w\" sizes=\"auto, (max-width: 768px) 100vw, 768px\" \/><\/a>\n\t\t\t<\/div><\/figure><figure class='gallery-item'>\n\t\t\t<div class='gallery-icon portrait'>\n\t\t\t\t<a href='https:\/\/dfg-lfa.org\/wp-content\/uploads\/10050925-3066-4176-926e-c113bea74f1e.jpg'><img loading=\"lazy\" decoding=\"async\" width=\"768\" height=\"1024\" src=\"https:\/\/dfg-lfa.org\/wp-content\/uploads\/10050925-3066-4176-926e-c113bea74f1e.jpg\" class=\"attachment-large size-large\" alt=\"Des \u00e9l\u00e8ves du LFA d\u00e9battent au Parlement europ\u00e9en\" srcset=\"https:\/\/dfg-lfa.org\/wp-content\/uploads\/10050925-3066-4176-926e-c113bea74f1e.jpg 768w, https:\/\/dfg-lfa.org\/wp-content\/uploads\/10050925-3066-4176-926e-c113bea74f1e-225x300.jpg 225w, https:\/\/dfg-lfa.org\/wp-content\/uploads\/10050925-3066-4176-926e-c113bea74f1e-113x150.jpg 113w, https:\/\/dfg-lfa.org\/wp-content\/uploads\/10050925-3066-4176-926e-c113bea74f1e-150x200.jpg 150w\" sizes=\"auto, (max-width: 768px) 100vw, 768px\" \/><\/a>\n\t\t\t<\/div><\/figure><figure class='gallery-item'>\n\t\t\t<div class='gallery-icon portrait'>\n\t\t\t\t<a href='https:\/\/dfg-lfa.org\/wp-content\/uploads\/29743706-f577-4cb9-8bb6-04d03d3f3b73.jpg'><img loading=\"lazy\" decoding=\"async\" width=\"768\" height=\"1024\" src=\"https:\/\/dfg-lfa.org\/wp-content\/uploads\/29743706-f577-4cb9-8bb6-04d03d3f3b73.jpg\" class=\"attachment-large size-large\" alt=\"Des \u00e9l\u00e8ves du LFA d\u00e9battent au Parlement europ\u00e9en\" srcset=\"https:\/\/dfg-lfa.org\/wp-content\/uploads\/29743706-f577-4cb9-8bb6-04d03d3f3b73.jpg 768w, https:\/\/dfg-lfa.org\/wp-content\/uploads\/29743706-f577-4cb9-8bb6-04d03d3f3b73-225x300.jpg 225w, https:\/\/dfg-lfa.org\/wp-content\/uploads\/29743706-f577-4cb9-8bb6-04d03d3f3b73-113x150.jpg 113w, https:\/\/dfg-lfa.org\/wp-content\/uploads\/29743706-f577-4cb9-8bb6-04d03d3f3b73-150x200.jpg 150w\" sizes=\"auto, (max-width: 768px) 100vw, 768px\" \/><\/a>\n\t\t\t<\/div><\/figure><figure class='gallery-item'>\n\t\t\t<div class='gallery-icon portrait'>\n\t\t\t\t<a href='https:\/\/dfg-lfa.org\/wp-content\/uploads\/a5f022fb-29e5-4fdd-912b-656f4d6f2b69.jpg'><img loading=\"lazy\" decoding=\"async\" width=\"768\" height=\"1024\" src=\"https:\/\/dfg-lfa.org\/wp-content\/uploads\/a5f022fb-29e5-4fdd-912b-656f4d6f2b69.jpg\" class=\"attachment-large size-large\" alt=\"Des \u00e9l\u00e8ves du LFA d\u00e9battent au Parlement europ\u00e9en\" srcset=\"https:\/\/dfg-lfa.org\/wp-content\/uploads\/a5f022fb-29e5-4fdd-912b-656f4d6f2b69.jpg 768w, https:\/\/dfg-lfa.org\/wp-content\/uploads\/a5f022fb-29e5-4fdd-912b-656f4d6f2b69-225x300.jpg 225w, https:\/\/dfg-lfa.org\/wp-content\/uploads\/a5f022fb-29e5-4fdd-912b-656f4d6f2b69-113x150.jpg 113w, https:\/\/dfg-lfa.org\/wp-content\/uploads\/a5f022fb-29e5-4fdd-912b-656f4d6f2b69-150x200.jpg 150w\" sizes=\"auto, (max-width: 768px) 100vw, 768px\" \/><\/a>\n\t\t\t<\/div><\/figure><figure class='gallery-item'>\n\t\t\t<div class='gallery-icon portrait'>\n\t\t\t\t<a href='https:\/\/dfg-lfa.org\/wp-content\/uploads\/c318477b-6a81-40d4-88ff-936ccb4d62d6.jpg'><img loading=\"lazy\" decoding=\"async\" width=\"768\" height=\"1024\" src=\"https:\/\/dfg-lfa.org\/wp-content\/uploads\/c318477b-6a81-40d4-88ff-936ccb4d62d6.jpg\" class=\"attachment-large size-large\" alt=\"Des \u00e9l\u00e8ves du LFA d\u00e9battent au Parlement europ\u00e9en\" srcset=\"https:\/\/dfg-lfa.org\/wp-content\/uploads\/c318477b-6a81-40d4-88ff-936ccb4d62d6.jpg 768w, https:\/\/dfg-lfa.org\/wp-content\/uploads\/c318477b-6a81-40d4-88ff-936ccb4d62d6-225x300.jpg 225w, https:\/\/dfg-lfa.org\/wp-content\/uploads\/c318477b-6a81-40d4-88ff-936ccb4d62d6-113x150.jpg 113w, https:\/\/dfg-lfa.org\/wp-content\/uploads\/c318477b-6a81-40d4-88ff-936ccb4d62d6-150x200.jpg 150w\" sizes=\"auto, (max-width: 768px) 100vw, 768px\" \/><\/a>\n\t\t\t<\/div><\/figure><figure class='gallery-item'>\n\t\t\t<div class='gallery-icon portrait'>\n\t\t\t\t<a href='https:\/\/dfg-lfa.org\/wp-content\/uploads\/e4309b2e-99ef-4f38-a0f0-edd558981308.jpg'><img loading=\"lazy\" decoding=\"async\" width=\"768\" height=\"1024\" src=\"https:\/\/dfg-lfa.org\/wp-content\/uploads\/e4309b2e-99ef-4f38-a0f0-edd558981308.jpg\" class=\"attachment-large size-large\" alt=\"Des \u00e9l\u00e8ves du LFA d\u00e9battent au Parlement europ\u00e9en\" srcset=\"https:\/\/dfg-lfa.org\/wp-content\/uploads\/e4309b2e-99ef-4f38-a0f0-edd558981308.jpg 768w, https:\/\/dfg-lfa.org\/wp-content\/uploads\/e4309b2e-99ef-4f38-a0f0-edd558981308-225x300.jpg 225w, https:\/\/dfg-lfa.org\/wp-content\/uploads\/e4309b2e-99ef-4f38-a0f0-edd558981308-113x150.jpg 113w, https:\/\/dfg-lfa.org\/wp-content\/uploads\/e4309b2e-99ef-4f38-a0f0-edd558981308-150x200.jpg 150w\" sizes=\"auto, (max-width: 768px) 100vw, 768px\" \/><\/a>\n\t\t\t<\/div><\/figure>\n\t\t<\/div>\n\n<div class=\"lyte-wrapper\" style=\"width:853px;max-width:100%;margin:5px auto;\"><div class=\"lyMe hidef\" id=\"WYL_VNeg_rWQAv4\"><div id=\"lyte_VNeg_rWQAv4\" data-src=\"https:\/\/dfg-lfa.org\/wp-content\/plugins\/wp-youtube-lyte\/lyteCache.php?origThumbUrl=%2F%2Fi.ytimg.com%2Fvi%2FVNeg_rWQAv4%2Fhqdefault.jpg\" class=\"pL\"><div class=\"tC\"><div class=\"tT\"><\/div><\/div><div class=\"play\"><\/div><div class=\"ctrl\"><div class=\"Lctrl\"><\/div><div class=\"Rctrl\"><\/div><\/div><\/div><noscript><a href=\"https:\/\/youtu.be\/VNeg_rWQAv4\" rel=\"nofollow\"><img loading=\"lazy\" decoding=\"async\" src=\"https:\/\/dfg-lfa.org\/wp-content\/plugins\/wp-youtube-lyte\/lyteCache.php?origThumbUrl=https%3A%2F%2Fi.ytimg.com%2Fvi%2FVNeg_rWQAv4%2F0.jpg\" alt=\"YouTube video thumbnail\" width=\"853\" height=\"460\" \/><br \/>Lire cette vid\u00e9o sur YouTube<\/a><\/noscript><\/div><\/div><div class=\"lL\" style=\"max-width:100%;width:853px;margin:5px auto;\"><br\/><span class=\"lyte_disclaimer\">En cliquant sur la vid\u00e9o, vous acceptez la communication avec le site de YouTube. Plus d'infos dans la <a href=\"https:\/\/dfg-lfa.org\/fr\/kontakt\/impressum-2\/datenschutzerklaerung\/\">d\u00e9claration de protection des donn\u00e9es<\/a>.<\/span><\/div><\/p>\n<p>Enfin ce projet n\u2019aurait pas pu voir le jour sans le soutien financier de l\u2019<a href=\"http:\/\/www.u-f-s.eu\/\"><strong>Union des Fran\u00e7ais de Sarre<\/strong><\/a> et <a href=\"https:\/\/www.erasmusplus.fr\/\"><strong>Erasmus+<\/strong><\/a> que nous remercions vivement.<br \/>\n<img loading=\"lazy\" decoding=\"async\" class=\"alignleft wp-image-56431 size-medium\" src=\"https:\/\/dfg-lfa.org\/wp-content\/uploads\/DE_Kofinanziert_von_der_Europaeischen_Union_PANTONE-300x63.png\" alt=\"\" width=\"300\" height=\"63\" srcset=\"https:\/\/dfg-lfa.org\/wp-content\/uploads\/DE_Kofinanziert_von_der_Europaeischen_Union_PANTONE-300x63.png 300w, https:\/\/dfg-lfa.org\/wp-content\/uploads\/DE_Kofinanziert_von_der_Europaeischen_Union_PANTONE-2000x420.png 2000w, https:\/\/dfg-lfa.org\/wp-content\/uploads\/DE_Kofinanziert_von_der_Europaeischen_Union_PANTONE-150x31.png 150w, https:\/\/dfg-lfa.org\/wp-content\/uploads\/DE_Kofinanziert_von_der_Europaeischen_Union_PANTONE-768x161.png 768w, https:\/\/dfg-lfa.org\/wp-content\/uploads\/DE_Kofinanziert_von_der_Europaeischen_Union_PANTONE-1536x322.png 1536w, https:\/\/dfg-lfa.org\/wp-content\/uploads\/DE_Kofinanziert_von_der_Europaeischen_Union_PANTONE-2048x430.png 2048w, https:\/\/dfg-lfa.org\/wp-content\/uploads\/DE_Kofinanziert_von_der_Europaeischen_Union_PANTONE-386x81.png 386w\" sizes=\"auto, (max-width: 300px) 100vw, 300px\" \/><\/p>\n<div class=\"shariff shariff-align-left shariff-widget-align-left shariff-buttonstretch\" style=\"display:none\"><ul class=\"shariff-buttons theme-white orientation-horizontal buttonsize-medium\"><li class=\"shariff-button facebook shariff-nocustomcolor\" style=\"background-color:#4273c8\"><a href=\"https:\/\/www.facebook.com\/sharer\/sharer.php?u=https%3A%2F%2Fdfg-lfa.org%2Ffr%2F2022%2F05%2Fdfg-schuelerinnen-als-debattierende-im-europaparlament%2F\" title=\"Envoyer par Facebook\" aria-label=\"Envoyer par Facebook\" role=\"button\" rel=\"nofollow\" class=\"shariff-link\" style=\"; background-color:#3b5998; color:#3b5998\" target=\"_blank\"><span class=\"shariff-icon\" style=\"fill:#3b5998\"><svg width=\"32px\" height=\"20px\" xmlns=\"http:\/\/www.w3.org\/2000\/svg\" viewBox=\"0 0 18 32\"><path fill=\"#3b5998\" d=\"M17.1 0.2v4.7h-2.8q-1.5 0-2.1 0.6t-0.5 1.9v3.4h5.2l-0.7 5.3h-4.5v13.6h-5.5v-13.6h-4.5v-5.3h4.5v-3.9q0-3.3 1.9-5.2t5-1.8q2.6 0 4.1 0.2z\"\/><\/svg><\/span><span class=\"shariff-text\" style=\"color:#3b5998\">partager<\/span>&nbsp;<\/a><\/li><li class=\"shariff-button whatsapp shariff-nocustomcolor\" style=\"background-color:#5cbe4a\"><a href=\"https:\/\/api.whatsapp.com\/send?text=https%3A%2F%2Fdfg-lfa.org%2Ffr%2F2022%2F05%2Fdfg-schuelerinnen-als-debattierende-im-europaparlament%2F%20Des%20%C3%A9l%C3%A8ves%20du%20LFA%20d%C3%A9battent%20au%20Parlement%20europ%C3%A9en\" title=\"Envoyer par Whatsapp\" aria-label=\"Envoyer par Whatsapp\" role=\"button\" rel=\"noopener nofollow\" class=\"shariff-link\" style=\"; background-color:#34af23; color:#34af23\" target=\"_blank\"><span class=\"shariff-icon\" style=\"fill:#34af23\"><svg width=\"32px\" height=\"20px\" xmlns=\"http:\/\/www.w3.org\/2000\/svg\" viewBox=\"0 0 32 32\"><path fill=\"#34af23\" d=\"M17.6 17.4q0.2 0 1.7 0.8t1.6 0.9q0 0.1 0 0.3 0 0.6-0.3 1.4-0.3 0.7-1.3 1.2t-1.8 0.5q-1 0-3.4-1.1-1.7-0.8-3-2.1t-2.6-3.3q-1.3-1.9-1.3-3.5v-0.1q0.1-1.6 1.3-2.8 0.4-0.4 0.9-0.4 0.1 0 0.3 0t0.3 0q0.3 0 0.5 0.1t0.3 0.5q0.1 0.4 0.6 1.6t0.4 1.3q0 0.4-0.6 1t-0.6 0.8q0 0.1 0.1 0.3 0.6 1.3 1.8 2.4 1 0.9 2.7 1.8 0.2 0.1 0.4 0.1 0.3 0 1-0.9t0.9-0.9zM14 26.9q2.3 0 4.3-0.9t3.6-2.4 2.4-3.6 0.9-4.3-0.9-4.3-2.4-3.6-3.6-2.4-4.3-0.9-4.3 0.9-3.6 2.4-2.4 3.6-0.9 4.3q0 3.6 2.1 6.6l-1.4 4.2 4.3-1.4q2.8 1.9 6.2 1.9zM14 2.2q2.7 0 5.2 1.1t4.3 2.9 2.9 4.3 1.1 5.2-1.1 5.2-2.9 4.3-4.3 2.9-5.2 1.1q-3.5 0-6.5-1.7l-7.4 2.4 2.4-7.2q-1.9-3.2-1.9-6.9 0-2.7 1.1-5.2t2.9-4.3 4.3-2.9 5.2-1.1z\"\/><\/svg><\/span><span class=\"shariff-text\" style=\"color:#34af23\">partager<\/span>&nbsp;<\/a><\/li><li class=\"shariff-button threema shariff-nocustomcolor shariff-mobile\" style=\"background-color:#4fbc24\"><a href=\"threema:\/\/compose?text=Des%20%C3%A9l%C3%A8ves%20du%20LFA%20d%C3%A9battent%20au%20Parlement%20europ%C3%A9en%20https%3A%2F%2Fdfg-lfa.org%2Ffr%2F2022%2F05%2Fdfg-schuelerinnen-als-debattierende-im-europaparlament%2F\" title=\"Envoyer par Threema\" aria-label=\"Envoyer par Threema\" role=\"button\" rel=\"noopener nofollow\" class=\"shariff-link\" style=\"; background-color:#1f1f1f; color:#1f1f1f\" target=\"_blank\"><span class=\"shariff-icon\" style=\"fill:#1f1f1f\"><svg width=\"32px\" height=\"20px\" xmlns=\"http:\/\/www.w3.org\/2000\/svg\" viewBox=\"0 0 32 32\"><path fill=\"#1f1f1f\" d=\"M30.8 10.9c-0.3-1.4-0.9-2.6-1.8-3.8-2-2.6-5.5-4.5-9.4-5.2-1.3-0.2-1.9-0.3-3.5-0.3s-2.2 0-3.5 0.3c-4 0.7-7.4 2.6-9.4 5.2-0.9 1.2-1.5 2.4-1.8 3.8-0.1 0.5-0.2 1.2-0.2 1.6 0 0.4 0.1 1.1 0.2 1.6 0.4 1.9 1.3 3.4 2.9 5 0.8 0.8 0.8 0.8 0.7 1.3 0 0.6-0.5 1.6-1.7 3.6-0.3 0.5-0.5 0.9-0.5 0.9 0 0.1 0.1 0.1 0.5 0 0.8-0.2 2.3-0.6 5.6-1.6 1.1-0.3 1.3-0.4 2.3-0.4 0.8 0 1.1 0 2.3 0.2 1.5 0.2 3.5 0.2 4.9 0 5.1-0.6 9.3-2.9 11.4-6.3 0.5-0.9 0.9-1.8 1.1-2.8 0.1-0.5 0.2-1.1 0.2-1.6 0-0.7-0.1-1.1-0.2-1.6-0.3-1.4 0.1 0.5 0 0zM20.6 17.3c0 0.4-0.4 0.8-0.8 0.8h-7.7c-0.4 0-0.8-0.4-0.8-0.8v-4.6c0-0.4 0.4-0.8 0.8-0.8h0.2l0-1.6c0-0.9 0-1.8 0.1-2 0.1-0.6 0.6-1.2 1.1-1.7s1.1-0.7 1.9-0.8c1.8-0.3 3.7 0.7 4.2 2.2 0.1 0.3 0.1 0.7 0.1 2.1v0 1.7h0.1c0.4 0 0.8 0.4 0.8 0.8v4.6zM15.6 7.3c-0.5 0.1-0.8 0.3-1.2 0.6s-0.6 0.8-0.7 1.3c0 0.2 0 0.8 0 1.5l0 1.2h4.6v-1.3c0-1 0-1.4-0.1-1.6-0.3-1.1-1.5-1.9-2.6-1.7zM25.8 28.2c0 1.2-1 2.2-2.1 2.2s-2.1-1-2.1-2.1c0-1.2 1-2.1 2.2-2.1s2.2 1 2.2 2.2zM18.1 28.2c0 1.2-1 2.2-2.1 2.2s-2.1-1-2.1-2.1c0-1.2 1-2.1 2.2-2.1s2.2 1 2.2 2.2zM10.4 28.2c0 1.2-1 2.2-2.1 2.2s-2.1-1-2.1-2.1c0-1.2 1-2.1 2.2-2.1s2.2 1 2.2 2.2z\"\/><\/svg><\/span><span class=\"shariff-text\" style=\"color:#1f1f1f\">partager<\/span>&nbsp;<\/a><\/li><li class=\"shariff-button mastodon shariff-nocustomcolor\" style=\"background-color:#563ACC\"><a href=\"https:\/\/s2f.kytta.dev\/?text=Des%20%C3%A9l%C3%A8ves%20du%20LFA%20d%C3%A9battent%20au%20Parlement%20europ%C3%A9en https%3A%2F%2Fdfg-lfa.org%2Ffr%2F2022%2F05%2Fdfg-schuelerinnen-als-debattierende-im-europaparlament%2F\" title=\"Envoyer par Mastodon\" aria-label=\"Envoyer par Mastodon\" role=\"button\" rel=\"noopener nofollow\" class=\"shariff-link\" style=\"; background-color:#6364FF; color:#6364FF\" target=\"_blank\"><span class=\"shariff-icon\" style=\"fill:#6364FF\"><svg width=\"75\" height=\"79\" viewBox=\"0 0 75 79\" fill=\"none\" xmlns=\"http:\/\/www.w3.org\/2000\/svg\"><path d=\"M37.813-.025C32.462-.058 27.114.13 21.79.598c-8.544.621-17.214 5.58-20.203 13.931C-1.12 23.318.408 32.622.465 41.65c.375 7.316.943 14.78 3.392 21.73 4.365 9.465 14.781 14.537 24.782 15.385 7.64.698 15.761-.213 22.517-4.026a54.1 54.1 0 0 0 .01-6.232c-6.855 1.316-14.101 2.609-21.049 1.074-3.883-.88-6.876-4.237-7.25-8.215-1.53-3.988 3.78-.43 5.584-.883 9.048 1.224 18.282.776 27.303-.462 7.044-.837 14.26-4.788 16.65-11.833 2.263-6.135 1.215-12.79 1.698-19.177.06-3.84.09-7.692-.262-11.52C72.596 7.844 63.223.981 53.834.684a219.453 219.453 0 0 0-16.022-.71zm11.294 12.882c5.5-.067 10.801 4.143 11.67 9.653.338 1.48.471 3 .471 4.515v21.088h-8.357c-.07-7.588.153-15.182-.131-22.765-.587-4.368-7.04-5.747-9.672-2.397-2.422 3.04-1.47 7.155-1.67 10.735v6.392h-8.307c-.146-4.996.359-10.045-.404-15.002-1.108-4.218-7.809-5.565-10.094-1.666-1.685 3.046-.712 6.634-.976 9.936v14.767h-8.354c.109-8.165-.238-16.344.215-24.5.674-5.346 5.095-10.389 10.676-10.627 4.902-.739 10.103 2.038 12.053 6.631.375 1.435 1.76 1.932 1.994.084 1.844-3.704 5.501-6.739 9.785-6.771.367-.044.735-.068 1.101-.073z\"\/><defs><linearGradient id=\"paint0_linear_549_34\" x1=\"37.0692\" y1=\"0\" x2=\"37.0692\" y2=\"79\" gradientUnits=\"userSpaceOnUse\"><stop stop-color=\"#6364FF\"\/><stop offset=\"1\" stop-color=\"#563ACC\"\/><\/linearGradient><\/defs><\/svg><\/span><span class=\"shariff-text\" style=\"color:#6364FF\">partager<\/span>&nbsp;<\/a><\/li><li class=\"shariff-button mailto shariff-nocustomcolor\" style=\"background-color:#a8a8a8\"><a href=\"mailto:?body=https%3A%2F%2Fdfg-lfa.org%2Ffr%2F2022%2F05%2Fdfg-schuelerinnen-als-debattierende-im-europaparlament%2F&subject=Des%20%C3%A9l%C3%A8ves%20du%20LFA%20d%C3%A9battent%20au%20Parlement%20europ%C3%A9en\" title=\"Envoyer par courriel\" aria-label=\"Envoyer par courriel\" role=\"button\" rel=\"noopener nofollow\" class=\"shariff-link\" style=\"; background-color:#999; color:#999\"><span class=\"shariff-icon\" style=\"fill:#999\"><svg width=\"32px\" height=\"20px\" xmlns=\"http:\/\/www.w3.org\/2000\/svg\" viewBox=\"0 0 32 32\"><path fill=\"#999\" d=\"M32 12.7v14.2q0 1.2-0.8 2t-2 0.9h-26.3q-1.2 0-2-0.9t-0.8-2v-14.2q0.8 0.9 1.8 1.6 6.5 4.4 8.9 6.1 1 0.8 1.6 1.2t1.7 0.9 2 0.4h0.1q0.9 0 2-0.4t1.7-0.9 1.6-1.2q3-2.2 8.9-6.1 1-0.7 1.8-1.6zM32 7.4q0 1.4-0.9 2.7t-2.2 2.2q-6.7 4.7-8.4 5.8-0.2 0.1-0.7 0.5t-1 0.7-0.9 0.6-1.1 0.5-0.9 0.2h-0.1q-0.4 0-0.9-0.2t-1.1-0.5-0.9-0.6-1-0.7-0.7-0.5q-1.6-1.1-4.7-3.2t-3.6-2.6q-1.1-0.7-2.1-2t-1-2.5q0-1.4 0.7-2.3t2.1-0.9h26.3q1.2 0 2 0.8t0.9 2z\"\/><\/svg><\/span><span class=\"shariff-text\" style=\"color:#999\">courriel<\/span>&nbsp;<\/a><\/li><li class=\"shariff-button info shariff-nocustomcolor\" style=\"background-color:#a8a8a8\"><a href=\"http:\/\/ct.de\/-2467514\" title=\"Datenschutz-Infos\" aria-label=\"Datenschutz-Infos\" role=\"button\" rel=\"noopener \" class=\"shariff-link\" style=\"; background-color:#999; color:#999\" target=\"_blank\"><span class=\"shariff-icon\" style=\"fill:#999\"><svg width=\"32px\" height=\"20px\" xmlns=\"http:\/\/www.w3.org\/2000\/svg\" viewBox=\"0 0 11 32\"><path fill=\"#999\" d=\"M11.4 24v2.3q0 0.5-0.3 0.8t-0.8 0.4h-9.1q-0.5 0-0.8-0.4t-0.4-0.8v-2.3q0-0.5 0.4-0.8t0.8-0.4h1.1v-6.8h-1.1q-0.5 0-0.8-0.4t-0.4-0.8v-2.3q0-0.5 0.4-0.8t0.8-0.4h6.8q0.5 0 0.8 0.4t0.4 0.8v10.3h1.1q0.5 0 0.8 0.4t0.3 0.8zM9.2 3.4v3.4q0 0.5-0.4 0.8t-0.8 0.4h-4.6q-0.4 0-0.8-0.4t-0.4-0.8v-3.4q0-0.4 0.4-0.8t0.8-0.4h4.6q0.5 0 0.8 0.4t0.4 0.8z\"\/><\/svg><\/span><\/a><\/li><\/ul><\/div>","protected":false},"excerpt":{"rendered":"<p>No\u00e9mie Chouffeur (2S2), Evan Bergsma (2S2), Alexander Bak (2L1), Carla Sander (1Es), Eva Papadopoulos (1ES), Gloria Gleis (1ES) et Paul Leinenbach-Le D\u00e9odic (1ES) accompagn\u00e9s de leurs professeures V\u00e9ronique Giret et Corinne Becker ont eu la chance de repr\u00e9senter le LFA de Sarrebruck au Parlement europ\u00e9en des lyc\u00e9ens (PEL) dans les &hellip;<\/p>\n","protected":false},"author":2,"featured_media":56429,"comment_status":"closed","ping_status":"closed","sticky":false,"template":"","format":"standard","meta":{"inline_featured_image":false,"footnotes":""},"categories":[3,51],"tags":[],"class_list":["post-56398","post","type-post","status-publish","format-standard","has-post-thumbnail","hentry","category-schule-aktuell","category-sozialkunde"],"yoast_head":"<!-- This site is optimized with the Yoast SEO plugin v27.5 - https:\/\/yoast.com\/product\/yoast-seo-wordpress\/ -->\n<title>Des \u00e9l\u00e8ves du LFA d\u00e9battent au Parlement europ\u00e9en - Lyc\u00e9e Franco-Allemand de Sarrebruck<\/title>\n<meta name=\"robots\" content=\"index, follow, max-snippet:-1, max-image-preview:large, max-video-preview:-1\" \/>\n<link rel=\"canonical\" href=\"https:\/\/dfg-lfa.org\/fr\/2022\/05\/dfg-schuelerinnen-als-debattierende-im-europaparlament\/\" \/>\n<meta property=\"og:locale\" content=\"fr_FR\" \/>\n<meta property=\"og:type\" content=\"article\" \/>\n<meta property=\"og:title\" content=\"Des \u00e9l\u00e8ves du LFA d\u00e9battent au Parlement europ\u00e9en - Lyc\u00e9e Franco-Allemand de Sarrebruck\" \/>\n<meta property=\"og:description\" content=\"No\u00e9mie Chouffeur (2S2), Evan Bergsma (2S2), Alexander Bak (2L1), Carla Sander (1Es), Eva Papadopoulos (1ES), Gloria Gleis (1ES) et Paul Leinenbach-Le D\u00e9odic (1ES) accompagn\u00e9s de leurs professeures V\u00e9ronique Giret et Corinne Becker ont eu la chance de repr\u00e9senter le LFA de Sarrebruck au Parlement europ\u00e9en des lyc\u00e9ens (PEL) dans les &hellip;\" \/>\n<meta property=\"og:url\" content=\"https:\/\/dfg-lfa.org\/fr\/2022\/05\/dfg-schuelerinnen-als-debattierende-im-europaparlament\/\" \/>\n<meta property=\"og:site_name\" content=\"Lyc\u00e9e Franco-Allemand de Sarrebruck\" \/>\n<meta property=\"article:publisher\" content=\"https:\/\/www.facebook.com\/dfglfa\/\" \/>\n<meta property=\"article:published_time\" content=\"2022-05-17T19:03:37+00:00\" \/>\n<meta property=\"article:modified_time\" content=\"2022-05-21T09:31:37+00:00\" \/>\n<meta property=\"og:image\" content=\"https:\/\/dfg-lfa.org\/wp-content\/uploads\/PEL-1.jpg\" \/>\n\t<meta property=\"og:image:width\" content=\"1024\" \/>\n\t<meta property=\"og:image:height\" content=\"768\" \/>\n\t<meta property=\"og:image:type\" content=\"image\/jpeg\" \/>\n<meta name=\"author\" content=\"Administrator\" \/>\n<meta name=\"twitter:card\" content=\"summary_large_image\" \/>\n<meta name=\"twitter:creator\" content=\"@DFGLFA\" \/>\n<meta name=\"twitter:site\" content=\"@DFGLFA\" \/>\n<meta name=\"twitter:label1\" content=\"\u00c9crit par\" \/>\n\t<meta name=\"twitter:data1\" content=\"Administrator\" \/>\n\t<meta name=\"twitter:label2\" content=\"Dur\u00e9e de lecture estim\u00e9e\" \/>\n\t<meta name=\"twitter:data2\" content=\"3 minutes\" \/>\n<script type=\"application\/ld+json\" class=\"yoast-schema-graph\">{\"@context\":\"https:\\\/\\\/schema.org\",\"@graph\":[{\"@type\":\"Article\",\"@id\":\"https:\\\/\\\/dfg-lfa.org\\\/2022\\\/05\\\/dfg-schuelerinnen-als-debattierende-im-europaparlament\\\/#article\",\"isPartOf\":{\"@id\":\"https:\\\/\\\/dfg-lfa.org\\\/2022\\\/05\\\/dfg-schuelerinnen-als-debattierende-im-europaparlament\\\/\"},\"author\":{\"name\":\"Administrator\",\"@id\":\"https:\\\/\\\/dfg-lfa.org\\\/#\\\/schema\\\/person\\\/a8fe67fb1ec6d85c85d21daf2d68fa69\"},\"headline\":\"Des \u00e9l\u00e8ves du LFA d\u00e9battent au Parlement europ\u00e9en\",\"datePublished\":\"2022-05-17T19:03:37+00:00\",\"dateModified\":\"2022-05-21T09:31:37+00:00\",\"mainEntityOfPage\":{\"@id\":\"https:\\\/\\\/dfg-lfa.org\\\/2022\\\/05\\\/dfg-schuelerinnen-als-debattierende-im-europaparlament\\\/\"},\"wordCount\":930,\"publisher\":{\"@id\":\"https:\\\/\\\/dfg-lfa.org\\\/#organization\"},\"image\":{\"@id\":\"https:\\\/\\\/dfg-lfa.org\\\/2022\\\/05\\\/dfg-schuelerinnen-als-debattierende-im-europaparlament\\\/#primaryimage\"},\"thumbnailUrl\":\"https:\\\/\\\/dfg-lfa.org\\\/wp-content\\\/uploads\\\/PEL-1.jpg\",\"articleSection\":[\"Actualit\u00e9s\",\"Education civique\"],\"inLanguage\":\"fr-FR\"},{\"@type\":\"WebPage\",\"@id\":\"https:\\\/\\\/dfg-lfa.org\\\/fr\\\/2022\\\/05\\\/dfg-schuelerinnen-als-debattierende-im-europaparlament\\\/\",\"url\":\"https:\\\/\\\/dfg-lfa.org\\\/fr\\\/2022\\\/05\\\/dfg-schuelerinnen-als-debattierende-im-europaparlament\\\/\",\"name\":\"Des \u00e9l\u00e8ves du LFA d\u00e9battent au Parlement europ\u00e9en - Lyc\u00e9e Franco-Allemand de Sarrebruck\",\"isPartOf\":{\"@id\":\"https:\\\/\\\/dfg-lfa.org\\\/fr\\\/#website\"},\"primaryImageOfPage\":{\"@id\":\"https:\\\/\\\/dfg-lfa.org\\\/fr\\\/2022\\\/05\\\/dfg-schuelerinnen-als-debattierende-im-europaparlament\\\/#primaryimage\"},\"image\":{\"@id\":\"https:\\\/\\\/dfg-lfa.org\\\/2022\\\/05\\\/dfg-schuelerinnen-als-debattierende-im-europaparlament\\\/#primaryimage\"},\"thumbnailUrl\":\"https:\\\/\\\/dfg-lfa.org\\\/wp-content\\\/uploads\\\/PEL-1.jpg\",\"datePublished\":\"2022-05-17T19:03:37+00:00\",\"dateModified\":\"2022-05-21T09:31:37+00:00\",\"breadcrumb\":{\"@id\":\"https:\\\/\\\/dfg-lfa.org\\\/fr\\\/2022\\\/05\\\/dfg-schuelerinnen-als-debattierende-im-europaparlament\\\/#breadcrumb\"},\"inLanguage\":\"fr-FR\",\"potentialAction\":[{\"@type\":\"ReadAction\",\"target\":[[\"https:\\\/\\\/dfg-lfa.org\\\/fr\\\/2022\\\/05\\\/dfg-schuelerinnen-als-debattierende-im-europaparlament\\\/\"]]}]},{\"@type\":\"ImageObject\",\"inLanguage\":\"fr-FR\",\"@id\":\"https:\\\/\\\/dfg-lfa.org\\\/fr\\\/2022\\\/05\\\/dfg-schuelerinnen-als-debattierende-im-europaparlament\\\/#primaryimage\",\"url\":\"https:\\\/\\\/dfg-lfa.org\\\/wp-content\\\/uploads\\\/PEL-1.jpg\",\"contentUrl\":\"https:\\\/\\\/dfg-lfa.org\\\/wp-content\\\/uploads\\\/PEL-1.jpg\",\"width\":1024,\"height\":768,\"caption\":\"Des \u00e9l\u00e8ves du LFA d\u00e9battent au Parlement europ\u00e9en\"},{\"@type\":\"BreadcrumbList\",\"@id\":\"https:\\\/\\\/dfg-lfa.org\\\/fr\\\/2022\\\/05\\\/dfg-schuelerinnen-als-debattierende-im-europaparlament\\\/#breadcrumb\",\"itemListElement\":[{\"@type\":\"ListItem\",\"position\":1,\"name\":\"Startseite\",\"item\":\"https:\\\/\\\/dfg-lfa.org\\\/fr\\\/\"},{\"@type\":\"ListItem\",\"position\":2,\"name\":\"DFG-Sch\u00fcler*innen als Debattierende im Europaparlament\"}]},{\"@type\":\"WebSite\",\"@id\":\"https:\\\/\\\/dfg-lfa.org\\\/fr\\\/#website\",\"url\":\"https:\\\/\\\/dfg-lfa.org\\\/fr\\\/\",\"name\":\"Lyc\u00e9e Franco-Allemand de Sarrebruck\",\"description\":\"Einander begegnen \u2013 Avancer ensemble \u2013 We make Europe happen\",\"publisher\":{\"@id\":\"https:\\\/\\\/dfg-lfa.org\\\/fr\\\/#organization\"},\"potentialAction\":[{\"@type\":\"SearchAction\",\"target\":{\"@type\":\"EntryPoint\",\"urlTemplate\":\"https:\\\/\\\/dfg-lfa.org\\\/fr\\\/?s={search_term_string}\"},\"query-input\":{\"@type\":\"PropertyValueSpecification\",\"valueRequired\":true,\"valueName\":\"search_term_string\"}}],\"inLanguage\":\"fr-FR\"},{\"@type\":\"Organization\",\"@id\":\"https:\\\/\\\/dfg-lfa.org\\\/fr\\\/#organization\",\"name\":\"Deutsch-Franz\u00f6sisches Gymnasium Saarbr\u00fccken\",\"url\":\"https:\\\/\\\/dfg-lfa.org\\\/fr\\\/\",\"logo\":{\"@type\":\"ImageObject\",\"inLanguage\":\"fr-FR\",\"@id\":\"https:\\\/\\\/dfg-lfa.org\\\/fr\\\/#\\\/schema\\\/logo\\\/image\\\/\",\"url\":\"https:\\\/\\\/dfg-lfa.org\\\/wp-content\\\/uploads\\\/DFG-logo.png\",\"contentUrl\":\"https:\\\/\\\/dfg-lfa.org\\\/wp-content\\\/uploads\\\/DFG-logo.png\",\"width\":200,\"height\":77,\"caption\":\"Deutsch-Franz\u00f6sisches Gymnasium Saarbr\u00fccken\"},\"image\":{\"@id\":\"https:\\\/\\\/dfg-lfa.org\\\/fr\\\/#\\\/schema\\\/logo\\\/image\\\/\"},\"sameAs\":[\"https:\\\/\\\/www.facebook.com\\\/dfglfa\\\/\",\"https:\\\/\\\/x.com\\\/DFGLFA\",\"https:\\\/\\\/www.instagram.com\\\/dfg_lfa_saarbruecken\\\/\",\"https:\\\/\\\/www.youtube.com\\\/channel\\\/UCoxV4_gnJ3blV1U7iOjCV7w\\\/\",\"https:\\\/\\\/de.wikipedia.org\\\/wiki\\\/Deutsch-Franz\u00f6sisches_Gymnasium_in_Saarbr\u00fccken\"]},{\"@type\":\"Person\",\"@id\":\"https:\\\/\\\/dfg-lfa.org\\\/#\\\/schema\\\/person\\\/a8fe67fb1ec6d85c85d21daf2d68fa69\",\"name\":\"Administrator\"}]}<\/script>\n<!-- \/ Yoast SEO plugin. -->","yoast_head_json":{"title":"Des \u00e9l\u00e8ves du LFA d\u00e9battent au Parlement europ\u00e9en - Lyc\u00e9e Franco-Allemand de Sarrebruck","robots":{"index":"index","follow":"follow","max-snippet":"max-snippet:-1","max-image-preview":"max-image-preview:large","max-video-preview":"max-video-preview:-1"},"canonical":"https:\/\/dfg-lfa.org\/fr\/2022\/05\/dfg-schuelerinnen-als-debattierende-im-europaparlament\/","og_locale":"fr_FR","og_type":"article","og_title":"Des \u00e9l\u00e8ves du LFA d\u00e9battent au Parlement europ\u00e9en - Lyc\u00e9e Franco-Allemand de Sarrebruck","og_description":"No\u00e9mie Chouffeur (2S2), Evan Bergsma (2S2), Alexander Bak (2L1), Carla Sander (1Es), Eva Papadopoulos (1ES), Gloria Gleis (1ES) et Paul Leinenbach-Le D\u00e9odic (1ES) accompagn\u00e9s de leurs professeures V\u00e9ronique Giret et Corinne Becker ont eu la chance de repr\u00e9senter le LFA de Sarrebruck au Parlement europ\u00e9en des lyc\u00e9ens (PEL) dans les &hellip;","og_url":"https:\/\/dfg-lfa.org\/fr\/2022\/05\/dfg-schuelerinnen-als-debattierende-im-europaparlament\/","og_site_name":"Lyc\u00e9e Franco-Allemand de Sarrebruck","article_publisher":"https:\/\/www.facebook.com\/dfglfa\/","article_published_time":"2022-05-17T19:03:37+00:00","article_modified_time":"2022-05-21T09:31:37+00:00","og_image":[{"width":1024,"height":768,"url":"https:\/\/dfg-lfa.org\/wp-content\/uploads\/PEL-1.jpg","type":"image\/jpeg"}],"author":"Administrator","twitter_card":"summary_large_image","twitter_creator":"@DFGLFA","twitter_site":"@DFGLFA","twitter_misc":{"\u00c9crit par":"Administrator","Dur\u00e9e de lecture estim\u00e9e":"3 minutes"},"schema":{"@context":"https:\/\/schema.org","@graph":[{"@type":"Article","@id":"https:\/\/dfg-lfa.org\/2022\/05\/dfg-schuelerinnen-als-debattierende-im-europaparlament\/#article","isPartOf":{"@id":"https:\/\/dfg-lfa.org\/2022\/05\/dfg-schuelerinnen-als-debattierende-im-europaparlament\/"},"author":{"name":"Administrator","@id":"https:\/\/dfg-lfa.org\/#\/schema\/person\/a8fe67fb1ec6d85c85d21daf2d68fa69"},"headline":"Des \u00e9l\u00e8ves du LFA d\u00e9battent au Parlement europ\u00e9en","datePublished":"2022-05-17T19:03:37+00:00","dateModified":"2022-05-21T09:31:37+00:00","mainEntityOfPage":{"@id":"https:\/\/dfg-lfa.org\/2022\/05\/dfg-schuelerinnen-als-debattierende-im-europaparlament\/"},"wordCount":930,"publisher":{"@id":"https:\/\/dfg-lfa.org\/#organization"},"image":{"@id":"https:\/\/dfg-lfa.org\/2022\/05\/dfg-schuelerinnen-als-debattierende-im-europaparlament\/#primaryimage"},"thumbnailUrl":"https:\/\/dfg-lfa.org\/wp-content\/uploads\/PEL-1.jpg","articleSection":["Actualit\u00e9s","Education civique"],"inLanguage":"fr-FR"},{"@type":"WebPage","@id":"https:\/\/dfg-lfa.org\/fr\/2022\/05\/dfg-schuelerinnen-als-debattierende-im-europaparlament\/","url":"https:\/\/dfg-lfa.org\/fr\/2022\/05\/dfg-schuelerinnen-als-debattierende-im-europaparlament\/","name":"Des \u00e9l\u00e8ves du LFA d\u00e9battent au Parlement europ\u00e9en - Lyc\u00e9e Franco-Allemand de Sarrebruck","isPartOf":{"@id":"https:\/\/dfg-lfa.org\/fr\/#website"},"primaryImageOfPage":{"@id":"https:\/\/dfg-lfa.org\/fr\/2022\/05\/dfg-schuelerinnen-als-debattierende-im-europaparlament\/#primaryimage"},"image":{"@id":"https:\/\/dfg-lfa.org\/2022\/05\/dfg-schuelerinnen-als-debattierende-im-europaparlament\/#primaryimage"},"thumbnailUrl":"https:\/\/dfg-lfa.org\/wp-content\/uploads\/PEL-1.jpg","datePublished":"2022-05-17T19:03:37+00:00","dateModified":"2022-05-21T09:31:37+00:00","breadcrumb":{"@id":"https:\/\/dfg-lfa.org\/fr\/2022\/05\/dfg-schuelerinnen-als-debattierende-im-europaparlament\/#breadcrumb"},"inLanguage":"fr-FR","potentialAction":[{"@type":"ReadAction","target":[["https:\/\/dfg-lfa.org\/fr\/2022\/05\/dfg-schuelerinnen-als-debattierende-im-europaparlament\/"]]}]},{"@type":"ImageObject","inLanguage":"fr-FR","@id":"https:\/\/dfg-lfa.org\/fr\/2022\/05\/dfg-schuelerinnen-als-debattierende-im-europaparlament\/#primaryimage","url":"https:\/\/dfg-lfa.org\/wp-content\/uploads\/PEL-1.jpg","contentUrl":"https:\/\/dfg-lfa.org\/wp-content\/uploads\/PEL-1.jpg","width":1024,"height":768,"caption":"Des \u00e9l\u00e8ves du LFA d\u00e9battent au Parlement europ\u00e9en"},{"@type":"BreadcrumbList","@id":"https:\/\/dfg-lfa.org\/fr\/2022\/05\/dfg-schuelerinnen-als-debattierende-im-europaparlament\/#breadcrumb","itemListElement":[{"@type":"ListItem","position":1,"name":"Startseite","item":"https:\/\/dfg-lfa.org\/fr\/"},{"@type":"ListItem","position":2,"name":"DFG-Sch\u00fcler*innen als Debattierende im Europaparlament"}]},{"@type":"WebSite","@id":"https:\/\/dfg-lfa.org\/fr\/#website","url":"https:\/\/dfg-lfa.org\/fr\/","name":"Lyc\u00e9e Franco-Allemand de Sarrebruck","description":"Einander begegnen \u2013 Avancer ensemble \u2013 We make Europe happen","publisher":{"@id":"https:\/\/dfg-lfa.org\/fr\/#organization"},"potentialAction":[{"@type":"SearchAction","target":{"@type":"EntryPoint","urlTemplate":"https:\/\/dfg-lfa.org\/fr\/?s={search_term_string}"},"query-input":{"@type":"PropertyValueSpecification","valueRequired":true,"valueName":"search_term_string"}}],"inLanguage":"fr-FR"},{"@type":"Organization","@id":"https:\/\/dfg-lfa.org\/fr\/#organization","name":"Deutsch-Franz\u00f6sisches Gymnasium Saarbr\u00fccken","url":"https:\/\/dfg-lfa.org\/fr\/","logo":{"@type":"ImageObject","inLanguage":"fr-FR","@id":"https:\/\/dfg-lfa.org\/fr\/#\/schema\/logo\/image\/","url":"https:\/\/dfg-lfa.org\/wp-content\/uploads\/DFG-logo.png","contentUrl":"https:\/\/dfg-lfa.org\/wp-content\/uploads\/DFG-logo.png","width":200,"height":77,"caption":"Deutsch-Franz\u00f6sisches Gymnasium Saarbr\u00fccken"},"image":{"@id":"https:\/\/dfg-lfa.org\/fr\/#\/schema\/logo\/image\/"},"sameAs":["https:\/\/www.facebook.com\/dfglfa\/","https:\/\/x.com\/DFGLFA","https:\/\/www.instagram.com\/dfg_lfa_saarbruecken\/","https:\/\/www.youtube.com\/channel\/UCoxV4_gnJ3blV1U7iOjCV7w\/","https:\/\/de.wikipedia.org\/wiki\/Deutsch-Franz\u00f6sisches_Gymnasium_in_Saarbr\u00fccken"]},{"@type":"Person","@id":"https:\/\/dfg-lfa.org\/#\/schema\/person\/a8fe67fb1ec6d85c85d21daf2d68fa69","name":"Administrator"}]}},"_links":{"self":[{"href":"https:\/\/dfg-lfa.org\/fr\/wp-json\/wp\/v2\/posts\/56398","targetHints":{"allow":["GET"]}}],"collection":[{"href":"https:\/\/dfg-lfa.org\/fr\/wp-json\/wp\/v2\/posts"}],"about":[{"href":"https:\/\/dfg-lfa.org\/fr\/wp-json\/wp\/v2\/types\/post"}],"author":[{"embeddable":true,"href":"https:\/\/dfg-lfa.org\/fr\/wp-json\/wp\/v2\/users\/2"}],"replies":[{"embeddable":true,"href":"https:\/\/dfg-lfa.org\/fr\/wp-json\/wp\/v2\/comments?post=56398"}],"version-history":[{"count":9,"href":"https:\/\/dfg-lfa.org\/fr\/wp-json\/wp\/v2\/posts\/56398\/revisions"}],"predecessor-version":[{"id":56443,"href":"https:\/\/dfg-lfa.org\/fr\/wp-json\/wp\/v2\/posts\/56398\/revisions\/56443"}],"wp:featuredmedia":[{"embeddable":true,"href":"https:\/\/dfg-lfa.org\/fr\/wp-json\/wp\/v2\/media\/56429"}],"wp:attachment":[{"href":"https:\/\/dfg-lfa.org\/fr\/wp-json\/wp\/v2\/media?parent=56398"}],"wp:term":[{"taxonomy":"category","embeddable":true,"href":"https:\/\/dfg-lfa.org\/fr\/wp-json\/wp\/v2\/categories?post=56398"},{"taxonomy":"post_tag","embeddable":true,"href":"https:\/\/dfg-lfa.org\/fr\/wp-json\/wp\/v2\/tags?post=56398"}],"curies":[{"name":"wp","href":"https:\/\/api.w.org\/{rel}","templated":true}]}}