{"id":60621,"date":"2023-05-30T23:06:28","date_gmt":"2023-05-30T21:06:28","guid":{"rendered":"https:\/\/dfg-lfa.org\/?p=60621"},"modified":"2023-05-30T23:15:11","modified_gmt":"2023-05-30T21:15:11","slug":"dfg-schuelerinnen-im-europaeischen-schuelerparlament","status":"publish","type":"post","link":"https:\/\/dfg-lfa.org\/fr\/2023\/05\/dfg-schuelerinnen-im-europaeischen-schuelerparlament\/","title":{"rendered":"Les \u00e9l\u00e8ves du LFA participent au Parlement europ\u00e9en des lyc\u00e9ens"},"content":{"rendered":"<p><a href=\"https:\/\/dfg-lfa.org\/wp-content\/uploads\/bild-18.jpg\"><img loading=\"lazy\" decoding=\"async\" class=\"alignleft size-medium wp-image-60632\" src=\"https:\/\/dfg-lfa.org\/wp-content\/uploads\/bild-18-300x169.jpg\" alt=\"PEL 2023\" width=\"300\" height=\"169\" srcset=\"https:\/\/dfg-lfa.org\/wp-content\/uploads\/bild-18-300x169.jpg 300w, https:\/\/dfg-lfa.org\/wp-content\/uploads\/bild-18-150x84.jpg 150w, https:\/\/dfg-lfa.org\/wp-content\/uploads\/bild-18-768x432.jpg 768w, https:\/\/dfg-lfa.org\/wp-content\/uploads\/bild-18-1536x864.jpg 1536w, https:\/\/dfg-lfa.org\/wp-content\/uploads\/bild-18-356x200.jpg 356w, https:\/\/dfg-lfa.org\/wp-content\/uploads\/bild-18.jpg 1600w\" sizes=\"auto, (max-width: 300px) 100vw, 300px\" \/><\/a>Du 15-17 mai 2023, Cherine Ben Tahir (2ES2), Julian Bidot (2L), Oph\u00e9lia Blume (1L1), Katharina B\u00fcch (1L1), Max Ernst (1ES), Nicolas Fran\u00e7ois (2ES1), Sarah Gill (2L), Madeleine Hossfeld (2ES2), Elsa Plontz (2ES2), Galo Schmidt Moreno (2L), Klara Seebald, Nathana\u00ebl Tchoquessi (1ES), Apolline Toscani (2ES1), Leela Tusel (2ES2) et Elise Zwolinski (2S2) ont eu la chance de repr\u00e9senter le LFA de Sarrebruck au Parlement europ\u00e9en des lyc\u00e9ens (PEL) dans les locaux du Parlement europ\u00e9en \u00e0 Strasbourg. Ils \u00e9taient accompagn\u00e9s de leurs professeures, V\u00e9ronique Giret, Emmanuelle Yverneau et Corinne Becker.<\/p>\n<p>Le PEL est organis\u00e9 par<strong> Let\u2019s promote Europe (LPE)<\/strong>, association cr\u00e9e par d\u2019anciens \u00e9l\u00e8ves de notre lyc\u00e9e (promotion 2019) en coop\u00e9ration avec le Parlement europ\u00e9en \u00e0 Strasbourg.<\/p>\n<div id='gallery-3' class='gallery galleryid-60621 gallery-columns-3 gallery-size-large'><figure class='gallery-item'>\n\t\t\t<div class='gallery-icon landscape'>\n\t\t\t\t<a href='https:\/\/dfg-lfa.org\/wp-content\/uploads\/bild-11.jpg'><img loading=\"lazy\" decoding=\"async\" width=\"1249\" height=\"703\" src=\"https:\/\/dfg-lfa.org\/wp-content\/uploads\/bild-11.jpg\" class=\"attachment-large size-large\" alt=\"PEL 2023\" srcset=\"https:\/\/dfg-lfa.org\/wp-content\/uploads\/bild-11.jpg 1600w, https:\/\/dfg-lfa.org\/wp-content\/uploads\/bild-11-300x169.jpg 300w, https:\/\/dfg-lfa.org\/wp-content\/uploads\/bild-11-150x84.jpg 150w, https:\/\/dfg-lfa.org\/wp-content\/uploads\/bild-11-768x432.jpg 768w, https:\/\/dfg-lfa.org\/wp-content\/uploads\/bild-11-1536x864.jpg 1536w, https:\/\/dfg-lfa.org\/wp-content\/uploads\/bild-11-356x200.jpg 356w\" sizes=\"auto, (max-width: 1249px) 100vw, 1249px\" \/><\/a>\n\t\t\t<\/div><\/figure><figure class='gallery-item'>\n\t\t\t<div class='gallery-icon landscape'>\n\t\t\t\t<a href='https:\/\/dfg-lfa.org\/wp-content\/uploads\/bild-12.jpg'><img loading=\"lazy\" decoding=\"async\" width=\"1249\" height=\"703\" src=\"https:\/\/dfg-lfa.org\/wp-content\/uploads\/bild-12.jpg\" class=\"attachment-large size-large\" alt=\"PEL 2023\" srcset=\"https:\/\/dfg-lfa.org\/wp-content\/uploads\/bild-12.jpg 1600w, https:\/\/dfg-lfa.org\/wp-content\/uploads\/bild-12-300x169.jpg 300w, https:\/\/dfg-lfa.org\/wp-content\/uploads\/bild-12-150x84.jpg 150w, https:\/\/dfg-lfa.org\/wp-content\/uploads\/bild-12-768x432.jpg 768w, https:\/\/dfg-lfa.org\/wp-content\/uploads\/bild-12-1536x864.jpg 1536w, https:\/\/dfg-lfa.org\/wp-content\/uploads\/bild-12-356x200.jpg 356w\" sizes=\"auto, (max-width: 1249px) 100vw, 1249px\" \/><\/a>\n\t\t\t<\/div><\/figure><figure class='gallery-item'>\n\t\t\t<div class='gallery-icon landscape'>\n\t\t\t\t<a href='https:\/\/dfg-lfa.org\/wp-content\/uploads\/bild-17.jpg'><img loading=\"lazy\" decoding=\"async\" width=\"1249\" height=\"703\" src=\"https:\/\/dfg-lfa.org\/wp-content\/uploads\/bild-17.jpg\" class=\"attachment-large size-large\" alt=\"PEL 2023\" srcset=\"https:\/\/dfg-lfa.org\/wp-content\/uploads\/bild-17.jpg 1600w, https:\/\/dfg-lfa.org\/wp-content\/uploads\/bild-17-300x169.jpg 300w, https:\/\/dfg-lfa.org\/wp-content\/uploads\/bild-17-150x84.jpg 150w, https:\/\/dfg-lfa.org\/wp-content\/uploads\/bild-17-768x432.jpg 768w, https:\/\/dfg-lfa.org\/wp-content\/uploads\/bild-17-1536x864.jpg 1536w, https:\/\/dfg-lfa.org\/wp-content\/uploads\/bild-17-356x200.jpg 356w\" sizes=\"auto, (max-width: 1249px) 100vw, 1249px\" \/><\/a>\n\t\t\t<\/div><\/figure><figure class='gallery-item'>\n\t\t\t<div class='gallery-icon landscape'>\n\t\t\t\t<a href='https:\/\/dfg-lfa.org\/wp-content\/uploads\/bild-21.jpg'><img loading=\"lazy\" decoding=\"async\" width=\"1249\" height=\"703\" src=\"https:\/\/dfg-lfa.org\/wp-content\/uploads\/bild-21.jpg\" class=\"attachment-large size-large\" alt=\"PEL 2023\" srcset=\"https:\/\/dfg-lfa.org\/wp-content\/uploads\/bild-21.jpg 1600w, https:\/\/dfg-lfa.org\/wp-content\/uploads\/bild-21-300x169.jpg 300w, https:\/\/dfg-lfa.org\/wp-content\/uploads\/bild-21-150x84.jpg 150w, https:\/\/dfg-lfa.org\/wp-content\/uploads\/bild-21-768x432.jpg 768w, https:\/\/dfg-lfa.org\/wp-content\/uploads\/bild-21-1536x865.jpg 1536w, https:\/\/dfg-lfa.org\/wp-content\/uploads\/bild-21-355x200.jpg 355w\" sizes=\"auto, (max-width: 1249px) 100vw, 1249px\" \/><\/a>\n\t\t\t<\/div><\/figure><figure class='gallery-item'>\n\t\t\t<div class='gallery-icon landscape'>\n\t\t\t\t<a href='https:\/\/dfg-lfa.org\/wp-content\/uploads\/bild-30.jpg'><img loading=\"lazy\" decoding=\"async\" width=\"1249\" height=\"703\" src=\"https:\/\/dfg-lfa.org\/wp-content\/uploads\/bild-30.jpg\" class=\"attachment-large size-large\" alt=\"PEL 2023\" srcset=\"https:\/\/dfg-lfa.org\/wp-content\/uploads\/bild-30.jpg 1600w, https:\/\/dfg-lfa.org\/wp-content\/uploads\/bild-30-300x169.jpg 300w, https:\/\/dfg-lfa.org\/wp-content\/uploads\/bild-30-150x84.jpg 150w, https:\/\/dfg-lfa.org\/wp-content\/uploads\/bild-30-768x432.jpg 768w, https:\/\/dfg-lfa.org\/wp-content\/uploads\/bild-30-1536x864.jpg 1536w, https:\/\/dfg-lfa.org\/wp-content\/uploads\/bild-30-356x200.jpg 356w\" sizes=\"auto, (max-width: 1249px) 100vw, 1249px\" \/><\/a>\n\t\t\t<\/div><\/figure><figure class='gallery-item'>\n\t\t\t<div class='gallery-icon landscape'>\n\t\t\t\t<a href='https:\/\/dfg-lfa.org\/wp-content\/uploads\/bild-34-.jpg'><img loading=\"lazy\" decoding=\"async\" width=\"1249\" height=\"703\" src=\"https:\/\/dfg-lfa.org\/wp-content\/uploads\/bild-34-.jpg\" class=\"attachment-large size-large\" alt=\"PEL 2023\" srcset=\"https:\/\/dfg-lfa.org\/wp-content\/uploads\/bild-34-.jpg 1600w, https:\/\/dfg-lfa.org\/wp-content\/uploads\/bild-34--300x169.jpg 300w, https:\/\/dfg-lfa.org\/wp-content\/uploads\/bild-34--150x84.jpg 150w, https:\/\/dfg-lfa.org\/wp-content\/uploads\/bild-34--768x432.jpg 768w, https:\/\/dfg-lfa.org\/wp-content\/uploads\/bild-34--1536x864.jpg 1536w, https:\/\/dfg-lfa.org\/wp-content\/uploads\/bild-34--356x200.jpg 356w\" sizes=\"auto, (max-width: 1249px) 100vw, 1249px\" \/><\/a>\n\t\t\t<\/div><\/figure>\n\t\t<\/div>\n\n<p>Le PEL est un projet qui r\u00e9unit des lyc\u00e9ens de toute l\u2019Europe et les incite \u00e0 s\u2019interroger sur l\u2019avenir de l\u2019Union europ\u00e9enne, \u00e0 d\u00e9battre de th\u00e8mes de coop\u00e9ration internationale et \u00e0 proposer des solutions aux d\u00e9fis europ\u00e9ens. Cette exp\u00e9rience unique, riche en apprentissages et \u00e9changes humains permet aux jeunes d\u2019\u00eatre plong\u00e9s dans le fonctionnement la vie d\u00e9mocratique europ\u00e9enne et de s\u2019engager dans des d\u00e9bats en \u00e9changeant avec des jeunes de leur \u00e2ge issus d\u2019univers vari\u00e9s. Cette ann\u00e9e, le projet comptait plus de 450 \u00e9l\u00e8ves, venant de 11 pays avec plus de 50 nationalit\u00e9s diff\u00e9rentes. Apr\u00e8s une phase de pr\u00e9paration de cinq mois, nos apprentis d\u00e9put\u00e9s ont lors d\u2019une simulation du processus l\u00e9gislatif europ\u00e9en dans les locaux du Parlement europ\u00e9en de Strasbourg d\u00e9battu et r\u00e9dig\u00e9 des amendements sur les th\u00e8mes suivants : promotion de la neutralit\u00e9 climatique par des moyens de transport durables, protection de l\u2019ind\u00e9pendance et du pluralisme des m\u00e9dias, gestion de crises au niveau europ\u00e9en et politique europ\u00e9enne de d\u00e9fense.<\/p>\n<p>En deuxi\u00e8me partie de programme notre \u00e9cole repr\u00e9sentait l\u2018Italie lors d\u2019une simulation du Conseil de l\u2019Union europ\u00e9enne sur le th\u00e8me des cha\u00eenes d\u2019approvisionnement. Des activit\u00e9s culturelles ont fortement contribu\u00e9 \u00e0 une ambiance conviviale et amicale.<\/p>\n<p>L\u2019ensemble des travaux s\u2019est d\u00e9roul\u00e9 en allemand, anglais et fran\u00e7ais.<\/p>\n<p><a href=\"https:\/\/dfg-lfa.org\/wp-content\/uploads\/Erasmus_Logo.svg.png\"><img loading=\"lazy\" decoding=\"async\" class=\"aligncenter size-medium wp-image-34708\" src=\"https:\/\/dfg-lfa.org\/wp-content\/uploads\/Erasmus_Logo.svg-300x86.png\" alt=\"\" width=\"300\" height=\"86\" srcset=\"https:\/\/dfg-lfa.org\/wp-content\/uploads\/Erasmus_Logo.svg-300x86.png 300w, https:\/\/dfg-lfa.org\/wp-content\/uploads\/Erasmus_Logo.svg-150x43.png 150w, https:\/\/dfg-lfa.org\/wp-content\/uploads\/Erasmus_Logo.svg-768x220.png 768w, https:\/\/dfg-lfa.org\/wp-content\/uploads\/Erasmus_Logo.svg-590x169.png 590w\" sizes=\"auto, (max-width: 300px) 100vw, 300px\" \/><\/a>Enfin ce projet n\u2019aurait pas pu voir le jour sans le soutien financier d\u2019Erasmus que nous remercions vivement.<\/p>\n<div id='gallery-4' class='gallery galleryid-60621 gallery-columns-3 gallery-size-large'><figure class='gallery-item'>\n\t\t\t<div class='gallery-icon portrait'>\n\t\t\t\t<a href='https:\/\/dfg-lfa.org\/wp-content\/uploads\/bild-10.jpg'><img loading=\"lazy\" decoding=\"async\" width=\"1200\" height=\"1600\" src=\"https:\/\/dfg-lfa.org\/wp-content\/uploads\/bild-10.jpg\" class=\"attachment-large size-large\" alt=\"PEL 2023\" srcset=\"https:\/\/dfg-lfa.org\/wp-content\/uploads\/bild-10.jpg 1200w, https:\/\/dfg-lfa.org\/wp-content\/uploads\/bild-10-225x300.jpg 225w, https:\/\/dfg-lfa.org\/wp-content\/uploads\/bild-10-113x150.jpg 113w, https:\/\/dfg-lfa.org\/wp-content\/uploads\/bild-10-768x1024.jpg 768w, https:\/\/dfg-lfa.org\/wp-content\/uploads\/bild-10-1152x1536.jpg 1152w, https:\/\/dfg-lfa.org\/wp-content\/uploads\/bild-10-150x200.jpg 150w\" sizes=\"auto, (max-width: 1200px) 100vw, 1200px\" \/><\/a>\n\t\t\t<\/div><\/figure><figure class='gallery-item'>\n\t\t\t<div class='gallery-icon portrait'>\n\t\t\t\t<a href='https:\/\/dfg-lfa.org\/wp-content\/uploads\/bild-13.jpg'><img loading=\"lazy\" decoding=\"async\" width=\"1200\" height=\"1600\" src=\"https:\/\/dfg-lfa.org\/wp-content\/uploads\/bild-13.jpg\" class=\"attachment-large size-large\" alt=\"PEL 2023\" srcset=\"https:\/\/dfg-lfa.org\/wp-content\/uploads\/bild-13.jpg 1200w, https:\/\/dfg-lfa.org\/wp-content\/uploads\/bild-13-225x300.jpg 225w, https:\/\/dfg-lfa.org\/wp-content\/uploads\/bild-13-113x150.jpg 113w, https:\/\/dfg-lfa.org\/wp-content\/uploads\/bild-13-768x1024.jpg 768w, https:\/\/dfg-lfa.org\/wp-content\/uploads\/bild-13-1152x1536.jpg 1152w, https:\/\/dfg-lfa.org\/wp-content\/uploads\/bild-13-150x200.jpg 150w\" sizes=\"auto, (max-width: 1200px) 100vw, 1200px\" \/><\/a>\n\t\t\t<\/div><\/figure><figure class='gallery-item'>\n\t\t\t<div class='gallery-icon portrait'>\n\t\t\t\t<a href='https:\/\/dfg-lfa.org\/wp-content\/uploads\/bild-14.jpg'><img loading=\"lazy\" decoding=\"async\" width=\"1200\" height=\"1600\" src=\"https:\/\/dfg-lfa.org\/wp-content\/uploads\/bild-14.jpg\" class=\"attachment-large size-large\" alt=\"PEL 2023\" srcset=\"https:\/\/dfg-lfa.org\/wp-content\/uploads\/bild-14.jpg 1200w, https:\/\/dfg-lfa.org\/wp-content\/uploads\/bild-14-225x300.jpg 225w, https:\/\/dfg-lfa.org\/wp-content\/uploads\/bild-14-113x150.jpg 113w, https:\/\/dfg-lfa.org\/wp-content\/uploads\/bild-14-768x1024.jpg 768w, https:\/\/dfg-lfa.org\/wp-content\/uploads\/bild-14-1152x1536.jpg 1152w, https:\/\/dfg-lfa.org\/wp-content\/uploads\/bild-14-150x200.jpg 150w\" sizes=\"auto, (max-width: 1200px) 100vw, 1200px\" \/><\/a>\n\t\t\t<\/div><\/figure><figure class='gallery-item'>\n\t\t\t<div class='gallery-icon portrait'>\n\t\t\t\t<a href='https:\/\/dfg-lfa.org\/wp-content\/uploads\/bild-16.jpg'><img loading=\"lazy\" decoding=\"async\" width=\"1200\" height=\"1600\" src=\"https:\/\/dfg-lfa.org\/wp-content\/uploads\/bild-16.jpg\" class=\"attachment-large size-large\" alt=\"PEL 2023\" srcset=\"https:\/\/dfg-lfa.org\/wp-content\/uploads\/bild-16.jpg 1200w, https:\/\/dfg-lfa.org\/wp-content\/uploads\/bild-16-225x300.jpg 225w, https:\/\/dfg-lfa.org\/wp-content\/uploads\/bild-16-113x150.jpg 113w, https:\/\/dfg-lfa.org\/wp-content\/uploads\/bild-16-768x1024.jpg 768w, https:\/\/dfg-lfa.org\/wp-content\/uploads\/bild-16-1152x1536.jpg 1152w, https:\/\/dfg-lfa.org\/wp-content\/uploads\/bild-16-150x200.jpg 150w\" sizes=\"auto, (max-width: 1200px) 100vw, 1200px\" \/><\/a>\n\t\t\t<\/div><\/figure><figure class='gallery-item'>\n\t\t\t<div class='gallery-icon portrait'>\n\t\t\t\t<a href='https:\/\/dfg-lfa.org\/wp-content\/uploads\/bild-19.jpg'><img loading=\"lazy\" decoding=\"async\" width=\"1200\" height=\"1600\" src=\"https:\/\/dfg-lfa.org\/wp-content\/uploads\/bild-19.jpg\" class=\"attachment-large size-large\" alt=\"PEL 2023\" srcset=\"https:\/\/dfg-lfa.org\/wp-content\/uploads\/bild-19.jpg 1200w, https:\/\/dfg-lfa.org\/wp-content\/uploads\/bild-19-225x300.jpg 225w, https:\/\/dfg-lfa.org\/wp-content\/uploads\/bild-19-113x150.jpg 113w, https:\/\/dfg-lfa.org\/wp-content\/uploads\/bild-19-768x1024.jpg 768w, https:\/\/dfg-lfa.org\/wp-content\/uploads\/bild-19-1152x1536.jpg 1152w, https:\/\/dfg-lfa.org\/wp-content\/uploads\/bild-19-150x200.jpg 150w\" sizes=\"auto, (max-width: 1200px) 100vw, 1200px\" \/><\/a>\n\t\t\t<\/div><\/figure><figure class='gallery-item'>\n\t\t\t<div class='gallery-icon portrait'>\n\t\t\t\t<a href='https:\/\/dfg-lfa.org\/wp-content\/uploads\/bild-20.jpg'><img loading=\"lazy\" decoding=\"async\" width=\"1200\" height=\"1600\" src=\"https:\/\/dfg-lfa.org\/wp-content\/uploads\/bild-20.jpg\" class=\"attachment-large size-large\" alt=\"PEL 2023\" srcset=\"https:\/\/dfg-lfa.org\/wp-content\/uploads\/bild-20.jpg 1200w, https:\/\/dfg-lfa.org\/wp-content\/uploads\/bild-20-225x300.jpg 225w, https:\/\/dfg-lfa.org\/wp-content\/uploads\/bild-20-113x150.jpg 113w, https:\/\/dfg-lfa.org\/wp-content\/uploads\/bild-20-768x1024.jpg 768w, https:\/\/dfg-lfa.org\/wp-content\/uploads\/bild-20-1152x1536.jpg 1152w, https:\/\/dfg-lfa.org\/wp-content\/uploads\/bild-20-150x200.jpg 150w\" sizes=\"auto, (max-width: 1200px) 100vw, 1200px\" \/><\/a>\n\t\t\t<\/div><\/figure><figure class='gallery-item'>\n\t\t\t<div class='gallery-icon portrait'>\n\t\t\t\t<a href='https:\/\/dfg-lfa.org\/wp-content\/uploads\/bild-22.jpg'><img loading=\"lazy\" decoding=\"async\" width=\"1200\" height=\"1600\" src=\"https:\/\/dfg-lfa.org\/wp-content\/uploads\/bild-22.jpg\" class=\"attachment-large size-large\" alt=\"PEL 2023\" srcset=\"https:\/\/dfg-lfa.org\/wp-content\/uploads\/bild-22.jpg 1200w, https:\/\/dfg-lfa.org\/wp-content\/uploads\/bild-22-225x300.jpg 225w, https:\/\/dfg-lfa.org\/wp-content\/uploads\/bild-22-113x150.jpg 113w, https:\/\/dfg-lfa.org\/wp-content\/uploads\/bild-22-768x1024.jpg 768w, https:\/\/dfg-lfa.org\/wp-content\/uploads\/bild-22-1152x1536.jpg 1152w, https:\/\/dfg-lfa.org\/wp-content\/uploads\/bild-22-150x200.jpg 150w\" sizes=\"auto, (max-width: 1200px) 100vw, 1200px\" \/><\/a>\n\t\t\t<\/div><\/figure><figure class='gallery-item'>\n\t\t\t<div class='gallery-icon portrait'>\n\t\t\t\t<a href='https:\/\/dfg-lfa.org\/wp-content\/uploads\/bild-23-.jpg'><img loading=\"lazy\" decoding=\"async\" width=\"1200\" height=\"1600\" src=\"https:\/\/dfg-lfa.org\/wp-content\/uploads\/bild-23-.jpg\" class=\"attachment-large size-large\" alt=\"PEL 2023\" srcset=\"https:\/\/dfg-lfa.org\/wp-content\/uploads\/bild-23-.jpg 1200w, https:\/\/dfg-lfa.org\/wp-content\/uploads\/bild-23--225x300.jpg 225w, https:\/\/dfg-lfa.org\/wp-content\/uploads\/bild-23--113x150.jpg 113w, https:\/\/dfg-lfa.org\/wp-content\/uploads\/bild-23--768x1024.jpg 768w, https:\/\/dfg-lfa.org\/wp-content\/uploads\/bild-23--1152x1536.jpg 1152w, https:\/\/dfg-lfa.org\/wp-content\/uploads\/bild-23--150x200.jpg 150w\" sizes=\"auto, (max-width: 1200px) 100vw, 1200px\" \/><\/a>\n\t\t\t<\/div><\/figure><figure class='gallery-item'>\n\t\t\t<div class='gallery-icon portrait'>\n\t\t\t\t<a href='https:\/\/dfg-lfa.org\/wp-content\/uploads\/bild-24.jpg'><img loading=\"lazy\" decoding=\"async\" width=\"1200\" height=\"1600\" src=\"https:\/\/dfg-lfa.org\/wp-content\/uploads\/bild-24.jpg\" class=\"attachment-large size-large\" alt=\"PEL 2023\" srcset=\"https:\/\/dfg-lfa.org\/wp-content\/uploads\/bild-24.jpg 1200w, https:\/\/dfg-lfa.org\/wp-content\/uploads\/bild-24-225x300.jpg 225w, https:\/\/dfg-lfa.org\/wp-content\/uploads\/bild-24-113x150.jpg 113w, https:\/\/dfg-lfa.org\/wp-content\/uploads\/bild-24-768x1024.jpg 768w, https:\/\/dfg-lfa.org\/wp-content\/uploads\/bild-24-1152x1536.jpg 1152w, https:\/\/dfg-lfa.org\/wp-content\/uploads\/bild-24-150x200.jpg 150w\" sizes=\"auto, (max-width: 1200px) 100vw, 1200px\" \/><\/a>\n\t\t\t<\/div><\/figure><figure class='gallery-item'>\n\t\t\t<div class='gallery-icon portrait'>\n\t\t\t\t<a href='https:\/\/dfg-lfa.org\/wp-content\/uploads\/bild-25.jpg'><img loading=\"lazy\" decoding=\"async\" width=\"1200\" height=\"1600\" src=\"https:\/\/dfg-lfa.org\/wp-content\/uploads\/bild-25.jpg\" class=\"attachment-large size-large\" alt=\"PEL 2023\" srcset=\"https:\/\/dfg-lfa.org\/wp-content\/uploads\/bild-25.jpg 1200w, https:\/\/dfg-lfa.org\/wp-content\/uploads\/bild-25-225x300.jpg 225w, https:\/\/dfg-lfa.org\/wp-content\/uploads\/bild-25-113x150.jpg 113w, https:\/\/dfg-lfa.org\/wp-content\/uploads\/bild-25-768x1024.jpg 768w, https:\/\/dfg-lfa.org\/wp-content\/uploads\/bild-25-1152x1536.jpg 1152w, https:\/\/dfg-lfa.org\/wp-content\/uploads\/bild-25-150x200.jpg 150w\" sizes=\"auto, (max-width: 1200px) 100vw, 1200px\" \/><\/a>\n\t\t\t<\/div><\/figure><figure class='gallery-item'>\n\t\t\t<div class='gallery-icon portrait'>\n\t\t\t\t<a href='https:\/\/dfg-lfa.org\/wp-content\/uploads\/bild-26-.jpg'><img loading=\"lazy\" decoding=\"async\" width=\"1200\" height=\"1600\" src=\"https:\/\/dfg-lfa.org\/wp-content\/uploads\/bild-26-.jpg\" class=\"attachment-large size-large\" alt=\"PEL 2023\" srcset=\"https:\/\/dfg-lfa.org\/wp-content\/uploads\/bild-26-.jpg 1200w, https:\/\/dfg-lfa.org\/wp-content\/uploads\/bild-26--225x300.jpg 225w, https:\/\/dfg-lfa.org\/wp-content\/uploads\/bild-26--113x150.jpg 113w, https:\/\/dfg-lfa.org\/wp-content\/uploads\/bild-26--768x1024.jpg 768w, https:\/\/dfg-lfa.org\/wp-content\/uploads\/bild-26--1152x1536.jpg 1152w, https:\/\/dfg-lfa.org\/wp-content\/uploads\/bild-26--150x200.jpg 150w\" sizes=\"auto, (max-width: 1200px) 100vw, 1200px\" \/><\/a>\n\t\t\t<\/div><\/figure><figure class='gallery-item'>\n\t\t\t<div class='gallery-icon portrait'>\n\t\t\t\t<a href='https:\/\/dfg-lfa.org\/wp-content\/uploads\/bild-27.jpg'><img loading=\"lazy\" decoding=\"async\" width=\"1200\" height=\"1600\" src=\"https:\/\/dfg-lfa.org\/wp-content\/uploads\/bild-27.jpg\" class=\"attachment-large size-large\" alt=\"PEL 2023\" srcset=\"https:\/\/dfg-lfa.org\/wp-content\/uploads\/bild-27.jpg 1200w, https:\/\/dfg-lfa.org\/wp-content\/uploads\/bild-27-225x300.jpg 225w, https:\/\/dfg-lfa.org\/wp-content\/uploads\/bild-27-113x150.jpg 113w, https:\/\/dfg-lfa.org\/wp-content\/uploads\/bild-27-768x1024.jpg 768w, https:\/\/dfg-lfa.org\/wp-content\/uploads\/bild-27-1152x1536.jpg 1152w, https:\/\/dfg-lfa.org\/wp-content\/uploads\/bild-27-150x200.jpg 150w\" sizes=\"auto, (max-width: 1200px) 100vw, 1200px\" \/><\/a>\n\t\t\t<\/div><\/figure><figure class='gallery-item'>\n\t\t\t<div class='gallery-icon portrait'>\n\t\t\t\t<a href='https:\/\/dfg-lfa.org\/wp-content\/uploads\/bild-28.jpg'><img loading=\"lazy\" decoding=\"async\" width=\"1200\" height=\"1600\" src=\"https:\/\/dfg-lfa.org\/wp-content\/uploads\/bild-28.jpg\" class=\"attachment-large size-large\" alt=\"PEL 2023\" srcset=\"https:\/\/dfg-lfa.org\/wp-content\/uploads\/bild-28.jpg 1200w, https:\/\/dfg-lfa.org\/wp-content\/uploads\/bild-28-225x300.jpg 225w, https:\/\/dfg-lfa.org\/wp-content\/uploads\/bild-28-113x150.jpg 113w, https:\/\/dfg-lfa.org\/wp-content\/uploads\/bild-28-768x1024.jpg 768w, https:\/\/dfg-lfa.org\/wp-content\/uploads\/bild-28-1152x1536.jpg 1152w, https:\/\/dfg-lfa.org\/wp-content\/uploads\/bild-28-150x200.jpg 150w\" sizes=\"auto, (max-width: 1200px) 100vw, 1200px\" \/><\/a>\n\t\t\t<\/div><\/figure><figure class='gallery-item'>\n\t\t\t<div class='gallery-icon portrait'>\n\t\t\t\t<a href='https:\/\/dfg-lfa.org\/wp-content\/uploads\/bild-29-.jpg'><img loading=\"lazy\" decoding=\"async\" width=\"1200\" height=\"1600\" src=\"https:\/\/dfg-lfa.org\/wp-content\/uploads\/bild-29-.jpg\" class=\"attachment-large size-large\" alt=\"PEL 2023\" srcset=\"https:\/\/dfg-lfa.org\/wp-content\/uploads\/bild-29-.jpg 1200w, https:\/\/dfg-lfa.org\/wp-content\/uploads\/bild-29--225x300.jpg 225w, https:\/\/dfg-lfa.org\/wp-content\/uploads\/bild-29--113x150.jpg 113w, https:\/\/dfg-lfa.org\/wp-content\/uploads\/bild-29--768x1024.jpg 768w, https:\/\/dfg-lfa.org\/wp-content\/uploads\/bild-29--1152x1536.jpg 1152w, https:\/\/dfg-lfa.org\/wp-content\/uploads\/bild-29--150x200.jpg 150w\" sizes=\"auto, (max-width: 1200px) 100vw, 1200px\" \/><\/a>\n\t\t\t<\/div><\/figure><figure class='gallery-item'>\n\t\t\t<div class='gallery-icon portrait'>\n\t\t\t\t<a href='https:\/\/dfg-lfa.org\/wp-content\/uploads\/bild-31-.jpg'><img loading=\"lazy\" decoding=\"async\" width=\"1200\" height=\"1600\" src=\"https:\/\/dfg-lfa.org\/wp-content\/uploads\/bild-31-.jpg\" class=\"attachment-large size-large\" alt=\"PEL 2023\" srcset=\"https:\/\/dfg-lfa.org\/wp-content\/uploads\/bild-31-.jpg 1200w, https:\/\/dfg-lfa.org\/wp-content\/uploads\/bild-31--225x300.jpg 225w, https:\/\/dfg-lfa.org\/wp-content\/uploads\/bild-31--113x150.jpg 113w, https:\/\/dfg-lfa.org\/wp-content\/uploads\/bild-31--768x1024.jpg 768w, https:\/\/dfg-lfa.org\/wp-content\/uploads\/bild-31--1152x1536.jpg 1152w, https:\/\/dfg-lfa.org\/wp-content\/uploads\/bild-31--150x200.jpg 150w\" sizes=\"auto, (max-width: 1200px) 100vw, 1200px\" \/><\/a>\n\t\t\t<\/div><\/figure><figure class='gallery-item'>\n\t\t\t<div class='gallery-icon portrait'>\n\t\t\t\t<a href='https:\/\/dfg-lfa.org\/wp-content\/uploads\/bild-32.jpg'><img loading=\"lazy\" decoding=\"async\" width=\"1200\" height=\"1600\" src=\"https:\/\/dfg-lfa.org\/wp-content\/uploads\/bild-32.jpg\" class=\"attachment-large size-large\" alt=\"PEL 2023\" srcset=\"https:\/\/dfg-lfa.org\/wp-content\/uploads\/bild-32.jpg 1200w, https:\/\/dfg-lfa.org\/wp-content\/uploads\/bild-32-225x300.jpg 225w, https:\/\/dfg-lfa.org\/wp-content\/uploads\/bild-32-113x150.jpg 113w, https:\/\/dfg-lfa.org\/wp-content\/uploads\/bild-32-768x1024.jpg 768w, https:\/\/dfg-lfa.org\/wp-content\/uploads\/bild-32-1152x1536.jpg 1152w, https:\/\/dfg-lfa.org\/wp-content\/uploads\/bild-32-150x200.jpg 150w\" sizes=\"auto, (max-width: 1200px) 100vw, 1200px\" \/><\/a>\n\t\t\t<\/div><\/figure><figure class='gallery-item'>\n\t\t\t<div class='gallery-icon portrait'>\n\t\t\t\t<a href='https:\/\/dfg-lfa.org\/wp-content\/uploads\/bild-33.jpg'><img loading=\"lazy\" decoding=\"async\" width=\"1200\" height=\"1600\" src=\"https:\/\/dfg-lfa.org\/wp-content\/uploads\/bild-33.jpg\" class=\"attachment-large size-large\" alt=\"PEL 2023\" srcset=\"https:\/\/dfg-lfa.org\/wp-content\/uploads\/bild-33.jpg 1200w, https:\/\/dfg-lfa.org\/wp-content\/uploads\/bild-33-225x300.jpg 225w, https:\/\/dfg-lfa.org\/wp-content\/uploads\/bild-33-113x150.jpg 113w, https:\/\/dfg-lfa.org\/wp-content\/uploads\/bild-33-768x1024.jpg 768w, https:\/\/dfg-lfa.org\/wp-content\/uploads\/bild-33-1152x1536.jpg 1152w, https:\/\/dfg-lfa.org\/wp-content\/uploads\/bild-33-150x200.jpg 150w\" sizes=\"auto, (max-width: 1200px) 100vw, 1200px\" \/><\/a>\n\t\t\t<\/div><\/figure><figure class='gallery-item'>\n\t\t\t<div class='gallery-icon portrait'>\n\t\t\t\t<a href='https:\/\/dfg-lfa.org\/wp-content\/uploads\/bild-35.jpg'><img loading=\"lazy\" decoding=\"async\" width=\"1200\" height=\"1600\" src=\"https:\/\/dfg-lfa.org\/wp-content\/uploads\/bild-35.jpg\" class=\"attachment-large size-large\" alt=\"PEL 2023\" srcset=\"https:\/\/dfg-lfa.org\/wp-content\/uploads\/bild-35.jpg 1200w, https:\/\/dfg-lfa.org\/wp-content\/uploads\/bild-35-225x300.jpg 225w, https:\/\/dfg-lfa.org\/wp-content\/uploads\/bild-35-113x150.jpg 113w, https:\/\/dfg-lfa.org\/wp-content\/uploads\/bild-35-768x1024.jpg 768w, https:\/\/dfg-lfa.org\/wp-content\/uploads\/bild-35-1152x1536.jpg 1152w, https:\/\/dfg-lfa.org\/wp-content\/uploads\/bild-35-150x200.jpg 150w\" sizes=\"auto, (max-width: 1200px) 100vw, 1200px\" \/><\/a>\n\t\t\t<\/div><\/figure>\n\t\t<\/div>\n\n<p>Voici quelques r\u00e9actions des participants\u202f:<\/p>\n<p>Max :<\/p>\n<blockquote><p>Le Parlement Europ\u00e9en des lyc\u00e9ens m&rsquo;a donn\u00e9 de nouvelles perspectives pour le futur et nous a laiss\u00e9 vivre la vie d&rsquo;un vrai d\u00e9put\u00e9 au sein de l&rsquo;Union Europ\u00e9enne. La simulation tr\u00e8s r\u00e9aliste des processus l\u00e9gislatifs de l&rsquo;UE a fait du PEL un projet unique et tr\u00e8s int\u00e9ressant. Il est \u00e0 recommander !<\/p><\/blockquote>\n<p>Oph\u00e9lia:<\/p>\n<blockquote><p>Eine sehr bereichernde und informative Erfahrung. Ich bin sehr dankbar f\u00fcr diese M\u00f6glichkeit, ich habe nicht nur mehr \u00fcber das Parlament und seine Abl\u00e4ufe gelernt sondern auch viele andere engagierte Sch\u00fclerinnen kennengelernt. Definitiv empfehlenswert! (5 Sterne Google \u2013 Rezension)<\/p><\/blockquote>\n<p>Elise:<\/p>\n<blockquote><p>Ce f\u00fbt une exp\u00e9rience riche qui nous a permis de d\u00e9couvrir le quotidien d\u2019un d\u00e9put\u00e9 europ\u00e9en, le syst\u00e8me l\u00e9gislatif de l\u2019UE et plus g\u00e9n\u00e9ralement, de s\u2019initier \u00e0 la vie politique de mani\u00e8re immersive. J\u2019ai beaucoup appr\u00e9ci\u00e9 cette \u201cexp\u00e9rience\u201d pour plusieurs raisons en particulier pour le fait de devoir \/pouvoir s\u2019exprimer en plusieurs langues. Cela m\u2019a permis de rencontrer de Nouvelles personnes venants de toute l\u2019Europe. C\u2019\u00e9tait vraiment super (m\u00eame si cela demande un minimum d\u2019investissement)<\/p><\/blockquote>\n<p>Cherine:<\/p>\n<blockquote><p>Le PEL m\u2019a permis d\u2019avoir une ouverture d\u2019esprit plus grande. J\u2019ai pu faire \u00e9norm\u00e9ment de rencontres avec des \u00e9l\u00e8ves de diff\u00e9rents pays voire de continents. D\u00e9couvrir le monde de la politique m\u2019a permis de comprendre le processus l\u00e9gislatif. Cela montre que nous devons nous investir en tant que citoyen afin de choisir les lois que nous jugeons les plus justes. Gr\u00e2ce \u00e0 l\u2019union que j\u2019ai v\u00e9cue pendant ces trois jours, j\u2019ai pris conscience de la force et de la diversit\u00e9 de l\u2019UE.<\/p><\/blockquote>\n<p>Julian:<\/p>\n<blockquote><p>Das Parlement europ\u00e9en des lyc\u00e9ens ist eine einzigartige Gelegenheit um Einblicke in die Europ\u00e4ische Union zu erhalten und dir demokratische Gesetzgebungsprozesse kennenzulernen. Sowohl neue Blickwinkel und Sichtweisen als auch der Austausch mit anderen politikinteressierte Jungendlichen aus Europa waren dabei besonders interessant<\/p><\/blockquote>\n<p>Nicolas :<\/p>\n<blockquote><p>Le PEL m\u2019a appris la pratique de l\u2019\u00e9criture normalis\u00e9e des textes de lois, \u00e0 d\u00e9fendre mes positions et avis en argumentant concr\u00e8tement devant des centaines de personnes avec une \u00e9loquence claire et pr\u00e9cise, \u00e0 faire des discours qui repr\u00e9sentent l\u2019avis d\u2019un groupe ou le miens, et enfin \u00e0 g\u00e9rer une \u00e9quipe de personnes vari\u00e9es et issues de toute l\u2019Europe en s\u2019appuyant sur leurs comp\u00e9tences individuelles. Mais surtout ce projet m\u2019a permis de d\u00e9couvrir des personnes incroyables car c\u2019est au final une exp\u00e9rience humaine plut\u00f4t que l\u00e9gislative, tout comme l\u2019Union europ\u00e9enne.<\/p><\/blockquote>\n<p>Sarah :<\/p>\n<blockquote><p>Ich bin sehr dankbar f\u00fcr diese Erfahrung, denn nicht nur der Einblick hinter die Kulissen des Parlaments, sondern auch das Kennenlernen neuer Jugendlicher aus ganz Europa, hat mich bereichert. Dieses Projekt ist sehr empfehlenswert und wenn ich k\u00f6nnte, w\u00fcrde ich eventuell selber nochmal teilnehmen!<\/p><\/blockquote>\n<p>Elsa:<\/p>\n<blockquote><p>Gr\u00e2ce au projet du Parlement europ\u00e9en des lyc\u00e9ens, j\u2019ai appris \u00e0 connaitre des lyc\u00e9ens venant de plusieurs pays. J\u2019ai pu \u00e9galement d\u00e9couvrir le m\u00e9tier de d\u00e9put\u00e9 europ\u00e9en. Je ne retiens que du positif de cette exp\u00e9rience et je conseille aux jeunes int\u00e9ress\u00e9s par la politique de participer \u00e0 ce projet.<\/p><\/blockquote>\n<p><\/p>\n<div class=\"shariff shariff-align-left shariff-widget-align-left shariff-buttonstretch\" style=\"display:none\"><ul class=\"shariff-buttons theme-white orientation-horizontal buttonsize-medium\"><li class=\"shariff-button facebook shariff-nocustomcolor\" style=\"background-color:#4273c8\"><a href=\"https:\/\/www.facebook.com\/sharer\/sharer.php?u=https%3A%2F%2Fdfg-lfa.org%2Ffr%2F2023%2F05%2Fdfg-schuelerinnen-im-europaeischen-schuelerparlament%2F\" title=\"Envoyer par Facebook\" aria-label=\"Envoyer par Facebook\" role=\"button\" rel=\"nofollow\" class=\"shariff-link\" style=\"; background-color:#3b5998; color:#3b5998\" target=\"_blank\"><span class=\"shariff-icon\" style=\"fill:#3b5998\"><svg width=\"32px\" height=\"20px\" xmlns=\"http:\/\/www.w3.org\/2000\/svg\" viewBox=\"0 0 18 32\"><path fill=\"#3b5998\" d=\"M17.1 0.2v4.7h-2.8q-1.5 0-2.1 0.6t-0.5 1.9v3.4h5.2l-0.7 5.3h-4.5v13.6h-5.5v-13.6h-4.5v-5.3h4.5v-3.9q0-3.3 1.9-5.2t5-1.8q2.6 0 4.1 0.2z\"\/><\/svg><\/span><span class=\"shariff-text\" style=\"color:#3b5998\">partager<\/span>&nbsp;<\/a><\/li><li class=\"shariff-button whatsapp shariff-nocustomcolor\" style=\"background-color:#5cbe4a\"><a href=\"https:\/\/api.whatsapp.com\/send?text=https%3A%2F%2Fdfg-lfa.org%2Ffr%2F2023%2F05%2Fdfg-schuelerinnen-im-europaeischen-schuelerparlament%2F%20Les%20%C3%A9l%C3%A8ves%20du%20LFA%20participent%20au%20Parlement%20europ%C3%A9en%20des%20lyc%C3%A9ens\" title=\"Envoyer par Whatsapp\" aria-label=\"Envoyer par Whatsapp\" role=\"button\" rel=\"noopener nofollow\" class=\"shariff-link\" style=\"; background-color:#34af23; color:#34af23\" target=\"_blank\"><span class=\"shariff-icon\" style=\"fill:#34af23\"><svg width=\"32px\" height=\"20px\" xmlns=\"http:\/\/www.w3.org\/2000\/svg\" viewBox=\"0 0 32 32\"><path fill=\"#34af23\" d=\"M17.6 17.4q0.2 0 1.7 0.8t1.6 0.9q0 0.1 0 0.3 0 0.6-0.3 1.4-0.3 0.7-1.3 1.2t-1.8 0.5q-1 0-3.4-1.1-1.7-0.8-3-2.1t-2.6-3.3q-1.3-1.9-1.3-3.5v-0.1q0.1-1.6 1.3-2.8 0.4-0.4 0.9-0.4 0.1 0 0.3 0t0.3 0q0.3 0 0.5 0.1t0.3 0.5q0.1 0.4 0.6 1.6t0.4 1.3q0 0.4-0.6 1t-0.6 0.8q0 0.1 0.1 0.3 0.6 1.3 1.8 2.4 1 0.9 2.7 1.8 0.2 0.1 0.4 0.1 0.3 0 1-0.9t0.9-0.9zM14 26.9q2.3 0 4.3-0.9t3.6-2.4 2.4-3.6 0.9-4.3-0.9-4.3-2.4-3.6-3.6-2.4-4.3-0.9-4.3 0.9-3.6 2.4-2.4 3.6-0.9 4.3q0 3.6 2.1 6.6l-1.4 4.2 4.3-1.4q2.8 1.9 6.2 1.9zM14 2.2q2.7 0 5.2 1.1t4.3 2.9 2.9 4.3 1.1 5.2-1.1 5.2-2.9 4.3-4.3 2.9-5.2 1.1q-3.5 0-6.5-1.7l-7.4 2.4 2.4-7.2q-1.9-3.2-1.9-6.9 0-2.7 1.1-5.2t2.9-4.3 4.3-2.9 5.2-1.1z\"\/><\/svg><\/span><span class=\"shariff-text\" style=\"color:#34af23\">partager<\/span>&nbsp;<\/a><\/li><li class=\"shariff-button threema shariff-nocustomcolor shariff-mobile\" style=\"background-color:#4fbc24\"><a href=\"threema:\/\/compose?text=Les%20%C3%A9l%C3%A8ves%20du%20LFA%20participent%20au%20Parlement%20europ%C3%A9en%20des%20lyc%C3%A9ens%20https%3A%2F%2Fdfg-lfa.org%2Ffr%2F2023%2F05%2Fdfg-schuelerinnen-im-europaeischen-schuelerparlament%2F\" title=\"Envoyer par Threema\" aria-label=\"Envoyer par Threema\" role=\"button\" rel=\"noopener nofollow\" class=\"shariff-link\" style=\"; background-color:#1f1f1f; color:#1f1f1f\" target=\"_blank\"><span class=\"shariff-icon\" style=\"fill:#1f1f1f\"><svg width=\"32px\" height=\"20px\" xmlns=\"http:\/\/www.w3.org\/2000\/svg\" viewBox=\"0 0 32 32\"><path fill=\"#1f1f1f\" d=\"M30.8 10.9c-0.3-1.4-0.9-2.6-1.8-3.8-2-2.6-5.5-4.5-9.4-5.2-1.3-0.2-1.9-0.3-3.5-0.3s-2.2 0-3.5 0.3c-4 0.7-7.4 2.6-9.4 5.2-0.9 1.2-1.5 2.4-1.8 3.8-0.1 0.5-0.2 1.2-0.2 1.6 0 0.4 0.1 1.1 0.2 1.6 0.4 1.9 1.3 3.4 2.9 5 0.8 0.8 0.8 0.8 0.7 1.3 0 0.6-0.5 1.6-1.7 3.6-0.3 0.5-0.5 0.9-0.5 0.9 0 0.1 0.1 0.1 0.5 0 0.8-0.2 2.3-0.6 5.6-1.6 1.1-0.3 1.3-0.4 2.3-0.4 0.8 0 1.1 0 2.3 0.2 1.5 0.2 3.5 0.2 4.9 0 5.1-0.6 9.3-2.9 11.4-6.3 0.5-0.9 0.9-1.8 1.1-2.8 0.1-0.5 0.2-1.1 0.2-1.6 0-0.7-0.1-1.1-0.2-1.6-0.3-1.4 0.1 0.5 0 0zM20.6 17.3c0 0.4-0.4 0.8-0.8 0.8h-7.7c-0.4 0-0.8-0.4-0.8-0.8v-4.6c0-0.4 0.4-0.8 0.8-0.8h0.2l0-1.6c0-0.9 0-1.8 0.1-2 0.1-0.6 0.6-1.2 1.1-1.7s1.1-0.7 1.9-0.8c1.8-0.3 3.7 0.7 4.2 2.2 0.1 0.3 0.1 0.7 0.1 2.1v0 1.7h0.1c0.4 0 0.8 0.4 0.8 0.8v4.6zM15.6 7.3c-0.5 0.1-0.8 0.3-1.2 0.6s-0.6 0.8-0.7 1.3c0 0.2 0 0.8 0 1.5l0 1.2h4.6v-1.3c0-1 0-1.4-0.1-1.6-0.3-1.1-1.5-1.9-2.6-1.7zM25.8 28.2c0 1.2-1 2.2-2.1 2.2s-2.1-1-2.1-2.1c0-1.2 1-2.1 2.2-2.1s2.2 1 2.2 2.2zM18.1 28.2c0 1.2-1 2.2-2.1 2.2s-2.1-1-2.1-2.1c0-1.2 1-2.1 2.2-2.1s2.2 1 2.2 2.2zM10.4 28.2c0 1.2-1 2.2-2.1 2.2s-2.1-1-2.1-2.1c0-1.2 1-2.1 2.2-2.1s2.2 1 2.2 2.2z\"\/><\/svg><\/span><span class=\"shariff-text\" style=\"color:#1f1f1f\">partager<\/span>&nbsp;<\/a><\/li><li class=\"shariff-button mastodon shariff-nocustomcolor\" style=\"background-color:#563ACC\"><a href=\"https:\/\/s2f.kytta.dev\/?text=Les%20%C3%A9l%C3%A8ves%20du%20LFA%20participent%20au%20Parlement%20europ%C3%A9en%20des%20lyc%C3%A9ens https%3A%2F%2Fdfg-lfa.org%2Ffr%2F2023%2F05%2Fdfg-schuelerinnen-im-europaeischen-schuelerparlament%2F\" title=\"Envoyer par Mastodon\" aria-label=\"Envoyer par Mastodon\" role=\"button\" rel=\"noopener nofollow\" class=\"shariff-link\" style=\"; background-color:#6364FF; color:#6364FF\" target=\"_blank\"><span class=\"shariff-icon\" style=\"fill:#6364FF\"><svg width=\"75\" height=\"79\" viewBox=\"0 0 75 79\" fill=\"none\" xmlns=\"http:\/\/www.w3.org\/2000\/svg\"><path d=\"M37.813-.025C32.462-.058 27.114.13 21.79.598c-8.544.621-17.214 5.58-20.203 13.931C-1.12 23.318.408 32.622.465 41.65c.375 7.316.943 14.78 3.392 21.73 4.365 9.465 14.781 14.537 24.782 15.385 7.64.698 15.761-.213 22.517-4.026a54.1 54.1 0 0 0 .01-6.232c-6.855 1.316-14.101 2.609-21.049 1.074-3.883-.88-6.876-4.237-7.25-8.215-1.53-3.988 3.78-.43 5.584-.883 9.048 1.224 18.282.776 27.303-.462 7.044-.837 14.26-4.788 16.65-11.833 2.263-6.135 1.215-12.79 1.698-19.177.06-3.84.09-7.692-.262-11.52C72.596 7.844 63.223.981 53.834.684a219.453 219.453 0 0 0-16.022-.71zm11.294 12.882c5.5-.067 10.801 4.143 11.67 9.653.338 1.48.471 3 .471 4.515v21.088h-8.357c-.07-7.588.153-15.182-.131-22.765-.587-4.368-7.04-5.747-9.672-2.397-2.422 3.04-1.47 7.155-1.67 10.735v6.392h-8.307c-.146-4.996.359-10.045-.404-15.002-1.108-4.218-7.809-5.565-10.094-1.666-1.685 3.046-.712 6.634-.976 9.936v14.767h-8.354c.109-8.165-.238-16.344.215-24.5.674-5.346 5.095-10.389 10.676-10.627 4.902-.739 10.103 2.038 12.053 6.631.375 1.435 1.76 1.932 1.994.084 1.844-3.704 5.501-6.739 9.785-6.771.367-.044.735-.068 1.101-.073z\"\/><defs><linearGradient id=\"paint0_linear_549_34\" x1=\"37.0692\" y1=\"0\" x2=\"37.0692\" y2=\"79\" gradientUnits=\"userSpaceOnUse\"><stop stop-color=\"#6364FF\"\/><stop offset=\"1\" stop-color=\"#563ACC\"\/><\/linearGradient><\/defs><\/svg><\/span><span class=\"shariff-text\" style=\"color:#6364FF\">partager<\/span>&nbsp;<\/a><\/li><li class=\"shariff-button mailto shariff-nocustomcolor\" style=\"background-color:#a8a8a8\"><a href=\"mailto:?body=https%3A%2F%2Fdfg-lfa.org%2Ffr%2F2023%2F05%2Fdfg-schuelerinnen-im-europaeischen-schuelerparlament%2F&subject=Les%20%C3%A9l%C3%A8ves%20du%20LFA%20participent%20au%20Parlement%20europ%C3%A9en%20des%20lyc%C3%A9ens\" title=\"Envoyer par courriel\" aria-label=\"Envoyer par courriel\" role=\"button\" rel=\"noopener nofollow\" class=\"shariff-link\" style=\"; background-color:#999; color:#999\"><span class=\"shariff-icon\" style=\"fill:#999\"><svg width=\"32px\" height=\"20px\" xmlns=\"http:\/\/www.w3.org\/2000\/svg\" viewBox=\"0 0 32 32\"><path fill=\"#999\" d=\"M32 12.7v14.2q0 1.2-0.8 2t-2 0.9h-26.3q-1.2 0-2-0.9t-0.8-2v-14.2q0.8 0.9 1.8 1.6 6.5 4.4 8.9 6.1 1 0.8 1.6 1.2t1.7 0.9 2 0.4h0.1q0.9 0 2-0.4t1.7-0.9 1.6-1.2q3-2.2 8.9-6.1 1-0.7 1.8-1.6zM32 7.4q0 1.4-0.9 2.7t-2.2 2.2q-6.7 4.7-8.4 5.8-0.2 0.1-0.7 0.5t-1 0.7-0.9 0.6-1.1 0.5-0.9 0.2h-0.1q-0.4 0-0.9-0.2t-1.1-0.5-0.9-0.6-1-0.7-0.7-0.5q-1.6-1.1-4.7-3.2t-3.6-2.6q-1.1-0.7-2.1-2t-1-2.5q0-1.4 0.7-2.3t2.1-0.9h26.3q1.2 0 2 0.8t0.9 2z\"\/><\/svg><\/span><span class=\"shariff-text\" style=\"color:#999\">courriel<\/span>&nbsp;<\/a><\/li><li class=\"shariff-button info shariff-nocustomcolor\" style=\"background-color:#a8a8a8\"><a href=\"http:\/\/ct.de\/-2467514\" title=\"Datenschutz-Infos\" aria-label=\"Datenschutz-Infos\" role=\"button\" rel=\"noopener \" class=\"shariff-link\" style=\"; background-color:#999; color:#999\" target=\"_blank\"><span class=\"shariff-icon\" style=\"fill:#999\"><svg width=\"32px\" height=\"20px\" xmlns=\"http:\/\/www.w3.org\/2000\/svg\" viewBox=\"0 0 11 32\"><path fill=\"#999\" d=\"M11.4 24v2.3q0 0.5-0.3 0.8t-0.8 0.4h-9.1q-0.5 0-0.8-0.4t-0.4-0.8v-2.3q0-0.5 0.4-0.8t0.8-0.4h1.1v-6.8h-1.1q-0.5 0-0.8-0.4t-0.4-0.8v-2.3q0-0.5 0.4-0.8t0.8-0.4h6.8q0.5 0 0.8 0.4t0.4 0.8v10.3h1.1q0.5 0 0.8 0.4t0.3 0.8zM9.2 3.4v3.4q0 0.5-0.4 0.8t-0.8 0.4h-4.6q-0.4 0-0.8-0.4t-0.4-0.8v-3.4q0-0.4 0.4-0.8t0.8-0.4h4.6q0.5 0 0.8 0.4t0.4 0.8z\"\/><\/svg><\/span><\/a><\/li><\/ul><\/div>","protected":false},"excerpt":{"rendered":"<p>Du 15-17 mai 2023, Cherine Ben Tahir (2ES2), Julian Bidot (2L), Oph\u00e9lia Blume (1L1), Katharina B\u00fcch (1L1), Max Ernst (1ES), Nicolas Fran\u00e7ois (2ES1), Sarah Gill (2L), Madeleine Hossfeld (2ES2), Elsa Plontz (2ES2), Galo Schmidt Moreno (2L), Klara Seebald, Nathana\u00ebl Tchoquessi (1ES), Apolline Toscani (2ES1), Leela Tusel (2ES2) et Elise Zwolinski &hellip;<\/p>\n","protected":false},"author":2,"featured_media":60661,"comment_status":"closed","ping_status":"closed","sticky":false,"template":"","format":"standard","meta":{"inline_featured_image":false,"footnotes":""},"categories":[87,197,196,51,54],"tags":[],"class_list":["post-60621","post","type-post","status-publish","format-standard","has-post-thumbnail","hentry","category-erasmus","category-international-school","category-internationale-schule","category-sozialkunde","category-wirtschaftswissenschaft"],"yoast_head":"<!-- This site is optimized with the Yoast SEO plugin v27.5 - https:\/\/yoast.com\/product\/yoast-seo-wordpress\/ -->\n<title>Les \u00e9l\u00e8ves du LFA participent au Parlement europ\u00e9en des lyc\u00e9ens - Lyc\u00e9e Franco-Allemand de Sarrebruck<\/title>\n<meta name=\"robots\" content=\"index, follow, max-snippet:-1, max-image-preview:large, max-video-preview:-1\" \/>\n<link rel=\"canonical\" href=\"https:\/\/dfg-lfa.org\/fr\/2023\/05\/dfg-schuelerinnen-im-europaeischen-schuelerparlament\/\" \/>\n<meta property=\"og:locale\" content=\"fr_FR\" \/>\n<meta property=\"og:type\" content=\"article\" \/>\n<meta property=\"og:title\" content=\"Les \u00e9l\u00e8ves du LFA participent au Parlement europ\u00e9en des lyc\u00e9ens - Lyc\u00e9e Franco-Allemand de Sarrebruck\" \/>\n<meta property=\"og:description\" content=\"Du 15-17 mai 2023, Cherine Ben Tahir (2ES2), Julian Bidot (2L), Oph\u00e9lia Blume (1L1), Katharina B\u00fcch (1L1), Max Ernst (1ES), Nicolas Fran\u00e7ois (2ES1), Sarah Gill (2L), Madeleine Hossfeld (2ES2), Elsa Plontz (2ES2), Galo Schmidt Moreno (2L), Klara Seebald, Nathana\u00ebl Tchoquessi (1ES), Apolline Toscani (2ES1), Leela Tusel (2ES2) et Elise Zwolinski &hellip;\" \/>\n<meta property=\"og:url\" content=\"https:\/\/dfg-lfa.org\/fr\/2023\/05\/dfg-schuelerinnen-im-europaeischen-schuelerparlament\/\" \/>\n<meta property=\"og:site_name\" content=\"Lyc\u00e9e Franco-Allemand de Sarrebruck\" \/>\n<meta property=\"article:publisher\" content=\"https:\/\/www.facebook.com\/dfglfa\/\" \/>\n<meta property=\"article:published_time\" content=\"2023-05-30T21:06:28+00:00\" \/>\n<meta property=\"article:modified_time\" content=\"2023-05-30T21:15:11+00:00\" \/>\n<meta property=\"og:image\" content=\"https:\/\/dfg-lfa.org\/wp-content\/uploads\/PEL-2023.jpg\" \/>\n\t<meta property=\"og:image:width\" content=\"1600\" \/>\n\t<meta property=\"og:image:height\" content=\"901\" \/>\n\t<meta property=\"og:image:type\" content=\"image\/jpeg\" \/>\n<meta name=\"author\" content=\"Administrator\" \/>\n<meta name=\"twitter:card\" content=\"summary_large_image\" \/>\n<meta name=\"twitter:creator\" content=\"@DFGLFA\" \/>\n<meta name=\"twitter:site\" content=\"@DFGLFA\" \/>\n<meta name=\"twitter:label1\" content=\"\u00c9crit par\" \/>\n\t<meta name=\"twitter:data1\" content=\"Administrator\" \/>\n\t<meta name=\"twitter:label2\" content=\"Dur\u00e9e de lecture estim\u00e9e\" \/>\n\t<meta name=\"twitter:data2\" content=\"6 minutes\" \/>\n<script type=\"application\/ld+json\" class=\"yoast-schema-graph\">{\"@context\":\"https:\\\/\\\/schema.org\",\"@graph\":[{\"@type\":\"Article\",\"@id\":\"https:\\\/\\\/dfg-lfa.org\\\/2023\\\/05\\\/dfg-schuelerinnen-im-europaeischen-schuelerparlament\\\/#article\",\"isPartOf\":{\"@id\":\"https:\\\/\\\/dfg-lfa.org\\\/2023\\\/05\\\/dfg-schuelerinnen-im-europaeischen-schuelerparlament\\\/\"},\"author\":{\"name\":\"Administrator\",\"@id\":\"https:\\\/\\\/dfg-lfa.org\\\/#\\\/schema\\\/person\\\/a8fe67fb1ec6d85c85d21daf2d68fa69\"},\"headline\":\"Les \u00e9l\u00e8ves du LFA participent au Parlement europ\u00e9en des lyc\u00e9ens\",\"datePublished\":\"2023-05-30T21:06:28+00:00\",\"dateModified\":\"2023-05-30T21:15:11+00:00\",\"mainEntityOfPage\":{\"@id\":\"https:\\\/\\\/dfg-lfa.org\\\/2023\\\/05\\\/dfg-schuelerinnen-im-europaeischen-schuelerparlament\\\/\"},\"wordCount\":1963,\"publisher\":{\"@id\":\"https:\\\/\\\/dfg-lfa.org\\\/#organization\"},\"image\":{\"@id\":\"https:\\\/\\\/dfg-lfa.org\\\/2023\\\/05\\\/dfg-schuelerinnen-im-europaeischen-schuelerparlament\\\/#primaryimage\"},\"thumbnailUrl\":\"https:\\\/\\\/dfg-lfa.org\\\/wp-content\\\/uploads\\\/PEL-2023.jpg\",\"articleSection\":[\"\",\"\",\"\",\"Education civique\",\"SES\"],\"inLanguage\":\"fr-FR\"},{\"@type\":\"WebPage\",\"@id\":\"https:\\\/\\\/dfg-lfa.org\\\/fr\\\/2023\\\/05\\\/dfg-schuelerinnen-im-europaeischen-schuelerparlament\\\/\",\"url\":\"https:\\\/\\\/dfg-lfa.org\\\/fr\\\/2023\\\/05\\\/dfg-schuelerinnen-im-europaeischen-schuelerparlament\\\/\",\"name\":\"Les \u00e9l\u00e8ves du LFA participent au Parlement europ\u00e9en des lyc\u00e9ens - Lyc\u00e9e Franco-Allemand de Sarrebruck\",\"isPartOf\":{\"@id\":\"https:\\\/\\\/dfg-lfa.org\\\/fr\\\/#website\"},\"primaryImageOfPage\":{\"@id\":\"https:\\\/\\\/dfg-lfa.org\\\/fr\\\/2023\\\/05\\\/dfg-schuelerinnen-im-europaeischen-schuelerparlament\\\/#primaryimage\"},\"image\":{\"@id\":\"https:\\\/\\\/dfg-lfa.org\\\/2023\\\/05\\\/dfg-schuelerinnen-im-europaeischen-schuelerparlament\\\/#primaryimage\"},\"thumbnailUrl\":\"https:\\\/\\\/dfg-lfa.org\\\/wp-content\\\/uploads\\\/PEL-2023.jpg\",\"datePublished\":\"2023-05-30T21:06:28+00:00\",\"dateModified\":\"2023-05-30T21:15:11+00:00\",\"breadcrumb\":{\"@id\":\"https:\\\/\\\/dfg-lfa.org\\\/fr\\\/2023\\\/05\\\/dfg-schuelerinnen-im-europaeischen-schuelerparlament\\\/#breadcrumb\"},\"inLanguage\":\"fr-FR\",\"potentialAction\":[{\"@type\":\"ReadAction\",\"target\":[[\"https:\\\/\\\/dfg-lfa.org\\\/fr\\\/2023\\\/05\\\/dfg-schuelerinnen-im-europaeischen-schuelerparlament\\\/\"]]}]},{\"@type\":\"ImageObject\",\"inLanguage\":\"fr-FR\",\"@id\":\"https:\\\/\\\/dfg-lfa.org\\\/fr\\\/2023\\\/05\\\/dfg-schuelerinnen-im-europaeischen-schuelerparlament\\\/#primaryimage\",\"url\":\"https:\\\/\\\/dfg-lfa.org\\\/wp-content\\\/uploads\\\/PEL-2023.jpg\",\"contentUrl\":\"https:\\\/\\\/dfg-lfa.org\\\/wp-content\\\/uploads\\\/PEL-2023.jpg\",\"width\":1600,\"height\":901,\"caption\":\"PEL 2023\"},{\"@type\":\"BreadcrumbList\",\"@id\":\"https:\\\/\\\/dfg-lfa.org\\\/fr\\\/2023\\\/05\\\/dfg-schuelerinnen-im-europaeischen-schuelerparlament\\\/#breadcrumb\",\"itemListElement\":[{\"@type\":\"ListItem\",\"position\":1,\"name\":\"Startseite\",\"item\":\"https:\\\/\\\/dfg-lfa.org\\\/fr\\\/\"},{\"@type\":\"ListItem\",\"position\":2,\"name\":\"DFG-Sch\u00fcler*innen im Europ\u00e4ischen Sch\u00fclerparlament\"}]},{\"@type\":\"WebSite\",\"@id\":\"https:\\\/\\\/dfg-lfa.org\\\/fr\\\/#website\",\"url\":\"https:\\\/\\\/dfg-lfa.org\\\/fr\\\/\",\"name\":\"Lyc\u00e9e Franco-Allemand de Sarrebruck\",\"description\":\"Einander begegnen \u2013 Avancer ensemble \u2013 We make Europe happen\",\"publisher\":{\"@id\":\"https:\\\/\\\/dfg-lfa.org\\\/fr\\\/#organization\"},\"potentialAction\":[{\"@type\":\"SearchAction\",\"target\":{\"@type\":\"EntryPoint\",\"urlTemplate\":\"https:\\\/\\\/dfg-lfa.org\\\/fr\\\/?s={search_term_string}\"},\"query-input\":{\"@type\":\"PropertyValueSpecification\",\"valueRequired\":true,\"valueName\":\"search_term_string\"}}],\"inLanguage\":\"fr-FR\"},{\"@type\":\"Organization\",\"@id\":\"https:\\\/\\\/dfg-lfa.org\\\/fr\\\/#organization\",\"name\":\"Deutsch-Franz\u00f6sisches Gymnasium Saarbr\u00fccken\",\"url\":\"https:\\\/\\\/dfg-lfa.org\\\/fr\\\/\",\"logo\":{\"@type\":\"ImageObject\",\"inLanguage\":\"fr-FR\",\"@id\":\"https:\\\/\\\/dfg-lfa.org\\\/fr\\\/#\\\/schema\\\/logo\\\/image\\\/\",\"url\":\"https:\\\/\\\/dfg-lfa.org\\\/wp-content\\\/uploads\\\/DFG-logo.png\",\"contentUrl\":\"https:\\\/\\\/dfg-lfa.org\\\/wp-content\\\/uploads\\\/DFG-logo.png\",\"width\":200,\"height\":77,\"caption\":\"Deutsch-Franz\u00f6sisches Gymnasium Saarbr\u00fccken\"},\"image\":{\"@id\":\"https:\\\/\\\/dfg-lfa.org\\\/fr\\\/#\\\/schema\\\/logo\\\/image\\\/\"},\"sameAs\":[\"https:\\\/\\\/www.facebook.com\\\/dfglfa\\\/\",\"https:\\\/\\\/x.com\\\/DFGLFA\",\"https:\\\/\\\/www.instagram.com\\\/dfg_lfa_saarbruecken\\\/\",\"https:\\\/\\\/www.youtube.com\\\/channel\\\/UCoxV4_gnJ3blV1U7iOjCV7w\\\/\",\"https:\\\/\\\/de.wikipedia.org\\\/wiki\\\/Deutsch-Franz\u00f6sisches_Gymnasium_in_Saarbr\u00fccken\"]},{\"@type\":\"Person\",\"@id\":\"https:\\\/\\\/dfg-lfa.org\\\/#\\\/schema\\\/person\\\/a8fe67fb1ec6d85c85d21daf2d68fa69\",\"name\":\"Administrator\"}]}<\/script>\n<!-- \/ Yoast SEO plugin. -->","yoast_head_json":{"title":"Les \u00e9l\u00e8ves du LFA participent au Parlement europ\u00e9en des lyc\u00e9ens - Lyc\u00e9e Franco-Allemand de Sarrebruck","robots":{"index":"index","follow":"follow","max-snippet":"max-snippet:-1","max-image-preview":"max-image-preview:large","max-video-preview":"max-video-preview:-1"},"canonical":"https:\/\/dfg-lfa.org\/fr\/2023\/05\/dfg-schuelerinnen-im-europaeischen-schuelerparlament\/","og_locale":"fr_FR","og_type":"article","og_title":"Les \u00e9l\u00e8ves du LFA participent au Parlement europ\u00e9en des lyc\u00e9ens - Lyc\u00e9e Franco-Allemand de Sarrebruck","og_description":"Du 15-17 mai 2023, Cherine Ben Tahir (2ES2), Julian Bidot (2L), Oph\u00e9lia Blume (1L1), Katharina B\u00fcch (1L1), Max Ernst (1ES), Nicolas Fran\u00e7ois (2ES1), Sarah Gill (2L), Madeleine Hossfeld (2ES2), Elsa Plontz (2ES2), Galo Schmidt Moreno (2L), Klara Seebald, Nathana\u00ebl Tchoquessi (1ES), Apolline Toscani (2ES1), Leela Tusel (2ES2) et Elise Zwolinski &hellip;","og_url":"https:\/\/dfg-lfa.org\/fr\/2023\/05\/dfg-schuelerinnen-im-europaeischen-schuelerparlament\/","og_site_name":"Lyc\u00e9e Franco-Allemand de Sarrebruck","article_publisher":"https:\/\/www.facebook.com\/dfglfa\/","article_published_time":"2023-05-30T21:06:28+00:00","article_modified_time":"2023-05-30T21:15:11+00:00","og_image":[{"width":1600,"height":901,"url":"https:\/\/dfg-lfa.org\/wp-content\/uploads\/PEL-2023.jpg","type":"image\/jpeg"}],"author":"Administrator","twitter_card":"summary_large_image","twitter_creator":"@DFGLFA","twitter_site":"@DFGLFA","twitter_misc":{"\u00c9crit par":"Administrator","Dur\u00e9e de lecture estim\u00e9e":"6 minutes"},"schema":{"@context":"https:\/\/schema.org","@graph":[{"@type":"Article","@id":"https:\/\/dfg-lfa.org\/2023\/05\/dfg-schuelerinnen-im-europaeischen-schuelerparlament\/#article","isPartOf":{"@id":"https:\/\/dfg-lfa.org\/2023\/05\/dfg-schuelerinnen-im-europaeischen-schuelerparlament\/"},"author":{"name":"Administrator","@id":"https:\/\/dfg-lfa.org\/#\/schema\/person\/a8fe67fb1ec6d85c85d21daf2d68fa69"},"headline":"Les \u00e9l\u00e8ves du LFA participent au Parlement europ\u00e9en des lyc\u00e9ens","datePublished":"2023-05-30T21:06:28+00:00","dateModified":"2023-05-30T21:15:11+00:00","mainEntityOfPage":{"@id":"https:\/\/dfg-lfa.org\/2023\/05\/dfg-schuelerinnen-im-europaeischen-schuelerparlament\/"},"wordCount":1963,"publisher":{"@id":"https:\/\/dfg-lfa.org\/#organization"},"image":{"@id":"https:\/\/dfg-lfa.org\/2023\/05\/dfg-schuelerinnen-im-europaeischen-schuelerparlament\/#primaryimage"},"thumbnailUrl":"https:\/\/dfg-lfa.org\/wp-content\/uploads\/PEL-2023.jpg","articleSection":["","","","Education civique","SES"],"inLanguage":"fr-FR"},{"@type":"WebPage","@id":"https:\/\/dfg-lfa.org\/fr\/2023\/05\/dfg-schuelerinnen-im-europaeischen-schuelerparlament\/","url":"https:\/\/dfg-lfa.org\/fr\/2023\/05\/dfg-schuelerinnen-im-europaeischen-schuelerparlament\/","name":"Les \u00e9l\u00e8ves du LFA participent au Parlement europ\u00e9en des lyc\u00e9ens - Lyc\u00e9e Franco-Allemand de Sarrebruck","isPartOf":{"@id":"https:\/\/dfg-lfa.org\/fr\/#website"},"primaryImageOfPage":{"@id":"https:\/\/dfg-lfa.org\/fr\/2023\/05\/dfg-schuelerinnen-im-europaeischen-schuelerparlament\/#primaryimage"},"image":{"@id":"https:\/\/dfg-lfa.org\/2023\/05\/dfg-schuelerinnen-im-europaeischen-schuelerparlament\/#primaryimage"},"thumbnailUrl":"https:\/\/dfg-lfa.org\/wp-content\/uploads\/PEL-2023.jpg","datePublished":"2023-05-30T21:06:28+00:00","dateModified":"2023-05-30T21:15:11+00:00","breadcrumb":{"@id":"https:\/\/dfg-lfa.org\/fr\/2023\/05\/dfg-schuelerinnen-im-europaeischen-schuelerparlament\/#breadcrumb"},"inLanguage":"fr-FR","potentialAction":[{"@type":"ReadAction","target":[["https:\/\/dfg-lfa.org\/fr\/2023\/05\/dfg-schuelerinnen-im-europaeischen-schuelerparlament\/"]]}]},{"@type":"ImageObject","inLanguage":"fr-FR","@id":"https:\/\/dfg-lfa.org\/fr\/2023\/05\/dfg-schuelerinnen-im-europaeischen-schuelerparlament\/#primaryimage","url":"https:\/\/dfg-lfa.org\/wp-content\/uploads\/PEL-2023.jpg","contentUrl":"https:\/\/dfg-lfa.org\/wp-content\/uploads\/PEL-2023.jpg","width":1600,"height":901,"caption":"PEL 2023"},{"@type":"BreadcrumbList","@id":"https:\/\/dfg-lfa.org\/fr\/2023\/05\/dfg-schuelerinnen-im-europaeischen-schuelerparlament\/#breadcrumb","itemListElement":[{"@type":"ListItem","position":1,"name":"Startseite","item":"https:\/\/dfg-lfa.org\/fr\/"},{"@type":"ListItem","position":2,"name":"DFG-Sch\u00fcler*innen im Europ\u00e4ischen Sch\u00fclerparlament"}]},{"@type":"WebSite","@id":"https:\/\/dfg-lfa.org\/fr\/#website","url":"https:\/\/dfg-lfa.org\/fr\/","name":"Lyc\u00e9e Franco-Allemand de Sarrebruck","description":"Einander begegnen \u2013 Avancer ensemble \u2013 We make Europe happen","publisher":{"@id":"https:\/\/dfg-lfa.org\/fr\/#organization"},"potentialAction":[{"@type":"SearchAction","target":{"@type":"EntryPoint","urlTemplate":"https:\/\/dfg-lfa.org\/fr\/?s={search_term_string}"},"query-input":{"@type":"PropertyValueSpecification","valueRequired":true,"valueName":"search_term_string"}}],"inLanguage":"fr-FR"},{"@type":"Organization","@id":"https:\/\/dfg-lfa.org\/fr\/#organization","name":"Deutsch-Franz\u00f6sisches Gymnasium Saarbr\u00fccken","url":"https:\/\/dfg-lfa.org\/fr\/","logo":{"@type":"ImageObject","inLanguage":"fr-FR","@id":"https:\/\/dfg-lfa.org\/fr\/#\/schema\/logo\/image\/","url":"https:\/\/dfg-lfa.org\/wp-content\/uploads\/DFG-logo.png","contentUrl":"https:\/\/dfg-lfa.org\/wp-content\/uploads\/DFG-logo.png","width":200,"height":77,"caption":"Deutsch-Franz\u00f6sisches Gymnasium Saarbr\u00fccken"},"image":{"@id":"https:\/\/dfg-lfa.org\/fr\/#\/schema\/logo\/image\/"},"sameAs":["https:\/\/www.facebook.com\/dfglfa\/","https:\/\/x.com\/DFGLFA","https:\/\/www.instagram.com\/dfg_lfa_saarbruecken\/","https:\/\/www.youtube.com\/channel\/UCoxV4_gnJ3blV1U7iOjCV7w\/","https:\/\/de.wikipedia.org\/wiki\/Deutsch-Franz\u00f6sisches_Gymnasium_in_Saarbr\u00fccken"]},{"@type":"Person","@id":"https:\/\/dfg-lfa.org\/#\/schema\/person\/a8fe67fb1ec6d85c85d21daf2d68fa69","name":"Administrator"}]}},"_links":{"self":[{"href":"https:\/\/dfg-lfa.org\/fr\/wp-json\/wp\/v2\/posts\/60621","targetHints":{"allow":["GET"]}}],"collection":[{"href":"https:\/\/dfg-lfa.org\/fr\/wp-json\/wp\/v2\/posts"}],"about":[{"href":"https:\/\/dfg-lfa.org\/fr\/wp-json\/wp\/v2\/types\/post"}],"author":[{"embeddable":true,"href":"https:\/\/dfg-lfa.org\/fr\/wp-json\/wp\/v2\/users\/2"}],"replies":[{"embeddable":true,"href":"https:\/\/dfg-lfa.org\/fr\/wp-json\/wp\/v2\/comments?post=60621"}],"version-history":[{"count":13,"href":"https:\/\/dfg-lfa.org\/fr\/wp-json\/wp\/v2\/posts\/60621\/revisions"}],"predecessor-version":[{"id":60663,"href":"https:\/\/dfg-lfa.org\/fr\/wp-json\/wp\/v2\/posts\/60621\/revisions\/60663"}],"wp:featuredmedia":[{"embeddable":true,"href":"https:\/\/dfg-lfa.org\/fr\/wp-json\/wp\/v2\/media\/60661"}],"wp:attachment":[{"href":"https:\/\/dfg-lfa.org\/fr\/wp-json\/wp\/v2\/media?parent=60621"}],"wp:term":[{"taxonomy":"category","embeddable":true,"href":"https:\/\/dfg-lfa.org\/fr\/wp-json\/wp\/v2\/categories?post=60621"},{"taxonomy":"post_tag","embeddable":true,"href":"https:\/\/dfg-lfa.org\/fr\/wp-json\/wp\/v2\/tags?post=60621"}],"curies":[{"name":"wp","href":"https:\/\/api.w.org\/{rel}","templated":true}]}}