{"id":64444,"date":"2024-06-17T18:37:52","date_gmt":"2024-06-17T16:37:52","guid":{"rendered":"https:\/\/dfg-lfa.org\/?p=64444"},"modified":"2024-06-17T20:03:35","modified_gmt":"2024-06-17T18:03:35","slug":"sprachenfest-des-bundeswettbewerbs-fremdsprachen-am-dfg","status":"publish","type":"post","link":"https:\/\/dfg-lfa.org\/fr\/2024\/06\/sprachenfest-des-bundeswettbewerbs-fremdsprachen-am-dfg\/","title":{"rendered":"F\u00eate des langues du concours national des langues \u00e9trang\u00e8res au LFA"},"content":{"rendered":"<p><a href=\"https:\/\/dfg-lfa.org\/wp-content\/uploads\/Sprachenfest2024.jpg\"><img loading=\"lazy\" decoding=\"async\" class=\"alignleft wp-image-64522\" src=\"https:\/\/dfg-lfa.org\/wp-content\/uploads\/Sprachenfest2024-300x199.jpg\" alt=\"Sprachenfest 2024\" width=\"400\" height=\"266\" srcset=\"https:\/\/dfg-lfa.org\/wp-content\/uploads\/Sprachenfest2024-300x199.jpg 300w, https:\/\/dfg-lfa.org\/wp-content\/uploads\/Sprachenfest2024-150x100.jpg 150w, https:\/\/dfg-lfa.org\/wp-content\/uploads\/Sprachenfest2024-768x510.jpg 768w, https:\/\/dfg-lfa.org\/wp-content\/uploads\/Sprachenfest2024-1536x1020.jpg 1536w, https:\/\/dfg-lfa.org\/wp-content\/uploads\/Sprachenfest2024-301x200.jpg 301w, https:\/\/dfg-lfa.org\/wp-content\/uploads\/Sprachenfest2024.jpg 2000w\" sizes=\"auto, (max-width: 400px) 100vw, 400px\" \/><\/a>\u00ab\u00a0Les fronti\u00e8res de ma langue sont les fronti\u00e8res de mon monde\u00a0\u00bb. C&rsquo;est sous cette devise que s&rsquo;est d\u00e9roul\u00e9e du 13 au 15 juin 2024 la finale de la cat\u00e9gorie TEAM du concours national des langues \u00e9trang\u00e8res \u00e0 Sarrebruck.<\/p>\n<p>Plus de 1.700 \u00e9quipes , avec plus de 8.000 \u00e9l\u00e8ves de la 6\u00e8me \u00e0 la Seconde issus de tout type d&rsquo;\u00e9tablissement scolaire de toute l&rsquo;Allemagne ainsi que des \u00e9coles allemandes \u00e0 l&rsquo;\u00e9tranger , ont particip\u00e9 en 2024 \u00e0 ce concours dans la cat\u00e9gorie TEAM. Des pi\u00e8ces de th\u00e9\u00e2tre, des films et des audios en langues \u00e9trang\u00e8res ont \u00e9t\u00e9 pr\u00e9sent\u00e9s. Lors de la f\u00eate des langues \u00e0 Sarrebruck, les 35 meilleures \u00e9quipes d&rsquo;Allemagne ont pr\u00e9sent\u00e9 les contributions avec lesquelles elles s&rsquo;\u00e9taient impos\u00e9es lors de l&rsquo;\u00e9tape r\u00e9gionale.<\/p>\n<p>D\u00e8s la c\u00e9r\u00e9monie d&rsquo;ouverture, qui a eu lieu le jeudi 13 juin dans la Congresshalle, des membres de la communaut\u00e9 scolaire du LFA ont pu apporter leur contribution : \u00c9milie Nahon (violoncelle), Faris Parthier (saxophone) et Orianne Lanzerotti (cornemuse) ont anim\u00e9 le programme musical sous la direction de leur professeur de musique Nathalie Kusmirek. En outre, les blasons des 16 L\u00e4nder, que les \u00e9l\u00e8ves avaient confectionn\u00e9 avec beaucoup de fantaisie dans le cadre du cours d&rsquo;arts plastiques de Madame Albrecht, ont \u00e9t\u00e9 pr\u00e9sent\u00e9s sur sc\u00e8ne par les diff\u00e9rentes \u00e9quipes. Ils ont d&rsquo;ailleurs eu tellement de succ\u00e8s que certaines \u00e9quipes sont m\u00eame reparties avec leur blason dans leur Land. La soir\u00e9e \u00e9tait anim\u00e9e par deux \u00e9l\u00e8ves du LFA, Julian Bidot (1L) et Max Ernst (Terminale ES).<\/p>\n<div id='gallery-7' class='gallery galleryid-64444 gallery-columns-3 gallery-size-large'><figure class='gallery-item'>\n\t\t\t<div class='gallery-icon landscape'>\n\t\t\t\t<a href='https:\/\/dfg-lfa.org\/wp-content\/uploads\/20240613_170922.jpg'><img loading=\"lazy\" decoding=\"async\" width=\"1249\" height=\"832\" src=\"https:\/\/dfg-lfa.org\/wp-content\/uploads\/20240613_170922.jpg\" class=\"attachment-large size-large\" alt=\"Er\u00f6ffnung des Sprachenfests 2024\" srcset=\"https:\/\/dfg-lfa.org\/wp-content\/uploads\/20240613_170922.jpg 2000w, https:\/\/dfg-lfa.org\/wp-content\/uploads\/20240613_170922-300x200.jpg 300w, https:\/\/dfg-lfa.org\/wp-content\/uploads\/20240613_170922-150x100.jpg 150w, https:\/\/dfg-lfa.org\/wp-content\/uploads\/20240613_170922-768x512.jpg 768w, https:\/\/dfg-lfa.org\/wp-content\/uploads\/20240613_170922-1536x1024.jpg 1536w\" sizes=\"auto, (max-width: 1249px) 100vw, 1249px\" \/><\/a>\n\t\t\t<\/div><\/figure><figure class='gallery-item'>\n\t\t\t<div class='gallery-icon landscape'>\n\t\t\t\t<a href='https:\/\/dfg-lfa.org\/wp-content\/uploads\/20240613_171234.jpg'><img loading=\"lazy\" decoding=\"async\" width=\"1249\" height=\"832\" src=\"https:\/\/dfg-lfa.org\/wp-content\/uploads\/20240613_171234.jpg\" class=\"attachment-large size-large\" alt=\"Er\u00f6ffnung des Sprachenfests 2024\" srcset=\"https:\/\/dfg-lfa.org\/wp-content\/uploads\/20240613_171234.jpg 2000w, https:\/\/dfg-lfa.org\/wp-content\/uploads\/20240613_171234-300x200.jpg 300w, https:\/\/dfg-lfa.org\/wp-content\/uploads\/20240613_171234-150x100.jpg 150w, https:\/\/dfg-lfa.org\/wp-content\/uploads\/20240613_171234-768x512.jpg 768w, https:\/\/dfg-lfa.org\/wp-content\/uploads\/20240613_171234-1536x1024.jpg 1536w\" sizes=\"auto, (max-width: 1249px) 100vw, 1249px\" \/><\/a>\n\t\t\t<\/div><\/figure><figure class='gallery-item'>\n\t\t\t<div class='gallery-icon landscape'>\n\t\t\t\t<a href='https:\/\/dfg-lfa.org\/wp-content\/uploads\/20240613_172810.jpg'><img loading=\"lazy\" decoding=\"async\" width=\"1249\" height=\"832\" src=\"https:\/\/dfg-lfa.org\/wp-content\/uploads\/20240613_172810.jpg\" class=\"attachment-large size-large\" alt=\"Er\u00f6ffnung des Sprachenfests 2024\" srcset=\"https:\/\/dfg-lfa.org\/wp-content\/uploads\/20240613_172810.jpg 2000w, https:\/\/dfg-lfa.org\/wp-content\/uploads\/20240613_172810-300x200.jpg 300w, https:\/\/dfg-lfa.org\/wp-content\/uploads\/20240613_172810-150x100.jpg 150w, https:\/\/dfg-lfa.org\/wp-content\/uploads\/20240613_172810-768x512.jpg 768w, https:\/\/dfg-lfa.org\/wp-content\/uploads\/20240613_172810-1536x1024.jpg 1536w\" sizes=\"auto, (max-width: 1249px) 100vw, 1249px\" \/><\/a>\n\t\t\t<\/div><\/figure><figure class='gallery-item'>\n\t\t\t<div class='gallery-icon landscape'>\n\t\t\t\t<a href='https:\/\/dfg-lfa.org\/wp-content\/uploads\/20240613_172728.jpg'><img loading=\"lazy\" decoding=\"async\" width=\"1249\" height=\"832\" src=\"https:\/\/dfg-lfa.org\/wp-content\/uploads\/20240613_172728.jpg\" class=\"attachment-large size-large\" alt=\"Er\u00f6ffnung des Sprachenfests 2024\" srcset=\"https:\/\/dfg-lfa.org\/wp-content\/uploads\/20240613_172728.jpg 2000w, https:\/\/dfg-lfa.org\/wp-content\/uploads\/20240613_172728-300x200.jpg 300w, https:\/\/dfg-lfa.org\/wp-content\/uploads\/20240613_172728-150x100.jpg 150w, https:\/\/dfg-lfa.org\/wp-content\/uploads\/20240613_172728-768x512.jpg 768w, https:\/\/dfg-lfa.org\/wp-content\/uploads\/20240613_172728-1536x1024.jpg 1536w\" sizes=\"auto, (max-width: 1249px) 100vw, 1249px\" \/><\/a>\n\t\t\t<\/div><\/figure><figure class='gallery-item'>\n\t\t\t<div class='gallery-icon landscape'>\n\t\t\t\t<a href='https:\/\/dfg-lfa.org\/wp-content\/uploads\/NZF_5056-13-06-24-1.jpg'><img loading=\"lazy\" decoding=\"async\" width=\"1249\" height=\"832\" src=\"https:\/\/dfg-lfa.org\/wp-content\/uploads\/NZF_5056-13-06-24-1.jpg\" class=\"attachment-large size-large\" alt=\"Er\u00f6ffnung des Sprachenfests 2024\" srcset=\"https:\/\/dfg-lfa.org\/wp-content\/uploads\/NZF_5056-13-06-24-1.jpg 2000w, https:\/\/dfg-lfa.org\/wp-content\/uploads\/NZF_5056-13-06-24-1-300x200.jpg 300w, https:\/\/dfg-lfa.org\/wp-content\/uploads\/NZF_5056-13-06-24-1-150x100.jpg 150w, https:\/\/dfg-lfa.org\/wp-content\/uploads\/NZF_5056-13-06-24-1-768x512.jpg 768w, https:\/\/dfg-lfa.org\/wp-content\/uploads\/NZF_5056-13-06-24-1-1536x1024.jpg 1536w\" sizes=\"auto, (max-width: 1249px) 100vw, 1249px\" \/><\/a>\n\t\t\t<\/div><\/figure><figure class='gallery-item'>\n\t\t\t<div class='gallery-icon landscape'>\n\t\t\t\t<a href='https:\/\/dfg-lfa.org\/wp-content\/uploads\/NZF_5059-13-06-24-1.jpg'><img loading=\"lazy\" decoding=\"async\" width=\"1249\" height=\"832\" src=\"https:\/\/dfg-lfa.org\/wp-content\/uploads\/NZF_5059-13-06-24-1.jpg\" class=\"attachment-large size-large\" alt=\"Er\u00f6ffnung des Sprachenfests 2024\" srcset=\"https:\/\/dfg-lfa.org\/wp-content\/uploads\/NZF_5059-13-06-24-1.jpg 2000w, https:\/\/dfg-lfa.org\/wp-content\/uploads\/NZF_5059-13-06-24-1-300x200.jpg 300w, https:\/\/dfg-lfa.org\/wp-content\/uploads\/NZF_5059-13-06-24-1-150x100.jpg 150w, https:\/\/dfg-lfa.org\/wp-content\/uploads\/NZF_5059-13-06-24-1-768x512.jpg 768w, https:\/\/dfg-lfa.org\/wp-content\/uploads\/NZF_5059-13-06-24-1-1536x1024.jpg 1536w\" sizes=\"auto, (max-width: 1249px) 100vw, 1249px\" \/><\/a>\n\t\t\t<\/div><\/figure><figure class='gallery-item'>\n\t\t\t<div class='gallery-icon landscape'>\n\t\t\t\t<a href='https:\/\/dfg-lfa.org\/wp-content\/uploads\/NZF_5067-13-06-24-1.jpg'><img loading=\"lazy\" decoding=\"async\" width=\"1249\" height=\"832\" src=\"https:\/\/dfg-lfa.org\/wp-content\/uploads\/NZF_5067-13-06-24-1.jpg\" class=\"attachment-large size-large\" alt=\"Er\u00f6ffnung des Sprachenfests 2024\" srcset=\"https:\/\/dfg-lfa.org\/wp-content\/uploads\/NZF_5067-13-06-24-1.jpg 2000w, https:\/\/dfg-lfa.org\/wp-content\/uploads\/NZF_5067-13-06-24-1-300x200.jpg 300w, https:\/\/dfg-lfa.org\/wp-content\/uploads\/NZF_5067-13-06-24-1-150x100.jpg 150w, https:\/\/dfg-lfa.org\/wp-content\/uploads\/NZF_5067-13-06-24-1-768x512.jpg 768w, https:\/\/dfg-lfa.org\/wp-content\/uploads\/NZF_5067-13-06-24-1-1536x1024.jpg 1536w\" sizes=\"auto, (max-width: 1249px) 100vw, 1249px\" \/><\/a>\n\t\t\t<\/div><\/figure><figure class='gallery-item'>\n\t\t\t<div class='gallery-icon landscape'>\n\t\t\t\t<a href='https:\/\/dfg-lfa.org\/wp-content\/uploads\/NZF_5071-13-06-24-1.jpg'><img loading=\"lazy\" decoding=\"async\" width=\"1249\" height=\"832\" src=\"https:\/\/dfg-lfa.org\/wp-content\/uploads\/NZF_5071-13-06-24-1.jpg\" class=\"attachment-large size-large\" alt=\"Er\u00f6ffnung des Sprachenfests 2024\" srcset=\"https:\/\/dfg-lfa.org\/wp-content\/uploads\/NZF_5071-13-06-24-1.jpg 2000w, https:\/\/dfg-lfa.org\/wp-content\/uploads\/NZF_5071-13-06-24-1-300x200.jpg 300w, https:\/\/dfg-lfa.org\/wp-content\/uploads\/NZF_5071-13-06-24-1-150x100.jpg 150w, https:\/\/dfg-lfa.org\/wp-content\/uploads\/NZF_5071-13-06-24-1-768x512.jpg 768w, https:\/\/dfg-lfa.org\/wp-content\/uploads\/NZF_5071-13-06-24-1-1536x1024.jpg 1536w\" sizes=\"auto, (max-width: 1249px) 100vw, 1249px\" \/><\/a>\n\t\t\t<\/div><\/figure><figure class='gallery-item'>\n\t\t\t<div class='gallery-icon landscape'>\n\t\t\t\t<a href='https:\/\/dfg-lfa.org\/wp-content\/uploads\/NZF_5092-13-06-24-1.jpg'><img loading=\"lazy\" decoding=\"async\" width=\"1249\" height=\"832\" src=\"https:\/\/dfg-lfa.org\/wp-content\/uploads\/NZF_5092-13-06-24-1.jpg\" class=\"attachment-large size-large\" alt=\"Er\u00f6ffnung des Sprachenfests 2024\" srcset=\"https:\/\/dfg-lfa.org\/wp-content\/uploads\/NZF_5092-13-06-24-1.jpg 2000w, https:\/\/dfg-lfa.org\/wp-content\/uploads\/NZF_5092-13-06-24-1-300x200.jpg 300w, https:\/\/dfg-lfa.org\/wp-content\/uploads\/NZF_5092-13-06-24-1-150x100.jpg 150w, https:\/\/dfg-lfa.org\/wp-content\/uploads\/NZF_5092-13-06-24-1-768x512.jpg 768w, https:\/\/dfg-lfa.org\/wp-content\/uploads\/NZF_5092-13-06-24-1-1536x1024.jpg 1536w\" sizes=\"auto, (max-width: 1249px) 100vw, 1249px\" \/><\/a>\n\t\t\t<\/div><\/figure>\n\t\t<\/div>\n\n<p>Tout comme la repr\u00e9sentante du minist\u00e8re de l&rsquo;\u00c9ducation de la Sarre, Nicole Cayrol, le directeur du Regionalverband, Peter Gillo et les responsables du concours national Michael Remmy, Paolo Vetrano et Christian Bohnenberger, le proviseur du LFA, Stefan Hauter, a adress\u00e9 ses salutations aux invit\u00e9s venus de toute l&rsquo;Allemagne. Dans son discours, il a soulign\u00e9 l&rsquo;importance de l&rsquo;apprentissage des langues et de la communication interculturelle en ces temps de mont\u00e9e du nationalisme.<\/p>\n<div id='gallery-8' class='gallery galleryid-64444 gallery-columns-3 gallery-size-large'><figure class='gallery-item'>\n\t\t\t<div class='gallery-icon portrait'>\n\t\t\t\t<a href='https:\/\/dfg-lfa.org\/wp-content\/uploads\/NZF_5063-13-06-24-1.jpg'><img loading=\"lazy\" decoding=\"async\" width=\"1249\" height=\"1874\" src=\"https:\/\/dfg-lfa.org\/wp-content\/uploads\/NZF_5063-13-06-24-1.jpg\" class=\"attachment-large size-large\" alt=\"Er\u00f6ffnung des Sprachenfests 2024\" srcset=\"https:\/\/dfg-lfa.org\/wp-content\/uploads\/NZF_5063-13-06-24-1.jpg 1333w, https:\/\/dfg-lfa.org\/wp-content\/uploads\/NZF_5063-13-06-24-1-200x300.jpg 200w, https:\/\/dfg-lfa.org\/wp-content\/uploads\/NZF_5063-13-06-24-1-100x150.jpg 100w, https:\/\/dfg-lfa.org\/wp-content\/uploads\/NZF_5063-13-06-24-1-768x1152.jpg 768w, https:\/\/dfg-lfa.org\/wp-content\/uploads\/NZF_5063-13-06-24-1-1024x1536.jpg 1024w, https:\/\/dfg-lfa.org\/wp-content\/uploads\/NZF_5063-13-06-24-1-133x200.jpg 133w\" sizes=\"auto, (max-width: 1249px) 100vw, 1249px\" \/><\/a>\n\t\t\t<\/div><\/figure><figure class='gallery-item'>\n\t\t\t<div class='gallery-icon portrait'>\n\t\t\t\t<a href='https:\/\/dfg-lfa.org\/wp-content\/uploads\/20240613_180453.jpg'><img loading=\"lazy\" decoding=\"async\" width=\"1249\" height=\"1874\" src=\"https:\/\/dfg-lfa.org\/wp-content\/uploads\/20240613_180453.jpg\" class=\"attachment-large size-large\" alt=\"Er\u00f6ffnung des Sprachenfests 2024\" srcset=\"https:\/\/dfg-lfa.org\/wp-content\/uploads\/20240613_180453.jpg 1333w, https:\/\/dfg-lfa.org\/wp-content\/uploads\/20240613_180453-200x300.jpg 200w, https:\/\/dfg-lfa.org\/wp-content\/uploads\/20240613_180453-100x150.jpg 100w, https:\/\/dfg-lfa.org\/wp-content\/uploads\/20240613_180453-768x1152.jpg 768w, https:\/\/dfg-lfa.org\/wp-content\/uploads\/20240613_180453-1024x1536.jpg 1024w, https:\/\/dfg-lfa.org\/wp-content\/uploads\/20240613_180453-133x200.jpg 133w\" sizes=\"auto, (max-width: 1249px) 100vw, 1249px\" \/><\/a>\n\t\t\t<\/div><\/figure><figure class='gallery-item'>\n\t\t\t<div class='gallery-icon portrait'>\n\t\t\t\t<a href='https:\/\/dfg-lfa.org\/wp-content\/uploads\/Wappen.jpg'><img loading=\"lazy\" decoding=\"async\" width=\"1249\" height=\"1874\" src=\"https:\/\/dfg-lfa.org\/wp-content\/uploads\/Wappen.jpg\" class=\"attachment-large size-large\" alt=\"Kunstprojekt der Sch\u00fcler*innen von Madame Albrecht zum Sprachenfest 2024\" srcset=\"https:\/\/dfg-lfa.org\/wp-content\/uploads\/Wappen.jpg 1333w, https:\/\/dfg-lfa.org\/wp-content\/uploads\/Wappen-200x300.jpg 200w, https:\/\/dfg-lfa.org\/wp-content\/uploads\/Wappen-100x150.jpg 100w, https:\/\/dfg-lfa.org\/wp-content\/uploads\/Wappen-768x1152.jpg 768w, https:\/\/dfg-lfa.org\/wp-content\/uploads\/Wappen-1024x1536.jpg 1024w, https:\/\/dfg-lfa.org\/wp-content\/uploads\/Wappen-133x200.jpg 133w\" sizes=\"auto, (max-width: 1249px) 100vw, 1249px\" \/><\/a>\n\t\t\t<\/div><\/figure>\n\t\t<\/div>\n\n<p>Vendredi 14 juin, les groupes, compos\u00e9s de 3 \u00e0 10 \u00e9l\u00e8ves accompagn\u00e9s d&rsquo;un enseignant, ont pr\u00e9sent\u00e9 leurs contributions en anglais, en fran\u00e7ais, en espagnol et en latin au Lyc\u00e9e Franco-Allemand. Ils ont soit pr\u00e9sent\u00e9 une pi\u00e8ce de th\u00e9\u00e2tre en direct sur la sc\u00e8ne de la salle de th\u00e9\u00e2tre ou dans la salle polyvalente, soit diffus\u00e9 un extrait de leur film ou de leur audio sur l&rsquo;un des tableaux num\u00e9riques du LFA.<\/p>\n<div id='gallery-9' class='gallery galleryid-64444 gallery-columns-3 gallery-size-large'><figure class='gallery-item'>\n\t\t\t<div class='gallery-icon landscape'>\n\t\t\t\t<a href='https:\/\/dfg-lfa.org\/wp-content\/uploads\/DSC07468.jpg'><img loading=\"lazy\" decoding=\"async\" width=\"1249\" height=\"830\" src=\"https:\/\/dfg-lfa.org\/wp-content\/uploads\/DSC07468.jpg\" class=\"attachment-large size-large\" alt=\"Sprachenfest 2024 am DFG\" srcset=\"https:\/\/dfg-lfa.org\/wp-content\/uploads\/DSC07468.jpg 2000w, https:\/\/dfg-lfa.org\/wp-content\/uploads\/DSC07468-300x199.jpg 300w, https:\/\/dfg-lfa.org\/wp-content\/uploads\/DSC07468-150x100.jpg 150w, https:\/\/dfg-lfa.org\/wp-content\/uploads\/DSC07468-768x510.jpg 768w, https:\/\/dfg-lfa.org\/wp-content\/uploads\/DSC07468-1536x1021.jpg 1536w, https:\/\/dfg-lfa.org\/wp-content\/uploads\/DSC07468-301x200.jpg 301w\" sizes=\"auto, (max-width: 1249px) 100vw, 1249px\" \/><\/a>\n\t\t\t<\/div><\/figure><figure class='gallery-item'>\n\t\t\t<div class='gallery-icon landscape'>\n\t\t\t\t<a href='https:\/\/dfg-lfa.org\/wp-content\/uploads\/DSC07504.jpg'><img loading=\"lazy\" decoding=\"async\" width=\"1249\" height=\"830\" src=\"https:\/\/dfg-lfa.org\/wp-content\/uploads\/DSC07504.jpg\" class=\"attachment-large size-large\" alt=\"Sprachenfest 2024 am DFG\" srcset=\"https:\/\/dfg-lfa.org\/wp-content\/uploads\/DSC07504.jpg 2000w, https:\/\/dfg-lfa.org\/wp-content\/uploads\/DSC07504-300x199.jpg 300w, https:\/\/dfg-lfa.org\/wp-content\/uploads\/DSC07504-150x100.jpg 150w, https:\/\/dfg-lfa.org\/wp-content\/uploads\/DSC07504-768x510.jpg 768w, https:\/\/dfg-lfa.org\/wp-content\/uploads\/DSC07504-1536x1021.jpg 1536w, https:\/\/dfg-lfa.org\/wp-content\/uploads\/DSC07504-301x200.jpg 301w\" sizes=\"auto, (max-width: 1249px) 100vw, 1249px\" \/><\/a>\n\t\t\t<\/div><\/figure><figure class='gallery-item'>\n\t\t\t<div class='gallery-icon landscape'>\n\t\t\t\t<a href='https:\/\/dfg-lfa.org\/wp-content\/uploads\/DSC07541.jpg'><img loading=\"lazy\" decoding=\"async\" width=\"1249\" height=\"830\" src=\"https:\/\/dfg-lfa.org\/wp-content\/uploads\/DSC07541.jpg\" class=\"attachment-large size-large\" alt=\"Sprachenfest 2024 am DFG\" srcset=\"https:\/\/dfg-lfa.org\/wp-content\/uploads\/DSC07541.jpg 2000w, https:\/\/dfg-lfa.org\/wp-content\/uploads\/DSC07541-300x199.jpg 300w, https:\/\/dfg-lfa.org\/wp-content\/uploads\/DSC07541-150x100.jpg 150w, https:\/\/dfg-lfa.org\/wp-content\/uploads\/DSC07541-768x510.jpg 768w, https:\/\/dfg-lfa.org\/wp-content\/uploads\/DSC07541-1536x1021.jpg 1536w, https:\/\/dfg-lfa.org\/wp-content\/uploads\/DSC07541-301x200.jpg 301w\" sizes=\"auto, (max-width: 1249px) 100vw, 1249px\" \/><\/a>\n\t\t\t<\/div><\/figure><figure class='gallery-item'>\n\t\t\t<div class='gallery-icon landscape'>\n\t\t\t\t<a href='https:\/\/dfg-lfa.org\/wp-content\/uploads\/DSC07397.jpg'><img loading=\"lazy\" decoding=\"async\" width=\"1249\" height=\"830\" src=\"https:\/\/dfg-lfa.org\/wp-content\/uploads\/DSC07397.jpg\" class=\"attachment-large size-large\" alt=\"Sprachenfest 2024 am DFG\" srcset=\"https:\/\/dfg-lfa.org\/wp-content\/uploads\/DSC07397.jpg 2000w, https:\/\/dfg-lfa.org\/wp-content\/uploads\/DSC07397-300x199.jpg 300w, https:\/\/dfg-lfa.org\/wp-content\/uploads\/DSC07397-150x100.jpg 150w, https:\/\/dfg-lfa.org\/wp-content\/uploads\/DSC07397-768x510.jpg 768w, https:\/\/dfg-lfa.org\/wp-content\/uploads\/DSC07397-1536x1021.jpg 1536w, https:\/\/dfg-lfa.org\/wp-content\/uploads\/DSC07397-301x200.jpg 301w\" sizes=\"auto, (max-width: 1249px) 100vw, 1249px\" \/><\/a>\n\t\t\t<\/div><\/figure><figure class='gallery-item'>\n\t\t\t<div class='gallery-icon landscape'>\n\t\t\t\t<a href='https:\/\/dfg-lfa.org\/wp-content\/uploads\/DSC07422.jpg'><img loading=\"lazy\" decoding=\"async\" width=\"1249\" height=\"830\" src=\"https:\/\/dfg-lfa.org\/wp-content\/uploads\/DSC07422.jpg\" class=\"attachment-large size-large\" alt=\"Sprachenfest 2024 am DFG\" srcset=\"https:\/\/dfg-lfa.org\/wp-content\/uploads\/DSC07422.jpg 2000w, https:\/\/dfg-lfa.org\/wp-content\/uploads\/DSC07422-300x199.jpg 300w, https:\/\/dfg-lfa.org\/wp-content\/uploads\/DSC07422-150x100.jpg 150w, https:\/\/dfg-lfa.org\/wp-content\/uploads\/DSC07422-768x510.jpg 768w, https:\/\/dfg-lfa.org\/wp-content\/uploads\/DSC07422-1536x1021.jpg 1536w, https:\/\/dfg-lfa.org\/wp-content\/uploads\/DSC07422-301x200.jpg 301w\" sizes=\"auto, (max-width: 1249px) 100vw, 1249px\" \/><\/a>\n\t\t\t<\/div><\/figure><figure class='gallery-item'>\n\t\t\t<div class='gallery-icon landscape'>\n\t\t\t\t<a href='https:\/\/dfg-lfa.org\/wp-content\/uploads\/DSC07450.jpg'><img loading=\"lazy\" decoding=\"async\" width=\"1249\" height=\"830\" src=\"https:\/\/dfg-lfa.org\/wp-content\/uploads\/DSC07450.jpg\" class=\"attachment-large size-large\" alt=\"Sprachenfest 2024 am DFG\" srcset=\"https:\/\/dfg-lfa.org\/wp-content\/uploads\/DSC07450.jpg 2000w, https:\/\/dfg-lfa.org\/wp-content\/uploads\/DSC07450-300x199.jpg 300w, https:\/\/dfg-lfa.org\/wp-content\/uploads\/DSC07450-150x100.jpg 150w, https:\/\/dfg-lfa.org\/wp-content\/uploads\/DSC07450-768x510.jpg 768w, https:\/\/dfg-lfa.org\/wp-content\/uploads\/DSC07450-1536x1021.jpg 1536w, https:\/\/dfg-lfa.org\/wp-content\/uploads\/DSC07450-301x200.jpg 301w\" sizes=\"auto, (max-width: 1249px) 100vw, 1249px\" \/><\/a>\n\t\t\t<\/div><\/figure><figure class='gallery-item'>\n\t\t\t<div class='gallery-icon landscape'>\n\t\t\t\t<a href='https:\/\/dfg-lfa.org\/wp-content\/uploads\/DSC07545.jpg'><img loading=\"lazy\" decoding=\"async\" width=\"1249\" height=\"830\" src=\"https:\/\/dfg-lfa.org\/wp-content\/uploads\/DSC07545.jpg\" class=\"attachment-large size-large\" alt=\"Sprachenfest 2024 am DFG\" srcset=\"https:\/\/dfg-lfa.org\/wp-content\/uploads\/DSC07545.jpg 2000w, https:\/\/dfg-lfa.org\/wp-content\/uploads\/DSC07545-300x199.jpg 300w, https:\/\/dfg-lfa.org\/wp-content\/uploads\/DSC07545-150x100.jpg 150w, https:\/\/dfg-lfa.org\/wp-content\/uploads\/DSC07545-768x510.jpg 768w, https:\/\/dfg-lfa.org\/wp-content\/uploads\/DSC07545-1536x1021.jpg 1536w, https:\/\/dfg-lfa.org\/wp-content\/uploads\/DSC07545-301x200.jpg 301w\" sizes=\"auto, (max-width: 1249px) 100vw, 1249px\" \/><\/a>\n\t\t\t<\/div><\/figure><figure class='gallery-item'>\n\t\t\t<div class='gallery-icon landscape'>\n\t\t\t\t<a href='https:\/\/dfg-lfa.org\/wp-content\/uploads\/DSC07552.jpg'><img loading=\"lazy\" decoding=\"async\" width=\"1249\" height=\"830\" src=\"https:\/\/dfg-lfa.org\/wp-content\/uploads\/DSC07552.jpg\" class=\"attachment-large size-large\" alt=\"Sprachenfest 2024 am DFG\" srcset=\"https:\/\/dfg-lfa.org\/wp-content\/uploads\/DSC07552.jpg 2000w, https:\/\/dfg-lfa.org\/wp-content\/uploads\/DSC07552-300x199.jpg 300w, https:\/\/dfg-lfa.org\/wp-content\/uploads\/DSC07552-150x100.jpg 150w, https:\/\/dfg-lfa.org\/wp-content\/uploads\/DSC07552-768x510.jpg 768w, https:\/\/dfg-lfa.org\/wp-content\/uploads\/DSC07552-1536x1021.jpg 1536w, https:\/\/dfg-lfa.org\/wp-content\/uploads\/DSC07552-301x200.jpg 301w\" sizes=\"auto, (max-width: 1249px) 100vw, 1249px\" \/><\/a>\n\t\t\t<\/div><\/figure><figure class='gallery-item'>\n\t\t\t<div class='gallery-icon landscape'>\n\t\t\t\t<a href='https:\/\/dfg-lfa.org\/wp-content\/uploads\/DSC07547.jpg'><img loading=\"lazy\" decoding=\"async\" width=\"1249\" height=\"830\" src=\"https:\/\/dfg-lfa.org\/wp-content\/uploads\/DSC07547.jpg\" class=\"attachment-large size-large\" alt=\"Sprachenfest 2024 am DFG\" srcset=\"https:\/\/dfg-lfa.org\/wp-content\/uploads\/DSC07547.jpg 2000w, https:\/\/dfg-lfa.org\/wp-content\/uploads\/DSC07547-300x199.jpg 300w, https:\/\/dfg-lfa.org\/wp-content\/uploads\/DSC07547-150x100.jpg 150w, https:\/\/dfg-lfa.org\/wp-content\/uploads\/DSC07547-768x510.jpg 768w, https:\/\/dfg-lfa.org\/wp-content\/uploads\/DSC07547-1536x1021.jpg 1536w, https:\/\/dfg-lfa.org\/wp-content\/uploads\/DSC07547-301x200.jpg 301w\" sizes=\"auto, (max-width: 1249px) 100vw, 1249px\" \/><\/a>\n\t\t\t<\/div><\/figure>\n\t\t<\/div>\n\n<p>Les contributions ont \u00e9t\u00e9 \u00e9valu\u00e9es par un jury compos\u00e9 de 30 personnes, pour la plupart des enseignants de la Sarre et de toute l&rsquo;Allemagne, qui travaillaient par \u00e9quipes de trois. En outre, il y avait \u00e9galement un jury d&rsquo;\u00e9l\u00e8ves compos\u00e9 de laur\u00e9ats du concours SOLO des \u00e9ditions 2023 et 2024, dont faisait partie Julian Bidot, \u00e9l\u00e8ve du LFA.<\/p>\n<div id='gallery-10' class='gallery galleryid-64444 gallery-columns-3 gallery-size-large'><figure class='gallery-item'>\n\t\t\t<div class='gallery-icon portrait'>\n\t\t\t\t<a href='https:\/\/dfg-lfa.org\/wp-content\/uploads\/DSC07457.jpg'><img loading=\"lazy\" decoding=\"async\" width=\"1249\" height=\"1880\" src=\"https:\/\/dfg-lfa.org\/wp-content\/uploads\/DSC07457.jpg\" class=\"attachment-large size-large\" alt=\"Sprachenfest 2024 am DFG\" srcset=\"https:\/\/dfg-lfa.org\/wp-content\/uploads\/DSC07457.jpg 1329w, https:\/\/dfg-lfa.org\/wp-content\/uploads\/DSC07457-199x300.jpg 199w, https:\/\/dfg-lfa.org\/wp-content\/uploads\/DSC07457-100x150.jpg 100w, https:\/\/dfg-lfa.org\/wp-content\/uploads\/DSC07457-768x1156.jpg 768w, https:\/\/dfg-lfa.org\/wp-content\/uploads\/DSC07457-1021x1536.jpg 1021w, https:\/\/dfg-lfa.org\/wp-content\/uploads\/DSC07457-133x200.jpg 133w\" sizes=\"auto, (max-width: 1249px) 100vw, 1249px\" \/><\/a>\n\t\t\t<\/div><\/figure><figure class='gallery-item'>\n\t\t\t<div class='gallery-icon portrait'>\n\t\t\t\t<a href='https:\/\/dfg-lfa.org\/wp-content\/uploads\/DSC07387.jpg'><img loading=\"lazy\" decoding=\"async\" width=\"1249\" height=\"1880\" src=\"https:\/\/dfg-lfa.org\/wp-content\/uploads\/DSC07387.jpg\" class=\"attachment-large size-large\" alt=\"Sprachenfest 2024 am DFG\" srcset=\"https:\/\/dfg-lfa.org\/wp-content\/uploads\/DSC07387.jpg 1329w, https:\/\/dfg-lfa.org\/wp-content\/uploads\/DSC07387-199x300.jpg 199w, https:\/\/dfg-lfa.org\/wp-content\/uploads\/DSC07387-100x150.jpg 100w, https:\/\/dfg-lfa.org\/wp-content\/uploads\/DSC07387-768x1156.jpg 768w, https:\/\/dfg-lfa.org\/wp-content\/uploads\/DSC07387-1021x1536.jpg 1021w, https:\/\/dfg-lfa.org\/wp-content\/uploads\/DSC07387-133x200.jpg 133w\" sizes=\"auto, (max-width: 1249px) 100vw, 1249px\" \/><\/a>\n\t\t\t<\/div><\/figure><figure class='gallery-item'>\n\t\t\t<div class='gallery-icon portrait'>\n\t\t\t\t<a href='https:\/\/dfg-lfa.org\/wp-content\/uploads\/DSC07489.jpg'><img loading=\"lazy\" decoding=\"async\" width=\"1249\" height=\"1880\" src=\"https:\/\/dfg-lfa.org\/wp-content\/uploads\/DSC07489.jpg\" class=\"attachment-large size-large\" alt=\"Sprachenfest 2024 am DFG\" srcset=\"https:\/\/dfg-lfa.org\/wp-content\/uploads\/DSC07489.jpg 1329w, https:\/\/dfg-lfa.org\/wp-content\/uploads\/DSC07489-199x300.jpg 199w, https:\/\/dfg-lfa.org\/wp-content\/uploads\/DSC07489-100x150.jpg 100w, https:\/\/dfg-lfa.org\/wp-content\/uploads\/DSC07489-768x1156.jpg 768w, https:\/\/dfg-lfa.org\/wp-content\/uploads\/DSC07489-1021x1536.jpg 1021w, https:\/\/dfg-lfa.org\/wp-content\/uploads\/DSC07489-133x200.jpg 133w\" sizes=\"auto, (max-width: 1249px) 100vw, 1249px\" \/><\/a>\n\t\t\t<\/div><\/figure><figure class='gallery-item'>\n\t\t\t<div class='gallery-icon portrait'>\n\t\t\t\t<a href='https:\/\/dfg-lfa.org\/wp-content\/uploads\/DSC07414.jpg'><img loading=\"lazy\" decoding=\"async\" width=\"1249\" height=\"1880\" src=\"https:\/\/dfg-lfa.org\/wp-content\/uploads\/DSC07414.jpg\" class=\"attachment-large size-large\" alt=\"Sprachenfest 2024 am DFG\" srcset=\"https:\/\/dfg-lfa.org\/wp-content\/uploads\/DSC07414.jpg 1329w, https:\/\/dfg-lfa.org\/wp-content\/uploads\/DSC07414-199x300.jpg 199w, https:\/\/dfg-lfa.org\/wp-content\/uploads\/DSC07414-100x150.jpg 100w, https:\/\/dfg-lfa.org\/wp-content\/uploads\/DSC07414-768x1156.jpg 768w, https:\/\/dfg-lfa.org\/wp-content\/uploads\/DSC07414-1021x1536.jpg 1021w, https:\/\/dfg-lfa.org\/wp-content\/uploads\/DSC07414-133x200.jpg 133w\" sizes=\"auto, (max-width: 1249px) 100vw, 1249px\" \/><\/a>\n\t\t\t<\/div><\/figure><figure class='gallery-item'>\n\t\t\t<div class='gallery-icon portrait'>\n\t\t\t\t<a href='https:\/\/dfg-lfa.org\/wp-content\/uploads\/DSC07478-1.jpg'><img loading=\"lazy\" decoding=\"async\" width=\"1249\" height=\"1880\" src=\"https:\/\/dfg-lfa.org\/wp-content\/uploads\/DSC07478-1.jpg\" class=\"attachment-large size-large\" alt=\"Sprachenfest 2024 am DFG\" srcset=\"https:\/\/dfg-lfa.org\/wp-content\/uploads\/DSC07478-1.jpg 1329w, https:\/\/dfg-lfa.org\/wp-content\/uploads\/DSC07478-1-199x300.jpg 199w, https:\/\/dfg-lfa.org\/wp-content\/uploads\/DSC07478-1-100x150.jpg 100w, https:\/\/dfg-lfa.org\/wp-content\/uploads\/DSC07478-1-768x1156.jpg 768w, https:\/\/dfg-lfa.org\/wp-content\/uploads\/DSC07478-1-1021x1536.jpg 1021w, https:\/\/dfg-lfa.org\/wp-content\/uploads\/DSC07478-1-133x200.jpg 133w\" sizes=\"auto, (max-width: 1249px) 100vw, 1249px\" \/><\/a>\n\t\t\t<\/div><\/figure><figure class='gallery-item'>\n\t\t\t<div class='gallery-icon portrait'>\n\t\t\t\t<a href='https:\/\/dfg-lfa.org\/wp-content\/uploads\/DSC07425.jpg'><img loading=\"lazy\" decoding=\"async\" width=\"1249\" height=\"1880\" src=\"https:\/\/dfg-lfa.org\/wp-content\/uploads\/DSC07425.jpg\" class=\"attachment-large size-large\" alt=\"Sprachenfest 2024 am DFG\" srcset=\"https:\/\/dfg-lfa.org\/wp-content\/uploads\/DSC07425.jpg 1329w, https:\/\/dfg-lfa.org\/wp-content\/uploads\/DSC07425-199x300.jpg 199w, https:\/\/dfg-lfa.org\/wp-content\/uploads\/DSC07425-100x150.jpg 100w, https:\/\/dfg-lfa.org\/wp-content\/uploads\/DSC07425-768x1156.jpg 768w, https:\/\/dfg-lfa.org\/wp-content\/uploads\/DSC07425-1021x1536.jpg 1021w, https:\/\/dfg-lfa.org\/wp-content\/uploads\/DSC07425-133x200.jpg 133w\" sizes=\"auto, (max-width: 1249px) 100vw, 1249px\" \/><\/a>\n\t\t\t<\/div><\/figure>\n\t\t<\/div>\n\n<p>A la fin de toutes les pr\u00e9sentations \u00e0 14h30, le jury s&rsquo;est r\u00e9uni et a d\u00e9cid\u00e9 des prix qui seraient attribu\u00e9s le lendemain lors de la c\u00e9r\u00e9monie de cl\u00f4ture. Durant l&rsquo;apr\u00e8s-midi, des visites guid\u00e9es de la ville de Sarrebruck ont \u00e9t\u00e9 \u00e9galement propos\u00e9es aux invit\u00e9s venus de toute l&rsquo;Allemagne. Le soir, un d\u00eener commun \u00e9tait organis\u00e9 \u00e0 l&rsquo;\u00e9cole de sport du Land, suivi de la possibilit\u00e9 de suivre en direct le match d&rsquo;ouverture de l&rsquo;Euro.<\/p>\n<div id='gallery-11' class='gallery galleryid-64444 gallery-columns-3 gallery-size-large'><figure class='gallery-item'>\n\t\t\t<div class='gallery-icon landscape'>\n\t\t\t\t<a href='https:\/\/dfg-lfa.org\/wp-content\/uploads\/20240615_092826.jpg'><img loading=\"lazy\" decoding=\"async\" width=\"1249\" height=\"937\" src=\"https:\/\/dfg-lfa.org\/wp-content\/uploads\/20240615_092826.jpg\" class=\"attachment-large size-large\" alt=\"Preisverleihung des Sprachenfests 2024\" srcset=\"https:\/\/dfg-lfa.org\/wp-content\/uploads\/20240615_092826.jpg 2000w, https:\/\/dfg-lfa.org\/wp-content\/uploads\/20240615_092826-300x225.jpg 300w, https:\/\/dfg-lfa.org\/wp-content\/uploads\/20240615_092826-150x113.jpg 150w, https:\/\/dfg-lfa.org\/wp-content\/uploads\/20240615_092826-768x576.jpg 768w, https:\/\/dfg-lfa.org\/wp-content\/uploads\/20240615_092826-1536x1152.jpg 1536w, https:\/\/dfg-lfa.org\/wp-content\/uploads\/20240615_092826-267x200.jpg 267w\" sizes=\"auto, (max-width: 1249px) 100vw, 1249px\" \/><\/a>\n\t\t\t<\/div><\/figure><figure class='gallery-item'>\n\t\t\t<div class='gallery-icon landscape'>\n\t\t\t\t<a href='https:\/\/dfg-lfa.org\/wp-content\/uploads\/20240615_094620.jpg'><img loading=\"lazy\" decoding=\"async\" width=\"1249\" height=\"937\" src=\"https:\/\/dfg-lfa.org\/wp-content\/uploads\/20240615_094620.jpg\" class=\"attachment-large size-large\" alt=\"Preisverleihung des Sprachenfests 2024\" srcset=\"https:\/\/dfg-lfa.org\/wp-content\/uploads\/20240615_094620.jpg 2000w, https:\/\/dfg-lfa.org\/wp-content\/uploads\/20240615_094620-300x225.jpg 300w, https:\/\/dfg-lfa.org\/wp-content\/uploads\/20240615_094620-150x113.jpg 150w, https:\/\/dfg-lfa.org\/wp-content\/uploads\/20240615_094620-768x576.jpg 768w, https:\/\/dfg-lfa.org\/wp-content\/uploads\/20240615_094620-1536x1152.jpg 1536w, https:\/\/dfg-lfa.org\/wp-content\/uploads\/20240615_094620-267x200.jpg 267w\" sizes=\"auto, (max-width: 1249px) 100vw, 1249px\" \/><\/a>\n\t\t\t<\/div><\/figure><figure class='gallery-item'>\n\t\t\t<div class='gallery-icon landscape'>\n\t\t\t\t<a href='https:\/\/dfg-lfa.org\/wp-content\/uploads\/20240615_094633.jpg'><img loading=\"lazy\" decoding=\"async\" width=\"1249\" height=\"937\" src=\"https:\/\/dfg-lfa.org\/wp-content\/uploads\/20240615_094633.jpg\" class=\"attachment-large size-large\" alt=\"Preisverleihung des Sprachenfests 2024\" srcset=\"https:\/\/dfg-lfa.org\/wp-content\/uploads\/20240615_094633.jpg 2000w, https:\/\/dfg-lfa.org\/wp-content\/uploads\/20240615_094633-300x225.jpg 300w, https:\/\/dfg-lfa.org\/wp-content\/uploads\/20240615_094633-150x113.jpg 150w, https:\/\/dfg-lfa.org\/wp-content\/uploads\/20240615_094633-768x576.jpg 768w, https:\/\/dfg-lfa.org\/wp-content\/uploads\/20240615_094633-1536x1152.jpg 1536w, https:\/\/dfg-lfa.org\/wp-content\/uploads\/20240615_094633-267x200.jpg 267w\" sizes=\"auto, (max-width: 1249px) 100vw, 1249px\" \/><\/a>\n\t\t\t<\/div><\/figure>\n\t\t<\/div>\n\n<p>La c\u00e9r\u00e9monie de cl\u00f4ture et de remise des prix le samedi matin s&rsquo;est \u00e0 nouveau d\u00e9roul\u00e9e dans la Congresshalle. Cette fois, ce sont les bacheliers du LFA Giada Kuhlmann (Terminale L2) et Nathana\u00ebl Tchoquessi (Terminale ES) qui ont anim\u00e9 la c\u00e9r\u00e9monie. L&rsquo;ambiance musicale a \u00e9t\u00e9 assur\u00e9e par Eliot Pr\u00eacheur et Matthieu Donner (trompette) , Albert Lang (xylophone) ainsi que par le trio du LFA compos\u00e9 de Lilou Adam-Kana (fl\u00fbte traversi\u00e8re), Jules Pr\u00eacheur (violon) et Noriana Geyer (violoncelle).<\/p>\n<p>Apr\u00e8s le discours introductif de la secr\u00e9taire d&rsquo;\u00c9tat \u00e0 l&rsquo;Education Jessica Heide, Michael Remmy, en tant que directeur du Concours national des langues vivantes, est revenu sur la manifestation avant de d\u00e9cerner le prix du jury d&rsquo;\u00e9l\u00e8ves, les prix sp\u00e9ciaux ainsi que les troisi\u00e8me, deuxi\u00e8me et premier prix. Enfin, le relais a \u00e9t\u00e9 pass\u00e9 au Land de Mecklembourg-Pom\u00e9ranie occidentale, qui sera le prochain \u00e0 organiser la f\u00eate des langues en 2025.<\/p>\n<div id='gallery-12' class='gallery galleryid-64444 gallery-columns-3 gallery-size-large'><figure class='gallery-item'>\n\t\t\t<div class='gallery-icon portrait'>\n\t\t\t\t<a href='https:\/\/dfg-lfa.org\/wp-content\/uploads\/20240615_091846.jpg'><img loading=\"lazy\" decoding=\"async\" width=\"1249\" height=\"1665\" src=\"https:\/\/dfg-lfa.org\/wp-content\/uploads\/20240615_091846.jpg\" class=\"attachment-large size-large\" alt=\"Preisverleihung des Sprachenfests 2024\" srcset=\"https:\/\/dfg-lfa.org\/wp-content\/uploads\/20240615_091846.jpg 1500w, https:\/\/dfg-lfa.org\/wp-content\/uploads\/20240615_091846-225x300.jpg 225w, https:\/\/dfg-lfa.org\/wp-content\/uploads\/20240615_091846-113x150.jpg 113w, https:\/\/dfg-lfa.org\/wp-content\/uploads\/20240615_091846-768x1024.jpg 768w, https:\/\/dfg-lfa.org\/wp-content\/uploads\/20240615_091846-1152x1536.jpg 1152w, https:\/\/dfg-lfa.org\/wp-content\/uploads\/20240615_091846-150x200.jpg 150w\" sizes=\"auto, (max-width: 1249px) 100vw, 1249px\" \/><\/a>\n\t\t\t<\/div><\/figure><figure class='gallery-item'>\n\t\t\t<div class='gallery-icon portrait'>\n\t\t\t\t<a href='https:\/\/dfg-lfa.org\/wp-content\/uploads\/20240615_092808.jpg'><img loading=\"lazy\" decoding=\"async\" width=\"1249\" height=\"1665\" src=\"https:\/\/dfg-lfa.org\/wp-content\/uploads\/20240615_092808.jpg\" class=\"attachment-large size-large\" alt=\"Preisverleihung des Sprachenfests 2024\" srcset=\"https:\/\/dfg-lfa.org\/wp-content\/uploads\/20240615_092808.jpg 1500w, https:\/\/dfg-lfa.org\/wp-content\/uploads\/20240615_092808-225x300.jpg 225w, https:\/\/dfg-lfa.org\/wp-content\/uploads\/20240615_092808-113x150.jpg 113w, https:\/\/dfg-lfa.org\/wp-content\/uploads\/20240615_092808-768x1024.jpg 768w, https:\/\/dfg-lfa.org\/wp-content\/uploads\/20240615_092808-1152x1536.jpg 1152w, https:\/\/dfg-lfa.org\/wp-content\/uploads\/20240615_092808-150x200.jpg 150w\" sizes=\"auto, (max-width: 1249px) 100vw, 1249px\" \/><\/a>\n\t\t\t<\/div><\/figure><figure class='gallery-item'>\n\t\t\t<div class='gallery-icon portrait'>\n\t\t\t\t<a href='https:\/\/dfg-lfa.org\/wp-content\/uploads\/20240615_092836.jpg'><img loading=\"lazy\" decoding=\"async\" width=\"1249\" height=\"1665\" src=\"https:\/\/dfg-lfa.org\/wp-content\/uploads\/20240615_092836.jpg\" class=\"attachment-large size-large\" alt=\"Preisverleihung des Sprachenfests 2024\" srcset=\"https:\/\/dfg-lfa.org\/wp-content\/uploads\/20240615_092836.jpg 1500w, https:\/\/dfg-lfa.org\/wp-content\/uploads\/20240615_092836-225x300.jpg 225w, https:\/\/dfg-lfa.org\/wp-content\/uploads\/20240615_092836-113x150.jpg 113w, https:\/\/dfg-lfa.org\/wp-content\/uploads\/20240615_092836-768x1024.jpg 768w, https:\/\/dfg-lfa.org\/wp-content\/uploads\/20240615_092836-1152x1536.jpg 1152w, https:\/\/dfg-lfa.org\/wp-content\/uploads\/20240615_092836-150x200.jpg 150w\" sizes=\"auto, (max-width: 1249px) 100vw, 1249px\" \/><\/a>\n\t\t\t<\/div><\/figure>\n\t\t<\/div>\n\n<p>Pour les \u00e9l\u00e8ves et les professeurs du LFA qui ont particip\u00e9 \u00e0 l&rsquo;\u00e9v\u00e9nement, ces journ\u00e9es en tant que co-h\u00f4tes ont \u00e9t\u00e9 une exp\u00e9rience aussi enrichissante que passionnante. C&rsquo;est pourquoi nous remercions chaleureusement les responsables du concours national des langues \u00e9trang\u00e8res et le minist\u00e8re de l&rsquo;\u00c9ducation et de la Culture pour la confiance qu&rsquo;ils nous ont accord\u00e9e en choisissant notre \u00e9tablissement pour accueillir cette f\u00eate des langues.<\/p>\n<p>Un grand merci aux tandems de pr\u00e9sentateurs du LFA, impeccables dans la Congresshalle, aux musiciens virtuoses du LFA et aux artistes cr\u00e9atifs qui ont r\u00e9alis\u00e9 les blasons des L\u00e4nder.\u00a0 Bravo \u00e9galement aux \u00e9l\u00e8ves de la classe 1L pour leur aide amicale et efficace en tant que pr\u00e9sentateurs des interventions dans les diff\u00e9rentes salles du LFA, ou en tant que reporters-photographes, guides et ravitailleurs. Bravo \u00e9galement aux enseignants du LFA qui, le vendredi, ont servi d&rsquo;interlocuteurs aux invit\u00e9s et qui ont contribu\u00e9 par leur soutien &#8211; technique notamment- \u00e0 la r\u00e9ussite de l&rsquo;\u00e9v\u00e9nement. Vous avez tous permis que nos invit\u00e9s ressentent le LFA comme un lieu inspirant et convivial, dont, selon de nombreux t\u00e9moignages, ils garderont un excellent souvenir!<\/p>\n<p><em>Photos : Albrecht (DFG) \/ Carteron (DFG) \/ Ernst (DFG) \/ Pfefferle (DFG) \/ Schmitt (LG) \/ Viero (DFG)<\/em><\/p>\n<div class=\"shariff shariff-align-left shariff-widget-align-left shariff-buttonstretch\" style=\"display:none\"><ul class=\"shariff-buttons theme-white orientation-horizontal buttonsize-medium\"><li class=\"shariff-button facebook shariff-nocustomcolor\" style=\"background-color:#4273c8\"><a href=\"https:\/\/www.facebook.com\/sharer\/sharer.php?u=https%3A%2F%2Fdfg-lfa.org%2Ffr%2F2024%2F06%2Fsprachenfest-des-bundeswettbewerbs-fremdsprachen-am-dfg%2F\" title=\"Envoyer par Facebook\" aria-label=\"Envoyer par Facebook\" role=\"button\" rel=\"nofollow\" class=\"shariff-link\" style=\"; background-color:#3b5998; color:#3b5998\" target=\"_blank\"><span class=\"shariff-icon\" style=\"fill:#3b5998\"><svg width=\"32px\" height=\"20px\" xmlns=\"http:\/\/www.w3.org\/2000\/svg\" viewBox=\"0 0 18 32\"><path fill=\"#3b5998\" d=\"M17.1 0.2v4.7h-2.8q-1.5 0-2.1 0.6t-0.5 1.9v3.4h5.2l-0.7 5.3h-4.5v13.6h-5.5v-13.6h-4.5v-5.3h4.5v-3.9q0-3.3 1.9-5.2t5-1.8q2.6 0 4.1 0.2z\"\/><\/svg><\/span><span class=\"shariff-text\" style=\"color:#3b5998\">partager<\/span>&nbsp;<\/a><\/li><li class=\"shariff-button whatsapp shariff-nocustomcolor\" style=\"background-color:#5cbe4a\"><a href=\"https:\/\/api.whatsapp.com\/send?text=https%3A%2F%2Fdfg-lfa.org%2Ffr%2F2024%2F06%2Fsprachenfest-des-bundeswettbewerbs-fremdsprachen-am-dfg%2F%20F%C3%AAte%20des%20langues%20du%20concours%20national%20des%20langues%20%C3%A9trang%C3%A8res%20au%20LFA\" title=\"Envoyer par Whatsapp\" aria-label=\"Envoyer par Whatsapp\" role=\"button\" rel=\"noopener nofollow\" class=\"shariff-link\" style=\"; background-color:#34af23; color:#34af23\" target=\"_blank\"><span class=\"shariff-icon\" style=\"fill:#34af23\"><svg width=\"32px\" height=\"20px\" xmlns=\"http:\/\/www.w3.org\/2000\/svg\" viewBox=\"0 0 32 32\"><path fill=\"#34af23\" d=\"M17.6 17.4q0.2 0 1.7 0.8t1.6 0.9q0 0.1 0 0.3 0 0.6-0.3 1.4-0.3 0.7-1.3 1.2t-1.8 0.5q-1 0-3.4-1.1-1.7-0.8-3-2.1t-2.6-3.3q-1.3-1.9-1.3-3.5v-0.1q0.1-1.6 1.3-2.8 0.4-0.4 0.9-0.4 0.1 0 0.3 0t0.3 0q0.3 0 0.5 0.1t0.3 0.5q0.1 0.4 0.6 1.6t0.4 1.3q0 0.4-0.6 1t-0.6 0.8q0 0.1 0.1 0.3 0.6 1.3 1.8 2.4 1 0.9 2.7 1.8 0.2 0.1 0.4 0.1 0.3 0 1-0.9t0.9-0.9zM14 26.9q2.3 0 4.3-0.9t3.6-2.4 2.4-3.6 0.9-4.3-0.9-4.3-2.4-3.6-3.6-2.4-4.3-0.9-4.3 0.9-3.6 2.4-2.4 3.6-0.9 4.3q0 3.6 2.1 6.6l-1.4 4.2 4.3-1.4q2.8 1.9 6.2 1.9zM14 2.2q2.7 0 5.2 1.1t4.3 2.9 2.9 4.3 1.1 5.2-1.1 5.2-2.9 4.3-4.3 2.9-5.2 1.1q-3.5 0-6.5-1.7l-7.4 2.4 2.4-7.2q-1.9-3.2-1.9-6.9 0-2.7 1.1-5.2t2.9-4.3 4.3-2.9 5.2-1.1z\"\/><\/svg><\/span><span class=\"shariff-text\" style=\"color:#34af23\">partager<\/span>&nbsp;<\/a><\/li><li class=\"shariff-button threema shariff-nocustomcolor shariff-mobile\" style=\"background-color:#4fbc24\"><a href=\"threema:\/\/compose?text=F%C3%AAte%20des%20langues%20du%20concours%20national%20des%20langues%20%C3%A9trang%C3%A8res%20au%20LFA%20https%3A%2F%2Fdfg-lfa.org%2Ffr%2F2024%2F06%2Fsprachenfest-des-bundeswettbewerbs-fremdsprachen-am-dfg%2F\" title=\"Envoyer par Threema\" aria-label=\"Envoyer par Threema\" role=\"button\" rel=\"noopener nofollow\" class=\"shariff-link\" style=\"; background-color:#1f1f1f; color:#1f1f1f\" target=\"_blank\"><span class=\"shariff-icon\" style=\"fill:#1f1f1f\"><svg width=\"32px\" height=\"20px\" xmlns=\"http:\/\/www.w3.org\/2000\/svg\" viewBox=\"0 0 32 32\"><path fill=\"#1f1f1f\" d=\"M30.8 10.9c-0.3-1.4-0.9-2.6-1.8-3.8-2-2.6-5.5-4.5-9.4-5.2-1.3-0.2-1.9-0.3-3.5-0.3s-2.2 0-3.5 0.3c-4 0.7-7.4 2.6-9.4 5.2-0.9 1.2-1.5 2.4-1.8 3.8-0.1 0.5-0.2 1.2-0.2 1.6 0 0.4 0.1 1.1 0.2 1.6 0.4 1.9 1.3 3.4 2.9 5 0.8 0.8 0.8 0.8 0.7 1.3 0 0.6-0.5 1.6-1.7 3.6-0.3 0.5-0.5 0.9-0.5 0.9 0 0.1 0.1 0.1 0.5 0 0.8-0.2 2.3-0.6 5.6-1.6 1.1-0.3 1.3-0.4 2.3-0.4 0.8 0 1.1 0 2.3 0.2 1.5 0.2 3.5 0.2 4.9 0 5.1-0.6 9.3-2.9 11.4-6.3 0.5-0.9 0.9-1.8 1.1-2.8 0.1-0.5 0.2-1.1 0.2-1.6 0-0.7-0.1-1.1-0.2-1.6-0.3-1.4 0.1 0.5 0 0zM20.6 17.3c0 0.4-0.4 0.8-0.8 0.8h-7.7c-0.4 0-0.8-0.4-0.8-0.8v-4.6c0-0.4 0.4-0.8 0.8-0.8h0.2l0-1.6c0-0.9 0-1.8 0.1-2 0.1-0.6 0.6-1.2 1.1-1.7s1.1-0.7 1.9-0.8c1.8-0.3 3.7 0.7 4.2 2.2 0.1 0.3 0.1 0.7 0.1 2.1v0 1.7h0.1c0.4 0 0.8 0.4 0.8 0.8v4.6zM15.6 7.3c-0.5 0.1-0.8 0.3-1.2 0.6s-0.6 0.8-0.7 1.3c0 0.2 0 0.8 0 1.5l0 1.2h4.6v-1.3c0-1 0-1.4-0.1-1.6-0.3-1.1-1.5-1.9-2.6-1.7zM25.8 28.2c0 1.2-1 2.2-2.1 2.2s-2.1-1-2.1-2.1c0-1.2 1-2.1 2.2-2.1s2.2 1 2.2 2.2zM18.1 28.2c0 1.2-1 2.2-2.1 2.2s-2.1-1-2.1-2.1c0-1.2 1-2.1 2.2-2.1s2.2 1 2.2 2.2zM10.4 28.2c0 1.2-1 2.2-2.1 2.2s-2.1-1-2.1-2.1c0-1.2 1-2.1 2.2-2.1s2.2 1 2.2 2.2z\"\/><\/svg><\/span><span class=\"shariff-text\" style=\"color:#1f1f1f\">partager<\/span>&nbsp;<\/a><\/li><li class=\"shariff-button mastodon shariff-nocustomcolor\" style=\"background-color:#563ACC\"><a href=\"https:\/\/s2f.kytta.dev\/?text=F%C3%AAte%20des%20langues%20du%20concours%20national%20des%20langues%20%C3%A9trang%C3%A8res%20au%20LFA https%3A%2F%2Fdfg-lfa.org%2Ffr%2F2024%2F06%2Fsprachenfest-des-bundeswettbewerbs-fremdsprachen-am-dfg%2F\" title=\"Envoyer par Mastodon\" aria-label=\"Envoyer par Mastodon\" role=\"button\" rel=\"noopener nofollow\" class=\"shariff-link\" style=\"; background-color:#6364FF; color:#6364FF\" target=\"_blank\"><span class=\"shariff-icon\" style=\"fill:#6364FF\"><svg width=\"75\" height=\"79\" viewBox=\"0 0 75 79\" fill=\"none\" xmlns=\"http:\/\/www.w3.org\/2000\/svg\"><path d=\"M37.813-.025C32.462-.058 27.114.13 21.79.598c-8.544.621-17.214 5.58-20.203 13.931C-1.12 23.318.408 32.622.465 41.65c.375 7.316.943 14.78 3.392 21.73 4.365 9.465 14.781 14.537 24.782 15.385 7.64.698 15.761-.213 22.517-4.026a54.1 54.1 0 0 0 .01-6.232c-6.855 1.316-14.101 2.609-21.049 1.074-3.883-.88-6.876-4.237-7.25-8.215-1.53-3.988 3.78-.43 5.584-.883 9.048 1.224 18.282.776 27.303-.462 7.044-.837 14.26-4.788 16.65-11.833 2.263-6.135 1.215-12.79 1.698-19.177.06-3.84.09-7.692-.262-11.52C72.596 7.844 63.223.981 53.834.684a219.453 219.453 0 0 0-16.022-.71zm11.294 12.882c5.5-.067 10.801 4.143 11.67 9.653.338 1.48.471 3 .471 4.515v21.088h-8.357c-.07-7.588.153-15.182-.131-22.765-.587-4.368-7.04-5.747-9.672-2.397-2.422 3.04-1.47 7.155-1.67 10.735v6.392h-8.307c-.146-4.996.359-10.045-.404-15.002-1.108-4.218-7.809-5.565-10.094-1.666-1.685 3.046-.712 6.634-.976 9.936v14.767h-8.354c.109-8.165-.238-16.344.215-24.5.674-5.346 5.095-10.389 10.676-10.627 4.902-.739 10.103 2.038 12.053 6.631.375 1.435 1.76 1.932 1.994.084 1.844-3.704 5.501-6.739 9.785-6.771.367-.044.735-.068 1.101-.073z\"\/><defs><linearGradient id=\"paint0_linear_549_34\" x1=\"37.0692\" y1=\"0\" x2=\"37.0692\" y2=\"79\" gradientUnits=\"userSpaceOnUse\"><stop stop-color=\"#6364FF\"\/><stop offset=\"1\" stop-color=\"#563ACC\"\/><\/linearGradient><\/defs><\/svg><\/span><span class=\"shariff-text\" style=\"color:#6364FF\">partager<\/span>&nbsp;<\/a><\/li><li class=\"shariff-button mailto shariff-nocustomcolor\" style=\"background-color:#a8a8a8\"><a href=\"mailto:?body=https%3A%2F%2Fdfg-lfa.org%2Ffr%2F2024%2F06%2Fsprachenfest-des-bundeswettbewerbs-fremdsprachen-am-dfg%2F&subject=F%C3%AAte%20des%20langues%20du%20concours%20national%20des%20langues%20%C3%A9trang%C3%A8res%20au%20LFA\" title=\"Envoyer par courriel\" aria-label=\"Envoyer par courriel\" role=\"button\" rel=\"noopener nofollow\" class=\"shariff-link\" style=\"; background-color:#999; color:#999\"><span class=\"shariff-icon\" style=\"fill:#999\"><svg width=\"32px\" height=\"20px\" xmlns=\"http:\/\/www.w3.org\/2000\/svg\" viewBox=\"0 0 32 32\"><path fill=\"#999\" d=\"M32 12.7v14.2q0 1.2-0.8 2t-2 0.9h-26.3q-1.2 0-2-0.9t-0.8-2v-14.2q0.8 0.9 1.8 1.6 6.5 4.4 8.9 6.1 1 0.8 1.6 1.2t1.7 0.9 2 0.4h0.1q0.9 0 2-0.4t1.7-0.9 1.6-1.2q3-2.2 8.9-6.1 1-0.7 1.8-1.6zM32 7.4q0 1.4-0.9 2.7t-2.2 2.2q-6.7 4.7-8.4 5.8-0.2 0.1-0.7 0.5t-1 0.7-0.9 0.6-1.1 0.5-0.9 0.2h-0.1q-0.4 0-0.9-0.2t-1.1-0.5-0.9-0.6-1-0.7-0.7-0.5q-1.6-1.1-4.7-3.2t-3.6-2.6q-1.1-0.7-2.1-2t-1-2.5q0-1.4 0.7-2.3t2.1-0.9h26.3q1.2 0 2 0.8t0.9 2z\"\/><\/svg><\/span><span class=\"shariff-text\" style=\"color:#999\">courriel<\/span>&nbsp;<\/a><\/li><li class=\"shariff-button info shariff-nocustomcolor\" style=\"background-color:#a8a8a8\"><a href=\"http:\/\/ct.de\/-2467514\" title=\"Datenschutz-Infos\" aria-label=\"Datenschutz-Infos\" role=\"button\" rel=\"noopener \" class=\"shariff-link\" style=\"; background-color:#999; color:#999\" target=\"_blank\"><span class=\"shariff-icon\" style=\"fill:#999\"><svg width=\"32px\" height=\"20px\" xmlns=\"http:\/\/www.w3.org\/2000\/svg\" viewBox=\"0 0 11 32\"><path fill=\"#999\" d=\"M11.4 24v2.3q0 0.5-0.3 0.8t-0.8 0.4h-9.1q-0.5 0-0.8-0.4t-0.4-0.8v-2.3q0-0.5 0.4-0.8t0.8-0.4h1.1v-6.8h-1.1q-0.5 0-0.8-0.4t-0.4-0.8v-2.3q0-0.5 0.4-0.8t0.8-0.4h6.8q0.5 0 0.8 0.4t0.4 0.8v10.3h1.1q0.5 0 0.8 0.4t0.3 0.8zM9.2 3.4v3.4q0 0.5-0.4 0.8t-0.8 0.4h-4.6q-0.4 0-0.8-0.4t-0.4-0.8v-3.4q0-0.4 0.4-0.8t0.8-0.4h4.6q0.5 0 0.8 0.4t0.4 0.8z\"\/><\/svg><\/span><\/a><\/li><\/ul><\/div>","protected":false},"excerpt":{"rendered":"<p>\u00ab\u00a0Les fronti\u00e8res de ma langue sont les fronti\u00e8res de mon monde\u00a0\u00bb. C&rsquo;est sous cette devise que s&rsquo;est d\u00e9roul\u00e9e du 13 au 15 juin 2024 la finale de la cat\u00e9gorie TEAM du concours national des langues \u00e9trang\u00e8res \u00e0 Sarrebruck. Plus de 1.700 \u00e9quipes , avec plus de 8.000 \u00e9l\u00e8ves de la &hellip;<\/p>\n","protected":false},"author":2,"featured_media":64517,"comment_status":"closed","ping_status":"closed","sticky":false,"template":"","format":"standard","meta":{"inline_featured_image":false,"footnotes":""},"categories":[3],"tags":[],"class_list":["post-64444","post","type-post","status-publish","format-standard","has-post-thumbnail","hentry","category-schule-aktuell"],"yoast_head":"<!-- This site is optimized with the Yoast SEO plugin v27.5 - https:\/\/yoast.com\/product\/yoast-seo-wordpress\/ -->\n<title>F\u00eate des langues du concours national des langues \u00e9trang\u00e8res au LFA - Lyc\u00e9e Franco-Allemand de Sarrebruck<\/title>\n<meta name=\"robots\" content=\"index, follow, max-snippet:-1, max-image-preview:large, max-video-preview:-1\" \/>\n<link rel=\"canonical\" href=\"https:\/\/dfg-lfa.org\/fr\/2024\/06\/sprachenfest-des-bundeswettbewerbs-fremdsprachen-am-dfg\/\" \/>\n<meta property=\"og:locale\" content=\"fr_FR\" \/>\n<meta property=\"og:type\" content=\"article\" \/>\n<meta property=\"og:title\" content=\"F\u00eate des langues du concours national des langues \u00e9trang\u00e8res au LFA - Lyc\u00e9e Franco-Allemand de Sarrebruck\" \/>\n<meta property=\"og:description\" content=\"\u00ab\u00a0Les fronti\u00e8res de ma langue sont les fronti\u00e8res de mon monde\u00a0\u00bb. C&rsquo;est sous cette devise que s&rsquo;est d\u00e9roul\u00e9e du 13 au 15 juin 2024 la finale de la cat\u00e9gorie TEAM du concours national des langues \u00e9trang\u00e8res \u00e0 Sarrebruck. Plus de 1.700 \u00e9quipes , avec plus de 8.000 \u00e9l\u00e8ves de la &hellip;\" \/>\n<meta property=\"og:url\" content=\"https:\/\/dfg-lfa.org\/fr\/2024\/06\/sprachenfest-des-bundeswettbewerbs-fremdsprachen-am-dfg\/\" \/>\n<meta property=\"og:site_name\" content=\"Lyc\u00e9e Franco-Allemand de Sarrebruck\" \/>\n<meta property=\"article:publisher\" content=\"https:\/\/www.facebook.com\/dfglfa\/\" \/>\n<meta property=\"article:published_time\" content=\"2024-06-17T16:37:52+00:00\" \/>\n<meta property=\"article:modified_time\" content=\"2024-06-17T18:03:35+00:00\" \/>\n<meta property=\"og:image\" content=\"https:\/\/dfg-lfa.org\/wp-content\/uploads\/Sprachenfest2024-Collage.jpg\" \/>\n\t<meta property=\"og:image:width\" content=\"2000\" \/>\n\t<meta property=\"og:image:height\" content=\"1328\" \/>\n\t<meta property=\"og:image:type\" content=\"image\/jpeg\" \/>\n<meta name=\"author\" content=\"Administrator\" \/>\n<meta name=\"twitter:card\" content=\"summary_large_image\" \/>\n<meta name=\"twitter:creator\" content=\"@DFGLFA\" \/>\n<meta name=\"twitter:site\" content=\"@DFGLFA\" \/>\n<meta name=\"twitter:label1\" content=\"\u00c9crit par\" \/>\n\t<meta name=\"twitter:data1\" content=\"Administrator\" \/>\n\t<meta name=\"twitter:label2\" content=\"Dur\u00e9e de lecture estim\u00e9e\" \/>\n\t<meta name=\"twitter:data2\" content=\"5 minutes\" \/>\n<script type=\"application\/ld+json\" class=\"yoast-schema-graph\">{\"@context\":\"https:\\\/\\\/schema.org\",\"@graph\":[{\"@type\":\"Article\",\"@id\":\"https:\\\/\\\/dfg-lfa.org\\\/2024\\\/06\\\/sprachenfest-des-bundeswettbewerbs-fremdsprachen-am-dfg\\\/#article\",\"isPartOf\":{\"@id\":\"https:\\\/\\\/dfg-lfa.org\\\/2024\\\/06\\\/sprachenfest-des-bundeswettbewerbs-fremdsprachen-am-dfg\\\/\"},\"author\":{\"name\":\"Administrator\",\"@id\":\"https:\\\/\\\/dfg-lfa.org\\\/#\\\/schema\\\/person\\\/a8fe67fb1ec6d85c85d21daf2d68fa69\"},\"headline\":\"F\u00eate des langues du concours national des langues \u00e9trang\u00e8res au LFA\",\"datePublished\":\"2024-06-17T16:37:52+00:00\",\"dateModified\":\"2024-06-17T18:03:35+00:00\",\"mainEntityOfPage\":{\"@id\":\"https:\\\/\\\/dfg-lfa.org\\\/2024\\\/06\\\/sprachenfest-des-bundeswettbewerbs-fremdsprachen-am-dfg\\\/\"},\"wordCount\":1804,\"publisher\":{\"@id\":\"https:\\\/\\\/dfg-lfa.org\\\/#organization\"},\"image\":{\"@id\":\"https:\\\/\\\/dfg-lfa.org\\\/2024\\\/06\\\/sprachenfest-des-bundeswettbewerbs-fremdsprachen-am-dfg\\\/#primaryimage\"},\"thumbnailUrl\":\"https:\\\/\\\/dfg-lfa.org\\\/wp-content\\\/uploads\\\/Sprachenfest2024-Collage.jpg\",\"articleSection\":[\"Actualit\u00e9s\"],\"inLanguage\":\"fr-FR\"},{\"@type\":\"WebPage\",\"@id\":\"https:\\\/\\\/dfg-lfa.org\\\/fr\\\/2024\\\/06\\\/sprachenfest-des-bundeswettbewerbs-fremdsprachen-am-dfg\\\/\",\"url\":\"https:\\\/\\\/dfg-lfa.org\\\/fr\\\/2024\\\/06\\\/sprachenfest-des-bundeswettbewerbs-fremdsprachen-am-dfg\\\/\",\"name\":\"F\u00eate des langues du concours national des langues \u00e9trang\u00e8res au LFA - Lyc\u00e9e Franco-Allemand de Sarrebruck\",\"isPartOf\":{\"@id\":\"https:\\\/\\\/dfg-lfa.org\\\/fr\\\/#website\"},\"primaryImageOfPage\":{\"@id\":\"https:\\\/\\\/dfg-lfa.org\\\/fr\\\/2024\\\/06\\\/sprachenfest-des-bundeswettbewerbs-fremdsprachen-am-dfg\\\/#primaryimage\"},\"image\":{\"@id\":\"https:\\\/\\\/dfg-lfa.org\\\/2024\\\/06\\\/sprachenfest-des-bundeswettbewerbs-fremdsprachen-am-dfg\\\/#primaryimage\"},\"thumbnailUrl\":\"https:\\\/\\\/dfg-lfa.org\\\/wp-content\\\/uploads\\\/Sprachenfest2024-Collage.jpg\",\"datePublished\":\"2024-06-17T16:37:52+00:00\",\"dateModified\":\"2024-06-17T18:03:35+00:00\",\"breadcrumb\":{\"@id\":\"https:\\\/\\\/dfg-lfa.org\\\/fr\\\/2024\\\/06\\\/sprachenfest-des-bundeswettbewerbs-fremdsprachen-am-dfg\\\/#breadcrumb\"},\"inLanguage\":\"fr-FR\",\"potentialAction\":[{\"@type\":\"ReadAction\",\"target\":[[\"https:\\\/\\\/dfg-lfa.org\\\/fr\\\/2024\\\/06\\\/sprachenfest-des-bundeswettbewerbs-fremdsprachen-am-dfg\\\/\"]]}]},{\"@type\":\"ImageObject\",\"inLanguage\":\"fr-FR\",\"@id\":\"https:\\\/\\\/dfg-lfa.org\\\/fr\\\/2024\\\/06\\\/sprachenfest-des-bundeswettbewerbs-fremdsprachen-am-dfg\\\/#primaryimage\",\"url\":\"https:\\\/\\\/dfg-lfa.org\\\/wp-content\\\/uploads\\\/Sprachenfest2024-Collage.jpg\",\"contentUrl\":\"https:\\\/\\\/dfg-lfa.org\\\/wp-content\\\/uploads\\\/Sprachenfest2024-Collage.jpg\",\"width\":2000,\"height\":1328,\"caption\":\"Sprachenfest 2024\"},{\"@type\":\"BreadcrumbList\",\"@id\":\"https:\\\/\\\/dfg-lfa.org\\\/fr\\\/2024\\\/06\\\/sprachenfest-des-bundeswettbewerbs-fremdsprachen-am-dfg\\\/#breadcrumb\",\"itemListElement\":[{\"@type\":\"ListItem\",\"position\":1,\"name\":\"Startseite\",\"item\":\"https:\\\/\\\/dfg-lfa.org\\\/fr\\\/\"},{\"@type\":\"ListItem\",\"position\":2,\"name\":\"Sprachenfest des Bundeswettbewerbs Fremdsprachen am DFG\"}]},{\"@type\":\"WebSite\",\"@id\":\"https:\\\/\\\/dfg-lfa.org\\\/fr\\\/#website\",\"url\":\"https:\\\/\\\/dfg-lfa.org\\\/fr\\\/\",\"name\":\"Lyc\u00e9e Franco-Allemand de Sarrebruck\",\"description\":\"Einander begegnen \u2013 Avancer ensemble \u2013 We make Europe happen\",\"publisher\":{\"@id\":\"https:\\\/\\\/dfg-lfa.org\\\/fr\\\/#organization\"},\"potentialAction\":[{\"@type\":\"SearchAction\",\"target\":{\"@type\":\"EntryPoint\",\"urlTemplate\":\"https:\\\/\\\/dfg-lfa.org\\\/fr\\\/?s={search_term_string}\"},\"query-input\":{\"@type\":\"PropertyValueSpecification\",\"valueRequired\":true,\"valueName\":\"search_term_string\"}}],\"inLanguage\":\"fr-FR\"},{\"@type\":\"Organization\",\"@id\":\"https:\\\/\\\/dfg-lfa.org\\\/fr\\\/#organization\",\"name\":\"Deutsch-Franz\u00f6sisches Gymnasium Saarbr\u00fccken\",\"url\":\"https:\\\/\\\/dfg-lfa.org\\\/fr\\\/\",\"logo\":{\"@type\":\"ImageObject\",\"inLanguage\":\"fr-FR\",\"@id\":\"https:\\\/\\\/dfg-lfa.org\\\/fr\\\/#\\\/schema\\\/logo\\\/image\\\/\",\"url\":\"https:\\\/\\\/dfg-lfa.org\\\/wp-content\\\/uploads\\\/DFG-logo.png\",\"contentUrl\":\"https:\\\/\\\/dfg-lfa.org\\\/wp-content\\\/uploads\\\/DFG-logo.png\",\"width\":200,\"height\":77,\"caption\":\"Deutsch-Franz\u00f6sisches Gymnasium Saarbr\u00fccken\"},\"image\":{\"@id\":\"https:\\\/\\\/dfg-lfa.org\\\/fr\\\/#\\\/schema\\\/logo\\\/image\\\/\"},\"sameAs\":[\"https:\\\/\\\/www.facebook.com\\\/dfglfa\\\/\",\"https:\\\/\\\/x.com\\\/DFGLFA\",\"https:\\\/\\\/www.instagram.com\\\/dfg_lfa_saarbruecken\\\/\",\"https:\\\/\\\/www.youtube.com\\\/channel\\\/UCoxV4_gnJ3blV1U7iOjCV7w\\\/\",\"https:\\\/\\\/de.wikipedia.org\\\/wiki\\\/Deutsch-Franz\u00f6sisches_Gymnasium_in_Saarbr\u00fccken\"]},{\"@type\":\"Person\",\"@id\":\"https:\\\/\\\/dfg-lfa.org\\\/#\\\/schema\\\/person\\\/a8fe67fb1ec6d85c85d21daf2d68fa69\",\"name\":\"Administrator\"}]}<\/script>\n<!-- \/ Yoast SEO plugin. -->","yoast_head_json":{"title":"F\u00eate des langues du concours national des langues \u00e9trang\u00e8res au LFA - Lyc\u00e9e Franco-Allemand de Sarrebruck","robots":{"index":"index","follow":"follow","max-snippet":"max-snippet:-1","max-image-preview":"max-image-preview:large","max-video-preview":"max-video-preview:-1"},"canonical":"https:\/\/dfg-lfa.org\/fr\/2024\/06\/sprachenfest-des-bundeswettbewerbs-fremdsprachen-am-dfg\/","og_locale":"fr_FR","og_type":"article","og_title":"F\u00eate des langues du concours national des langues \u00e9trang\u00e8res au LFA - Lyc\u00e9e Franco-Allemand de Sarrebruck","og_description":"\u00ab\u00a0Les fronti\u00e8res de ma langue sont les fronti\u00e8res de mon monde\u00a0\u00bb. C&rsquo;est sous cette devise que s&rsquo;est d\u00e9roul\u00e9e du 13 au 15 juin 2024 la finale de la cat\u00e9gorie TEAM du concours national des langues \u00e9trang\u00e8res \u00e0 Sarrebruck. Plus de 1.700 \u00e9quipes , avec plus de 8.000 \u00e9l\u00e8ves de la &hellip;","og_url":"https:\/\/dfg-lfa.org\/fr\/2024\/06\/sprachenfest-des-bundeswettbewerbs-fremdsprachen-am-dfg\/","og_site_name":"Lyc\u00e9e Franco-Allemand de Sarrebruck","article_publisher":"https:\/\/www.facebook.com\/dfglfa\/","article_published_time":"2024-06-17T16:37:52+00:00","article_modified_time":"2024-06-17T18:03:35+00:00","og_image":[{"width":2000,"height":1328,"url":"https:\/\/dfg-lfa.org\/wp-content\/uploads\/Sprachenfest2024-Collage.jpg","type":"image\/jpeg"}],"author":"Administrator","twitter_card":"summary_large_image","twitter_creator":"@DFGLFA","twitter_site":"@DFGLFA","twitter_misc":{"\u00c9crit par":"Administrator","Dur\u00e9e de lecture estim\u00e9e":"5 minutes"},"schema":{"@context":"https:\/\/schema.org","@graph":[{"@type":"Article","@id":"https:\/\/dfg-lfa.org\/2024\/06\/sprachenfest-des-bundeswettbewerbs-fremdsprachen-am-dfg\/#article","isPartOf":{"@id":"https:\/\/dfg-lfa.org\/2024\/06\/sprachenfest-des-bundeswettbewerbs-fremdsprachen-am-dfg\/"},"author":{"name":"Administrator","@id":"https:\/\/dfg-lfa.org\/#\/schema\/person\/a8fe67fb1ec6d85c85d21daf2d68fa69"},"headline":"F\u00eate des langues du concours national des langues \u00e9trang\u00e8res au LFA","datePublished":"2024-06-17T16:37:52+00:00","dateModified":"2024-06-17T18:03:35+00:00","mainEntityOfPage":{"@id":"https:\/\/dfg-lfa.org\/2024\/06\/sprachenfest-des-bundeswettbewerbs-fremdsprachen-am-dfg\/"},"wordCount":1804,"publisher":{"@id":"https:\/\/dfg-lfa.org\/#organization"},"image":{"@id":"https:\/\/dfg-lfa.org\/2024\/06\/sprachenfest-des-bundeswettbewerbs-fremdsprachen-am-dfg\/#primaryimage"},"thumbnailUrl":"https:\/\/dfg-lfa.org\/wp-content\/uploads\/Sprachenfest2024-Collage.jpg","articleSection":["Actualit\u00e9s"],"inLanguage":"fr-FR"},{"@type":"WebPage","@id":"https:\/\/dfg-lfa.org\/fr\/2024\/06\/sprachenfest-des-bundeswettbewerbs-fremdsprachen-am-dfg\/","url":"https:\/\/dfg-lfa.org\/fr\/2024\/06\/sprachenfest-des-bundeswettbewerbs-fremdsprachen-am-dfg\/","name":"F\u00eate des langues du concours national des langues \u00e9trang\u00e8res au LFA - Lyc\u00e9e Franco-Allemand de Sarrebruck","isPartOf":{"@id":"https:\/\/dfg-lfa.org\/fr\/#website"},"primaryImageOfPage":{"@id":"https:\/\/dfg-lfa.org\/fr\/2024\/06\/sprachenfest-des-bundeswettbewerbs-fremdsprachen-am-dfg\/#primaryimage"},"image":{"@id":"https:\/\/dfg-lfa.org\/2024\/06\/sprachenfest-des-bundeswettbewerbs-fremdsprachen-am-dfg\/#primaryimage"},"thumbnailUrl":"https:\/\/dfg-lfa.org\/wp-content\/uploads\/Sprachenfest2024-Collage.jpg","datePublished":"2024-06-17T16:37:52+00:00","dateModified":"2024-06-17T18:03:35+00:00","breadcrumb":{"@id":"https:\/\/dfg-lfa.org\/fr\/2024\/06\/sprachenfest-des-bundeswettbewerbs-fremdsprachen-am-dfg\/#breadcrumb"},"inLanguage":"fr-FR","potentialAction":[{"@type":"ReadAction","target":[["https:\/\/dfg-lfa.org\/fr\/2024\/06\/sprachenfest-des-bundeswettbewerbs-fremdsprachen-am-dfg\/"]]}]},{"@type":"ImageObject","inLanguage":"fr-FR","@id":"https:\/\/dfg-lfa.org\/fr\/2024\/06\/sprachenfest-des-bundeswettbewerbs-fremdsprachen-am-dfg\/#primaryimage","url":"https:\/\/dfg-lfa.org\/wp-content\/uploads\/Sprachenfest2024-Collage.jpg","contentUrl":"https:\/\/dfg-lfa.org\/wp-content\/uploads\/Sprachenfest2024-Collage.jpg","width":2000,"height":1328,"caption":"Sprachenfest 2024"},{"@type":"BreadcrumbList","@id":"https:\/\/dfg-lfa.org\/fr\/2024\/06\/sprachenfest-des-bundeswettbewerbs-fremdsprachen-am-dfg\/#breadcrumb","itemListElement":[{"@type":"ListItem","position":1,"name":"Startseite","item":"https:\/\/dfg-lfa.org\/fr\/"},{"@type":"ListItem","position":2,"name":"Sprachenfest des Bundeswettbewerbs Fremdsprachen am DFG"}]},{"@type":"WebSite","@id":"https:\/\/dfg-lfa.org\/fr\/#website","url":"https:\/\/dfg-lfa.org\/fr\/","name":"Lyc\u00e9e Franco-Allemand de Sarrebruck","description":"Einander begegnen \u2013 Avancer ensemble \u2013 We make Europe happen","publisher":{"@id":"https:\/\/dfg-lfa.org\/fr\/#organization"},"potentialAction":[{"@type":"SearchAction","target":{"@type":"EntryPoint","urlTemplate":"https:\/\/dfg-lfa.org\/fr\/?s={search_term_string}"},"query-input":{"@type":"PropertyValueSpecification","valueRequired":true,"valueName":"search_term_string"}}],"inLanguage":"fr-FR"},{"@type":"Organization","@id":"https:\/\/dfg-lfa.org\/fr\/#organization","name":"Deutsch-Franz\u00f6sisches Gymnasium Saarbr\u00fccken","url":"https:\/\/dfg-lfa.org\/fr\/","logo":{"@type":"ImageObject","inLanguage":"fr-FR","@id":"https:\/\/dfg-lfa.org\/fr\/#\/schema\/logo\/image\/","url":"https:\/\/dfg-lfa.org\/wp-content\/uploads\/DFG-logo.png","contentUrl":"https:\/\/dfg-lfa.org\/wp-content\/uploads\/DFG-logo.png","width":200,"height":77,"caption":"Deutsch-Franz\u00f6sisches Gymnasium Saarbr\u00fccken"},"image":{"@id":"https:\/\/dfg-lfa.org\/fr\/#\/schema\/logo\/image\/"},"sameAs":["https:\/\/www.facebook.com\/dfglfa\/","https:\/\/x.com\/DFGLFA","https:\/\/www.instagram.com\/dfg_lfa_saarbruecken\/","https:\/\/www.youtube.com\/channel\/UCoxV4_gnJ3blV1U7iOjCV7w\/","https:\/\/de.wikipedia.org\/wiki\/Deutsch-Franz\u00f6sisches_Gymnasium_in_Saarbr\u00fccken"]},{"@type":"Person","@id":"https:\/\/dfg-lfa.org\/#\/schema\/person\/a8fe67fb1ec6d85c85d21daf2d68fa69","name":"Administrator"}]}},"_links":{"self":[{"href":"https:\/\/dfg-lfa.org\/fr\/wp-json\/wp\/v2\/posts\/64444","targetHints":{"allow":["GET"]}}],"collection":[{"href":"https:\/\/dfg-lfa.org\/fr\/wp-json\/wp\/v2\/posts"}],"about":[{"href":"https:\/\/dfg-lfa.org\/fr\/wp-json\/wp\/v2\/types\/post"}],"author":[{"embeddable":true,"href":"https:\/\/dfg-lfa.org\/fr\/wp-json\/wp\/v2\/users\/2"}],"replies":[{"embeddable":true,"href":"https:\/\/dfg-lfa.org\/fr\/wp-json\/wp\/v2\/comments?post=64444"}],"version-history":[{"count":62,"href":"https:\/\/dfg-lfa.org\/fr\/wp-json\/wp\/v2\/posts\/64444\/revisions"}],"predecessor-version":[{"id":64589,"href":"https:\/\/dfg-lfa.org\/fr\/wp-json\/wp\/v2\/posts\/64444\/revisions\/64589"}],"wp:featuredmedia":[{"embeddable":true,"href":"https:\/\/dfg-lfa.org\/fr\/wp-json\/wp\/v2\/media\/64517"}],"wp:attachment":[{"href":"https:\/\/dfg-lfa.org\/fr\/wp-json\/wp\/v2\/media?parent=64444"}],"wp:term":[{"taxonomy":"category","embeddable":true,"href":"https:\/\/dfg-lfa.org\/fr\/wp-json\/wp\/v2\/categories?post=64444"},{"taxonomy":"post_tag","embeddable":true,"href":"https:\/\/dfg-lfa.org\/fr\/wp-json\/wp\/v2\/tags?post=64444"}],"curies":[{"name":"wp","href":"https:\/\/api.w.org\/{rel}","templated":true}]}}