{"id":66965,"date":"2025-03-27T00:34:42","date_gmt":"2025-03-26T23:34:42","guid":{"rendered":"https:\/\/dfg-lfa.org\/?p=66965"},"modified":"2025-03-27T08:50:30","modified_gmt":"2025-03-27T07:50:30","slug":"dfg-beim-7-europaeischen-schuelerparlament","status":"publish","type":"post","link":"https:\/\/dfg-lfa.org\/fr\/2025\/03\/dfg-beim-7-europaeischen-schuelerparlament\/","title":{"rendered":"Les \u00e9l\u00e8ves du LFA participent \u00e0 la septi\u00e8me \u00e9dition du Parlement europ\u00e9en des lyc\u00e9ens du 24 au 26 mars 2025."},"content":{"rendered":"<p>Albert Lang (1S2), Hamza Mohieddine (1S2), Sarah Wollbold (1L1), Nuala Mairel (1L2), Lucie Curcuruto (1ES), Tobias Hartmann (1ES), Elias Landwehr (1ES), Kenza Talbi (1ES), Nolan Becker -Lo Grasso (2ES), Habib El Alami (2ES), Valentin F\u00f6rster (2ES), Fabianna Fourny (2ES), Emily Chen (2S3), Franziska Gitzhofer (2L1) et Sofiya Smirnova ( 2S3) accompagn\u00e9s de leurs professeures V\u00e9ronique Giret et Corinne Becker ont eu la chance de repr\u00e9senter le LFA de Sarrebruck lors de la septi\u00e8me \u00e9dition du Parlement Europ\u00e9en des Lyc\u00e9ens (PEL) dans les locaux du parlement \u00e0 Strasbourg du 24 au 26 mars 2025.<\/p>\n<div id='gallery-3' class='gallery galleryid-66965 gallery-columns-2 gallery-size-large'><figure class='gallery-item'>\n\t\t\t<div class='gallery-icon landscape'>\n\t\t\t\t<a href='https:\/\/dfg-lfa.org\/wp-content\/uploads\/01-17.jpg'><img loading=\"lazy\" decoding=\"async\" width=\"1249\" height=\"937\" src=\"https:\/\/dfg-lfa.org\/wp-content\/uploads\/01-17.jpg\" class=\"attachment-large size-large\" alt=\"Septi\u00e8me \u00e9dition du Parlement europ\u00e9en des lyc\u00e9ens\" srcset=\"https:\/\/dfg-lfa.org\/wp-content\/uploads\/01-17.jpg 2000w, https:\/\/dfg-lfa.org\/wp-content\/uploads\/01-17-300x225.jpg 300w, https:\/\/dfg-lfa.org\/wp-content\/uploads\/01-17-150x113.jpg 150w, https:\/\/dfg-lfa.org\/wp-content\/uploads\/01-17-768x576.jpg 768w, https:\/\/dfg-lfa.org\/wp-content\/uploads\/01-17-1536x1152.jpg 1536w, https:\/\/dfg-lfa.org\/wp-content\/uploads\/01-17-267x200.jpg 267w\" sizes=\"auto, (max-width: 1249px) 100vw, 1249px\" \/><\/a>\n\t\t\t<\/div><\/figure><figure class='gallery-item'>\n\t\t\t<div class='gallery-icon landscape'>\n\t\t\t\t<a href='https:\/\/dfg-lfa.org\/wp-content\/uploads\/8930d74f-ad6f-41a4-9009-a131a5c23a62.jpg'><img loading=\"lazy\" decoding=\"async\" width=\"1249\" height=\"937\" src=\"https:\/\/dfg-lfa.org\/wp-content\/uploads\/8930d74f-ad6f-41a4-9009-a131a5c23a62.jpg\" class=\"attachment-large size-large\" alt=\"Septi\u00e8me \u00e9dition du Parlement europ\u00e9en des lyc\u00e9ens\" srcset=\"https:\/\/dfg-lfa.org\/wp-content\/uploads\/8930d74f-ad6f-41a4-9009-a131a5c23a62.jpg 2000w, https:\/\/dfg-lfa.org\/wp-content\/uploads\/8930d74f-ad6f-41a4-9009-a131a5c23a62-300x225.jpg 300w, https:\/\/dfg-lfa.org\/wp-content\/uploads\/8930d74f-ad6f-41a4-9009-a131a5c23a62-150x113.jpg 150w, https:\/\/dfg-lfa.org\/wp-content\/uploads\/8930d74f-ad6f-41a4-9009-a131a5c23a62-768x576.jpg 768w, https:\/\/dfg-lfa.org\/wp-content\/uploads\/8930d74f-ad6f-41a4-9009-a131a5c23a62-1536x1152.jpg 1536w, https:\/\/dfg-lfa.org\/wp-content\/uploads\/8930d74f-ad6f-41a4-9009-a131a5c23a62-267x200.jpg 267w\" sizes=\"auto, (max-width: 1249px) 100vw, 1249px\" \/><\/a>\n\t\t\t<\/div><\/figure><figure class='gallery-item'>\n\t\t\t<div class='gallery-icon landscape'>\n\t\t\t\t<a href='https:\/\/dfg-lfa.org\/wp-content\/uploads\/a97c7021-9110-46ba-9cde-4196eacf2a16.jpg'><img loading=\"lazy\" decoding=\"async\" width=\"1249\" height=\"937\" src=\"https:\/\/dfg-lfa.org\/wp-content\/uploads\/a97c7021-9110-46ba-9cde-4196eacf2a16.jpg\" class=\"attachment-large size-large\" alt=\"Septi\u00e8me \u00e9dition du Parlement europ\u00e9en des lyc\u00e9ens\" srcset=\"https:\/\/dfg-lfa.org\/wp-content\/uploads\/a97c7021-9110-46ba-9cde-4196eacf2a16.jpg 2000w, https:\/\/dfg-lfa.org\/wp-content\/uploads\/a97c7021-9110-46ba-9cde-4196eacf2a16-300x225.jpg 300w, https:\/\/dfg-lfa.org\/wp-content\/uploads\/a97c7021-9110-46ba-9cde-4196eacf2a16-150x113.jpg 150w, https:\/\/dfg-lfa.org\/wp-content\/uploads\/a97c7021-9110-46ba-9cde-4196eacf2a16-768x576.jpg 768w, https:\/\/dfg-lfa.org\/wp-content\/uploads\/a97c7021-9110-46ba-9cde-4196eacf2a16-1536x1152.jpg 1536w, https:\/\/dfg-lfa.org\/wp-content\/uploads\/a97c7021-9110-46ba-9cde-4196eacf2a16-267x200.jpg 267w\" sizes=\"auto, (max-width: 1249px) 100vw, 1249px\" \/><\/a>\n\t\t\t<\/div><\/figure><figure class='gallery-item'>\n\t\t\t<div class='gallery-icon landscape'>\n\t\t\t\t<a href='https:\/\/dfg-lfa.org\/wp-content\/uploads\/IMG_9485.jpg'><img loading=\"lazy\" decoding=\"async\" width=\"1249\" height=\"937\" src=\"https:\/\/dfg-lfa.org\/wp-content\/uploads\/IMG_9485.jpg\" class=\"attachment-large size-large\" alt=\"Septi\u00e8me \u00e9dition du Parlement europ\u00e9en des lyc\u00e9ens\" srcset=\"https:\/\/dfg-lfa.org\/wp-content\/uploads\/IMG_9485.jpg 2000w, https:\/\/dfg-lfa.org\/wp-content\/uploads\/IMG_9485-300x225.jpg 300w, https:\/\/dfg-lfa.org\/wp-content\/uploads\/IMG_9485-150x113.jpg 150w, https:\/\/dfg-lfa.org\/wp-content\/uploads\/IMG_9485-768x576.jpg 768w, https:\/\/dfg-lfa.org\/wp-content\/uploads\/IMG_9485-1536x1152.jpg 1536w, https:\/\/dfg-lfa.org\/wp-content\/uploads\/IMG_9485-267x200.jpg 267w\" sizes=\"auto, (max-width: 1249px) 100vw, 1249px\" \/><\/a>\n\t\t\t<\/div><\/figure><figure class='gallery-item'>\n\t\t\t<div class='gallery-icon landscape'>\n\t\t\t\t<a href='https:\/\/dfg-lfa.org\/wp-content\/uploads\/IMG_9552.jpg'><img loading=\"lazy\" decoding=\"async\" width=\"1249\" height=\"937\" src=\"https:\/\/dfg-lfa.org\/wp-content\/uploads\/IMG_9552.jpg\" class=\"attachment-large size-large\" alt=\"Septi\u00e8me \u00e9dition du Parlement europ\u00e9en des lyc\u00e9ens\" srcset=\"https:\/\/dfg-lfa.org\/wp-content\/uploads\/IMG_9552.jpg 2000w, https:\/\/dfg-lfa.org\/wp-content\/uploads\/IMG_9552-300x225.jpg 300w, https:\/\/dfg-lfa.org\/wp-content\/uploads\/IMG_9552-150x113.jpg 150w, https:\/\/dfg-lfa.org\/wp-content\/uploads\/IMG_9552-768x576.jpg 768w, https:\/\/dfg-lfa.org\/wp-content\/uploads\/IMG_9552-1536x1152.jpg 1536w, https:\/\/dfg-lfa.org\/wp-content\/uploads\/IMG_9552-267x200.jpg 267w\" sizes=\"auto, (max-width: 1249px) 100vw, 1249px\" \/><\/a>\n\t\t\t<\/div><\/figure><figure class='gallery-item'>\n\t\t\t<div class='gallery-icon landscape'>\n\t\t\t\t<a href='https:\/\/dfg-lfa.org\/wp-content\/uploads\/IMG_9553.jpg'><img loading=\"lazy\" decoding=\"async\" width=\"1249\" height=\"937\" src=\"https:\/\/dfg-lfa.org\/wp-content\/uploads\/IMG_9553.jpg\" class=\"attachment-large size-large\" alt=\"Septi\u00e8me \u00e9dition du Parlement europ\u00e9en des lyc\u00e9ens\" srcset=\"https:\/\/dfg-lfa.org\/wp-content\/uploads\/IMG_9553.jpg 2000w, https:\/\/dfg-lfa.org\/wp-content\/uploads\/IMG_9553-300x225.jpg 300w, https:\/\/dfg-lfa.org\/wp-content\/uploads\/IMG_9553-150x113.jpg 150w, https:\/\/dfg-lfa.org\/wp-content\/uploads\/IMG_9553-768x576.jpg 768w, https:\/\/dfg-lfa.org\/wp-content\/uploads\/IMG_9553-1536x1152.jpg 1536w, https:\/\/dfg-lfa.org\/wp-content\/uploads\/IMG_9553-267x200.jpg 267w\" sizes=\"auto, (max-width: 1249px) 100vw, 1249px\" \/><\/a>\n\t\t\t<\/div><\/figure><figure class='gallery-item'>\n\t\t\t<div class='gallery-icon landscape'>\n\t\t\t\t<a href='https:\/\/dfg-lfa.org\/wp-content\/uploads\/IMG_9618-1.jpg'><img loading=\"lazy\" decoding=\"async\" width=\"1249\" height=\"937\" src=\"https:\/\/dfg-lfa.org\/wp-content\/uploads\/IMG_9618-1.jpg\" class=\"attachment-large size-large\" alt=\"Septi\u00e8me \u00e9dition du Parlement europ\u00e9en des lyc\u00e9ens\" srcset=\"https:\/\/dfg-lfa.org\/wp-content\/uploads\/IMG_9618-1.jpg 2000w, https:\/\/dfg-lfa.org\/wp-content\/uploads\/IMG_9618-1-300x225.jpg 300w, https:\/\/dfg-lfa.org\/wp-content\/uploads\/IMG_9618-1-150x113.jpg 150w, https:\/\/dfg-lfa.org\/wp-content\/uploads\/IMG_9618-1-768x576.jpg 768w, https:\/\/dfg-lfa.org\/wp-content\/uploads\/IMG_9618-1-1536x1152.jpg 1536w, https:\/\/dfg-lfa.org\/wp-content\/uploads\/IMG_9618-1-267x200.jpg 267w\" sizes=\"auto, (max-width: 1249px) 100vw, 1249px\" \/><\/a>\n\t\t\t<\/div><\/figure><figure class='gallery-item'>\n\t\t\t<div class='gallery-icon landscape'>\n\t\t\t\t<a href='https:\/\/dfg-lfa.org\/wp-content\/uploads\/IMG_9588.jpg'><img loading=\"lazy\" decoding=\"async\" width=\"1249\" height=\"937\" src=\"https:\/\/dfg-lfa.org\/wp-content\/uploads\/IMG_9588.jpg\" class=\"attachment-large size-large\" alt=\"Septi\u00e8me \u00e9dition du Parlement europ\u00e9en des lyc\u00e9ens\" srcset=\"https:\/\/dfg-lfa.org\/wp-content\/uploads\/IMG_9588.jpg 2000w, https:\/\/dfg-lfa.org\/wp-content\/uploads\/IMG_9588-300x225.jpg 300w, https:\/\/dfg-lfa.org\/wp-content\/uploads\/IMG_9588-150x113.jpg 150w, https:\/\/dfg-lfa.org\/wp-content\/uploads\/IMG_9588-768x576.jpg 768w, https:\/\/dfg-lfa.org\/wp-content\/uploads\/IMG_9588-1536x1152.jpg 1536w, https:\/\/dfg-lfa.org\/wp-content\/uploads\/IMG_9588-267x200.jpg 267w\" sizes=\"auto, (max-width: 1249px) 100vw, 1249px\" \/><\/a>\n\t\t\t<\/div><\/figure><figure class='gallery-item'>\n\t\t\t<div class='gallery-icon landscape'>\n\t\t\t\t<a href='https:\/\/dfg-lfa.org\/wp-content\/uploads\/IMG_9455.jpg'><img loading=\"lazy\" decoding=\"async\" width=\"1249\" height=\"937\" src=\"https:\/\/dfg-lfa.org\/wp-content\/uploads\/IMG_9455.jpg\" class=\"attachment-large size-large\" alt=\"Septi\u00e8me \u00e9dition du Parlement europ\u00e9en des lyc\u00e9ens\" srcset=\"https:\/\/dfg-lfa.org\/wp-content\/uploads\/IMG_9455.jpg 2000w, https:\/\/dfg-lfa.org\/wp-content\/uploads\/IMG_9455-300x225.jpg 300w, https:\/\/dfg-lfa.org\/wp-content\/uploads\/IMG_9455-150x113.jpg 150w, https:\/\/dfg-lfa.org\/wp-content\/uploads\/IMG_9455-768x576.jpg 768w, https:\/\/dfg-lfa.org\/wp-content\/uploads\/IMG_9455-1536x1152.jpg 1536w, https:\/\/dfg-lfa.org\/wp-content\/uploads\/IMG_9455-267x200.jpg 267w\" sizes=\"auto, (max-width: 1249px) 100vw, 1249px\" \/><\/a>\n\t\t\t<\/div><\/figure><figure class='gallery-item'>\n\t\t\t<div class='gallery-icon landscape'>\n\t\t\t\t<a href='https:\/\/dfg-lfa.org\/wp-content\/uploads\/IMG_9546.jpg'><img loading=\"lazy\" decoding=\"async\" width=\"1249\" height=\"937\" src=\"https:\/\/dfg-lfa.org\/wp-content\/uploads\/IMG_9546.jpg\" class=\"attachment-large size-large\" alt=\"Septi\u00e8me \u00e9dition du Parlement europ\u00e9en des lyc\u00e9ens\" srcset=\"https:\/\/dfg-lfa.org\/wp-content\/uploads\/IMG_9546.jpg 2000w, https:\/\/dfg-lfa.org\/wp-content\/uploads\/IMG_9546-300x225.jpg 300w, https:\/\/dfg-lfa.org\/wp-content\/uploads\/IMG_9546-150x113.jpg 150w, https:\/\/dfg-lfa.org\/wp-content\/uploads\/IMG_9546-768x576.jpg 768w, https:\/\/dfg-lfa.org\/wp-content\/uploads\/IMG_9546-1536x1152.jpg 1536w, https:\/\/dfg-lfa.org\/wp-content\/uploads\/IMG_9546-267x200.jpg 267w\" sizes=\"auto, (max-width: 1249px) 100vw, 1249px\" \/><\/a>\n\t\t\t<\/div><\/figure><figure class='gallery-item'>\n\t\t\t<div class='gallery-icon landscape'>\n\t\t\t\t<a href='https:\/\/dfg-lfa.org\/wp-content\/uploads\/c2a1332b-4c40-470e-b228-37a57efbffb9.jpg'><img loading=\"lazy\" decoding=\"async\" width=\"1249\" height=\"937\" src=\"https:\/\/dfg-lfa.org\/wp-content\/uploads\/c2a1332b-4c40-470e-b228-37a57efbffb9.jpg\" class=\"attachment-large size-large\" alt=\"Septi\u00e8me \u00e9dition du Parlement europ\u00e9en des lyc\u00e9ens\" srcset=\"https:\/\/dfg-lfa.org\/wp-content\/uploads\/c2a1332b-4c40-470e-b228-37a57efbffb9.jpg 2000w, https:\/\/dfg-lfa.org\/wp-content\/uploads\/c2a1332b-4c40-470e-b228-37a57efbffb9-300x225.jpg 300w, https:\/\/dfg-lfa.org\/wp-content\/uploads\/c2a1332b-4c40-470e-b228-37a57efbffb9-150x113.jpg 150w, https:\/\/dfg-lfa.org\/wp-content\/uploads\/c2a1332b-4c40-470e-b228-37a57efbffb9-768x576.jpg 768w, https:\/\/dfg-lfa.org\/wp-content\/uploads\/c2a1332b-4c40-470e-b228-37a57efbffb9-1536x1152.jpg 1536w, https:\/\/dfg-lfa.org\/wp-content\/uploads\/c2a1332b-4c40-470e-b228-37a57efbffb9-267x200.jpg 267w\" sizes=\"auto, (max-width: 1249px) 100vw, 1249px\" \/><\/a>\n\t\t\t<\/div><\/figure><figure class='gallery-item'>\n\t\t\t<div class='gallery-icon landscape'>\n\t\t\t\t<a href='https:\/\/dfg-lfa.org\/wp-content\/uploads\/cc805c0a-9778-4a55-a161-6382206a68c7.jpg'><img loading=\"lazy\" decoding=\"async\" width=\"1249\" height=\"937\" src=\"https:\/\/dfg-lfa.org\/wp-content\/uploads\/cc805c0a-9778-4a55-a161-6382206a68c7.jpg\" class=\"attachment-large size-large\" alt=\"Septi\u00e8me \u00e9dition du Parlement europ\u00e9en des lyc\u00e9ens\" srcset=\"https:\/\/dfg-lfa.org\/wp-content\/uploads\/cc805c0a-9778-4a55-a161-6382206a68c7.jpg 2000w, https:\/\/dfg-lfa.org\/wp-content\/uploads\/cc805c0a-9778-4a55-a161-6382206a68c7-300x225.jpg 300w, https:\/\/dfg-lfa.org\/wp-content\/uploads\/cc805c0a-9778-4a55-a161-6382206a68c7-150x113.jpg 150w, https:\/\/dfg-lfa.org\/wp-content\/uploads\/cc805c0a-9778-4a55-a161-6382206a68c7-768x576.jpg 768w, https:\/\/dfg-lfa.org\/wp-content\/uploads\/cc805c0a-9778-4a55-a161-6382206a68c7-1536x1152.jpg 1536w, https:\/\/dfg-lfa.org\/wp-content\/uploads\/cc805c0a-9778-4a55-a161-6382206a68c7-267x200.jpg 267w\" sizes=\"auto, (max-width: 1249px) 100vw, 1249px\" \/><\/a>\n\t\t\t<\/div><\/figure>\n\t\t<\/div>\n\n<p>Le PEL est organis\u00e9 par <a href=\"https:\/\/pelhq.eu\/fr\"><strong>Let\u2019s promote Europe (LPE)<\/strong><\/a>, association cr\u00e9\u00e9e par d\u2019anciens \u00e9l\u00e8ves de notre lyc\u00e9e (promotion 2019) en coop\u00e9ration avec le Parlement europ\u00e9en \u00e0 Strasbourg et \u00e0 laquelle participent activement plusieurs lyc\u00e9ens, Leela Tusel (TES1) et Nicolas Fran\u00e7ois (TES1), et anciens lyc\u00e9ens du LFA.<\/p>\n<p>Le PEL est un projet qui r\u00e9unit des lyc\u00e9ens de toute l\u2019Europe et les incite \u00e0 s\u2019interroger sur l\u2019avenir de l\u2019Union europ\u00e9enne, \u00e0 d\u00e9battre de th\u00e8mes de dimension internationale et \u00e0 proposer des solutions aux d\u00e9fis europ\u00e9ens. Cette exp\u00e9rience unique, riche en apprentissages et \u00e9changes humains, permet aux jeunes d\u2019\u00eatre plong\u00e9s dans le fonctionnement des institutions europ\u00e9ennes et de s\u2019engager dans des d\u00e9bats en \u00e9changeant avec des jeunes de leur \u00e2ge issus d\u2019univers vari\u00e9s. Cette ann\u00e9e 460 \u00e9l\u00e8ves de 33 \u00e9coles internationales de 11 \u00c9tats membres de l\u2019UE accompagn\u00e9s de leurs professeurs, y ont particip\u00e9. L\u2019ensemble des travaux s\u2019est d\u00e9roul\u00e9 en allemand, anglais et fran\u00e7ais.<\/p>\n<p>A notre arriv\u00e9e, apr\u00e8s une accr\u00e9ditation g\u00e9n\u00e9rale \u00e0 l\u2019h\u00f4tel de ville de Strasbourg, nos \u00e9l\u00e8ves ont particip\u00e9 \u00e0 un rallye dans le quartier europ\u00e9en de la ville avec l\u2019ensemble des autres participants. Le deuxi\u00e8me jour, nous avons \u00e9t\u00e9 accueillis par des discours de plusieurs personnalit\u00e9s \u00e9minentes \u00e0 l\u2019instar de la Ministre-pr\u00e9sidente de la Sarre et Pl\u00e9nipotentiaire de la R\u00e9publique F\u00e9d\u00e9rale d\u2019Allemagne pour les relations franco-allemandes dans le domaine de l\u2019\u00e9ducation et de la culture, Madame Anke Rehlinger.<\/p>\n<div id='gallery-4' class='gallery galleryid-66965 gallery-columns-2 gallery-size-large'><figure class='gallery-item'>\n\t\t\t<div class='gallery-icon portrait'>\n\t\t\t\t<a href='https:\/\/dfg-lfa.org\/wp-content\/uploads\/6c6c86e0-7428-4f54-8851-9ea588da76a3.jpg'><img loading=\"lazy\" decoding=\"async\" width=\"1125\" height=\"2000\" src=\"https:\/\/dfg-lfa.org\/wp-content\/uploads\/6c6c86e0-7428-4f54-8851-9ea588da76a3-1125x2000.jpg\" class=\"attachment-large size-large\" alt=\"Septi\u00e8me \u00e9dition du Parlement europ\u00e9en des lyc\u00e9ens\" srcset=\"https:\/\/dfg-lfa.org\/wp-content\/uploads\/6c6c86e0-7428-4f54-8851-9ea588da76a3-1125x2000.jpg 1125w, https:\/\/dfg-lfa.org\/wp-content\/uploads\/6c6c86e0-7428-4f54-8851-9ea588da76a3-169x300.jpg 169w, https:\/\/dfg-lfa.org\/wp-content\/uploads\/6c6c86e0-7428-4f54-8851-9ea588da76a3-84x150.jpg 84w, https:\/\/dfg-lfa.org\/wp-content\/uploads\/6c6c86e0-7428-4f54-8851-9ea588da76a3-768x1365.jpg 768w, https:\/\/dfg-lfa.org\/wp-content\/uploads\/6c6c86e0-7428-4f54-8851-9ea588da76a3-864x1536.jpg 864w, https:\/\/dfg-lfa.org\/wp-content\/uploads\/6c6c86e0-7428-4f54-8851-9ea588da76a3-113x200.jpg 113w, https:\/\/dfg-lfa.org\/wp-content\/uploads\/6c6c86e0-7428-4f54-8851-9ea588da76a3.jpg 1134w\" sizes=\"auto, (max-width: 1125px) 100vw, 1125px\" \/><\/a>\n\t\t\t<\/div><\/figure><figure class='gallery-item'>\n\t\t\t<div class='gallery-icon portrait'>\n\t\t\t\t<a href='https:\/\/dfg-lfa.org\/wp-content\/uploads\/11c2314d-75e8-4187-b445-d05722b9ecdb.jpg'><img loading=\"lazy\" decoding=\"async\" width=\"1125\" height=\"2000\" src=\"https:\/\/dfg-lfa.org\/wp-content\/uploads\/11c2314d-75e8-4187-b445-d05722b9ecdb-1125x2000.jpg\" class=\"attachment-large size-large\" alt=\"Septi\u00e8me \u00e9dition du Parlement europ\u00e9en des lyc\u00e9ens\" srcset=\"https:\/\/dfg-lfa.org\/wp-content\/uploads\/11c2314d-75e8-4187-b445-d05722b9ecdb-1125x2000.jpg 1125w, https:\/\/dfg-lfa.org\/wp-content\/uploads\/11c2314d-75e8-4187-b445-d05722b9ecdb-169x300.jpg 169w, https:\/\/dfg-lfa.org\/wp-content\/uploads\/11c2314d-75e8-4187-b445-d05722b9ecdb-84x150.jpg 84w, https:\/\/dfg-lfa.org\/wp-content\/uploads\/11c2314d-75e8-4187-b445-d05722b9ecdb-768x1365.jpg 768w, https:\/\/dfg-lfa.org\/wp-content\/uploads\/11c2314d-75e8-4187-b445-d05722b9ecdb-864x1536.jpg 864w, https:\/\/dfg-lfa.org\/wp-content\/uploads\/11c2314d-75e8-4187-b445-d05722b9ecdb-113x200.jpg 113w, https:\/\/dfg-lfa.org\/wp-content\/uploads\/11c2314d-75e8-4187-b445-d05722b9ecdb.jpg 1134w\" sizes=\"auto, (max-width: 1125px) 100vw, 1125px\" \/><\/a>\n\t\t\t<\/div><\/figure><figure class='gallery-item'>\n\t\t\t<div class='gallery-icon portrait'>\n\t\t\t\t<a href='https:\/\/dfg-lfa.org\/wp-content\/uploads\/346fd4fc-eb6e-4f96-a6a1-848e802577de.jpg'><img loading=\"lazy\" decoding=\"async\" width=\"1125\" height=\"2000\" src=\"https:\/\/dfg-lfa.org\/wp-content\/uploads\/346fd4fc-eb6e-4f96-a6a1-848e802577de-1125x2000.jpg\" class=\"attachment-large size-large\" alt=\"Septi\u00e8me \u00e9dition du Parlement europ\u00e9en des lyc\u00e9ens\" srcset=\"https:\/\/dfg-lfa.org\/wp-content\/uploads\/346fd4fc-eb6e-4f96-a6a1-848e802577de-1125x2000.jpg 1125w, https:\/\/dfg-lfa.org\/wp-content\/uploads\/346fd4fc-eb6e-4f96-a6a1-848e802577de-169x300.jpg 169w, https:\/\/dfg-lfa.org\/wp-content\/uploads\/346fd4fc-eb6e-4f96-a6a1-848e802577de-84x150.jpg 84w, https:\/\/dfg-lfa.org\/wp-content\/uploads\/346fd4fc-eb6e-4f96-a6a1-848e802577de-768x1365.jpg 768w, https:\/\/dfg-lfa.org\/wp-content\/uploads\/346fd4fc-eb6e-4f96-a6a1-848e802577de-864x1536.jpg 864w, https:\/\/dfg-lfa.org\/wp-content\/uploads\/346fd4fc-eb6e-4f96-a6a1-848e802577de-113x200.jpg 113w, https:\/\/dfg-lfa.org\/wp-content\/uploads\/346fd4fc-eb6e-4f96-a6a1-848e802577de.jpg 1134w\" sizes=\"auto, (max-width: 1125px) 100vw, 1125px\" \/><\/a>\n\t\t\t<\/div><\/figure><figure class='gallery-item'>\n\t\t\t<div class='gallery-icon portrait'>\n\t\t\t\t<a href='https:\/\/dfg-lfa.org\/wp-content\/uploads\/19d0863c-de75-4127-9baa-8d58096df7eb.jpg'><img loading=\"lazy\" decoding=\"async\" width=\"1125\" height=\"2000\" src=\"https:\/\/dfg-lfa.org\/wp-content\/uploads\/19d0863c-de75-4127-9baa-8d58096df7eb-1125x2000.jpg\" class=\"attachment-large size-large\" alt=\"Septi\u00e8me \u00e9dition du Parlement europ\u00e9en des lyc\u00e9ens\" srcset=\"https:\/\/dfg-lfa.org\/wp-content\/uploads\/19d0863c-de75-4127-9baa-8d58096df7eb-1125x2000.jpg 1125w, https:\/\/dfg-lfa.org\/wp-content\/uploads\/19d0863c-de75-4127-9baa-8d58096df7eb-169x300.jpg 169w, https:\/\/dfg-lfa.org\/wp-content\/uploads\/19d0863c-de75-4127-9baa-8d58096df7eb-84x150.jpg 84w, https:\/\/dfg-lfa.org\/wp-content\/uploads\/19d0863c-de75-4127-9baa-8d58096df7eb-768x1365.jpg 768w, https:\/\/dfg-lfa.org\/wp-content\/uploads\/19d0863c-de75-4127-9baa-8d58096df7eb-864x1536.jpg 864w, https:\/\/dfg-lfa.org\/wp-content\/uploads\/19d0863c-de75-4127-9baa-8d58096df7eb-113x200.jpg 113w, https:\/\/dfg-lfa.org\/wp-content\/uploads\/19d0863c-de75-4127-9baa-8d58096df7eb.jpg 1134w\" sizes=\"auto, (max-width: 1125px) 100vw, 1125px\" \/><\/a>\n\t\t\t<\/div><\/figure><figure class='gallery-item'>\n\t\t\t<div class='gallery-icon portrait'>\n\t\t\t\t<a href='https:\/\/dfg-lfa.org\/wp-content\/uploads\/482da8a2-1b95-418d-a61b-19bb65f45a30.jpg'><img loading=\"lazy\" decoding=\"async\" width=\"1125\" height=\"2000\" src=\"https:\/\/dfg-lfa.org\/wp-content\/uploads\/482da8a2-1b95-418d-a61b-19bb65f45a30-1125x2000.jpg\" class=\"attachment-large size-large\" alt=\"Septi\u00e8me \u00e9dition du Parlement europ\u00e9en des lyc\u00e9ens\" srcset=\"https:\/\/dfg-lfa.org\/wp-content\/uploads\/482da8a2-1b95-418d-a61b-19bb65f45a30-1125x2000.jpg 1125w, https:\/\/dfg-lfa.org\/wp-content\/uploads\/482da8a2-1b95-418d-a61b-19bb65f45a30-169x300.jpg 169w, https:\/\/dfg-lfa.org\/wp-content\/uploads\/482da8a2-1b95-418d-a61b-19bb65f45a30-84x150.jpg 84w, https:\/\/dfg-lfa.org\/wp-content\/uploads\/482da8a2-1b95-418d-a61b-19bb65f45a30-768x1365.jpg 768w, https:\/\/dfg-lfa.org\/wp-content\/uploads\/482da8a2-1b95-418d-a61b-19bb65f45a30-864x1536.jpg 864w, https:\/\/dfg-lfa.org\/wp-content\/uploads\/482da8a2-1b95-418d-a61b-19bb65f45a30-113x200.jpg 113w, https:\/\/dfg-lfa.org\/wp-content\/uploads\/482da8a2-1b95-418d-a61b-19bb65f45a30.jpg 1134w\" sizes=\"auto, (max-width: 1125px) 100vw, 1125px\" \/><\/a>\n\t\t\t<\/div><\/figure><figure class='gallery-item'>\n\t\t\t<div class='gallery-icon portrait'>\n\t\t\t\t<a href='https:\/\/dfg-lfa.org\/wp-content\/uploads\/273480c7-e322-4b87-9037-cb74b434e535.jpg'><img loading=\"lazy\" decoding=\"async\" width=\"1125\" height=\"2000\" src=\"https:\/\/dfg-lfa.org\/wp-content\/uploads\/273480c7-e322-4b87-9037-cb74b434e535-1125x2000.jpg\" class=\"attachment-large size-large\" alt=\"Septi\u00e8me \u00e9dition du Parlement europ\u00e9en des lyc\u00e9ens\" srcset=\"https:\/\/dfg-lfa.org\/wp-content\/uploads\/273480c7-e322-4b87-9037-cb74b434e535-1125x2000.jpg 1125w, https:\/\/dfg-lfa.org\/wp-content\/uploads\/273480c7-e322-4b87-9037-cb74b434e535-169x300.jpg 169w, https:\/\/dfg-lfa.org\/wp-content\/uploads\/273480c7-e322-4b87-9037-cb74b434e535-84x150.jpg 84w, https:\/\/dfg-lfa.org\/wp-content\/uploads\/273480c7-e322-4b87-9037-cb74b434e535-768x1365.jpg 768w, https:\/\/dfg-lfa.org\/wp-content\/uploads\/273480c7-e322-4b87-9037-cb74b434e535-864x1536.jpg 864w, https:\/\/dfg-lfa.org\/wp-content\/uploads\/273480c7-e322-4b87-9037-cb74b434e535-113x200.jpg 113w, https:\/\/dfg-lfa.org\/wp-content\/uploads\/273480c7-e322-4b87-9037-cb74b434e535.jpg 1134w\" sizes=\"auto, (max-width: 1125px) 100vw, 1125px\" \/><\/a>\n\t\t\t<\/div><\/figure><figure class='gallery-item'>\n\t\t\t<div class='gallery-icon portrait'>\n\t\t\t\t<a href='https:\/\/dfg-lfa.org\/wp-content\/uploads\/9881915d-54b0-4a98-9a2c-7e9bc4633edb.jpg'><img loading=\"lazy\" decoding=\"async\" width=\"1125\" height=\"2000\" src=\"https:\/\/dfg-lfa.org\/wp-content\/uploads\/9881915d-54b0-4a98-9a2c-7e9bc4633edb-1125x2000.jpg\" class=\"attachment-large size-large\" alt=\"Septi\u00e8me \u00e9dition du Parlement europ\u00e9en des lyc\u00e9ens\" srcset=\"https:\/\/dfg-lfa.org\/wp-content\/uploads\/9881915d-54b0-4a98-9a2c-7e9bc4633edb-1125x2000.jpg 1125w, https:\/\/dfg-lfa.org\/wp-content\/uploads\/9881915d-54b0-4a98-9a2c-7e9bc4633edb-169x300.jpg 169w, https:\/\/dfg-lfa.org\/wp-content\/uploads\/9881915d-54b0-4a98-9a2c-7e9bc4633edb-84x150.jpg 84w, https:\/\/dfg-lfa.org\/wp-content\/uploads\/9881915d-54b0-4a98-9a2c-7e9bc4633edb-768x1365.jpg 768w, https:\/\/dfg-lfa.org\/wp-content\/uploads\/9881915d-54b0-4a98-9a2c-7e9bc4633edb-864x1536.jpg 864w, https:\/\/dfg-lfa.org\/wp-content\/uploads\/9881915d-54b0-4a98-9a2c-7e9bc4633edb-113x200.jpg 113w, https:\/\/dfg-lfa.org\/wp-content\/uploads\/9881915d-54b0-4a98-9a2c-7e9bc4633edb.jpg 1134w\" sizes=\"auto, (max-width: 1125px) 100vw, 1125px\" \/><\/a>\n\t\t\t<\/div><\/figure><figure class='gallery-item'>\n\t\t\t<div class='gallery-icon portrait'>\n\t\t\t\t<a href='https:\/\/dfg-lfa.org\/wp-content\/uploads\/28055206-bb25-44d1-9f34-f428ce5b9076.jpg'><img loading=\"lazy\" decoding=\"async\" width=\"1125\" height=\"2000\" src=\"https:\/\/dfg-lfa.org\/wp-content\/uploads\/28055206-bb25-44d1-9f34-f428ce5b9076-1125x2000.jpg\" class=\"attachment-large size-large\" alt=\"Septi\u00e8me \u00e9dition du Parlement europ\u00e9en des lyc\u00e9ens\" srcset=\"https:\/\/dfg-lfa.org\/wp-content\/uploads\/28055206-bb25-44d1-9f34-f428ce5b9076-1125x2000.jpg 1125w, https:\/\/dfg-lfa.org\/wp-content\/uploads\/28055206-bb25-44d1-9f34-f428ce5b9076-169x300.jpg 169w, https:\/\/dfg-lfa.org\/wp-content\/uploads\/28055206-bb25-44d1-9f34-f428ce5b9076-84x150.jpg 84w, https:\/\/dfg-lfa.org\/wp-content\/uploads\/28055206-bb25-44d1-9f34-f428ce5b9076-768x1365.jpg 768w, https:\/\/dfg-lfa.org\/wp-content\/uploads\/28055206-bb25-44d1-9f34-f428ce5b9076-864x1536.jpg 864w, https:\/\/dfg-lfa.org\/wp-content\/uploads\/28055206-bb25-44d1-9f34-f428ce5b9076-113x200.jpg 113w, https:\/\/dfg-lfa.org\/wp-content\/uploads\/28055206-bb25-44d1-9f34-f428ce5b9076.jpg 1134w\" sizes=\"auto, (max-width: 1125px) 100vw, 1125px\" \/><\/a>\n\t\t\t<\/div><\/figure><figure class='gallery-item'>\n\t\t\t<div class='gallery-icon portrait'>\n\t\t\t\t<a href='https:\/\/dfg-lfa.org\/wp-content\/uploads\/a407b608-d2f7-4b4b-8af8-b8018dea2929.jpg'><img loading=\"lazy\" decoding=\"async\" width=\"1125\" height=\"2000\" src=\"https:\/\/dfg-lfa.org\/wp-content\/uploads\/a407b608-d2f7-4b4b-8af8-b8018dea2929-1125x2000.jpg\" class=\"attachment-large size-large\" alt=\"Septi\u00e8me \u00e9dition du Parlement europ\u00e9en des lyc\u00e9ens\" srcset=\"https:\/\/dfg-lfa.org\/wp-content\/uploads\/a407b608-d2f7-4b4b-8af8-b8018dea2929-1125x2000.jpg 1125w, https:\/\/dfg-lfa.org\/wp-content\/uploads\/a407b608-d2f7-4b4b-8af8-b8018dea2929-169x300.jpg 169w, https:\/\/dfg-lfa.org\/wp-content\/uploads\/a407b608-d2f7-4b4b-8af8-b8018dea2929-84x150.jpg 84w, https:\/\/dfg-lfa.org\/wp-content\/uploads\/a407b608-d2f7-4b4b-8af8-b8018dea2929-768x1365.jpg 768w, https:\/\/dfg-lfa.org\/wp-content\/uploads\/a407b608-d2f7-4b4b-8af8-b8018dea2929-864x1536.jpg 864w, https:\/\/dfg-lfa.org\/wp-content\/uploads\/a407b608-d2f7-4b4b-8af8-b8018dea2929-113x200.jpg 113w, https:\/\/dfg-lfa.org\/wp-content\/uploads\/a407b608-d2f7-4b4b-8af8-b8018dea2929.jpg 1134w\" sizes=\"auto, (max-width: 1125px) 100vw, 1125px\" \/><\/a>\n\t\t\t<\/div><\/figure><figure class='gallery-item'>\n\t\t\t<div class='gallery-icon portrait'>\n\t\t\t\t<a href='https:\/\/dfg-lfa.org\/wp-content\/uploads\/ab698b34-9946-4724-b094-26ad5bc8c775.jpg'><img loading=\"lazy\" decoding=\"async\" width=\"1125\" height=\"2000\" src=\"https:\/\/dfg-lfa.org\/wp-content\/uploads\/ab698b34-9946-4724-b094-26ad5bc8c775-1125x2000.jpg\" class=\"attachment-large size-large\" alt=\"Septi\u00e8me \u00e9dition du Parlement europ\u00e9en des lyc\u00e9ens\" srcset=\"https:\/\/dfg-lfa.org\/wp-content\/uploads\/ab698b34-9946-4724-b094-26ad5bc8c775-1125x2000.jpg 1125w, https:\/\/dfg-lfa.org\/wp-content\/uploads\/ab698b34-9946-4724-b094-26ad5bc8c775-169x300.jpg 169w, https:\/\/dfg-lfa.org\/wp-content\/uploads\/ab698b34-9946-4724-b094-26ad5bc8c775-84x150.jpg 84w, https:\/\/dfg-lfa.org\/wp-content\/uploads\/ab698b34-9946-4724-b094-26ad5bc8c775-768x1365.jpg 768w, https:\/\/dfg-lfa.org\/wp-content\/uploads\/ab698b34-9946-4724-b094-26ad5bc8c775-864x1536.jpg 864w, https:\/\/dfg-lfa.org\/wp-content\/uploads\/ab698b34-9946-4724-b094-26ad5bc8c775-113x200.jpg 113w, https:\/\/dfg-lfa.org\/wp-content\/uploads\/ab698b34-9946-4724-b094-26ad5bc8c775.jpg 1134w\" sizes=\"auto, (max-width: 1125px) 100vw, 1125px\" \/><\/a>\n\t\t\t<\/div><\/figure><figure class='gallery-item'>\n\t\t\t<div class='gallery-icon portrait'>\n\t\t\t\t<a href='https:\/\/dfg-lfa.org\/wp-content\/uploads\/b1f16d1c-88a6-44af-87ea-a170b9f331f2.jpg'><img loading=\"lazy\" decoding=\"async\" width=\"1125\" height=\"2000\" src=\"https:\/\/dfg-lfa.org\/wp-content\/uploads\/b1f16d1c-88a6-44af-87ea-a170b9f331f2-1125x2000.jpg\" class=\"attachment-large size-large\" alt=\"Septi\u00e8me \u00e9dition du Parlement europ\u00e9en des lyc\u00e9ens\" srcset=\"https:\/\/dfg-lfa.org\/wp-content\/uploads\/b1f16d1c-88a6-44af-87ea-a170b9f331f2-1125x2000.jpg 1125w, https:\/\/dfg-lfa.org\/wp-content\/uploads\/b1f16d1c-88a6-44af-87ea-a170b9f331f2-169x300.jpg 169w, https:\/\/dfg-lfa.org\/wp-content\/uploads\/b1f16d1c-88a6-44af-87ea-a170b9f331f2-84x150.jpg 84w, https:\/\/dfg-lfa.org\/wp-content\/uploads\/b1f16d1c-88a6-44af-87ea-a170b9f331f2-768x1365.jpg 768w, https:\/\/dfg-lfa.org\/wp-content\/uploads\/b1f16d1c-88a6-44af-87ea-a170b9f331f2-864x1536.jpg 864w, https:\/\/dfg-lfa.org\/wp-content\/uploads\/b1f16d1c-88a6-44af-87ea-a170b9f331f2-113x200.jpg 113w, https:\/\/dfg-lfa.org\/wp-content\/uploads\/b1f16d1c-88a6-44af-87ea-a170b9f331f2.jpg 1134w\" sizes=\"auto, (max-width: 1125px) 100vw, 1125px\" \/><\/a>\n\t\t\t<\/div><\/figure><figure class='gallery-item'>\n\t\t\t<div class='gallery-icon portrait'>\n\t\t\t\t<a href='https:\/\/dfg-lfa.org\/wp-content\/uploads\/c7f75a6e-e0a5-4d63-907a-3119bb5d8d63.jpg'><img loading=\"lazy\" decoding=\"async\" width=\"1125\" height=\"2000\" src=\"https:\/\/dfg-lfa.org\/wp-content\/uploads\/c7f75a6e-e0a5-4d63-907a-3119bb5d8d63-1125x2000.jpg\" class=\"attachment-large size-large\" alt=\"Septi\u00e8me \u00e9dition du Parlement europ\u00e9en des lyc\u00e9ens\" srcset=\"https:\/\/dfg-lfa.org\/wp-content\/uploads\/c7f75a6e-e0a5-4d63-907a-3119bb5d8d63-1125x2000.jpg 1125w, https:\/\/dfg-lfa.org\/wp-content\/uploads\/c7f75a6e-e0a5-4d63-907a-3119bb5d8d63-169x300.jpg 169w, https:\/\/dfg-lfa.org\/wp-content\/uploads\/c7f75a6e-e0a5-4d63-907a-3119bb5d8d63-84x150.jpg 84w, https:\/\/dfg-lfa.org\/wp-content\/uploads\/c7f75a6e-e0a5-4d63-907a-3119bb5d8d63-768x1365.jpg 768w, https:\/\/dfg-lfa.org\/wp-content\/uploads\/c7f75a6e-e0a5-4d63-907a-3119bb5d8d63-864x1536.jpg 864w, https:\/\/dfg-lfa.org\/wp-content\/uploads\/c7f75a6e-e0a5-4d63-907a-3119bb5d8d63-113x200.jpg 113w, https:\/\/dfg-lfa.org\/wp-content\/uploads\/c7f75a6e-e0a5-4d63-907a-3119bb5d8d63.jpg 1134w\" sizes=\"auto, (max-width: 1125px) 100vw, 1125px\" \/><\/a>\n\t\t\t<\/div><\/figure><figure class='gallery-item'>\n\t\t\t<div class='gallery-icon portrait'>\n\t\t\t\t<a href='https:\/\/dfg-lfa.org\/wp-content\/uploads\/e8187864-605d-465b-855c-49ee58e21ef4.jpg'><img loading=\"lazy\" decoding=\"async\" width=\"1125\" height=\"2000\" src=\"https:\/\/dfg-lfa.org\/wp-content\/uploads\/e8187864-605d-465b-855c-49ee58e21ef4-1125x2000.jpg\" class=\"attachment-large size-large\" alt=\"Septi\u00e8me \u00e9dition du Parlement europ\u00e9en des lyc\u00e9ens\" srcset=\"https:\/\/dfg-lfa.org\/wp-content\/uploads\/e8187864-605d-465b-855c-49ee58e21ef4-1125x2000.jpg 1125w, https:\/\/dfg-lfa.org\/wp-content\/uploads\/e8187864-605d-465b-855c-49ee58e21ef4-169x300.jpg 169w, https:\/\/dfg-lfa.org\/wp-content\/uploads\/e8187864-605d-465b-855c-49ee58e21ef4-84x150.jpg 84w, https:\/\/dfg-lfa.org\/wp-content\/uploads\/e8187864-605d-465b-855c-49ee58e21ef4-768x1365.jpg 768w, https:\/\/dfg-lfa.org\/wp-content\/uploads\/e8187864-605d-465b-855c-49ee58e21ef4-864x1536.jpg 864w, https:\/\/dfg-lfa.org\/wp-content\/uploads\/e8187864-605d-465b-855c-49ee58e21ef4-113x200.jpg 113w, https:\/\/dfg-lfa.org\/wp-content\/uploads\/e8187864-605d-465b-855c-49ee58e21ef4.jpg 1134w\" sizes=\"auto, (max-width: 1125px) 100vw, 1125px\" \/><\/a>\n\t\t\t<\/div><\/figure><figure class='gallery-item'>\n\t\t\t<div class='gallery-icon portrait'>\n\t\t\t\t<a href='https:\/\/dfg-lfa.org\/wp-content\/uploads\/ee054cd4-45ce-4cdb-a058-f86d63e4ff33.jpg'><img loading=\"lazy\" decoding=\"async\" width=\"1125\" height=\"2000\" src=\"https:\/\/dfg-lfa.org\/wp-content\/uploads\/ee054cd4-45ce-4cdb-a058-f86d63e4ff33-1125x2000.jpg\" class=\"attachment-large size-large\" alt=\"Septi\u00e8me \u00e9dition du Parlement europ\u00e9en des lyc\u00e9ens\" srcset=\"https:\/\/dfg-lfa.org\/wp-content\/uploads\/ee054cd4-45ce-4cdb-a058-f86d63e4ff33-1125x2000.jpg 1125w, https:\/\/dfg-lfa.org\/wp-content\/uploads\/ee054cd4-45ce-4cdb-a058-f86d63e4ff33-169x300.jpg 169w, https:\/\/dfg-lfa.org\/wp-content\/uploads\/ee054cd4-45ce-4cdb-a058-f86d63e4ff33-84x150.jpg 84w, https:\/\/dfg-lfa.org\/wp-content\/uploads\/ee054cd4-45ce-4cdb-a058-f86d63e4ff33-768x1365.jpg 768w, https:\/\/dfg-lfa.org\/wp-content\/uploads\/ee054cd4-45ce-4cdb-a058-f86d63e4ff33-864x1536.jpg 864w, https:\/\/dfg-lfa.org\/wp-content\/uploads\/ee054cd4-45ce-4cdb-a058-f86d63e4ff33-113x200.jpg 113w, https:\/\/dfg-lfa.org\/wp-content\/uploads\/ee054cd4-45ce-4cdb-a058-f86d63e4ff33.jpg 1134w\" sizes=\"auto, (max-width: 1125px) 100vw, 1125px\" \/><\/a>\n\t\t\t<\/div><\/figure><figure class='gallery-item'>\n\t\t\t<div class='gallery-icon portrait'>\n\t\t\t\t<a href='https:\/\/dfg-lfa.org\/wp-content\/uploads\/ee0255f5-704c-421c-a44b-d8a58e59e80a.jpg'><img loading=\"lazy\" decoding=\"async\" width=\"1125\" height=\"2000\" src=\"https:\/\/dfg-lfa.org\/wp-content\/uploads\/ee0255f5-704c-421c-a44b-d8a58e59e80a-1125x2000.jpg\" class=\"attachment-large size-large\" alt=\"Septi\u00e8me \u00e9dition du Parlement europ\u00e9en des lyc\u00e9ens\" srcset=\"https:\/\/dfg-lfa.org\/wp-content\/uploads\/ee0255f5-704c-421c-a44b-d8a58e59e80a-1125x2000.jpg 1125w, https:\/\/dfg-lfa.org\/wp-content\/uploads\/ee0255f5-704c-421c-a44b-d8a58e59e80a-169x300.jpg 169w, https:\/\/dfg-lfa.org\/wp-content\/uploads\/ee0255f5-704c-421c-a44b-d8a58e59e80a-84x150.jpg 84w, https:\/\/dfg-lfa.org\/wp-content\/uploads\/ee0255f5-704c-421c-a44b-d8a58e59e80a-768x1365.jpg 768w, https:\/\/dfg-lfa.org\/wp-content\/uploads\/ee0255f5-704c-421c-a44b-d8a58e59e80a-864x1536.jpg 864w, https:\/\/dfg-lfa.org\/wp-content\/uploads\/ee0255f5-704c-421c-a44b-d8a58e59e80a-113x200.jpg 113w, https:\/\/dfg-lfa.org\/wp-content\/uploads\/ee0255f5-704c-421c-a44b-d8a58e59e80a.jpg 1134w\" sizes=\"auto, (max-width: 1125px) 100vw, 1125px\" \/><\/a>\n\t\t\t<\/div><\/figure><figure class='gallery-item'>\n\t\t\t<div class='gallery-icon portrait'>\n\t\t\t\t<a href='https:\/\/dfg-lfa.org\/wp-content\/uploads\/fa4626b5-6f2d-4719-82d6-63a207d6db9d.jpg'><img loading=\"lazy\" decoding=\"async\" width=\"1125\" height=\"2000\" src=\"https:\/\/dfg-lfa.org\/wp-content\/uploads\/fa4626b5-6f2d-4719-82d6-63a207d6db9d-1125x2000.jpg\" class=\"attachment-large size-large\" alt=\"Septi\u00e8me \u00e9dition du Parlement europ\u00e9en des lyc\u00e9ens\" srcset=\"https:\/\/dfg-lfa.org\/wp-content\/uploads\/fa4626b5-6f2d-4719-82d6-63a207d6db9d-1125x2000.jpg 1125w, https:\/\/dfg-lfa.org\/wp-content\/uploads\/fa4626b5-6f2d-4719-82d6-63a207d6db9d-169x300.jpg 169w, https:\/\/dfg-lfa.org\/wp-content\/uploads\/fa4626b5-6f2d-4719-82d6-63a207d6db9d-84x150.jpg 84w, https:\/\/dfg-lfa.org\/wp-content\/uploads\/fa4626b5-6f2d-4719-82d6-63a207d6db9d-768x1365.jpg 768w, https:\/\/dfg-lfa.org\/wp-content\/uploads\/fa4626b5-6f2d-4719-82d6-63a207d6db9d-864x1536.jpg 864w, https:\/\/dfg-lfa.org\/wp-content\/uploads\/fa4626b5-6f2d-4719-82d6-63a207d6db9d-113x200.jpg 113w, https:\/\/dfg-lfa.org\/wp-content\/uploads\/fa4626b5-6f2d-4719-82d6-63a207d6db9d.jpg 1134w\" sizes=\"auto, (max-width: 1125px) 100vw, 1125px\" \/><\/a>\n\t\t\t<\/div><\/figure><figure class='gallery-item'>\n\t\t\t<div class='gallery-icon portrait'>\n\t\t\t\t<a href='https:\/\/dfg-lfa.org\/wp-content\/uploads\/fe73b00d-7fab-48df-a69d-bcd6ee43beb7.jpg'><img loading=\"lazy\" decoding=\"async\" width=\"1125\" height=\"2000\" src=\"https:\/\/dfg-lfa.org\/wp-content\/uploads\/fe73b00d-7fab-48df-a69d-bcd6ee43beb7-1125x2000.jpg\" class=\"attachment-large size-large\" alt=\"Septi\u00e8me \u00e9dition du Parlement europ\u00e9en des lyc\u00e9ens\" srcset=\"https:\/\/dfg-lfa.org\/wp-content\/uploads\/fe73b00d-7fab-48df-a69d-bcd6ee43beb7-1125x2000.jpg 1125w, https:\/\/dfg-lfa.org\/wp-content\/uploads\/fe73b00d-7fab-48df-a69d-bcd6ee43beb7-169x300.jpg 169w, https:\/\/dfg-lfa.org\/wp-content\/uploads\/fe73b00d-7fab-48df-a69d-bcd6ee43beb7-84x150.jpg 84w, https:\/\/dfg-lfa.org\/wp-content\/uploads\/fe73b00d-7fab-48df-a69d-bcd6ee43beb7-768x1365.jpg 768w, https:\/\/dfg-lfa.org\/wp-content\/uploads\/fe73b00d-7fab-48df-a69d-bcd6ee43beb7-864x1536.jpg 864w, https:\/\/dfg-lfa.org\/wp-content\/uploads\/fe73b00d-7fab-48df-a69d-bcd6ee43beb7-113x200.jpg 113w, https:\/\/dfg-lfa.org\/wp-content\/uploads\/fe73b00d-7fab-48df-a69d-bcd6ee43beb7.jpg 1134w\" sizes=\"auto, (max-width: 1125px) 100vw, 1125px\" \/><\/a>\n\t\t\t<\/div><\/figure><figure class='gallery-item'>\n\t\t\t<div class='gallery-icon portrait'>\n\t\t\t\t<a href='https:\/\/dfg-lfa.org\/wp-content\/uploads\/fed15c2d-de6b-438e-b91d-cfe40b532f8a.jpg'><img loading=\"lazy\" decoding=\"async\" width=\"1125\" height=\"2000\" src=\"https:\/\/dfg-lfa.org\/wp-content\/uploads\/fed15c2d-de6b-438e-b91d-cfe40b532f8a-1125x2000.jpg\" class=\"attachment-large size-large\" alt=\"Septi\u00e8me \u00e9dition du Parlement europ\u00e9en des lyc\u00e9ens\" srcset=\"https:\/\/dfg-lfa.org\/wp-content\/uploads\/fed15c2d-de6b-438e-b91d-cfe40b532f8a-1125x2000.jpg 1125w, https:\/\/dfg-lfa.org\/wp-content\/uploads\/fed15c2d-de6b-438e-b91d-cfe40b532f8a-169x300.jpg 169w, https:\/\/dfg-lfa.org\/wp-content\/uploads\/fed15c2d-de6b-438e-b91d-cfe40b532f8a-84x150.jpg 84w, https:\/\/dfg-lfa.org\/wp-content\/uploads\/fed15c2d-de6b-438e-b91d-cfe40b532f8a-768x1365.jpg 768w, https:\/\/dfg-lfa.org\/wp-content\/uploads\/fed15c2d-de6b-438e-b91d-cfe40b532f8a-864x1536.jpg 864w, https:\/\/dfg-lfa.org\/wp-content\/uploads\/fed15c2d-de6b-438e-b91d-cfe40b532f8a-113x200.jpg 113w, https:\/\/dfg-lfa.org\/wp-content\/uploads\/fed15c2d-de6b-438e-b91d-cfe40b532f8a.jpg 1134w\" sizes=\"auto, (max-width: 1125px) 100vw, 1125px\" \/><\/a>\n\t\t\t<\/div><\/figure><figure class='gallery-item'>\n\t\t\t<div class='gallery-icon portrait'>\n\t\t\t\t<a href='https:\/\/dfg-lfa.org\/wp-content\/uploads\/IMG_9492.jpg'><img loading=\"lazy\" decoding=\"async\" width=\"1126\" height=\"2000\" src=\"https:\/\/dfg-lfa.org\/wp-content\/uploads\/IMG_9492-1126x2000.jpg\" class=\"attachment-large size-large\" alt=\"Septi\u00e8me \u00e9dition du Parlement europ\u00e9en des lyc\u00e9ens\" srcset=\"https:\/\/dfg-lfa.org\/wp-content\/uploads\/IMG_9492-1126x2000.jpg 1126w, https:\/\/dfg-lfa.org\/wp-content\/uploads\/IMG_9492-169x300.jpg 169w, https:\/\/dfg-lfa.org\/wp-content\/uploads\/IMG_9492-84x150.jpg 84w, https:\/\/dfg-lfa.org\/wp-content\/uploads\/IMG_9492-768x1365.jpg 768w, https:\/\/dfg-lfa.org\/wp-content\/uploads\/IMG_9492-864x1536.jpg 864w, https:\/\/dfg-lfa.org\/wp-content\/uploads\/IMG_9492-113x200.jpg 113w, https:\/\/dfg-lfa.org\/wp-content\/uploads\/IMG_9492.jpg 1134w\" sizes=\"auto, (max-width: 1126px) 100vw, 1126px\" \/><\/a>\n\t\t\t<\/div><\/figure><figure class='gallery-item'>\n\t\t\t<div class='gallery-icon portrait'>\n\t\t\t\t<a href='https:\/\/dfg-lfa.org\/wp-content\/uploads\/IMG_9497.jpg'><img loading=\"lazy\" decoding=\"async\" width=\"1125\" height=\"2000\" src=\"https:\/\/dfg-lfa.org\/wp-content\/uploads\/IMG_9497-1125x2000.jpg\" class=\"attachment-large size-large\" alt=\"Septi\u00e8me \u00e9dition du Parlement europ\u00e9en des lyc\u00e9ens\" srcset=\"https:\/\/dfg-lfa.org\/wp-content\/uploads\/IMG_9497-1125x2000.jpg 1125w, https:\/\/dfg-lfa.org\/wp-content\/uploads\/IMG_9497-169x300.jpg 169w, https:\/\/dfg-lfa.org\/wp-content\/uploads\/IMG_9497-84x150.jpg 84w, https:\/\/dfg-lfa.org\/wp-content\/uploads\/IMG_9497-768x1365.jpg 768w, https:\/\/dfg-lfa.org\/wp-content\/uploads\/IMG_9497-864x1536.jpg 864w, https:\/\/dfg-lfa.org\/wp-content\/uploads\/IMG_9497-113x200.jpg 113w, https:\/\/dfg-lfa.org\/wp-content\/uploads\/IMG_9497.jpg 1134w\" sizes=\"auto, (max-width: 1125px) 100vw, 1125px\" \/><\/a>\n\t\t\t<\/div><\/figure><figure class='gallery-item'>\n\t\t\t<div class='gallery-icon portrait'>\n\t\t\t\t<a href='https:\/\/dfg-lfa.org\/wp-content\/uploads\/IMG_9499.jpg'><img loading=\"lazy\" decoding=\"async\" width=\"1125\" height=\"2000\" src=\"https:\/\/dfg-lfa.org\/wp-content\/uploads\/IMG_9499-1125x2000.jpg\" class=\"attachment-large size-large\" alt=\"Septi\u00e8me \u00e9dition du Parlement europ\u00e9en des lyc\u00e9ens\" srcset=\"https:\/\/dfg-lfa.org\/wp-content\/uploads\/IMG_9499-1125x2000.jpg 1125w, https:\/\/dfg-lfa.org\/wp-content\/uploads\/IMG_9499-169x300.jpg 169w, https:\/\/dfg-lfa.org\/wp-content\/uploads\/IMG_9499-84x150.jpg 84w, https:\/\/dfg-lfa.org\/wp-content\/uploads\/IMG_9499-768x1365.jpg 768w, https:\/\/dfg-lfa.org\/wp-content\/uploads\/IMG_9499-864x1536.jpg 864w, https:\/\/dfg-lfa.org\/wp-content\/uploads\/IMG_9499-113x200.jpg 113w, https:\/\/dfg-lfa.org\/wp-content\/uploads\/IMG_9499.jpg 1134w\" sizes=\"auto, (max-width: 1125px) 100vw, 1125px\" \/><\/a>\n\t\t\t<\/div><\/figure><figure class='gallery-item'>\n\t\t\t<div class='gallery-icon portrait'>\n\t\t\t\t<a href='https:\/\/dfg-lfa.org\/wp-content\/uploads\/IMG_9559.jpg'><img loading=\"lazy\" decoding=\"async\" width=\"1125\" height=\"2000\" src=\"https:\/\/dfg-lfa.org\/wp-content\/uploads\/IMG_9559-1125x2000.jpg\" class=\"attachment-large size-large\" alt=\"Septi\u00e8me \u00e9dition du Parlement europ\u00e9en des lyc\u00e9ens\" srcset=\"https:\/\/dfg-lfa.org\/wp-content\/uploads\/IMG_9559-1125x2000.jpg 1125w, https:\/\/dfg-lfa.org\/wp-content\/uploads\/IMG_9559-169x300.jpg 169w, https:\/\/dfg-lfa.org\/wp-content\/uploads\/IMG_9559-84x150.jpg 84w, https:\/\/dfg-lfa.org\/wp-content\/uploads\/IMG_9559-768x1365.jpg 768w, https:\/\/dfg-lfa.org\/wp-content\/uploads\/IMG_9559-864x1536.jpg 864w, https:\/\/dfg-lfa.org\/wp-content\/uploads\/IMG_9559-113x200.jpg 113w, https:\/\/dfg-lfa.org\/wp-content\/uploads\/IMG_9559.jpg 1134w\" sizes=\"auto, (max-width: 1125px) 100vw, 1125px\" \/><\/a>\n\t\t\t<\/div><\/figure><figure class='gallery-item'>\n\t\t\t<div class='gallery-icon portrait'>\n\t\t\t\t<a href='https:\/\/dfg-lfa.org\/wp-content\/uploads\/IMG_9606.jpg'><img loading=\"lazy\" decoding=\"async\" width=\"1125\" height=\"2000\" src=\"https:\/\/dfg-lfa.org\/wp-content\/uploads\/IMG_9606-1125x2000.jpg\" class=\"attachment-large size-large\" alt=\"Septi\u00e8me \u00e9dition du Parlement europ\u00e9en des lyc\u00e9ens\" srcset=\"https:\/\/dfg-lfa.org\/wp-content\/uploads\/IMG_9606-1125x2000.jpg 1125w, https:\/\/dfg-lfa.org\/wp-content\/uploads\/IMG_9606-169x300.jpg 169w, https:\/\/dfg-lfa.org\/wp-content\/uploads\/IMG_9606-84x150.jpg 84w, https:\/\/dfg-lfa.org\/wp-content\/uploads\/IMG_9606-768x1365.jpg 768w, https:\/\/dfg-lfa.org\/wp-content\/uploads\/IMG_9606-864x1536.jpg 864w, https:\/\/dfg-lfa.org\/wp-content\/uploads\/IMG_9606-113x200.jpg 113w, https:\/\/dfg-lfa.org\/wp-content\/uploads\/IMG_9606.jpg 1134w\" sizes=\"auto, (max-width: 1125px) 100vw, 1125px\" \/><\/a>\n\t\t\t<\/div><\/figure><figure class='gallery-item'>\n\t\t\t<div class='gallery-icon portrait'>\n\t\t\t\t<a href='https:\/\/dfg-lfa.org\/wp-content\/uploads\/6e76b978-490e-4fc0-8d61-a69d3e422c82.jpg'><img loading=\"lazy\" decoding=\"async\" width=\"1125\" height=\"2000\" src=\"https:\/\/dfg-lfa.org\/wp-content\/uploads\/6e76b978-490e-4fc0-8d61-a69d3e422c82-1125x2000.jpg\" class=\"attachment-large size-large\" alt=\"Septi\u00e8me \u00e9dition du Parlement europ\u00e9en des lyc\u00e9ens\" srcset=\"https:\/\/dfg-lfa.org\/wp-content\/uploads\/6e76b978-490e-4fc0-8d61-a69d3e422c82-1125x2000.jpg 1125w, https:\/\/dfg-lfa.org\/wp-content\/uploads\/6e76b978-490e-4fc0-8d61-a69d3e422c82-169x300.jpg 169w, https:\/\/dfg-lfa.org\/wp-content\/uploads\/6e76b978-490e-4fc0-8d61-a69d3e422c82-84x150.jpg 84w, https:\/\/dfg-lfa.org\/wp-content\/uploads\/6e76b978-490e-4fc0-8d61-a69d3e422c82-768x1365.jpg 768w, https:\/\/dfg-lfa.org\/wp-content\/uploads\/6e76b978-490e-4fc0-8d61-a69d3e422c82-864x1536.jpg 864w, https:\/\/dfg-lfa.org\/wp-content\/uploads\/6e76b978-490e-4fc0-8d61-a69d3e422c82-113x200.jpg 113w, https:\/\/dfg-lfa.org\/wp-content\/uploads\/6e76b978-490e-4fc0-8d61-a69d3e422c82.jpg 1134w\" sizes=\"auto, (max-width: 1125px) 100vw, 1125px\" \/><\/a>\n\t\t\t<\/div><\/figure>\n\t\t<\/div>\n\n<p>Lors d\u2019une simulation du processus l\u00e9gislatif europ\u00e9en nos apprentis d\u00e9put\u00e9s ont d\u00e9battu et r\u00e9dig\u00e9 des amendements sur les th\u00e8mes suivants : Le trafic des \u00eatres humains, la r\u00e9duction des micro plastiques dans l\u2019environnement, la lutte contre l\u2019\u00e9vasion fiscale et la promotion des livres et de l\u2019industrie du livre dans l\u2019Union europ\u00e9enne. Nos \u00ab d\u00e9put\u00e9s \u00bb \u00e9taient tr\u00e8s investis dans leur mission et nous avons eu la joie d\u2019assister \u00e0 des d\u00e9bats passionn\u00e9s et houleux. En deuxi\u00e8me partie de programme, notre \u00e9cole repr\u00e9sentait la France lors d\u2019une simulation du Conseil de l\u2019Union Europ\u00e9enne sur le th\u00e8me des locations saisonni\u00e8res.<\/p>\n<p><a href=\"https:\/\/dfg-lfa.org\/wp-content\/uploads\/Erasmus-Kofinanziert-von-der-EU-scaled.jpg\"><img loading=\"lazy\" decoding=\"async\" class=\"size-medium wp-image-63950 alignright\" src=\"https:\/\/dfg-lfa.org\/wp-content\/uploads\/Erasmus-Kofinanziert-von-der-EU-300x63.jpg\" alt=\"Erasmus+\" width=\"300\" height=\"63\" srcset=\"https:\/\/dfg-lfa.org\/wp-content\/uploads\/Erasmus-Kofinanziert-von-der-EU-300x63.jpg 300w, https:\/\/dfg-lfa.org\/wp-content\/uploads\/Erasmus-Kofinanziert-von-der-EU-2000x420.jpg 2000w, https:\/\/dfg-lfa.org\/wp-content\/uploads\/Erasmus-Kofinanziert-von-der-EU-150x31.jpg 150w, https:\/\/dfg-lfa.org\/wp-content\/uploads\/Erasmus-Kofinanziert-von-der-EU-768x161.jpg 768w, https:\/\/dfg-lfa.org\/wp-content\/uploads\/Erasmus-Kofinanziert-von-der-EU-1536x322.jpg 1536w, https:\/\/dfg-lfa.org\/wp-content\/uploads\/Erasmus-Kofinanziert-von-der-EU-2048x430.jpg 2048w, https:\/\/dfg-lfa.org\/wp-content\/uploads\/Erasmus-Kofinanziert-von-der-EU-500x105.jpg 500w\" sizes=\"auto, (max-width: 300px) 100vw, 300px\" \/><\/a>Des activit\u00e9s culturelles ont fortement contribu\u00e9 \u00e0 une ambiance conviviale et amicale.<\/p>\n<p>Enfin notre participation \u00e0 ce projet a \u00e9t\u00e9 essentiellement financ\u00e9e par le programme Erasmus+ g\u00e9r\u00e9 dans l\u2019\u00e9tablissement par monsieur P. Grannec.<\/p>\n<div class=\"shariff shariff-align-left shariff-widget-align-left shariff-buttonstretch\" style=\"display:none\"><ul class=\"shariff-buttons theme-white orientation-horizontal buttonsize-medium\"><li class=\"shariff-button facebook shariff-nocustomcolor\" style=\"background-color:#4273c8\"><a href=\"https:\/\/www.facebook.com\/sharer\/sharer.php?u=https%3A%2F%2Fdfg-lfa.org%2Ffr%2F2025%2F03%2Fdfg-beim-7-europaeischen-schuelerparlament%2F\" title=\"Envoyer par Facebook\" aria-label=\"Envoyer par Facebook\" role=\"button\" rel=\"nofollow\" class=\"shariff-link\" style=\"; background-color:#3b5998; color:#3b5998\" target=\"_blank\"><span class=\"shariff-icon\" style=\"fill:#3b5998\"><svg width=\"32px\" height=\"20px\" xmlns=\"http:\/\/www.w3.org\/2000\/svg\" viewBox=\"0 0 18 32\"><path fill=\"#3b5998\" d=\"M17.1 0.2v4.7h-2.8q-1.5 0-2.1 0.6t-0.5 1.9v3.4h5.2l-0.7 5.3h-4.5v13.6h-5.5v-13.6h-4.5v-5.3h4.5v-3.9q0-3.3 1.9-5.2t5-1.8q2.6 0 4.1 0.2z\"\/><\/svg><\/span><span class=\"shariff-text\" style=\"color:#3b5998\">partager<\/span>&nbsp;<\/a><\/li><li class=\"shariff-button whatsapp shariff-nocustomcolor\" style=\"background-color:#5cbe4a\"><a href=\"https:\/\/api.whatsapp.com\/send?text=https%3A%2F%2Fdfg-lfa.org%2Ffr%2F2025%2F03%2Fdfg-beim-7-europaeischen-schuelerparlament%2F%20Les%20%C3%A9l%C3%A8ves%20du%20LFA%20participent%20%C3%A0%20la%20septi%C3%A8me%20%C3%A9dition%20du%20Parlement%20europ%C3%A9en%20des%20lyc%C3%A9ens%20du%2024%20au%2026%20mars%202025.\" title=\"Envoyer par Whatsapp\" aria-label=\"Envoyer par Whatsapp\" role=\"button\" rel=\"noopener nofollow\" class=\"shariff-link\" style=\"; background-color:#34af23; color:#34af23\" target=\"_blank\"><span class=\"shariff-icon\" style=\"fill:#34af23\"><svg width=\"32px\" height=\"20px\" xmlns=\"http:\/\/www.w3.org\/2000\/svg\" viewBox=\"0 0 32 32\"><path fill=\"#34af23\" d=\"M17.6 17.4q0.2 0 1.7 0.8t1.6 0.9q0 0.1 0 0.3 0 0.6-0.3 1.4-0.3 0.7-1.3 1.2t-1.8 0.5q-1 0-3.4-1.1-1.7-0.8-3-2.1t-2.6-3.3q-1.3-1.9-1.3-3.5v-0.1q0.1-1.6 1.3-2.8 0.4-0.4 0.9-0.4 0.1 0 0.3 0t0.3 0q0.3 0 0.5 0.1t0.3 0.5q0.1 0.4 0.6 1.6t0.4 1.3q0 0.4-0.6 1t-0.6 0.8q0 0.1 0.1 0.3 0.6 1.3 1.8 2.4 1 0.9 2.7 1.8 0.2 0.1 0.4 0.1 0.3 0 1-0.9t0.9-0.9zM14 26.9q2.3 0 4.3-0.9t3.6-2.4 2.4-3.6 0.9-4.3-0.9-4.3-2.4-3.6-3.6-2.4-4.3-0.9-4.3 0.9-3.6 2.4-2.4 3.6-0.9 4.3q0 3.6 2.1 6.6l-1.4 4.2 4.3-1.4q2.8 1.9 6.2 1.9zM14 2.2q2.7 0 5.2 1.1t4.3 2.9 2.9 4.3 1.1 5.2-1.1 5.2-2.9 4.3-4.3 2.9-5.2 1.1q-3.5 0-6.5-1.7l-7.4 2.4 2.4-7.2q-1.9-3.2-1.9-6.9 0-2.7 1.1-5.2t2.9-4.3 4.3-2.9 5.2-1.1z\"\/><\/svg><\/span><span class=\"shariff-text\" style=\"color:#34af23\">partager<\/span>&nbsp;<\/a><\/li><li class=\"shariff-button threema shariff-nocustomcolor shariff-mobile\" style=\"background-color:#4fbc24\"><a href=\"threema:\/\/compose?text=Les%20%C3%A9l%C3%A8ves%20du%20LFA%20participent%20%C3%A0%20la%20septi%C3%A8me%20%C3%A9dition%20du%20Parlement%20europ%C3%A9en%20des%20lyc%C3%A9ens%20du%2024%20au%2026%20mars%202025.%20https%3A%2F%2Fdfg-lfa.org%2Ffr%2F2025%2F03%2Fdfg-beim-7-europaeischen-schuelerparlament%2F\" title=\"Envoyer par Threema\" aria-label=\"Envoyer par Threema\" role=\"button\" rel=\"noopener nofollow\" class=\"shariff-link\" style=\"; background-color:#1f1f1f; color:#1f1f1f\" target=\"_blank\"><span class=\"shariff-icon\" style=\"fill:#1f1f1f\"><svg width=\"32px\" height=\"20px\" xmlns=\"http:\/\/www.w3.org\/2000\/svg\" viewBox=\"0 0 32 32\"><path fill=\"#1f1f1f\" d=\"M30.8 10.9c-0.3-1.4-0.9-2.6-1.8-3.8-2-2.6-5.5-4.5-9.4-5.2-1.3-0.2-1.9-0.3-3.5-0.3s-2.2 0-3.5 0.3c-4 0.7-7.4 2.6-9.4 5.2-0.9 1.2-1.5 2.4-1.8 3.8-0.1 0.5-0.2 1.2-0.2 1.6 0 0.4 0.1 1.1 0.2 1.6 0.4 1.9 1.3 3.4 2.9 5 0.8 0.8 0.8 0.8 0.7 1.3 0 0.6-0.5 1.6-1.7 3.6-0.3 0.5-0.5 0.9-0.5 0.9 0 0.1 0.1 0.1 0.5 0 0.8-0.2 2.3-0.6 5.6-1.6 1.1-0.3 1.3-0.4 2.3-0.4 0.8 0 1.1 0 2.3 0.2 1.5 0.2 3.5 0.2 4.9 0 5.1-0.6 9.3-2.9 11.4-6.3 0.5-0.9 0.9-1.8 1.1-2.8 0.1-0.5 0.2-1.1 0.2-1.6 0-0.7-0.1-1.1-0.2-1.6-0.3-1.4 0.1 0.5 0 0zM20.6 17.3c0 0.4-0.4 0.8-0.8 0.8h-7.7c-0.4 0-0.8-0.4-0.8-0.8v-4.6c0-0.4 0.4-0.8 0.8-0.8h0.2l0-1.6c0-0.9 0-1.8 0.1-2 0.1-0.6 0.6-1.2 1.1-1.7s1.1-0.7 1.9-0.8c1.8-0.3 3.7 0.7 4.2 2.2 0.1 0.3 0.1 0.7 0.1 2.1v0 1.7h0.1c0.4 0 0.8 0.4 0.8 0.8v4.6zM15.6 7.3c-0.5 0.1-0.8 0.3-1.2 0.6s-0.6 0.8-0.7 1.3c0 0.2 0 0.8 0 1.5l0 1.2h4.6v-1.3c0-1 0-1.4-0.1-1.6-0.3-1.1-1.5-1.9-2.6-1.7zM25.8 28.2c0 1.2-1 2.2-2.1 2.2s-2.1-1-2.1-2.1c0-1.2 1-2.1 2.2-2.1s2.2 1 2.2 2.2zM18.1 28.2c0 1.2-1 2.2-2.1 2.2s-2.1-1-2.1-2.1c0-1.2 1-2.1 2.2-2.1s2.2 1 2.2 2.2zM10.4 28.2c0 1.2-1 2.2-2.1 2.2s-2.1-1-2.1-2.1c0-1.2 1-2.1 2.2-2.1s2.2 1 2.2 2.2z\"\/><\/svg><\/span><span class=\"shariff-text\" style=\"color:#1f1f1f\">partager<\/span>&nbsp;<\/a><\/li><li class=\"shariff-button mastodon shariff-nocustomcolor\" style=\"background-color:#563ACC\"><a href=\"https:\/\/s2f.kytta.dev\/?text=Les%20%C3%A9l%C3%A8ves%20du%20LFA%20participent%20%C3%A0%20la%20septi%C3%A8me%20%C3%A9dition%20du%20Parlement%20europ%C3%A9en%20des%20lyc%C3%A9ens%20du%2024%20au%2026%20mars%202025. https%3A%2F%2Fdfg-lfa.org%2Ffr%2F2025%2F03%2Fdfg-beim-7-europaeischen-schuelerparlament%2F\" title=\"Envoyer par Mastodon\" aria-label=\"Envoyer par Mastodon\" role=\"button\" rel=\"noopener nofollow\" class=\"shariff-link\" style=\"; background-color:#6364FF; color:#6364FF\" target=\"_blank\"><span class=\"shariff-icon\" style=\"fill:#6364FF\"><svg width=\"75\" height=\"79\" viewBox=\"0 0 75 79\" fill=\"none\" xmlns=\"http:\/\/www.w3.org\/2000\/svg\"><path d=\"M37.813-.025C32.462-.058 27.114.13 21.79.598c-8.544.621-17.214 5.58-20.203 13.931C-1.12 23.318.408 32.622.465 41.65c.375 7.316.943 14.78 3.392 21.73 4.365 9.465 14.781 14.537 24.782 15.385 7.64.698 15.761-.213 22.517-4.026a54.1 54.1 0 0 0 .01-6.232c-6.855 1.316-14.101 2.609-21.049 1.074-3.883-.88-6.876-4.237-7.25-8.215-1.53-3.988 3.78-.43 5.584-.883 9.048 1.224 18.282.776 27.303-.462 7.044-.837 14.26-4.788 16.65-11.833 2.263-6.135 1.215-12.79 1.698-19.177.06-3.84.09-7.692-.262-11.52C72.596 7.844 63.223.981 53.834.684a219.453 219.453 0 0 0-16.022-.71zm11.294 12.882c5.5-.067 10.801 4.143 11.67 9.653.338 1.48.471 3 .471 4.515v21.088h-8.357c-.07-7.588.153-15.182-.131-22.765-.587-4.368-7.04-5.747-9.672-2.397-2.422 3.04-1.47 7.155-1.67 10.735v6.392h-8.307c-.146-4.996.359-10.045-.404-15.002-1.108-4.218-7.809-5.565-10.094-1.666-1.685 3.046-.712 6.634-.976 9.936v14.767h-8.354c.109-8.165-.238-16.344.215-24.5.674-5.346 5.095-10.389 10.676-10.627 4.902-.739 10.103 2.038 12.053 6.631.375 1.435 1.76 1.932 1.994.084 1.844-3.704 5.501-6.739 9.785-6.771.367-.044.735-.068 1.101-.073z\"\/><defs><linearGradient id=\"paint0_linear_549_34\" x1=\"37.0692\" y1=\"0\" x2=\"37.0692\" y2=\"79\" gradientUnits=\"userSpaceOnUse\"><stop stop-color=\"#6364FF\"\/><stop offset=\"1\" stop-color=\"#563ACC\"\/><\/linearGradient><\/defs><\/svg><\/span><span class=\"shariff-text\" style=\"color:#6364FF\">partager<\/span>&nbsp;<\/a><\/li><li class=\"shariff-button mailto shariff-nocustomcolor\" style=\"background-color:#a8a8a8\"><a href=\"mailto:?body=https%3A%2F%2Fdfg-lfa.org%2Ffr%2F2025%2F03%2Fdfg-beim-7-europaeischen-schuelerparlament%2F&subject=Les%20%C3%A9l%C3%A8ves%20du%20LFA%20participent%20%C3%A0%20la%20septi%C3%A8me%20%C3%A9dition%20du%20Parlement%20europ%C3%A9en%20des%20lyc%C3%A9ens%20du%2024%20au%2026%20mars%202025.\" title=\"Envoyer par courriel\" aria-label=\"Envoyer par courriel\" role=\"button\" rel=\"noopener nofollow\" class=\"shariff-link\" style=\"; background-color:#999; color:#999\"><span class=\"shariff-icon\" style=\"fill:#999\"><svg width=\"32px\" height=\"20px\" xmlns=\"http:\/\/www.w3.org\/2000\/svg\" viewBox=\"0 0 32 32\"><path fill=\"#999\" d=\"M32 12.7v14.2q0 1.2-0.8 2t-2 0.9h-26.3q-1.2 0-2-0.9t-0.8-2v-14.2q0.8 0.9 1.8 1.6 6.5 4.4 8.9 6.1 1 0.8 1.6 1.2t1.7 0.9 2 0.4h0.1q0.9 0 2-0.4t1.7-0.9 1.6-1.2q3-2.2 8.9-6.1 1-0.7 1.8-1.6zM32 7.4q0 1.4-0.9 2.7t-2.2 2.2q-6.7 4.7-8.4 5.8-0.2 0.1-0.7 0.5t-1 0.7-0.9 0.6-1.1 0.5-0.9 0.2h-0.1q-0.4 0-0.9-0.2t-1.1-0.5-0.9-0.6-1-0.7-0.7-0.5q-1.6-1.1-4.7-3.2t-3.6-2.6q-1.1-0.7-2.1-2t-1-2.5q0-1.4 0.7-2.3t2.1-0.9h26.3q1.2 0 2 0.8t0.9 2z\"\/><\/svg><\/span><span class=\"shariff-text\" style=\"color:#999\">courriel<\/span>&nbsp;<\/a><\/li><li class=\"shariff-button info shariff-nocustomcolor\" style=\"background-color:#a8a8a8\"><a href=\"http:\/\/ct.de\/-2467514\" title=\"Datenschutz-Infos\" aria-label=\"Datenschutz-Infos\" role=\"button\" rel=\"noopener \" class=\"shariff-link\" style=\"; background-color:#999; color:#999\" target=\"_blank\"><span class=\"shariff-icon\" style=\"fill:#999\"><svg width=\"32px\" height=\"20px\" xmlns=\"http:\/\/www.w3.org\/2000\/svg\" viewBox=\"0 0 11 32\"><path fill=\"#999\" d=\"M11.4 24v2.3q0 0.5-0.3 0.8t-0.8 0.4h-9.1q-0.5 0-0.8-0.4t-0.4-0.8v-2.3q0-0.5 0.4-0.8t0.8-0.4h1.1v-6.8h-1.1q-0.5 0-0.8-0.4t-0.4-0.8v-2.3q0-0.5 0.4-0.8t0.8-0.4h6.8q0.5 0 0.8 0.4t0.4 0.8v10.3h1.1q0.5 0 0.8 0.4t0.3 0.8zM9.2 3.4v3.4q0 0.5-0.4 0.8t-0.8 0.4h-4.6q-0.4 0-0.8-0.4t-0.4-0.8v-3.4q0-0.4 0.4-0.8t0.8-0.4h4.6q0.5 0 0.8 0.4t0.4 0.8z\"\/><\/svg><\/span><\/a><\/li><\/ul><\/div>","protected":false},"excerpt":{"rendered":"<p>Albert Lang (1S2), Hamza Mohieddine (1S2), Sarah Wollbold (1L1), Nuala Mairel (1L2), Lucie Curcuruto (1ES), Tobias Hartmann (1ES), Elias Landwehr (1ES), Kenza Talbi (1ES), Nolan Becker -Lo Grasso (2ES), Habib El Alami (2ES), Valentin F\u00f6rster (2ES), Fabianna Fourny (2ES), Emily Chen (2S3), Franziska Gitzhofer (2L1) et Sofiya Smirnova ( 2S3) &hellip;<\/p>\n","protected":false},"author":2,"featured_media":67017,"comment_status":"closed","ping_status":"closed","sticky":false,"template":"","format":"standard","meta":{"inline_featured_image":false,"footnotes":""},"categories":[51],"tags":[],"class_list":["post-66965","post","type-post","status-publish","format-standard","has-post-thumbnail","hentry","category-sozialkunde"],"yoast_head":"<!-- This site is optimized with the Yoast SEO plugin v27.5 - https:\/\/yoast.com\/product\/yoast-seo-wordpress\/ -->\n<title>Les \u00e9l\u00e8ves du LFA participent \u00e0 la septi\u00e8me \u00e9dition du Parlement europ\u00e9en des lyc\u00e9ens du 24 au 26 mars 2025. - Lyc\u00e9e Franco-Allemand de Sarrebruck<\/title>\n<meta name=\"robots\" content=\"index, follow, max-snippet:-1, max-image-preview:large, max-video-preview:-1\" \/>\n<link rel=\"canonical\" href=\"https:\/\/dfg-lfa.org\/fr\/2025\/03\/dfg-beim-7-europaeischen-schuelerparlament\/\" \/>\n<meta property=\"og:locale\" content=\"fr_FR\" \/>\n<meta property=\"og:type\" content=\"article\" \/>\n<meta property=\"og:title\" content=\"Les \u00e9l\u00e8ves du LFA participent \u00e0 la septi\u00e8me \u00e9dition du Parlement europ\u00e9en des lyc\u00e9ens du 24 au 26 mars 2025. - Lyc\u00e9e Franco-Allemand de Sarrebruck\" \/>\n<meta property=\"og:description\" content=\"Albert Lang (1S2), Hamza Mohieddine (1S2), Sarah Wollbold (1L1), Nuala Mairel (1L2), Lucie Curcuruto (1ES), Tobias Hartmann (1ES), Elias Landwehr (1ES), Kenza Talbi (1ES), Nolan Becker -Lo Grasso (2ES), Habib El Alami (2ES), Valentin F\u00f6rster (2ES), Fabianna Fourny (2ES), Emily Chen (2S3), Franziska Gitzhofer (2L1) et Sofiya Smirnova ( 2S3) &hellip;\" \/>\n<meta property=\"og:url\" content=\"https:\/\/dfg-lfa.org\/fr\/2025\/03\/dfg-beim-7-europaeischen-schuelerparlament\/\" \/>\n<meta property=\"og:site_name\" content=\"Lyc\u00e9e Franco-Allemand de Sarrebruck\" \/>\n<meta property=\"article:publisher\" content=\"https:\/\/www.facebook.com\/dfglfa\/\" \/>\n<meta property=\"article:published_time\" content=\"2025-03-26T23:34:42+00:00\" \/>\n<meta property=\"article:modified_time\" content=\"2025-03-27T07:50:30+00:00\" \/>\n<meta property=\"og:image\" content=\"https:\/\/dfg-lfa.org\/wp-content\/uploads\/PEL-2025.jpg\" \/>\n\t<meta property=\"og:image:width\" content=\"2000\" \/>\n\t<meta property=\"og:image:height\" content=\"1500\" \/>\n\t<meta property=\"og:image:type\" content=\"image\/jpeg\" \/>\n<meta name=\"author\" content=\"Administrator\" \/>\n<meta name=\"twitter:card\" content=\"summary_large_image\" \/>\n<meta name=\"twitter:creator\" content=\"@DFGLFA\" \/>\n<meta name=\"twitter:site\" content=\"@DFGLFA\" \/>\n<meta name=\"twitter:label1\" content=\"\u00c9crit par\" \/>\n\t<meta name=\"twitter:data1\" content=\"Administrator\" \/>\n\t<meta name=\"twitter:label2\" content=\"Dur\u00e9e de lecture estim\u00e9e\" \/>\n\t<meta name=\"twitter:data2\" content=\"5 minutes\" \/>\n<script type=\"application\/ld+json\" class=\"yoast-schema-graph\">{\"@context\":\"https:\\\/\\\/schema.org\",\"@graph\":[{\"@type\":\"Article\",\"@id\":\"https:\\\/\\\/dfg-lfa.org\\\/2025\\\/03\\\/dfg-beim-7-europaeischen-schuelerparlament\\\/#article\",\"isPartOf\":{\"@id\":\"https:\\\/\\\/dfg-lfa.org\\\/2025\\\/03\\\/dfg-beim-7-europaeischen-schuelerparlament\\\/\"},\"author\":{\"name\":\"Administrator\",\"@id\":\"https:\\\/\\\/dfg-lfa.org\\\/#\\\/schema\\\/person\\\/a8fe67fb1ec6d85c85d21daf2d68fa69\"},\"headline\":\"Les \u00e9l\u00e8ves du LFA participent \u00e0 la septi\u00e8me \u00e9dition du Parlement europ\u00e9en des lyc\u00e9ens du 24 au 26 mars 2025.\",\"datePublished\":\"2025-03-26T23:34:42+00:00\",\"dateModified\":\"2025-03-27T07:50:30+00:00\",\"mainEntityOfPage\":{\"@id\":\"https:\\\/\\\/dfg-lfa.org\\\/2025\\\/03\\\/dfg-beim-7-europaeischen-schuelerparlament\\\/\"},\"wordCount\":1027,\"publisher\":{\"@id\":\"https:\\\/\\\/dfg-lfa.org\\\/#organization\"},\"image\":{\"@id\":\"https:\\\/\\\/dfg-lfa.org\\\/2025\\\/03\\\/dfg-beim-7-europaeischen-schuelerparlament\\\/#primaryimage\"},\"thumbnailUrl\":\"https:\\\/\\\/dfg-lfa.org\\\/wp-content\\\/uploads\\\/PEL-2025.jpg\",\"articleSection\":[\"Education civique\"],\"inLanguage\":\"fr-FR\"},{\"@type\":\"WebPage\",\"@id\":\"https:\\\/\\\/dfg-lfa.org\\\/fr\\\/2025\\\/03\\\/dfg-beim-7-europaeischen-schuelerparlament\\\/\",\"url\":\"https:\\\/\\\/dfg-lfa.org\\\/fr\\\/2025\\\/03\\\/dfg-beim-7-europaeischen-schuelerparlament\\\/\",\"name\":\"Les \u00e9l\u00e8ves du LFA participent \u00e0 la septi\u00e8me \u00e9dition du Parlement europ\u00e9en des lyc\u00e9ens du 24 au 26 mars 2025. - Lyc\u00e9e Franco-Allemand de Sarrebruck\",\"isPartOf\":{\"@id\":\"https:\\\/\\\/dfg-lfa.org\\\/fr\\\/#website\"},\"primaryImageOfPage\":{\"@id\":\"https:\\\/\\\/dfg-lfa.org\\\/fr\\\/2025\\\/03\\\/dfg-beim-7-europaeischen-schuelerparlament\\\/#primaryimage\"},\"image\":{\"@id\":\"https:\\\/\\\/dfg-lfa.org\\\/2025\\\/03\\\/dfg-beim-7-europaeischen-schuelerparlament\\\/#primaryimage\"},\"thumbnailUrl\":\"https:\\\/\\\/dfg-lfa.org\\\/wp-content\\\/uploads\\\/PEL-2025.jpg\",\"datePublished\":\"2025-03-26T23:34:42+00:00\",\"dateModified\":\"2025-03-27T07:50:30+00:00\",\"breadcrumb\":{\"@id\":\"https:\\\/\\\/dfg-lfa.org\\\/fr\\\/2025\\\/03\\\/dfg-beim-7-europaeischen-schuelerparlament\\\/#breadcrumb\"},\"inLanguage\":\"fr-FR\",\"potentialAction\":[{\"@type\":\"ReadAction\",\"target\":[[\"https:\\\/\\\/dfg-lfa.org\\\/fr\\\/2025\\\/03\\\/dfg-beim-7-europaeischen-schuelerparlament\\\/\"]]}]},{\"@type\":\"ImageObject\",\"inLanguage\":\"fr-FR\",\"@id\":\"https:\\\/\\\/dfg-lfa.org\\\/fr\\\/2025\\\/03\\\/dfg-beim-7-europaeischen-schuelerparlament\\\/#primaryimage\",\"url\":\"https:\\\/\\\/dfg-lfa.org\\\/wp-content\\\/uploads\\\/PEL-2025.jpg\",\"contentUrl\":\"https:\\\/\\\/dfg-lfa.org\\\/wp-content\\\/uploads\\\/PEL-2025.jpg\",\"width\":2000,\"height\":1500,\"caption\":\"Septi\u00e8me \u00e9dition du Parlement europ\u00e9en des lyc\u00e9ens\"},{\"@type\":\"BreadcrumbList\",\"@id\":\"https:\\\/\\\/dfg-lfa.org\\\/fr\\\/2025\\\/03\\\/dfg-beim-7-europaeischen-schuelerparlament\\\/#breadcrumb\",\"itemListElement\":[{\"@type\":\"ListItem\",\"position\":1,\"name\":\"Startseite\",\"item\":\"https:\\\/\\\/dfg-lfa.org\\\/fr\\\/\"},{\"@type\":\"ListItem\",\"position\":2,\"name\":\"DFG beim 7. Europ\u00e4ischen Sch\u00fclerparlament\"}]},{\"@type\":\"WebSite\",\"@id\":\"https:\\\/\\\/dfg-lfa.org\\\/fr\\\/#website\",\"url\":\"https:\\\/\\\/dfg-lfa.org\\\/fr\\\/\",\"name\":\"Lyc\u00e9e Franco-Allemand de Sarrebruck\",\"description\":\"Einander begegnen \u2013 Avancer ensemble \u2013 We make Europe happen\",\"publisher\":{\"@id\":\"https:\\\/\\\/dfg-lfa.org\\\/fr\\\/#organization\"},\"potentialAction\":[{\"@type\":\"SearchAction\",\"target\":{\"@type\":\"EntryPoint\",\"urlTemplate\":\"https:\\\/\\\/dfg-lfa.org\\\/fr\\\/?s={search_term_string}\"},\"query-input\":{\"@type\":\"PropertyValueSpecification\",\"valueRequired\":true,\"valueName\":\"search_term_string\"}}],\"inLanguage\":\"fr-FR\"},{\"@type\":\"Organization\",\"@id\":\"https:\\\/\\\/dfg-lfa.org\\\/fr\\\/#organization\",\"name\":\"Deutsch-Franz\u00f6sisches Gymnasium Saarbr\u00fccken\",\"url\":\"https:\\\/\\\/dfg-lfa.org\\\/fr\\\/\",\"logo\":{\"@type\":\"ImageObject\",\"inLanguage\":\"fr-FR\",\"@id\":\"https:\\\/\\\/dfg-lfa.org\\\/fr\\\/#\\\/schema\\\/logo\\\/image\\\/\",\"url\":\"https:\\\/\\\/dfg-lfa.org\\\/wp-content\\\/uploads\\\/DFG-logo.png\",\"contentUrl\":\"https:\\\/\\\/dfg-lfa.org\\\/wp-content\\\/uploads\\\/DFG-logo.png\",\"width\":200,\"height\":77,\"caption\":\"Deutsch-Franz\u00f6sisches Gymnasium Saarbr\u00fccken\"},\"image\":{\"@id\":\"https:\\\/\\\/dfg-lfa.org\\\/fr\\\/#\\\/schema\\\/logo\\\/image\\\/\"},\"sameAs\":[\"https:\\\/\\\/www.facebook.com\\\/dfglfa\\\/\",\"https:\\\/\\\/x.com\\\/DFGLFA\",\"https:\\\/\\\/www.instagram.com\\\/dfg_lfa_saarbruecken\\\/\",\"https:\\\/\\\/www.youtube.com\\\/channel\\\/UCoxV4_gnJ3blV1U7iOjCV7w\\\/\",\"https:\\\/\\\/de.wikipedia.org\\\/wiki\\\/Deutsch-Franz\u00f6sisches_Gymnasium_in_Saarbr\u00fccken\"]},{\"@type\":\"Person\",\"@id\":\"https:\\\/\\\/dfg-lfa.org\\\/#\\\/schema\\\/person\\\/a8fe67fb1ec6d85c85d21daf2d68fa69\",\"name\":\"Administrator\"}]}<\/script>\n<!-- \/ Yoast SEO plugin. -->","yoast_head_json":{"title":"Les \u00e9l\u00e8ves du LFA participent \u00e0 la septi\u00e8me \u00e9dition du Parlement europ\u00e9en des lyc\u00e9ens du 24 au 26 mars 2025. - Lyc\u00e9e Franco-Allemand de Sarrebruck","robots":{"index":"index","follow":"follow","max-snippet":"max-snippet:-1","max-image-preview":"max-image-preview:large","max-video-preview":"max-video-preview:-1"},"canonical":"https:\/\/dfg-lfa.org\/fr\/2025\/03\/dfg-beim-7-europaeischen-schuelerparlament\/","og_locale":"fr_FR","og_type":"article","og_title":"Les \u00e9l\u00e8ves du LFA participent \u00e0 la septi\u00e8me \u00e9dition du Parlement europ\u00e9en des lyc\u00e9ens du 24 au 26 mars 2025. - Lyc\u00e9e Franco-Allemand de Sarrebruck","og_description":"Albert Lang (1S2), Hamza Mohieddine (1S2), Sarah Wollbold (1L1), Nuala Mairel (1L2), Lucie Curcuruto (1ES), Tobias Hartmann (1ES), Elias Landwehr (1ES), Kenza Talbi (1ES), Nolan Becker -Lo Grasso (2ES), Habib El Alami (2ES), Valentin F\u00f6rster (2ES), Fabianna Fourny (2ES), Emily Chen (2S3), Franziska Gitzhofer (2L1) et Sofiya Smirnova ( 2S3) &hellip;","og_url":"https:\/\/dfg-lfa.org\/fr\/2025\/03\/dfg-beim-7-europaeischen-schuelerparlament\/","og_site_name":"Lyc\u00e9e Franco-Allemand de Sarrebruck","article_publisher":"https:\/\/www.facebook.com\/dfglfa\/","article_published_time":"2025-03-26T23:34:42+00:00","article_modified_time":"2025-03-27T07:50:30+00:00","og_image":[{"width":2000,"height":1500,"url":"https:\/\/dfg-lfa.org\/wp-content\/uploads\/PEL-2025.jpg","type":"image\/jpeg"}],"author":"Administrator","twitter_card":"summary_large_image","twitter_creator":"@DFGLFA","twitter_site":"@DFGLFA","twitter_misc":{"\u00c9crit par":"Administrator","Dur\u00e9e de lecture estim\u00e9e":"5 minutes"},"schema":{"@context":"https:\/\/schema.org","@graph":[{"@type":"Article","@id":"https:\/\/dfg-lfa.org\/2025\/03\/dfg-beim-7-europaeischen-schuelerparlament\/#article","isPartOf":{"@id":"https:\/\/dfg-lfa.org\/2025\/03\/dfg-beim-7-europaeischen-schuelerparlament\/"},"author":{"name":"Administrator","@id":"https:\/\/dfg-lfa.org\/#\/schema\/person\/a8fe67fb1ec6d85c85d21daf2d68fa69"},"headline":"Les \u00e9l\u00e8ves du LFA participent \u00e0 la septi\u00e8me \u00e9dition du Parlement europ\u00e9en des lyc\u00e9ens du 24 au 26 mars 2025.","datePublished":"2025-03-26T23:34:42+00:00","dateModified":"2025-03-27T07:50:30+00:00","mainEntityOfPage":{"@id":"https:\/\/dfg-lfa.org\/2025\/03\/dfg-beim-7-europaeischen-schuelerparlament\/"},"wordCount":1027,"publisher":{"@id":"https:\/\/dfg-lfa.org\/#organization"},"image":{"@id":"https:\/\/dfg-lfa.org\/2025\/03\/dfg-beim-7-europaeischen-schuelerparlament\/#primaryimage"},"thumbnailUrl":"https:\/\/dfg-lfa.org\/wp-content\/uploads\/PEL-2025.jpg","articleSection":["Education civique"],"inLanguage":"fr-FR"},{"@type":"WebPage","@id":"https:\/\/dfg-lfa.org\/fr\/2025\/03\/dfg-beim-7-europaeischen-schuelerparlament\/","url":"https:\/\/dfg-lfa.org\/fr\/2025\/03\/dfg-beim-7-europaeischen-schuelerparlament\/","name":"Les \u00e9l\u00e8ves du LFA participent \u00e0 la septi\u00e8me \u00e9dition du Parlement europ\u00e9en des lyc\u00e9ens du 24 au 26 mars 2025. - Lyc\u00e9e Franco-Allemand de Sarrebruck","isPartOf":{"@id":"https:\/\/dfg-lfa.org\/fr\/#website"},"primaryImageOfPage":{"@id":"https:\/\/dfg-lfa.org\/fr\/2025\/03\/dfg-beim-7-europaeischen-schuelerparlament\/#primaryimage"},"image":{"@id":"https:\/\/dfg-lfa.org\/2025\/03\/dfg-beim-7-europaeischen-schuelerparlament\/#primaryimage"},"thumbnailUrl":"https:\/\/dfg-lfa.org\/wp-content\/uploads\/PEL-2025.jpg","datePublished":"2025-03-26T23:34:42+00:00","dateModified":"2025-03-27T07:50:30+00:00","breadcrumb":{"@id":"https:\/\/dfg-lfa.org\/fr\/2025\/03\/dfg-beim-7-europaeischen-schuelerparlament\/#breadcrumb"},"inLanguage":"fr-FR","potentialAction":[{"@type":"ReadAction","target":[["https:\/\/dfg-lfa.org\/fr\/2025\/03\/dfg-beim-7-europaeischen-schuelerparlament\/"]]}]},{"@type":"ImageObject","inLanguage":"fr-FR","@id":"https:\/\/dfg-lfa.org\/fr\/2025\/03\/dfg-beim-7-europaeischen-schuelerparlament\/#primaryimage","url":"https:\/\/dfg-lfa.org\/wp-content\/uploads\/PEL-2025.jpg","contentUrl":"https:\/\/dfg-lfa.org\/wp-content\/uploads\/PEL-2025.jpg","width":2000,"height":1500,"caption":"Septi\u00e8me \u00e9dition du Parlement europ\u00e9en des lyc\u00e9ens"},{"@type":"BreadcrumbList","@id":"https:\/\/dfg-lfa.org\/fr\/2025\/03\/dfg-beim-7-europaeischen-schuelerparlament\/#breadcrumb","itemListElement":[{"@type":"ListItem","position":1,"name":"Startseite","item":"https:\/\/dfg-lfa.org\/fr\/"},{"@type":"ListItem","position":2,"name":"DFG beim 7. Europ\u00e4ischen Sch\u00fclerparlament"}]},{"@type":"WebSite","@id":"https:\/\/dfg-lfa.org\/fr\/#website","url":"https:\/\/dfg-lfa.org\/fr\/","name":"Lyc\u00e9e Franco-Allemand de Sarrebruck","description":"Einander begegnen \u2013 Avancer ensemble \u2013 We make Europe happen","publisher":{"@id":"https:\/\/dfg-lfa.org\/fr\/#organization"},"potentialAction":[{"@type":"SearchAction","target":{"@type":"EntryPoint","urlTemplate":"https:\/\/dfg-lfa.org\/fr\/?s={search_term_string}"},"query-input":{"@type":"PropertyValueSpecification","valueRequired":true,"valueName":"search_term_string"}}],"inLanguage":"fr-FR"},{"@type":"Organization","@id":"https:\/\/dfg-lfa.org\/fr\/#organization","name":"Deutsch-Franz\u00f6sisches Gymnasium Saarbr\u00fccken","url":"https:\/\/dfg-lfa.org\/fr\/","logo":{"@type":"ImageObject","inLanguage":"fr-FR","@id":"https:\/\/dfg-lfa.org\/fr\/#\/schema\/logo\/image\/","url":"https:\/\/dfg-lfa.org\/wp-content\/uploads\/DFG-logo.png","contentUrl":"https:\/\/dfg-lfa.org\/wp-content\/uploads\/DFG-logo.png","width":200,"height":77,"caption":"Deutsch-Franz\u00f6sisches Gymnasium Saarbr\u00fccken"},"image":{"@id":"https:\/\/dfg-lfa.org\/fr\/#\/schema\/logo\/image\/"},"sameAs":["https:\/\/www.facebook.com\/dfglfa\/","https:\/\/x.com\/DFGLFA","https:\/\/www.instagram.com\/dfg_lfa_saarbruecken\/","https:\/\/www.youtube.com\/channel\/UCoxV4_gnJ3blV1U7iOjCV7w\/","https:\/\/de.wikipedia.org\/wiki\/Deutsch-Franz\u00f6sisches_Gymnasium_in_Saarbr\u00fccken"]},{"@type":"Person","@id":"https:\/\/dfg-lfa.org\/#\/schema\/person\/a8fe67fb1ec6d85c85d21daf2d68fa69","name":"Administrator"}]}},"_links":{"self":[{"href":"https:\/\/dfg-lfa.org\/fr\/wp-json\/wp\/v2\/posts\/66965","targetHints":{"allow":["GET"]}}],"collection":[{"href":"https:\/\/dfg-lfa.org\/fr\/wp-json\/wp\/v2\/posts"}],"about":[{"href":"https:\/\/dfg-lfa.org\/fr\/wp-json\/wp\/v2\/types\/post"}],"author":[{"embeddable":true,"href":"https:\/\/dfg-lfa.org\/fr\/wp-json\/wp\/v2\/users\/2"}],"replies":[{"embeddable":true,"href":"https:\/\/dfg-lfa.org\/fr\/wp-json\/wp\/v2\/comments?post=66965"}],"version-history":[{"count":16,"href":"https:\/\/dfg-lfa.org\/fr\/wp-json\/wp\/v2\/posts\/66965\/revisions"}],"predecessor-version":[{"id":67018,"href":"https:\/\/dfg-lfa.org\/fr\/wp-json\/wp\/v2\/posts\/66965\/revisions\/67018"}],"wp:featuredmedia":[{"embeddable":true,"href":"https:\/\/dfg-lfa.org\/fr\/wp-json\/wp\/v2\/media\/67017"}],"wp:attachment":[{"href":"https:\/\/dfg-lfa.org\/fr\/wp-json\/wp\/v2\/media?parent=66965"}],"wp:term":[{"taxonomy":"category","embeddable":true,"href":"https:\/\/dfg-lfa.org\/fr\/wp-json\/wp\/v2\/categories?post=66965"},{"taxonomy":"post_tag","embeddable":true,"href":"https:\/\/dfg-lfa.org\/fr\/wp-json\/wp\/v2\/tags?post=66965"}],"curies":[{"name":"wp","href":"https:\/\/api.w.org\/{rel}","templated":true}]}}