{"id":69127,"date":"2025-10-17T16:43:54","date_gmt":"2025-10-17T14:43:54","guid":{"rendered":"https:\/\/dfg-lfa.org\/?p=69127"},"modified":"2025-10-17T16:43:54","modified_gmt":"2025-10-17T14:43:54","slug":"gemeinsam-klappt-es-besser-die-8-klassen-stellen-sich-den-herausforderungen-der-kooperation","status":"publish","type":"post","link":"https:\/\/dfg-lfa.org\/fr\/2025\/10\/gemeinsam-klappt-es-besser-die-8-klassen-stellen-sich-den-herausforderungen-der-kooperation\/","title":{"rendered":"Ensemble, on va plus loin ! Les classes de 8 rel\u00e8vent le d\u00e9fi de la coop\u00e9ration."},"content":{"rendered":"<p><a href=\"https:\/\/dfg-lfa.org\/wp-content\/uploads\/EPZ-1.jpeg\"><img loading=\"lazy\" decoding=\"async\" class=\"alignleft size-medium wp-image-69130\" src=\"https:\/\/dfg-lfa.org\/wp-content\/uploads\/EPZ-1-300x226.jpeg\" alt=\"Gemeinsam klappt es besser! Die 8. Klassen stellen sich den Herausforderungen der Kooperation.\" width=\"300\" height=\"226\" srcset=\"https:\/\/dfg-lfa.org\/wp-content\/uploads\/EPZ-1-300x226.jpeg 300w, https:\/\/dfg-lfa.org\/wp-content\/uploads\/EPZ-1-150x113.jpeg 150w, https:\/\/dfg-lfa.org\/wp-content\/uploads\/EPZ-1-768x578.jpeg 768w, https:\/\/dfg-lfa.org\/wp-content\/uploads\/EPZ-1-1536x1157.jpeg 1536w, https:\/\/dfg-lfa.org\/wp-content\/uploads\/EPZ-1-266x200.jpeg 266w, https:\/\/dfg-lfa.org\/wp-content\/uploads\/EPZ-1.jpeg 1600w\" sizes=\"auto, (max-width: 300px) 100vw, 300px\" \/><\/a>Du 13 au 17 octobre, toutes les classes de 8 du LFA ont pris part \u00e0 un atelier de trois p\u00e9riodes de 45 minutes anim\u00e9 par l\u2019EPZ (Erlebnisp\u00e4dagogisches Zentrum). Ce projet, co-financ\u00e9 par l\u2019Amicale ALFA, proposait diverses activit\u00e9s centr\u00e9es sur la coop\u00e9ration et l\u2019entraide, avec pour objectif principal de f\u00e9d\u00e9rer le groupe-classe.<\/p>\n<p>Tout au long de la s\u00e9ance, les \u00e9l\u00e8ves ont \u00e9t\u00e9 invit\u00e9.e.s \u00e0 \u00e9laborer ensemble des strat\u00e9gies pour r\u00e9soudre des d\u00e9fis vari\u00e9s, puis \u00e0 les mettre en pratique, que ce soit en bin\u00f4me, en petites \u00e9quipes ou en classe enti\u00e8re. Ces exp\u00e9riences leur ont permis de renforcer la communication, la confiance mutuelle et l\u2019esprit d\u2019\u00e9quipe, \u00e9l\u00e9ments essentiels \u00e0 la coh\u00e9sion du groupe-classe.<\/p>\n<p><div id='gallery-2' class='gallery galleryid-69127 gallery-columns-2 gallery-size-large'><figure class='gallery-item'>\n\t\t\t<div class='gallery-icon portrait'>\n\t\t\t\t<a href='https:\/\/dfg-lfa.org\/wp-content\/uploads\/EPZ-2.jpeg'><img loading=\"lazy\" decoding=\"async\" width=\"720\" height=\"1279\" src=\"https:\/\/dfg-lfa.org\/wp-content\/uploads\/EPZ-2.jpeg\" class=\"attachment-large size-large\" alt=\"Gemeinsam klappt es besser! Die 8. Klassen stellen sich den Herausforderungen der Kooperation.\" srcset=\"https:\/\/dfg-lfa.org\/wp-content\/uploads\/EPZ-2.jpeg 720w, https:\/\/dfg-lfa.org\/wp-content\/uploads\/EPZ-2-169x300.jpeg 169w, https:\/\/dfg-lfa.org\/wp-content\/uploads\/EPZ-2-84x150.jpeg 84w, https:\/\/dfg-lfa.org\/wp-content\/uploads\/EPZ-2-113x200.jpeg 113w\" sizes=\"auto, (max-width: 720px) 100vw, 720px\" \/><\/a>\n\t\t\t<\/div><\/figure><figure class='gallery-item'>\n\t\t\t<div class='gallery-icon portrait'>\n\t\t\t\t<a href='https:\/\/dfg-lfa.org\/wp-content\/uploads\/EPZ-3.jpeg'><img loading=\"lazy\" decoding=\"async\" width=\"720\" height=\"1280\" src=\"https:\/\/dfg-lfa.org\/wp-content\/uploads\/EPZ-3.jpeg\" class=\"attachment-large size-large\" alt=\"Gemeinsam klappt es besser! Die 8. Klassen stellen sich den Herausforderungen der Kooperation.\" srcset=\"https:\/\/dfg-lfa.org\/wp-content\/uploads\/EPZ-3.jpeg 720w, https:\/\/dfg-lfa.org\/wp-content\/uploads\/EPZ-3-169x300.jpeg 169w, https:\/\/dfg-lfa.org\/wp-content\/uploads\/EPZ-3-84x150.jpeg 84w, https:\/\/dfg-lfa.org\/wp-content\/uploads\/EPZ-3-113x200.jpeg 113w\" sizes=\"auto, (max-width: 720px) 100vw, 720px\" \/><\/a>\n\t\t\t<\/div><\/figure><figure class='gallery-item'>\n\t\t\t<div class='gallery-icon portrait'>\n\t\t\t\t<a href='https:\/\/dfg-lfa.org\/wp-content\/uploads\/EPZ-6.jpeg'><img loading=\"lazy\" decoding=\"async\" width=\"720\" height=\"1280\" src=\"https:\/\/dfg-lfa.org\/wp-content\/uploads\/EPZ-6.jpeg\" class=\"attachment-large size-large\" alt=\"Gemeinsam klappt es besser! Die 8. Klassen stellen sich den Herausforderungen der Kooperation.\" srcset=\"https:\/\/dfg-lfa.org\/wp-content\/uploads\/EPZ-6.jpeg 720w, https:\/\/dfg-lfa.org\/wp-content\/uploads\/EPZ-6-169x300.jpeg 169w, https:\/\/dfg-lfa.org\/wp-content\/uploads\/EPZ-6-84x150.jpeg 84w, https:\/\/dfg-lfa.org\/wp-content\/uploads\/EPZ-6-113x200.jpeg 113w\" sizes=\"auto, (max-width: 720px) 100vw, 720px\" \/><\/a>\n\t\t\t<\/div><\/figure><figure class='gallery-item'>\n\t\t\t<div class='gallery-icon portrait'>\n\t\t\t\t<a href='https:\/\/dfg-lfa.org\/wp-content\/uploads\/EPZ-7.jpeg'><img loading=\"lazy\" decoding=\"async\" width=\"720\" height=\"1280\" src=\"https:\/\/dfg-lfa.org\/wp-content\/uploads\/EPZ-7.jpeg\" class=\"attachment-large size-large\" alt=\"Gemeinsam klappt es besser! Die 8. Klassen stellen sich den Herausforderungen der Kooperation.\" srcset=\"https:\/\/dfg-lfa.org\/wp-content\/uploads\/EPZ-7.jpeg 720w, https:\/\/dfg-lfa.org\/wp-content\/uploads\/EPZ-7-169x300.jpeg 169w, https:\/\/dfg-lfa.org\/wp-content\/uploads\/EPZ-7-84x150.jpeg 84w, https:\/\/dfg-lfa.org\/wp-content\/uploads\/EPZ-7-113x200.jpeg 113w\" sizes=\"auto, (max-width: 720px) 100vw, 720px\" \/><\/a>\n\t\t\t<\/div><\/figure><figure class='gallery-item'>\n\t\t\t<div class='gallery-icon landscape'>\n\t\t\t\t<a href='https:\/\/dfg-lfa.org\/wp-content\/uploads\/EPZ-4.jpeg'><img loading=\"lazy\" decoding=\"async\" width=\"1249\" height=\"940\" src=\"https:\/\/dfg-lfa.org\/wp-content\/uploads\/EPZ-4.jpeg\" class=\"attachment-large size-large\" alt=\"Gemeinsam klappt es besser! Die 8. Klassen stellen sich den Herausforderungen der Kooperation.\" srcset=\"https:\/\/dfg-lfa.org\/wp-content\/uploads\/EPZ-4.jpeg 1600w, https:\/\/dfg-lfa.org\/wp-content\/uploads\/EPZ-4-300x226.jpeg 300w, https:\/\/dfg-lfa.org\/wp-content\/uploads\/EPZ-4-150x113.jpeg 150w, https:\/\/dfg-lfa.org\/wp-content\/uploads\/EPZ-4-768x578.jpeg 768w, https:\/\/dfg-lfa.org\/wp-content\/uploads\/EPZ-4-1536x1156.jpeg 1536w, https:\/\/dfg-lfa.org\/wp-content\/uploads\/EPZ-4-266x200.jpeg 266w\" sizes=\"auto, (max-width: 1249px) 100vw, 1249px\" \/><\/a>\n\t\t\t<\/div><\/figure><figure class='gallery-item'>\n\t\t\t<div class='gallery-icon landscape'>\n\t\t\t\t<a href='https:\/\/dfg-lfa.org\/wp-content\/uploads\/EPZ-5.jpeg'><img loading=\"lazy\" decoding=\"async\" width=\"1249\" height=\"940\" src=\"https:\/\/dfg-lfa.org\/wp-content\/uploads\/EPZ-5.jpeg\" class=\"attachment-large size-large\" alt=\"Gemeinsam klappt es besser! Die 8. Klassen stellen sich den Herausforderungen der Kooperation.\" srcset=\"https:\/\/dfg-lfa.org\/wp-content\/uploads\/EPZ-5.jpeg 1600w, https:\/\/dfg-lfa.org\/wp-content\/uploads\/EPZ-5-300x226.jpeg 300w, https:\/\/dfg-lfa.org\/wp-content\/uploads\/EPZ-5-150x113.jpeg 150w, https:\/\/dfg-lfa.org\/wp-content\/uploads\/EPZ-5-768x578.jpeg 768w, https:\/\/dfg-lfa.org\/wp-content\/uploads\/EPZ-5-1536x1156.jpeg 1536w, https:\/\/dfg-lfa.org\/wp-content\/uploads\/EPZ-5-266x200.jpeg 266w\" sizes=\"auto, (max-width: 1249px) 100vw, 1249px\" \/><\/a>\n\t\t\t<\/div><\/figure>\n\t\t<\/div>\n<\/p>\n<div class=\"shariff shariff-align-left shariff-widget-align-left shariff-buttonstretch\" style=\"display:none\"><ul class=\"shariff-buttons theme-white orientation-horizontal buttonsize-medium\"><li class=\"shariff-button facebook shariff-nocustomcolor\" style=\"background-color:#4273c8\"><a href=\"https:\/\/www.facebook.com\/sharer\/sharer.php?u=https%3A%2F%2Fdfg-lfa.org%2Ffr%2F2025%2F10%2Fgemeinsam-klappt-es-besser-die-8-klassen-stellen-sich-den-herausforderungen-der-kooperation%2F\" title=\"Envoyer par Facebook\" aria-label=\"Envoyer par Facebook\" role=\"button\" rel=\"nofollow\" class=\"shariff-link\" style=\"; background-color:#3b5998; color:#3b5998\" target=\"_blank\"><span class=\"shariff-icon\" style=\"fill:#3b5998\"><svg width=\"32px\" height=\"20px\" xmlns=\"http:\/\/www.w3.org\/2000\/svg\" viewBox=\"0 0 18 32\"><path fill=\"#3b5998\" d=\"M17.1 0.2v4.7h-2.8q-1.5 0-2.1 0.6t-0.5 1.9v3.4h5.2l-0.7 5.3h-4.5v13.6h-5.5v-13.6h-4.5v-5.3h4.5v-3.9q0-3.3 1.9-5.2t5-1.8q2.6 0 4.1 0.2z\"\/><\/svg><\/span><span class=\"shariff-text\" style=\"color:#3b5998\">partager<\/span>&nbsp;<\/a><\/li><li class=\"shariff-button whatsapp shariff-nocustomcolor\" style=\"background-color:#5cbe4a\"><a href=\"https:\/\/api.whatsapp.com\/send?text=https%3A%2F%2Fdfg-lfa.org%2Ffr%2F2025%2F10%2Fgemeinsam-klappt-es-besser-die-8-klassen-stellen-sich-den-herausforderungen-der-kooperation%2F%20Ensemble%2C%20on%20va%20plus%20loin%20%21%20Les%20classes%20de%208%20rel%C3%A8vent%20le%20d%C3%A9fi%20de%20la%20coop%C3%A9ration.\" title=\"Envoyer par Whatsapp\" aria-label=\"Envoyer par Whatsapp\" role=\"button\" rel=\"noopener nofollow\" class=\"shariff-link\" style=\"; background-color:#34af23; color:#34af23\" target=\"_blank\"><span class=\"shariff-icon\" style=\"fill:#34af23\"><svg width=\"32px\" height=\"20px\" xmlns=\"http:\/\/www.w3.org\/2000\/svg\" viewBox=\"0 0 32 32\"><path fill=\"#34af23\" d=\"M17.6 17.4q0.2 0 1.7 0.8t1.6 0.9q0 0.1 0 0.3 0 0.6-0.3 1.4-0.3 0.7-1.3 1.2t-1.8 0.5q-1 0-3.4-1.1-1.7-0.8-3-2.1t-2.6-3.3q-1.3-1.9-1.3-3.5v-0.1q0.1-1.6 1.3-2.8 0.4-0.4 0.9-0.4 0.1 0 0.3 0t0.3 0q0.3 0 0.5 0.1t0.3 0.5q0.1 0.4 0.6 1.6t0.4 1.3q0 0.4-0.6 1t-0.6 0.8q0 0.1 0.1 0.3 0.6 1.3 1.8 2.4 1 0.9 2.7 1.8 0.2 0.1 0.4 0.1 0.3 0 1-0.9t0.9-0.9zM14 26.9q2.3 0 4.3-0.9t3.6-2.4 2.4-3.6 0.9-4.3-0.9-4.3-2.4-3.6-3.6-2.4-4.3-0.9-4.3 0.9-3.6 2.4-2.4 3.6-0.9 4.3q0 3.6 2.1 6.6l-1.4 4.2 4.3-1.4q2.8 1.9 6.2 1.9zM14 2.2q2.7 0 5.2 1.1t4.3 2.9 2.9 4.3 1.1 5.2-1.1 5.2-2.9 4.3-4.3 2.9-5.2 1.1q-3.5 0-6.5-1.7l-7.4 2.4 2.4-7.2q-1.9-3.2-1.9-6.9 0-2.7 1.1-5.2t2.9-4.3 4.3-2.9 5.2-1.1z\"\/><\/svg><\/span><span class=\"shariff-text\" style=\"color:#34af23\">partager<\/span>&nbsp;<\/a><\/li><li class=\"shariff-button threema shariff-nocustomcolor shariff-mobile\" style=\"background-color:#4fbc24\"><a href=\"threema:\/\/compose?text=Ensemble%2C%20on%20va%20plus%20loin%20%21%20Les%20classes%20de%208%20rel%C3%A8vent%20le%20d%C3%A9fi%20de%20la%20coop%C3%A9ration.%20https%3A%2F%2Fdfg-lfa.org%2Ffr%2F2025%2F10%2Fgemeinsam-klappt-es-besser-die-8-klassen-stellen-sich-den-herausforderungen-der-kooperation%2F\" title=\"Envoyer par Threema\" aria-label=\"Envoyer par Threema\" role=\"button\" rel=\"noopener nofollow\" class=\"shariff-link\" style=\"; background-color:#1f1f1f; color:#1f1f1f\" target=\"_blank\"><span class=\"shariff-icon\" style=\"fill:#1f1f1f\"><svg width=\"32px\" height=\"20px\" xmlns=\"http:\/\/www.w3.org\/2000\/svg\" viewBox=\"0 0 32 32\"><path fill=\"#1f1f1f\" d=\"M30.8 10.9c-0.3-1.4-0.9-2.6-1.8-3.8-2-2.6-5.5-4.5-9.4-5.2-1.3-0.2-1.9-0.3-3.5-0.3s-2.2 0-3.5 0.3c-4 0.7-7.4 2.6-9.4 5.2-0.9 1.2-1.5 2.4-1.8 3.8-0.1 0.5-0.2 1.2-0.2 1.6 0 0.4 0.1 1.1 0.2 1.6 0.4 1.9 1.3 3.4 2.9 5 0.8 0.8 0.8 0.8 0.7 1.3 0 0.6-0.5 1.6-1.7 3.6-0.3 0.5-0.5 0.9-0.5 0.9 0 0.1 0.1 0.1 0.5 0 0.8-0.2 2.3-0.6 5.6-1.6 1.1-0.3 1.3-0.4 2.3-0.4 0.8 0 1.1 0 2.3 0.2 1.5 0.2 3.5 0.2 4.9 0 5.1-0.6 9.3-2.9 11.4-6.3 0.5-0.9 0.9-1.8 1.1-2.8 0.1-0.5 0.2-1.1 0.2-1.6 0-0.7-0.1-1.1-0.2-1.6-0.3-1.4 0.1 0.5 0 0zM20.6 17.3c0 0.4-0.4 0.8-0.8 0.8h-7.7c-0.4 0-0.8-0.4-0.8-0.8v-4.6c0-0.4 0.4-0.8 0.8-0.8h0.2l0-1.6c0-0.9 0-1.8 0.1-2 0.1-0.6 0.6-1.2 1.1-1.7s1.1-0.7 1.9-0.8c1.8-0.3 3.7 0.7 4.2 2.2 0.1 0.3 0.1 0.7 0.1 2.1v0 1.7h0.1c0.4 0 0.8 0.4 0.8 0.8v4.6zM15.6 7.3c-0.5 0.1-0.8 0.3-1.2 0.6s-0.6 0.8-0.7 1.3c0 0.2 0 0.8 0 1.5l0 1.2h4.6v-1.3c0-1 0-1.4-0.1-1.6-0.3-1.1-1.5-1.9-2.6-1.7zM25.8 28.2c0 1.2-1 2.2-2.1 2.2s-2.1-1-2.1-2.1c0-1.2 1-2.1 2.2-2.1s2.2 1 2.2 2.2zM18.1 28.2c0 1.2-1 2.2-2.1 2.2s-2.1-1-2.1-2.1c0-1.2 1-2.1 2.2-2.1s2.2 1 2.2 2.2zM10.4 28.2c0 1.2-1 2.2-2.1 2.2s-2.1-1-2.1-2.1c0-1.2 1-2.1 2.2-2.1s2.2 1 2.2 2.2z\"\/><\/svg><\/span><span class=\"shariff-text\" style=\"color:#1f1f1f\">partager<\/span>&nbsp;<\/a><\/li><li class=\"shariff-button mastodon shariff-nocustomcolor\" style=\"background-color:#563ACC\"><a href=\"https:\/\/s2f.kytta.dev\/?text=Ensemble%2C%20on%20va%20plus%20loin%20%21%20Les%20classes%20de%208%20rel%C3%A8vent%20le%20d%C3%A9fi%20de%20la%20coop%C3%A9ration. https%3A%2F%2Fdfg-lfa.org%2Ffr%2F2025%2F10%2Fgemeinsam-klappt-es-besser-die-8-klassen-stellen-sich-den-herausforderungen-der-kooperation%2F\" title=\"Envoyer par Mastodon\" aria-label=\"Envoyer par Mastodon\" role=\"button\" rel=\"noopener nofollow\" class=\"shariff-link\" style=\"; background-color:#6364FF; color:#6364FF\" target=\"_blank\"><span class=\"shariff-icon\" style=\"fill:#6364FF\"><svg width=\"75\" height=\"79\" viewBox=\"0 0 75 79\" fill=\"none\" xmlns=\"http:\/\/www.w3.org\/2000\/svg\"><path d=\"M37.813-.025C32.462-.058 27.114.13 21.79.598c-8.544.621-17.214 5.58-20.203 13.931C-1.12 23.318.408 32.622.465 41.65c.375 7.316.943 14.78 3.392 21.73 4.365 9.465 14.781 14.537 24.782 15.385 7.64.698 15.761-.213 22.517-4.026a54.1 54.1 0 0 0 .01-6.232c-6.855 1.316-14.101 2.609-21.049 1.074-3.883-.88-6.876-4.237-7.25-8.215-1.53-3.988 3.78-.43 5.584-.883 9.048 1.224 18.282.776 27.303-.462 7.044-.837 14.26-4.788 16.65-11.833 2.263-6.135 1.215-12.79 1.698-19.177.06-3.84.09-7.692-.262-11.52C72.596 7.844 63.223.981 53.834.684a219.453 219.453 0 0 0-16.022-.71zm11.294 12.882c5.5-.067 10.801 4.143 11.67 9.653.338 1.48.471 3 .471 4.515v21.088h-8.357c-.07-7.588.153-15.182-.131-22.765-.587-4.368-7.04-5.747-9.672-2.397-2.422 3.04-1.47 7.155-1.67 10.735v6.392h-8.307c-.146-4.996.359-10.045-.404-15.002-1.108-4.218-7.809-5.565-10.094-1.666-1.685 3.046-.712 6.634-.976 9.936v14.767h-8.354c.109-8.165-.238-16.344.215-24.5.674-5.346 5.095-10.389 10.676-10.627 4.902-.739 10.103 2.038 12.053 6.631.375 1.435 1.76 1.932 1.994.084 1.844-3.704 5.501-6.739 9.785-6.771.367-.044.735-.068 1.101-.073z\"\/><defs><linearGradient id=\"paint0_linear_549_34\" x1=\"37.0692\" y1=\"0\" x2=\"37.0692\" y2=\"79\" gradientUnits=\"userSpaceOnUse\"><stop stop-color=\"#6364FF\"\/><stop offset=\"1\" stop-color=\"#563ACC\"\/><\/linearGradient><\/defs><\/svg><\/span><span class=\"shariff-text\" style=\"color:#6364FF\">partager<\/span>&nbsp;<\/a><\/li><li class=\"shariff-button mailto shariff-nocustomcolor\" style=\"background-color:#a8a8a8\"><a href=\"mailto:?body=https%3A%2F%2Fdfg-lfa.org%2Ffr%2F2025%2F10%2Fgemeinsam-klappt-es-besser-die-8-klassen-stellen-sich-den-herausforderungen-der-kooperation%2F&subject=Ensemble%2C%20on%20va%20plus%20loin%20%21%20Les%20classes%20de%208%20rel%C3%A8vent%20le%20d%C3%A9fi%20de%20la%20coop%C3%A9ration.\" title=\"Envoyer par courriel\" aria-label=\"Envoyer par courriel\" role=\"button\" rel=\"noopener nofollow\" class=\"shariff-link\" style=\"; background-color:#999; color:#999\"><span class=\"shariff-icon\" style=\"fill:#999\"><svg width=\"32px\" height=\"20px\" xmlns=\"http:\/\/www.w3.org\/2000\/svg\" viewBox=\"0 0 32 32\"><path fill=\"#999\" d=\"M32 12.7v14.2q0 1.2-0.8 2t-2 0.9h-26.3q-1.2 0-2-0.9t-0.8-2v-14.2q0.8 0.9 1.8 1.6 6.5 4.4 8.9 6.1 1 0.8 1.6 1.2t1.7 0.9 2 0.4h0.1q0.9 0 2-0.4t1.7-0.9 1.6-1.2q3-2.2 8.9-6.1 1-0.7 1.8-1.6zM32 7.4q0 1.4-0.9 2.7t-2.2 2.2q-6.7 4.7-8.4 5.8-0.2 0.1-0.7 0.5t-1 0.7-0.9 0.6-1.1 0.5-0.9 0.2h-0.1q-0.4 0-0.9-0.2t-1.1-0.5-0.9-0.6-1-0.7-0.7-0.5q-1.6-1.1-4.7-3.2t-3.6-2.6q-1.1-0.7-2.1-2t-1-2.5q0-1.4 0.7-2.3t2.1-0.9h26.3q1.2 0 2 0.8t0.9 2z\"\/><\/svg><\/span><span class=\"shariff-text\" style=\"color:#999\">courriel<\/span>&nbsp;<\/a><\/li><li class=\"shariff-button info shariff-nocustomcolor\" style=\"background-color:#a8a8a8\"><a href=\"http:\/\/ct.de\/-2467514\" title=\"Datenschutz-Infos\" aria-label=\"Datenschutz-Infos\" role=\"button\" rel=\"noopener \" class=\"shariff-link\" style=\"; background-color:#999; color:#999\" target=\"_blank\"><span class=\"shariff-icon\" style=\"fill:#999\"><svg width=\"32px\" height=\"20px\" xmlns=\"http:\/\/www.w3.org\/2000\/svg\" viewBox=\"0 0 11 32\"><path fill=\"#999\" d=\"M11.4 24v2.3q0 0.5-0.3 0.8t-0.8 0.4h-9.1q-0.5 0-0.8-0.4t-0.4-0.8v-2.3q0-0.5 0.4-0.8t0.8-0.4h1.1v-6.8h-1.1q-0.5 0-0.8-0.4t-0.4-0.8v-2.3q0-0.5 0.4-0.8t0.8-0.4h6.8q0.5 0 0.8 0.4t0.4 0.8v10.3h1.1q0.5 0 0.8 0.4t0.3 0.8zM9.2 3.4v3.4q0 0.5-0.4 0.8t-0.8 0.4h-4.6q-0.4 0-0.8-0.4t-0.4-0.8v-3.4q0-0.4 0.4-0.8t0.8-0.4h4.6q0.5 0 0.8 0.4t0.4 0.8z\"\/><\/svg><\/span><\/a><\/li><\/ul><\/div>","protected":false},"excerpt":{"rendered":"<p>Du 13 au 17 octobre, toutes les classes de 8 du LFA ont pris part \u00e0 un atelier de trois p\u00e9riodes de 45 minutes anim\u00e9 par l\u2019EPZ (Erlebnisp\u00e4dagogisches Zentrum). Ce projet, co-financ\u00e9 par l\u2019Amicale ALFA, proposait diverses activit\u00e9s centr\u00e9es sur la coop\u00e9ration et l\u2019entraide, avec pour objectif principal de f\u00e9d\u00e9rer &hellip;<\/p>\n","protected":false},"author":2,"featured_media":69138,"comment_status":"closed","ping_status":"closed","sticky":false,"template":"","format":"standard","meta":{"inline_featured_image":false,"footnotes":""},"categories":[3],"tags":[],"class_list":["post-69127","post","type-post","status-publish","format-standard","has-post-thumbnail","hentry","category-schule-aktuell"],"yoast_head":"<!-- This site is optimized with the Yoast SEO plugin v27.5 - https:\/\/yoast.com\/product\/yoast-seo-wordpress\/ -->\n<title>Ensemble, on va plus loin ! Les classes de 8 rel\u00e8vent le d\u00e9fi de la coop\u00e9ration. - Lyc\u00e9e Franco-Allemand de Sarrebruck<\/title>\n<meta name=\"robots\" content=\"index, follow, max-snippet:-1, max-image-preview:large, max-video-preview:-1\" \/>\n<link rel=\"canonical\" href=\"https:\/\/dfg-lfa.org\/fr\/2025\/10\/gemeinsam-klappt-es-besser-die-8-klassen-stellen-sich-den-herausforderungen-der-kooperation\/\" \/>\n<meta property=\"og:locale\" content=\"fr_FR\" \/>\n<meta property=\"og:type\" content=\"article\" \/>\n<meta property=\"og:title\" content=\"Ensemble, on va plus loin ! Les classes de 8 rel\u00e8vent le d\u00e9fi de la coop\u00e9ration. - Lyc\u00e9e Franco-Allemand de Sarrebruck\" \/>\n<meta property=\"og:description\" content=\"Du 13 au 17 octobre, toutes les classes de 8 du LFA ont pris part \u00e0 un atelier de trois p\u00e9riodes de 45 minutes anim\u00e9 par l\u2019EPZ (Erlebnisp\u00e4dagogisches Zentrum). Ce projet, co-financ\u00e9 par l\u2019Amicale ALFA, proposait diverses activit\u00e9s centr\u00e9es sur la coop\u00e9ration et l\u2019entraide, avec pour objectif principal de f\u00e9d\u00e9rer &hellip;\" \/>\n<meta property=\"og:url\" content=\"https:\/\/dfg-lfa.org\/fr\/2025\/10\/gemeinsam-klappt-es-besser-die-8-klassen-stellen-sich-den-herausforderungen-der-kooperation\/\" \/>\n<meta property=\"og:site_name\" content=\"Lyc\u00e9e Franco-Allemand de Sarrebruck\" \/>\n<meta property=\"article:publisher\" content=\"https:\/\/www.facebook.com\/dfglfa\/\" \/>\n<meta property=\"article:published_time\" content=\"2025-10-17T14:43:54+00:00\" \/>\n<meta property=\"og:image\" content=\"https:\/\/dfg-lfa.org\/wp-content\/uploads\/EPZ-2025.jpeg\" \/>\n\t<meta property=\"og:image:width\" content=\"1364\" \/>\n\t<meta property=\"og:image:height\" content=\"725\" \/>\n\t<meta property=\"og:image:type\" content=\"image\/jpeg\" \/>\n<meta name=\"author\" content=\"Administrator\" \/>\n<meta name=\"twitter:card\" content=\"summary_large_image\" \/>\n<meta name=\"twitter:creator\" content=\"@DFGLFA\" \/>\n<meta name=\"twitter:site\" content=\"@DFGLFA\" \/>\n<meta name=\"twitter:label1\" content=\"\u00c9crit par\" \/>\n\t<meta name=\"twitter:data1\" content=\"Administrator\" \/>\n\t<meta name=\"twitter:label2\" content=\"Dur\u00e9e de lecture estim\u00e9e\" \/>\n\t<meta name=\"twitter:data2\" content=\"2 minutes\" \/>\n<script type=\"application\/ld+json\" class=\"yoast-schema-graph\">{\"@context\":\"https:\\\/\\\/schema.org\",\"@graph\":[{\"@type\":\"Article\",\"@id\":\"https:\\\/\\\/dfg-lfa.org\\\/2025\\\/10\\\/gemeinsam-klappt-es-besser-die-8-klassen-stellen-sich-den-herausforderungen-der-kooperation\\\/#article\",\"isPartOf\":{\"@id\":\"https:\\\/\\\/dfg-lfa.org\\\/2025\\\/10\\\/gemeinsam-klappt-es-besser-die-8-klassen-stellen-sich-den-herausforderungen-der-kooperation\\\/\"},\"author\":{\"name\":\"Administrator\",\"@id\":\"https:\\\/\\\/dfg-lfa.org\\\/#\\\/schema\\\/person\\\/a8fe67fb1ec6d85c85d21daf2d68fa69\"},\"headline\":\"Ensemble, on va plus loin ! Les classes de 8 rel\u00e8vent le d\u00e9fi de la coop\u00e9ration.\",\"datePublished\":\"2025-10-17T14:43:54+00:00\",\"mainEntityOfPage\":{\"@id\":\"https:\\\/\\\/dfg-lfa.org\\\/2025\\\/10\\\/gemeinsam-klappt-es-besser-die-8-klassen-stellen-sich-den-herausforderungen-der-kooperation\\\/\"},\"wordCount\":293,\"publisher\":{\"@id\":\"https:\\\/\\\/dfg-lfa.org\\\/#organization\"},\"image\":{\"@id\":\"https:\\\/\\\/dfg-lfa.org\\\/2025\\\/10\\\/gemeinsam-klappt-es-besser-die-8-klassen-stellen-sich-den-herausforderungen-der-kooperation\\\/#primaryimage\"},\"thumbnailUrl\":\"https:\\\/\\\/dfg-lfa.org\\\/wp-content\\\/uploads\\\/EPZ-2025.jpeg\",\"articleSection\":[\"Actualit\u00e9s\"],\"inLanguage\":\"fr-FR\"},{\"@type\":\"WebPage\",\"@id\":\"https:\\\/\\\/dfg-lfa.org\\\/fr\\\/2025\\\/10\\\/gemeinsam-klappt-es-besser-die-8-klassen-stellen-sich-den-herausforderungen-der-kooperation\\\/\",\"url\":\"https:\\\/\\\/dfg-lfa.org\\\/fr\\\/2025\\\/10\\\/gemeinsam-klappt-es-besser-die-8-klassen-stellen-sich-den-herausforderungen-der-kooperation\\\/\",\"name\":\"Ensemble, on va plus loin ! Les classes de 8 rel\u00e8vent le d\u00e9fi de la coop\u00e9ration. - Lyc\u00e9e Franco-Allemand de Sarrebruck\",\"isPartOf\":{\"@id\":\"https:\\\/\\\/dfg-lfa.org\\\/fr\\\/#website\"},\"primaryImageOfPage\":{\"@id\":\"https:\\\/\\\/dfg-lfa.org\\\/fr\\\/2025\\\/10\\\/gemeinsam-klappt-es-besser-die-8-klassen-stellen-sich-den-herausforderungen-der-kooperation\\\/#primaryimage\"},\"image\":{\"@id\":\"https:\\\/\\\/dfg-lfa.org\\\/2025\\\/10\\\/gemeinsam-klappt-es-besser-die-8-klassen-stellen-sich-den-herausforderungen-der-kooperation\\\/#primaryimage\"},\"thumbnailUrl\":\"https:\\\/\\\/dfg-lfa.org\\\/wp-content\\\/uploads\\\/EPZ-2025.jpeg\",\"datePublished\":\"2025-10-17T14:43:54+00:00\",\"breadcrumb\":{\"@id\":\"https:\\\/\\\/dfg-lfa.org\\\/fr\\\/2025\\\/10\\\/gemeinsam-klappt-es-besser-die-8-klassen-stellen-sich-den-herausforderungen-der-kooperation\\\/#breadcrumb\"},\"inLanguage\":\"fr-FR\",\"potentialAction\":[{\"@type\":\"ReadAction\",\"target\":[[\"https:\\\/\\\/dfg-lfa.org\\\/fr\\\/2025\\\/10\\\/gemeinsam-klappt-es-besser-die-8-klassen-stellen-sich-den-herausforderungen-der-kooperation\\\/\"]]}]},{\"@type\":\"ImageObject\",\"inLanguage\":\"fr-FR\",\"@id\":\"https:\\\/\\\/dfg-lfa.org\\\/fr\\\/2025\\\/10\\\/gemeinsam-klappt-es-besser-die-8-klassen-stellen-sich-den-herausforderungen-der-kooperation\\\/#primaryimage\",\"url\":\"https:\\\/\\\/dfg-lfa.org\\\/wp-content\\\/uploads\\\/EPZ-2025.jpeg\",\"contentUrl\":\"https:\\\/\\\/dfg-lfa.org\\\/wp-content\\\/uploads\\\/EPZ-2025.jpeg\",\"width\":1364,\"height\":725,\"caption\":\"Gemeinsam klappt es besser! Die 8. Klassen stellen sich den Herausforderungen der Kooperation.\"},{\"@type\":\"BreadcrumbList\",\"@id\":\"https:\\\/\\\/dfg-lfa.org\\\/fr\\\/2025\\\/10\\\/gemeinsam-klappt-es-besser-die-8-klassen-stellen-sich-den-herausforderungen-der-kooperation\\\/#breadcrumb\",\"itemListElement\":[{\"@type\":\"ListItem\",\"position\":1,\"name\":\"Startseite\",\"item\":\"https:\\\/\\\/dfg-lfa.org\\\/fr\\\/\"},{\"@type\":\"ListItem\",\"position\":2,\"name\":\"Gemeinsam klappt es besser! Die 8. Klassen stellen sich den Herausforderungen der Kooperation.\"}]},{\"@type\":\"WebSite\",\"@id\":\"https:\\\/\\\/dfg-lfa.org\\\/fr\\\/#website\",\"url\":\"https:\\\/\\\/dfg-lfa.org\\\/fr\\\/\",\"name\":\"Lyc\u00e9e Franco-Allemand de Sarrebruck\",\"description\":\"Einander begegnen \u2013 Avancer ensemble \u2013 We make Europe happen\",\"publisher\":{\"@id\":\"https:\\\/\\\/dfg-lfa.org\\\/fr\\\/#organization\"},\"potentialAction\":[{\"@type\":\"SearchAction\",\"target\":{\"@type\":\"EntryPoint\",\"urlTemplate\":\"https:\\\/\\\/dfg-lfa.org\\\/fr\\\/?s={search_term_string}\"},\"query-input\":{\"@type\":\"PropertyValueSpecification\",\"valueRequired\":true,\"valueName\":\"search_term_string\"}}],\"inLanguage\":\"fr-FR\"},{\"@type\":\"Organization\",\"@id\":\"https:\\\/\\\/dfg-lfa.org\\\/fr\\\/#organization\",\"name\":\"Deutsch-Franz\u00f6sisches Gymnasium Saarbr\u00fccken\",\"url\":\"https:\\\/\\\/dfg-lfa.org\\\/fr\\\/\",\"logo\":{\"@type\":\"ImageObject\",\"inLanguage\":\"fr-FR\",\"@id\":\"https:\\\/\\\/dfg-lfa.org\\\/fr\\\/#\\\/schema\\\/logo\\\/image\\\/\",\"url\":\"https:\\\/\\\/dfg-lfa.org\\\/wp-content\\\/uploads\\\/DFG-logo.png\",\"contentUrl\":\"https:\\\/\\\/dfg-lfa.org\\\/wp-content\\\/uploads\\\/DFG-logo.png\",\"width\":200,\"height\":77,\"caption\":\"Deutsch-Franz\u00f6sisches Gymnasium Saarbr\u00fccken\"},\"image\":{\"@id\":\"https:\\\/\\\/dfg-lfa.org\\\/fr\\\/#\\\/schema\\\/logo\\\/image\\\/\"},\"sameAs\":[\"https:\\\/\\\/www.facebook.com\\\/dfglfa\\\/\",\"https:\\\/\\\/x.com\\\/DFGLFA\",\"https:\\\/\\\/www.instagram.com\\\/dfg_lfa_saarbruecken\\\/\",\"https:\\\/\\\/www.youtube.com\\\/channel\\\/UCoxV4_gnJ3blV1U7iOjCV7w\\\/\",\"https:\\\/\\\/de.wikipedia.org\\\/wiki\\\/Deutsch-Franz\u00f6sisches_Gymnasium_in_Saarbr\u00fccken\"]},{\"@type\":\"Person\",\"@id\":\"https:\\\/\\\/dfg-lfa.org\\\/#\\\/schema\\\/person\\\/a8fe67fb1ec6d85c85d21daf2d68fa69\",\"name\":\"Administrator\"}]}<\/script>\n<!-- \/ Yoast SEO plugin. -->","yoast_head_json":{"title":"Ensemble, on va plus loin ! Les classes de 8 rel\u00e8vent le d\u00e9fi de la coop\u00e9ration. - Lyc\u00e9e Franco-Allemand de Sarrebruck","robots":{"index":"index","follow":"follow","max-snippet":"max-snippet:-1","max-image-preview":"max-image-preview:large","max-video-preview":"max-video-preview:-1"},"canonical":"https:\/\/dfg-lfa.org\/fr\/2025\/10\/gemeinsam-klappt-es-besser-die-8-klassen-stellen-sich-den-herausforderungen-der-kooperation\/","og_locale":"fr_FR","og_type":"article","og_title":"Ensemble, on va plus loin ! Les classes de 8 rel\u00e8vent le d\u00e9fi de la coop\u00e9ration. - Lyc\u00e9e Franco-Allemand de Sarrebruck","og_description":"Du 13 au 17 octobre, toutes les classes de 8 du LFA ont pris part \u00e0 un atelier de trois p\u00e9riodes de 45 minutes anim\u00e9 par l\u2019EPZ (Erlebnisp\u00e4dagogisches Zentrum). Ce projet, co-financ\u00e9 par l\u2019Amicale ALFA, proposait diverses activit\u00e9s centr\u00e9es sur la coop\u00e9ration et l\u2019entraide, avec pour objectif principal de f\u00e9d\u00e9rer &hellip;","og_url":"https:\/\/dfg-lfa.org\/fr\/2025\/10\/gemeinsam-klappt-es-besser-die-8-klassen-stellen-sich-den-herausforderungen-der-kooperation\/","og_site_name":"Lyc\u00e9e Franco-Allemand de Sarrebruck","article_publisher":"https:\/\/www.facebook.com\/dfglfa\/","article_published_time":"2025-10-17T14:43:54+00:00","og_image":[{"width":1364,"height":725,"url":"https:\/\/dfg-lfa.org\/wp-content\/uploads\/EPZ-2025.jpeg","type":"image\/jpeg"}],"author":"Administrator","twitter_card":"summary_large_image","twitter_creator":"@DFGLFA","twitter_site":"@DFGLFA","twitter_misc":{"\u00c9crit par":"Administrator","Dur\u00e9e de lecture estim\u00e9e":"2 minutes"},"schema":{"@context":"https:\/\/schema.org","@graph":[{"@type":"Article","@id":"https:\/\/dfg-lfa.org\/2025\/10\/gemeinsam-klappt-es-besser-die-8-klassen-stellen-sich-den-herausforderungen-der-kooperation\/#article","isPartOf":{"@id":"https:\/\/dfg-lfa.org\/2025\/10\/gemeinsam-klappt-es-besser-die-8-klassen-stellen-sich-den-herausforderungen-der-kooperation\/"},"author":{"name":"Administrator","@id":"https:\/\/dfg-lfa.org\/#\/schema\/person\/a8fe67fb1ec6d85c85d21daf2d68fa69"},"headline":"Ensemble, on va plus loin ! Les classes de 8 rel\u00e8vent le d\u00e9fi de la coop\u00e9ration.","datePublished":"2025-10-17T14:43:54+00:00","mainEntityOfPage":{"@id":"https:\/\/dfg-lfa.org\/2025\/10\/gemeinsam-klappt-es-besser-die-8-klassen-stellen-sich-den-herausforderungen-der-kooperation\/"},"wordCount":293,"publisher":{"@id":"https:\/\/dfg-lfa.org\/#organization"},"image":{"@id":"https:\/\/dfg-lfa.org\/2025\/10\/gemeinsam-klappt-es-besser-die-8-klassen-stellen-sich-den-herausforderungen-der-kooperation\/#primaryimage"},"thumbnailUrl":"https:\/\/dfg-lfa.org\/wp-content\/uploads\/EPZ-2025.jpeg","articleSection":["Actualit\u00e9s"],"inLanguage":"fr-FR"},{"@type":"WebPage","@id":"https:\/\/dfg-lfa.org\/fr\/2025\/10\/gemeinsam-klappt-es-besser-die-8-klassen-stellen-sich-den-herausforderungen-der-kooperation\/","url":"https:\/\/dfg-lfa.org\/fr\/2025\/10\/gemeinsam-klappt-es-besser-die-8-klassen-stellen-sich-den-herausforderungen-der-kooperation\/","name":"Ensemble, on va plus loin ! Les classes de 8 rel\u00e8vent le d\u00e9fi de la coop\u00e9ration. - Lyc\u00e9e Franco-Allemand de Sarrebruck","isPartOf":{"@id":"https:\/\/dfg-lfa.org\/fr\/#website"},"primaryImageOfPage":{"@id":"https:\/\/dfg-lfa.org\/fr\/2025\/10\/gemeinsam-klappt-es-besser-die-8-klassen-stellen-sich-den-herausforderungen-der-kooperation\/#primaryimage"},"image":{"@id":"https:\/\/dfg-lfa.org\/2025\/10\/gemeinsam-klappt-es-besser-die-8-klassen-stellen-sich-den-herausforderungen-der-kooperation\/#primaryimage"},"thumbnailUrl":"https:\/\/dfg-lfa.org\/wp-content\/uploads\/EPZ-2025.jpeg","datePublished":"2025-10-17T14:43:54+00:00","breadcrumb":{"@id":"https:\/\/dfg-lfa.org\/fr\/2025\/10\/gemeinsam-klappt-es-besser-die-8-klassen-stellen-sich-den-herausforderungen-der-kooperation\/#breadcrumb"},"inLanguage":"fr-FR","potentialAction":[{"@type":"ReadAction","target":[["https:\/\/dfg-lfa.org\/fr\/2025\/10\/gemeinsam-klappt-es-besser-die-8-klassen-stellen-sich-den-herausforderungen-der-kooperation\/"]]}]},{"@type":"ImageObject","inLanguage":"fr-FR","@id":"https:\/\/dfg-lfa.org\/fr\/2025\/10\/gemeinsam-klappt-es-besser-die-8-klassen-stellen-sich-den-herausforderungen-der-kooperation\/#primaryimage","url":"https:\/\/dfg-lfa.org\/wp-content\/uploads\/EPZ-2025.jpeg","contentUrl":"https:\/\/dfg-lfa.org\/wp-content\/uploads\/EPZ-2025.jpeg","width":1364,"height":725,"caption":"Gemeinsam klappt es besser! Die 8. Klassen stellen sich den Herausforderungen der Kooperation."},{"@type":"BreadcrumbList","@id":"https:\/\/dfg-lfa.org\/fr\/2025\/10\/gemeinsam-klappt-es-besser-die-8-klassen-stellen-sich-den-herausforderungen-der-kooperation\/#breadcrumb","itemListElement":[{"@type":"ListItem","position":1,"name":"Startseite","item":"https:\/\/dfg-lfa.org\/fr\/"},{"@type":"ListItem","position":2,"name":"Gemeinsam klappt es besser! Die 8. Klassen stellen sich den Herausforderungen der Kooperation."}]},{"@type":"WebSite","@id":"https:\/\/dfg-lfa.org\/fr\/#website","url":"https:\/\/dfg-lfa.org\/fr\/","name":"Lyc\u00e9e Franco-Allemand de Sarrebruck","description":"Einander begegnen \u2013 Avancer ensemble \u2013 We make Europe happen","publisher":{"@id":"https:\/\/dfg-lfa.org\/fr\/#organization"},"potentialAction":[{"@type":"SearchAction","target":{"@type":"EntryPoint","urlTemplate":"https:\/\/dfg-lfa.org\/fr\/?s={search_term_string}"},"query-input":{"@type":"PropertyValueSpecification","valueRequired":true,"valueName":"search_term_string"}}],"inLanguage":"fr-FR"},{"@type":"Organization","@id":"https:\/\/dfg-lfa.org\/fr\/#organization","name":"Deutsch-Franz\u00f6sisches Gymnasium Saarbr\u00fccken","url":"https:\/\/dfg-lfa.org\/fr\/","logo":{"@type":"ImageObject","inLanguage":"fr-FR","@id":"https:\/\/dfg-lfa.org\/fr\/#\/schema\/logo\/image\/","url":"https:\/\/dfg-lfa.org\/wp-content\/uploads\/DFG-logo.png","contentUrl":"https:\/\/dfg-lfa.org\/wp-content\/uploads\/DFG-logo.png","width":200,"height":77,"caption":"Deutsch-Franz\u00f6sisches Gymnasium Saarbr\u00fccken"},"image":{"@id":"https:\/\/dfg-lfa.org\/fr\/#\/schema\/logo\/image\/"},"sameAs":["https:\/\/www.facebook.com\/dfglfa\/","https:\/\/x.com\/DFGLFA","https:\/\/www.instagram.com\/dfg_lfa_saarbruecken\/","https:\/\/www.youtube.com\/channel\/UCoxV4_gnJ3blV1U7iOjCV7w\/","https:\/\/de.wikipedia.org\/wiki\/Deutsch-Franz\u00f6sisches_Gymnasium_in_Saarbr\u00fccken"]},{"@type":"Person","@id":"https:\/\/dfg-lfa.org\/#\/schema\/person\/a8fe67fb1ec6d85c85d21daf2d68fa69","name":"Administrator"}]}},"_links":{"self":[{"href":"https:\/\/dfg-lfa.org\/fr\/wp-json\/wp\/v2\/posts\/69127","targetHints":{"allow":["GET"]}}],"collection":[{"href":"https:\/\/dfg-lfa.org\/fr\/wp-json\/wp\/v2\/posts"}],"about":[{"href":"https:\/\/dfg-lfa.org\/fr\/wp-json\/wp\/v2\/types\/post"}],"author":[{"embeddable":true,"href":"https:\/\/dfg-lfa.org\/fr\/wp-json\/wp\/v2\/users\/2"}],"replies":[{"embeddable":true,"href":"https:\/\/dfg-lfa.org\/fr\/wp-json\/wp\/v2\/comments?post=69127"}],"version-history":[{"count":3,"href":"https:\/\/dfg-lfa.org\/fr\/wp-json\/wp\/v2\/posts\/69127\/revisions"}],"predecessor-version":[{"id":69137,"href":"https:\/\/dfg-lfa.org\/fr\/wp-json\/wp\/v2\/posts\/69127\/revisions\/69137"}],"wp:featuredmedia":[{"embeddable":true,"href":"https:\/\/dfg-lfa.org\/fr\/wp-json\/wp\/v2\/media\/69138"}],"wp:attachment":[{"href":"https:\/\/dfg-lfa.org\/fr\/wp-json\/wp\/v2\/media?parent=69127"}],"wp:term":[{"taxonomy":"category","embeddable":true,"href":"https:\/\/dfg-lfa.org\/fr\/wp-json\/wp\/v2\/categories?post=69127"},{"taxonomy":"post_tag","embeddable":true,"href":"https:\/\/dfg-lfa.org\/fr\/wp-json\/wp\/v2\/tags?post=69127"}],"curies":[{"name":"wp","href":"https:\/\/api.w.org\/{rel}","templated":true}]}}